{"id":9126,"date":"2012-12-31T14:00:54","date_gmt":"2012-12-31T13:00:54","guid":{"rendered":"https:\/\/lyonelkaufmann.ch\/Blog\/?p=9126"},"modified":"2012-12-31T14:00:54","modified_gmt":"2012-12-31T13:00:54","slug":"passer-lan-nouveau-avec-lausanne-lumieres","status":"publish","type":"post","link":"https:\/\/lyonelkaufmann.ch\/Blog\/2012\/12\/31\/passer-lan-nouveau-avec-lausanne-lumieres\/","title":{"rendered":"Passer l&rsquo;an nouveau avec Lausanne Lumi\u00e8res"},"content":{"rendered":"<p><strong>Si vous cherchez une mani\u00e8re agr\u00e9able et culturelle de passer l&rsquo;an nouveau, je vous propose de vous rendre \u00e0 Lausanne et de parcourir le centre-ville de la place de l&rsquo;Europe en passant par le Grand-Pont, la Palud, la rue de Bourg, Benjamin-Constant et Saint-Fran\u00e7ois et de suivre ainsi le parcoure propos\u00e9 cette ann\u00e9e par Lausanne Lumi\u00e8res. Vous pourrez ensuite vous rendre \u00e0 l&rsquo;esplanade de la Cath\u00e9drale pour le feux d&rsquo;artifice.\u00a0<\/strong><\/p>\n<figure style=\"width: 560px\" class=\"wp-caption aligncenter\"><a href=\"https:\/\/i0.wp.com\/lyonelk.smugmug.com\/Portfolio\/Lausanne-Lumi%C3%A8res-2012\/i-4s2SrXj\/0\/L\/LausanneLumiere6-L.jpg\"><img data-recalc-dims=\"1\" loading=\"lazy\" decoding=\"async\" alt=\"\" src=\"https:\/\/i0.wp.com\/lyonelk.smugmug.com\/Portfolio\/Lausanne-Lumi%C3%A8res-2012\/i-4s2SrXj\/0\/L\/LausanneLumiere6-L.jpg?resize=560%2C560\" width=\"560\" height=\"560\" \/><\/a><figcaption class=\"wp-caption-text\">Lampounettes<\/figcaption><\/figure>\n<p><strong>Lausanne Lumi\u00e8res<\/strong>, c&rsquo;est dix structures artistiques illumin\u00e9es ont \u00e9t\u00e9 dispos\u00e9es aux quatre coins du centre-ville jusqu&rsquo;au 2 janvier 2013.\u00a0Chacune de ces \u0153uvres utilise la lumi\u00e8re comme \u00e9l\u00e9ment principal pour donner \u00e0 la ville une atmosph\u00e8re aussi contemporaine et novatrice que f\u00e9erique. Il suffira \u00e0 chacun de parcourir le fil rouge du festival pour d\u00e9couvrir tour \u00e0 tour ces projets in\u00e9dits expos\u00e9s aux yeux de tous. Le paysage de Lausanne est ainsi remodel\u00e9 puisque l\u2019art a investi ponts, escaliers, places et rues de la ville.<\/p>\n<p style=\"text-align:center;\"><a href=\"http:\/\/api.smugmug.com\/services\/embed\/2294945547_t3jjFqJ?width=425&#038;height=266\">http:\/\/api.smugmug.com\/services\/embed\/2294945547_t3jjFqJ?width=425&#038;height=266<\/a><br \/>\nSi vous n&rsquo;aviez pas l&rsquo;occasion de vous y rendre\u2026 <a href=\"http:\/\/lyonelk.smugmug.com\/Portfolio\/Lausanne-Lumi\u00e8res-2012\/27306960_rw4tNs\" target=\"_blank\">Lien<\/a> vers la galerie<\/p>\n<p>Plus d&rsquo;info et le plan des installations :\u00a0<a href=\"http:\/\/www.festivallausannelumieres.ch\/\">http:\/\/www.festivallausannelumieres.ch<\/a>\u00a0<a href=\"http:\/\/lyonelk.smugmug.com\/Portfolio\/Lausanne-Lumi%C3%A8res-2012\/27306960_rw4tNs\"><br \/>\n<\/a><\/p>\n","protected":false},"excerpt":{"rendered":"<p>Si vous cherchez une mani\u00e8re agr\u00e9able et culturelle de passer l&rsquo;an nouveau, je vous propose de vous rendre \u00e0 Lausanne et de parcourir le centre-ville de la place de l&rsquo;Europe en passant par le Grand-Pont, la Palud, la rue de Bourg, Benjamin-Constant et Saint-Fran\u00e7ois et de suivre ainsi le parcoure propos\u00e9 cette ann\u00e9e par Lausanne [&hellip;]<\/p>\n","protected":false},"author":1,"featured_media":13969,"comment_status":"open","ping_status":"open","sticky":false,"template":"","format":"standard","meta":{"_import_markdown_pro_load_document_selector":0,"_import_markdown_pro_submit_text_textarea":"","_genesis_hide_title":false,"_genesis_hide_breadcrumbs":false,"_genesis_hide_singular_image":false,"_genesis_hide_footer_widgets":false,"_genesis_custom_body_class":"","_genesis_custom_post_class":"","_genesis_layout":"","jetpack_post_was_ever_published":false,"_jetpack_newsletter_access":"","_jetpack_dont_email_post_to_subs":false,"_jetpack_newsletter_tier_id":0,"_jetpack_memberships_contains_paywalled_content":false,"_jetpack_memberships_contains_paid_content":false,"activitypub_content_warning":"","activitypub_content_visibility":"","activitypub_max_image_attachments":3,"activitypub_interaction_policy_quote":"anyone","activitypub_status":"","footnotes":"","jetpack_publicize_message":"","jetpack_publicize_feature_enabled":true,"jetpack_social_post_already_shared":true,"jetpack_social_options":{"image_generator_settings":{"template":"fullscreen","default_image_id":0,"font":"","enabled":false},"version":2}},"categories":[3],"tags":[],"class_list":{"0":"post-9126","1":"post","2":"type-post","3":"status-publish","4":"format-standard","5":"has-post-thumbnail","7":"category-blogcafe-2","8":"entry"},"jetpack_publicize_connections":[],"featured_image_src":"https:\/\/i0.wp.com\/lyonelkaufmann.ch\/Blog\/wp-content\/uploads\/2015\/03\/LausanneLumiere6-L.jpg?resize=600%2C400&ssl=1","featured_image_src_square":"https:\/\/i0.wp.com\/lyonelkaufmann.ch\/Blog\/wp-content\/uploads\/2015\/03\/LausanneLumiere6-L.jpg?resize=600%2C600&ssl=1","author_info":{"display_name":"Lyonel Kaufmann","author_link":"https:\/\/lyonelkaufmann.ch\/Blog\/author\/lyonelk\/"},"jetpack_featured_media_url":"https:\/\/i0.wp.com\/lyonelkaufmann.ch\/Blog\/wp-content\/uploads\/2015\/03\/LausanneLumiere6-L.jpg?fit=600%2C600&ssl=1","jetpack_sharing_enabled":true,"jetpack_shortlink":"https:\/\/wp.me\/p1qtF4-2nc","jetpack-related-posts":[{"id":633,"url":"https:\/\/lyonelkaufmann.ch\/Blog\/2007\/06\/07\/lausanne-sur-toscane\/","url_meta":{"origin":9126,"position":0},"title":"Lausanne sur Toscane","author":"Lyonel Kaufmann","date":"7 juin 2007","format":"aside","excerpt":".flickr-photo { border: solid 2px #000000; } .flickr-yourcomment { } .flickr-frame { text-align: left; padding: 3px; } .flickr-caption { font-size: 0.8em; margin-top: 0px; } \u00a0 Lausanne7.jpg, Photo h\u00e9berg\u00e9e par lyonelkaufmann. Variation photographique et architecturale avec Lausanne comme sujet. En choisissant ce cadrage, j'y trouve un petit air de Toscane dans\u2026","rel":"","context":"Dans &quot;Blogcaf\u00e9&quot;","block_context":{"text":"Blogcaf\u00e9","link":"https:\/\/lyonelkaufmann.ch\/Blog\/category\/blogcafe-2\/"},"img":{"alt_text":"","src":"https:\/\/i0.wp.com\/lyonelkaufmann.ch\/Blog\/wp-content\/uploads\/2015\/03\/533837765_74137f546d.jpg?fit=318%2C500&ssl=1&resize=350%2C200","width":350,"height":200},"classes":[]},{"id":19840,"url":"https:\/\/lyonelkaufmann.ch\/Blog\/2018\/12\/30\/double-jeu-lausanne-lumieres-2018\/","url_meta":{"origin":9126,"position":1},"title":"Double Jeu &#8211; Lausanne Lumi\u00e8res 2018","author":"Lyonel Kaufmann","date":"30 d\u00e9cembre 2018","format":false,"excerpt":"Notre promenade urbaine 2018 r\u00e9alis\u00e9e dans le cadre de Lausanne Lumi\u00e8res. Le projet met en valeur les arcades sud de l\u2019\u00e9glise Saint-Fran\u00e7ois. Cette derni\u00e8re \u00e9tant, avec la Cath\u00e9drale, la seule \u00e9glise m\u00e9di\u00e9vale conserv\u00e9e \u00e0 Lausanne, l\u2019installation joue avec cet h\u00e9ritage en utilisant une typologie d\u2019\u00e9clairage d\u2019une autre \u00e9poque: le shed.\u2026","rel":"","context":"Dans &quot;Photo du jour&quot;","block_context":{"text":"Photo du jour","link":"https:\/\/lyonelkaufmann.ch\/Blog\/category\/photo-du-jour\/"},"img":{"alt_text":"","src":"","width":0,"height":0},"classes":[]},{"id":19843,"url":"https:\/\/lyonelkaufmann.ch\/Blog\/2018\/12\/31\/dancing-grass-lausanne-lumieres-2018\/","url_meta":{"origin":9126,"position":2},"title":"Dancing Grass &#8211; Lausanne Lumi\u00e8res 2018","author":"Lyonel Kaufmann","date":"31 d\u00e9cembre 2018","format":false,"excerpt":"Notre promenade urbaine 2018 r\u00e9alis\u00e9e dans le cadre de Lausanne Lumi\u00e8res. Toit v\u00e9g\u00e9tal des T.-L. Dancing Grass, \u00e0 diff\u00e9rentes hauteurs, tant\u00f4t debout, tant\u00f4t contre le vent, tout en se m\u00e9langeant pour former un terrain gazonn\u00e9. Cela ressemble \u00e0 Lausanne o\u00f9 diverses personnes vivent en harmonie. Lorsque l\u2019herbe rougeoyante se d\u00e9place\u2026","rel":"","context":"Dans &quot;Photo du jour&quot;","block_context":{"text":"Photo du jour","link":"https:\/\/lyonelkaufmann.ch\/Blog\/category\/photo-du-jour\/"},"img":{"alt_text":"","src":"","width":0,"height":0},"classes":[]},{"id":19838,"url":"https:\/\/lyonelkaufmann.ch\/Blog\/2018\/12\/30\/lustre-chromineral-lausanne-lumieres-2018\/","url_meta":{"origin":9126,"position":3},"title":"Lustre chromin\u00e9ral &#8211; Lausanne Lumi\u00e8res 2018","author":"Lyonel Kaufmann","date":"30 d\u00e9cembre 2018","format":false,"excerpt":"Notre promenade urbaine 2018 r\u00e9alis\u00e9e dans le cadre de Lausanne Lumi\u00e8res. Rue Saint-Fran\u00e7ois. Des concr\u00e9tions min\u00e9rales se sont cristallis\u00e9es sur un enchev\u00eatrement chaotique. Les cristaux iridescents \u00e9clairent la structure blanche d\u2019une lumi\u00e8re polychromatique.","rel":"","context":"Dans &quot;Photo du jour&quot;","block_context":{"text":"Photo du jour","link":"https:\/\/lyonelkaufmann.ch\/Blog\/category\/photo-du-jour\/"},"img":{"alt_text":"","src":"https:\/\/i0.wp.com\/lyonelkaufmann.ch\/Blog\/wp-content\/uploads\/2018\/12\/r0021569.jpg?resize=350%2C200&ssl=1","width":350,"height":200,"srcset":"https:\/\/i0.wp.com\/lyonelkaufmann.ch\/Blog\/wp-content\/uploads\/2018\/12\/r0021569.jpg?resize=350%2C200&ssl=1 1x, https:\/\/i0.wp.com\/lyonelkaufmann.ch\/Blog\/wp-content\/uploads\/2018\/12\/r0021569.jpg?resize=525%2C300&ssl=1 1.5x, https:\/\/i0.wp.com\/lyonelkaufmann.ch\/Blog\/wp-content\/uploads\/2018\/12\/r0021569.jpg?resize=700%2C400&ssl=1 2x, https:\/\/i0.wp.com\/lyonelkaufmann.ch\/Blog\/wp-content\/uploads\/2018\/12\/r0021569.jpg?resize=1050%2C600&ssl=1 3x, https:\/\/i0.wp.com\/lyonelkaufmann.ch\/Blog\/wp-content\/uploads\/2018\/12\/r0021569.jpg?resize=1400%2C800&ssl=1 4x"},"classes":[]},{"id":18945,"url":"https:\/\/lyonelkaufmann.ch\/Blog\/2017\/12\/30\/lausanne-lumieres-4\/","url_meta":{"origin":9126,"position":4},"title":"Lausanne Lumi\u00e8res (4)","author":"Lyonel Kaufmann","date":"30 d\u00e9cembre 2017","format":false,"excerpt":"Les danseuses","rel":"","context":"Dans &quot;Photo du jour&quot;","block_context":{"text":"Photo du jour","link":"https:\/\/lyonelkaufmann.ch\/Blog\/category\/photo-du-jour\/"},"img":{"alt_text":"","src":"https:\/\/i0.wp.com\/lyonelkaufmann.ch\/Blog\/wp-content\/uploads\/2017\/12\/imgp8192.jpg?fit=1200%2C800&ssl=1&resize=350%2C200","width":350,"height":200,"srcset":"https:\/\/i0.wp.com\/lyonelkaufmann.ch\/Blog\/wp-content\/uploads\/2017\/12\/imgp8192.jpg?fit=1200%2C800&ssl=1&resize=350%2C200 1x, https:\/\/i0.wp.com\/lyonelkaufmann.ch\/Blog\/wp-content\/uploads\/2017\/12\/imgp8192.jpg?fit=1200%2C800&ssl=1&resize=525%2C300 1.5x, https:\/\/i0.wp.com\/lyonelkaufmann.ch\/Blog\/wp-content\/uploads\/2017\/12\/imgp8192.jpg?fit=1200%2C800&ssl=1&resize=700%2C400 2x, https:\/\/i0.wp.com\/lyonelkaufmann.ch\/Blog\/wp-content\/uploads\/2017\/12\/imgp8192.jpg?fit=1200%2C800&ssl=1&resize=1050%2C600 3x"},"classes":[]},{"id":18946,"url":"https:\/\/lyonelkaufmann.ch\/Blog\/2017\/12\/31\/lausanne-lumieres-5\/","url_meta":{"origin":9126,"position":5},"title":"Lausanne Lumi\u00e8res (5)","author":"Lyonel Kaufmann","date":"31 d\u00e9cembre 2017","format":false,"excerpt":"Sur la passerelle.","rel":"","context":"Dans &quot;Photo du jour&quot;","block_context":{"text":"Photo du jour","link":"https:\/\/lyonelkaufmann.ch\/Blog\/category\/photo-du-jour\/"},"img":{"alt_text":"","src":"https:\/\/i0.wp.com\/lyonelkaufmann.ch\/Blog\/wp-content\/uploads\/2017\/12\/imgp8182.jpg?fit=800%2C1200&ssl=1&resize=350%2C200","width":350,"height":200,"srcset":"https:\/\/i0.wp.com\/lyonelkaufmann.ch\/Blog\/wp-content\/uploads\/2017\/12\/imgp8182.jpg?fit=800%2C1200&ssl=1&resize=350%2C200 1x, https:\/\/i0.wp.com\/lyonelkaufmann.ch\/Blog\/wp-content\/uploads\/2017\/12\/imgp8182.jpg?fit=800%2C1200&ssl=1&resize=525%2C300 1.5x, https:\/\/i0.wp.com\/lyonelkaufmann.ch\/Blog\/wp-content\/uploads\/2017\/12\/imgp8182.jpg?fit=800%2C1200&ssl=1&resize=700%2C400 2x"},"classes":[]}],"jetpack_likes_enabled":true,"_links":{"self":[{"href":"https:\/\/lyonelkaufmann.ch\/Blog\/wp-json\/wp\/v2\/posts\/9126","targetHints":{"allow":["GET"]}}],"collection":[{"href":"https:\/\/lyonelkaufmann.ch\/Blog\/wp-json\/wp\/v2\/posts"}],"about":[{"href":"https:\/\/lyonelkaufmann.ch\/Blog\/wp-json\/wp\/v2\/types\/post"}],"author":[{"embeddable":true,"href":"https:\/\/lyonelkaufmann.ch\/Blog\/wp-json\/wp\/v2\/users\/1"}],"replies":[{"embeddable":true,"href":"https:\/\/lyonelkaufmann.ch\/Blog\/wp-json\/wp\/v2\/comments?post=9126"}],"version-history":[{"count":0,"href":"https:\/\/lyonelkaufmann.ch\/Blog\/wp-json\/wp\/v2\/posts\/9126\/revisions"}],"wp:featuredmedia":[{"embeddable":true,"href":"https:\/\/lyonelkaufmann.ch\/Blog\/wp-json\/wp\/v2\/media\/13969"}],"wp:attachment":[{"href":"https:\/\/lyonelkaufmann.ch\/Blog\/wp-json\/wp\/v2\/media?parent=9126"}],"wp:term":[{"taxonomy":"category","embeddable":true,"href":"https:\/\/lyonelkaufmann.ch\/Blog\/wp-json\/wp\/v2\/categories?post=9126"},{"taxonomy":"post_tag","embeddable":true,"href":"https:\/\/lyonelkaufmann.ch\/Blog\/wp-json\/wp\/v2\/tags?post=9126"}],"curies":[{"name":"wp","href":"https:\/\/api.w.org\/{rel}","templated":true}]}}