{"id":9179,"date":"2013-01-18T21:41:42","date_gmt":"2013-01-18T20:41:42","guid":{"rendered":"https:\/\/lyonelkaufmann.ch\/Blog\/?p=9179"},"modified":"2024-01-02T14:55:25","modified_gmt":"2024-01-02T13:55:25","slug":"4-galeries-de-photos-pour-les-5-ans-de-flickr-commons","status":"publish","type":"post","link":"https:\/\/lyonelkaufmann.ch\/Blog\/2013\/01\/18\/4-galeries-de-photos-pour-les-5-ans-de-flickr-commons\/","title":{"rendered":"4 galeries de photos pour les 5 ans de Flickr Commons"},"content":{"rendered":"<p><strong>Flickr Commons a cinq ans. Pour l&rsquo;occasion, Flickr a cr\u00e9\u00e9 quatre galeries d&rsquo;images les plus vues, \u00e9tiquet\u00e9es comme favorites et comment\u00e9es. <\/strong><\/p>\n<figure style=\"width: 513px\" class=\"wp-caption aligncenter\"><a href=\"http:\/\/www.flickr.com\/photos\/sdasmarchives\/4831808442\/in\/gallery-library_of_congress-72157632519183149\/\"><img data-recalc-dims=\"1\" loading=\"lazy\" decoding=\"async\" alt=\"\" src=\"https:\/\/i0.wp.com\/lyonelkaufmann.ch\/Blog\/wp-content\/uploads\/2013\/01\/4831808442_155982cdde_z.jpg?resize=513%2C640&#038;ssl=1\" width=\"513\" height=\"640\" \/><\/a><figcaption class=\"wp-caption-text\">Lovely PSA Flight Attendants. San Diego Air &amp; Space Museum Archives<\/figcaption><\/figure>\n<p>En partenariat avec la Biblioth\u00e9que du Congr\u00e8s am\u00e9ricain, la cat\u00e9gorie \u00abDomaine publique\u00bb a \u00e9t\u00e9 lanc\u00e9e en 2008 avec 1500 photos. Cinq ans plus tard, plusieurs institutions partenaires ayant rejoint le projet, la collection de photographies du domaine public comprend plus de 250.000 images. Selon Flickr, ces images ont g\u00e9n\u00e9r\u00e9 plus de 2 millions de tags et plus de 650.000 commentaires.<\/p>\n<p>Les expos en ligne de la Biblioth\u00e8que du Congr\u00e8s sur Flickr Commons : <a href=\"http:\/\/www.flickr.com\/photos\/library_of_congress\/galleries\/\" target=\"_blank\" rel=\"noopener\">http:\/\/www.flickr.com\/photos\/library_of_congress\/galleries\/<\/a><\/p>\n<p>Source\u00a0 de l&rsquo;info : <a href=\"http:\/\/www.dpreview.com\/news\/2013\/01\/17\/flickr-commons-celebrates\">4 galeries de photos pour les 5 ans de Flickr Commons<\/a><\/p>\n<p>&nbsp;<\/p>\n","protected":false},"excerpt":{"rendered":"<p>Flickr Commons a cinq ans. Pour l&rsquo;occasion, Flickr a cr\u00e9\u00e9 quatre galeries d&rsquo;images les plus vues, \u00e9tiquet\u00e9es comme favorites et comment\u00e9es. En partenariat avec la Biblioth\u00e9que du Congr\u00e8s am\u00e9ricain, la cat\u00e9gorie \u00abDomaine publique\u00bb a \u00e9t\u00e9 lanc\u00e9e en 2008 avec 1500 photos. Cinq ans plus tard, plusieurs institutions partenaires ayant rejoint le projet, la collection de [&hellip;]<\/p>\n","protected":false},"author":1,"featured_media":13970,"comment_status":"open","ping_status":"open","sticky":false,"template":"","format":"standard","meta":{"_import_markdown_pro_load_document_selector":0,"_import_markdown_pro_submit_text_textarea":"","_genesis_hide_title":false,"_genesis_hide_breadcrumbs":false,"_genesis_hide_singular_image":false,"_genesis_hide_footer_widgets":false,"_genesis_custom_body_class":"","_genesis_custom_post_class":"","_genesis_layout":"","jetpack_post_was_ever_published":false,"_jetpack_newsletter_access":"","_jetpack_dont_email_post_to_subs":false,"_jetpack_newsletter_tier_id":0,"_jetpack_memberships_contains_paywalled_content":false,"_jetpack_memberships_contains_paid_content":false,"activitypub_content_warning":"","activitypub_content_visibility":"","activitypub_max_image_attachments":3,"activitypub_interaction_policy_quote":"anyone","activitypub_status":"","footnotes":"","jetpack_publicize_message":"","jetpack_publicize_feature_enabled":true,"jetpack_social_post_already_shared":true,"jetpack_social_options":{"image_generator_settings":{"template":"fullscreen","default_image_id":0,"font":"","enabled":false},"version":2}},"categories":[3],"tags":[],"class_list":{"0":"post-9179","1":"post","2":"type-post","3":"status-publish","4":"format-standard","5":"has-post-thumbnail","7":"category-blogcafe-2","8":"entry"},"jetpack_publicize_connections":[],"featured_image_src":"https:\/\/i0.wp.com\/lyonelkaufmann.ch\/Blog\/wp-content\/uploads\/2015\/03\/4831808442_155982cdde_z.jpg?resize=513%2C400&ssl=1","featured_image_src_square":"https:\/\/i0.wp.com\/lyonelkaufmann.ch\/Blog\/wp-content\/uploads\/2015\/03\/4831808442_155982cdde_z.jpg?resize=513%2C600&ssl=1","author_info":{"display_name":"Lyonel Kaufmann","author_link":"https:\/\/lyonelkaufmann.ch\/Blog\/author\/lyonelk\/"},"jetpack_featured_media_url":"https:\/\/i0.wp.com\/lyonelkaufmann.ch\/Blog\/wp-content\/uploads\/2015\/03\/4831808442_155982cdde_z.jpg?fit=513%2C640&ssl=1","jetpack_sharing_enabled":true,"jetpack_shortlink":"https:\/\/wp.me\/p1qtF4-2o3","jetpack-related-posts":[{"id":6706,"url":"https:\/\/lyonelkaufmann.ch\/Blog\/2013\/01\/18\/revue-de-presse-4-galeries-de-photos-pour-les-5-ans-de-flickr-commons\/","url_meta":{"origin":9179,"position":0},"title":"Revue de presse : 4 galeries de photos pour les 5 ans de Flickr Commons","author":"Lyonel Kaufmann","date":"18 janvier 2013","format":false,"excerpt":"Flickr Commons a cinq ans. Pour l'occasion, Flickr a cr\u00e9\u00e9 quatre galeries d'images les plus vues, \u00e9tiquet\u00e9es comme favorites et comment\u00e9es. En partenariat avec la Biblioth\u00e9que du Congr\u00e8s am\u00e9ricain, la cat\u00e9gorie \u00abDomaine publique\u00bb a \u00e9t\u00e9 lanc\u00e9e en 2008 avec 1500 photos. Cinq ans plus tard, plusieurs institutions partenaires ayant rejoint\u2026","rel":"","context":"Dans &quot;histoire&quot;","block_context":{"text":"histoire","link":"https:\/\/lyonelkaufmann.ch\/Blog\/category\/histoire-2\/"},"img":{"alt_text":"","src":"https:\/\/i0.wp.com\/lyonelkaufmann.ch\/Blog\/wp-content\/uploads\/2015\/03\/3011972235_4f376ce166.jpg?fit=500%2C386&ssl=1&resize=350%2C200","width":350,"height":200},"classes":[]},{"id":633,"url":"https:\/\/lyonelkaufmann.ch\/Blog\/2007\/06\/07\/lausanne-sur-toscane\/","url_meta":{"origin":9179,"position":1},"title":"Lausanne sur Toscane","author":"Lyonel Kaufmann","date":"7 juin 2007","format":"aside","excerpt":".flickr-photo { border: solid 2px #000000; } .flickr-yourcomment { } .flickr-frame { text-align: left; padding: 3px; } .flickr-caption { font-size: 0.8em; margin-top: 0px; } \u00a0 Lausanne7.jpg, Photo h\u00e9berg\u00e9e par lyonelkaufmann. Variation photographique et architecturale avec Lausanne comme sujet. En choisissant ce cadrage, j'y trouve un petit air de Toscane dans\u2026","rel":"","context":"Dans &quot;Blogcaf\u00e9&quot;","block_context":{"text":"Blogcaf\u00e9","link":"https:\/\/lyonelkaufmann.ch\/Blog\/category\/blogcafe-2\/"},"img":{"alt_text":"","src":"https:\/\/i0.wp.com\/lyonelkaufmann.ch\/Blog\/wp-content\/uploads\/2015\/03\/533837765_74137f546d.jpg?fit=318%2C500&ssl=1&resize=350%2C200","width":350,"height":200},"classes":[]},{"id":8936,"url":"https:\/\/lyonelkaufmann.ch\/Blog\/2012\/12\/27\/le-jour-ou-flickr-est-redevenu-in-et-instagram-out-retrospective-2012\/","url_meta":{"origin":9179,"position":2},"title":"Le jour o\u00f9 Flickr est (re)devenu in et Instagram out | R\u00e9trospective 2012","author":"Lyonel Kaufmann","date":"27 d\u00e9cembre 2012","format":false,"excerpt":"Il a suffi d'une volont\u00e9 d'Instagram de changer ses conditions g\u00e9n\u00e9rales pour que l'attitude d'une partie de ses utilisateurs change \u00e0 son \u00e9gard. Dans le m\u00eame temps, Flickr refondait son application iPhone en incluant \u00e0 son tour des filtres. Ind\u00e9pendantes l'une de l'autre,\u00a0ces deux actions ont remis Flickr sous le\u2026","rel":"","context":"Dans &quot;Blogcaf\u00e9&quot;","block_context":{"text":"Blogcaf\u00e9","link":"https:\/\/lyonelkaufmann.ch\/Blog\/category\/blogcafe-2\/"},"img":{"alt_text":"","src":"https:\/\/i0.wp.com\/lyonelkaufmann.ch\/Blog\/wp-content\/uploads\/2015\/03\/blogcafe1.jpg?fit=1024%2C683&ssl=1&resize=350%2C200","width":350,"height":200,"srcset":"https:\/\/i0.wp.com\/lyonelkaufmann.ch\/Blog\/wp-content\/uploads\/2015\/03\/blogcafe1.jpg?fit=1024%2C683&ssl=1&resize=350%2C200 1x, https:\/\/i0.wp.com\/lyonelkaufmann.ch\/Blog\/wp-content\/uploads\/2015\/03\/blogcafe1.jpg?fit=1024%2C683&ssl=1&resize=525%2C300 1.5x, https:\/\/i0.wp.com\/lyonelkaufmann.ch\/Blog\/wp-content\/uploads\/2015\/03\/blogcafe1.jpg?fit=1024%2C683&ssl=1&resize=700%2C400 2x"},"classes":[]},{"id":963,"url":"https:\/\/lyonelkaufmann.ch\/Blog\/2008\/04\/09\/desormais-flickr-embarque-aussi-vos-videos\/","url_meta":{"origin":9179,"position":3},"title":"D\u00e9sormais Flickr embarque aussi vos vid\u00e9os","author":"Lyonel Kaufmann","date":"9 avril 2008","format":"aside","excerpt":"D\u00e9sormais votre compte Flickr h\u00e9bergera \u00e9galement vos vid\u00e9os. Celles-ci ne devront pas d\u00e9passer les 90 secondes et les 150MB. L'objectif n'est donc pas de concurrencer YouTube ou de favoriser le piratage. Vos vid\u00e9os sont plac\u00e9es au cot\u00e9 des photos et dans des albums et peuvent \u00eatre tagg\u00e9es. Bien entendu, vous\u2026","rel":"","context":"Dans &quot;Blogcaf\u00e9&quot;","block_context":{"text":"Blogcaf\u00e9","link":"https:\/\/lyonelkaufmann.ch\/Blog\/category\/blogcafe-2\/"},"img":{"alt_text":"","src":"https:\/\/i0.wp.com\/lyonelkaufmann.ch\/Blog\/wp-content\/uploads\/2015\/03\/blogcafe1.jpg?fit=1024%2C683&ssl=1&resize=350%2C200","width":350,"height":200,"srcset":"https:\/\/i0.wp.com\/lyonelkaufmann.ch\/Blog\/wp-content\/uploads\/2015\/03\/blogcafe1.jpg?fit=1024%2C683&ssl=1&resize=350%2C200 1x, https:\/\/i0.wp.com\/lyonelkaufmann.ch\/Blog\/wp-content\/uploads\/2015\/03\/blogcafe1.jpg?fit=1024%2C683&ssl=1&resize=525%2C300 1.5x, https:\/\/i0.wp.com\/lyonelkaufmann.ch\/Blog\/wp-content\/uploads\/2015\/03\/blogcafe1.jpg?fit=1024%2C683&ssl=1&resize=700%2C400 2x"},"classes":[]},{"id":20038,"url":"https:\/\/lyonelkaufmann.ch\/Blog\/2019\/03\/05\/images-de-sirop-derable-maintenant-sur-flickr\/","url_meta":{"origin":9179,"position":4},"title":"Images de sirop d\u2019\u00e9rable maintenant sur Flickr","author":"Lyonel Kaufmann","date":"5 mars 2019","format":false,"excerpt":"Le sirop d\u2019\u00e9rable est fabriqu\u00e9 en faisant bouillir ou r\u00e9duire de l\u2019eau d\u2019\u00e9rable : \u00e9rable \u00e0 sucre, \u00e9rable rouge ou \u00e9rable noir. Ce d\u00e9lice sucr\u00e9, produit exclusivement en Am\u00e9rique du Nord, est appr\u00e9ci\u00e9 dans le monde entier. Les Premi\u00e8res Nations du sud-est canadien et du nord-est des \u00c9tats-Unis ont \u00e9t\u00e9\u2026","rel":"","context":"Dans &quot;Blogcaf\u00e9&quot;","block_context":{"text":"Blogcaf\u00e9","link":"https:\/\/lyonelkaufmann.ch\/Blog\/category\/blogcafe-2\/"},"img":{"alt_text":"","src":"https:\/\/i0.wp.com\/lyonelkaufmann.ch\/Blog\/wp-content\/uploads\/2019\/03\/D2C58286-BE09-4C14-8C17-ED4DE5958E24.149ba011ffea49aaa1e2ef82ad12dc73.jpeg?fit=1000%2C799&ssl=1&resize=350%2C200","width":350,"height":200,"srcset":"https:\/\/i0.wp.com\/lyonelkaufmann.ch\/Blog\/wp-content\/uploads\/2019\/03\/D2C58286-BE09-4C14-8C17-ED4DE5958E24.149ba011ffea49aaa1e2ef82ad12dc73.jpeg?fit=1000%2C799&ssl=1&resize=350%2C200 1x, https:\/\/i0.wp.com\/lyonelkaufmann.ch\/Blog\/wp-content\/uploads\/2019\/03\/D2C58286-BE09-4C14-8C17-ED4DE5958E24.149ba011ffea49aaa1e2ef82ad12dc73.jpeg?fit=1000%2C799&ssl=1&resize=525%2C300 1.5x, https:\/\/i0.wp.com\/lyonelkaufmann.ch\/Blog\/wp-content\/uploads\/2019\/03\/D2C58286-BE09-4C14-8C17-ED4DE5958E24.149ba011ffea49aaa1e2ef82ad12dc73.jpeg?fit=1000%2C799&ssl=1&resize=700%2C400 2x"},"classes":[]},{"id":3294,"url":"https:\/\/lyonelkaufmann.ch\/Blog\/2010\/05\/19\/flickr-photo-download-p012599-jpg\/","url_meta":{"origin":9179,"position":5},"title":"Photos Normandie","author":"Lyonel Kaufmann","date":"19 mai 2010","format":"aside","excerpt":"En clin d'oeil au film Robin des Bois et pour R\u00e9my Besson -sans oublier Patrick Peccatte\u2014 suite \u00e0 notre \u00e9change sur Facebook\u2026 La photo a tr\u00e8s certainement \u00e0 Weymouth Portland Harbour \u00e0 l'embarquement d\u00e9but juin 1944. Robert Capa a fait des photos semblables au m\u00eame endroit \u00e0 la m\u00eame \u00e9poque\u2026","rel":"","context":"Dans &quot;Blogcaf\u00e9&quot;","block_context":{"text":"Blogcaf\u00e9","link":"https:\/\/lyonelkaufmann.ch\/Blog\/category\/blogcafe-2\/"},"img":{"alt_text":"","src":"https:\/\/i0.wp.com\/lyonelkaufmann.ch\/Blog\/wp-content\/uploads\/2015\/03\/4269438584_4953fe427f.jpg?fit=500%2C351&ssl=1&resize=350%2C200","width":350,"height":200},"classes":[]}],"jetpack_likes_enabled":true,"_links":{"self":[{"href":"https:\/\/lyonelkaufmann.ch\/Blog\/wp-json\/wp\/v2\/posts\/9179","targetHints":{"allow":["GET"]}}],"collection":[{"href":"https:\/\/lyonelkaufmann.ch\/Blog\/wp-json\/wp\/v2\/posts"}],"about":[{"href":"https:\/\/lyonelkaufmann.ch\/Blog\/wp-json\/wp\/v2\/types\/post"}],"author":[{"embeddable":true,"href":"https:\/\/lyonelkaufmann.ch\/Blog\/wp-json\/wp\/v2\/users\/1"}],"replies":[{"embeddable":true,"href":"https:\/\/lyonelkaufmann.ch\/Blog\/wp-json\/wp\/v2\/comments?post=9179"}],"version-history":[{"count":1,"href":"https:\/\/lyonelkaufmann.ch\/Blog\/wp-json\/wp\/v2\/posts\/9179\/revisions"}],"predecessor-version":[{"id":24762,"href":"https:\/\/lyonelkaufmann.ch\/Blog\/wp-json\/wp\/v2\/posts\/9179\/revisions\/24762"}],"wp:featuredmedia":[{"embeddable":true,"href":"https:\/\/lyonelkaufmann.ch\/Blog\/wp-json\/wp\/v2\/media\/13970"}],"wp:attachment":[{"href":"https:\/\/lyonelkaufmann.ch\/Blog\/wp-json\/wp\/v2\/media?parent=9179"}],"wp:term":[{"taxonomy":"category","embeddable":true,"href":"https:\/\/lyonelkaufmann.ch\/Blog\/wp-json\/wp\/v2\/categories?post=9179"},{"taxonomy":"post_tag","embeddable":true,"href":"https:\/\/lyonelkaufmann.ch\/Blog\/wp-json\/wp\/v2\/tags?post=9179"}],"curies":[{"name":"wp","href":"https:\/\/api.w.org\/{rel}","templated":true}]}}