{"id":928,"date":"2009-02-06T10:47:47","date_gmt":"2009-02-06T09:47:47","guid":{"rendered":"http:\/\/histoire.tumblr.com\/post\/76105265"},"modified":"2009-02-06T10:47:47","modified_gmt":"2009-02-06T09:47:47","slug":"la-forme-du-mepris-la-plus-aboutie-relativement-a-la-recherche","status":"publish","type":"post","link":"https:\/\/lyonelkaufmann.ch\/Blog\/2009\/02\/06\/la-forme-du-mepris-la-plus-aboutie-relativement-a-la-recherche\/","title":{"rendered":"La forme du m\u00e9pris la plus aboutie relativement \u00e0 la recherche&#8230;"},"content":{"rendered":"<span class=\"embed-youtube\" style=\"text-align:center; display: block;\"><iframe loading=\"lazy\" class=\"youtube-player\" width=\"400\" height=\"336\" src=\"https:\/\/www.youtube.com\/embed\/iyBXfmrVhrk?version=3&#038;rel=1&#038;showsearch=0&#038;showinfo=1&#038;iv_load_policy=1&#038;fs=1&#038;hl=fr-FR&#038;autohide=2&#038;wmode=transparent\" allowfullscreen=\"true\" style=\"border:0;\" sandbox=\"allow-scripts allow-same-origin allow-popups allow-presentation allow-popups-to-escape-sandbox\"><\/iframe><\/span>\n<p>La forme du m\u00e9pris la plus aboutie relativement \u00e0 la recherche et aux chercheurs.\u00a0<\/p>\n<p>Une vid\u00e9o de d\u00e9codage bienvenue pour saisir tant le malaise actuel que la gr\u00e8ve actuelle au sein des universit\u00e9s.<\/p>\n<p>Relativement aux cons\u00e9quences de la r\u00e9forme sur la formation des futurs enseignants, je vous engage \u00e0 lire :\u00a0<\/p>\n<p>GR\u00c8VE CONTRE LA MAST\u00c9RISATION ET LA R\u00c9FORME DU RECRUTEMENT DES PROFESSEURS<\/p>\n<p>(Via: {sciences\u00b2} <a href=\"http:\/\/sciences.blogs.liberation.fr\/home\/2009\/02\/grve-contre-la.html%202\/6\/2009\"><\/a><a href=\"http:\/\/sciences.blogs.liberation.fr\/home\/2009\/02\/grve-contre-la.html\">http:\/\/sciences.blogs.liberation.fr\/home\/2009\/02\/grve-contre-la.html<\/a> 2\/6\/2009)<\/p>\n<p>Sarkozy et la Recherche (via <a href=\"http:\/\/youtube.com\/user\/GEPetcompagnie\">GEPetcompagnie<\/a>)<\/p>\n","protected":false},"excerpt":{"rendered":"<p>La forme du m\u00e9pris la plus aboutie relativement \u00e0 la recherche et aux chercheurs.\u00a0<br \/>\nUne vid\u00e9o de d\u00e9codage bienvenue pour saisir tant le malaise actuel que la gr\u00e8ve actuelle au sein des universit\u00e9s.<\/p>\n","protected":false},"author":1,"featured_media":13622,"comment_status":"open","ping_status":"open","sticky":false,"template":"","format":"standard","meta":{"_import_markdown_pro_load_document_selector":0,"_import_markdown_pro_submit_text_textarea":"","_genesis_hide_title":false,"_genesis_hide_breadcrumbs":false,"_genesis_hide_singular_image":false,"_genesis_hide_footer_widgets":false,"_genesis_custom_body_class":"","_genesis_custom_post_class":"","_genesis_layout":"","jetpack_post_was_ever_published":false,"_jetpack_newsletter_access":"","_jetpack_dont_email_post_to_subs":false,"_jetpack_newsletter_tier_id":0,"_jetpack_memberships_contains_paywalled_content":false,"_jetpack_memberships_contains_paid_content":false,"activitypub_content_warning":"","activitypub_content_visibility":"","activitypub_max_image_attachments":3,"activitypub_interaction_policy_quote":"anyone","activitypub_status":"","footnotes":"","jetpack_publicize_message":"","jetpack_publicize_feature_enabled":true,"jetpack_social_post_already_shared":true,"jetpack_social_options":{"image_generator_settings":{"template":"fullscreen","default_image_id":0,"font":"","enabled":false},"version":2}},"categories":[2],"tags":[96,97,95],"class_list":{"0":"post-928","1":"post","2":"type-post","3":"status-publish","4":"format-standard","5":"has-post-thumbnail","7":"category-histoire-2","8":"tag-cafe-histoire","9":"tag-histoire-20","10":"tag-tumblr","11":"entry"},"jetpack_publicize_connections":[],"featured_image_src":"https:\/\/i0.wp.com\/lyonelkaufmann.ch\/Blog\/wp-content\/uploads\/2015\/03\/060.jpg?resize=480%2C360&ssl=1","featured_image_src_square":"https:\/\/i0.wp.com\/lyonelkaufmann.ch\/Blog\/wp-content\/uploads\/2015\/03\/060.jpg?resize=480%2C360&ssl=1","author_info":{"display_name":"Lyonel Kaufmann","author_link":"https:\/\/lyonelkaufmann.ch\/Blog\/author\/lyonelk\/"},"jetpack_featured_media_url":"https:\/\/i0.wp.com\/lyonelkaufmann.ch\/Blog\/wp-content\/uploads\/2015\/03\/060.jpg?fit=480%2C360&ssl=1","jetpack_sharing_enabled":true,"jetpack_shortlink":"https:\/\/wp.me\/p1qtF4-eY","jetpack-related-posts":[{"id":8564,"url":"https:\/\/lyonelkaufmann.ch\/Blog\/2014\/11\/18\/histoire-et-bande-dessinee-la-vie-des-idees\/","url_meta":{"origin":928,"position":0},"title":"Histoire et bande dessin\u00e9e | La Vie des id\u00e9es","author":"Lyonel Kaufmann","date":"18 novembre 2014","format":false,"excerpt":"Et si les historiens et les dessinateurs faisaient \u00e9quipe\u00a0? Pour faire fonctionner ce couple, on peut choisir d\u2019illustrer l\u2019\u00ab\u00a0Histoire\u00a0\u00bb. On peut aussi s\u2019inspirer des enqu\u00eates et reportages dessin\u00e9s, guid\u00e9s par un raisonnement, fond\u00e9s sur des questions originales et des sources neuves. Cet article d\u2019Ivan Jablonka pour\u00a0\u00abLa Vie des id\u00e9es\u00bb pr\u00e9sente\u2026","rel":"","context":"Dans &quot;histoire&quot;","block_context":{"text":"histoire","link":"https:\/\/lyonelkaufmann.ch\/Blog\/category\/histoire-2\/"},"img":{"alt_text":"","src":"https:\/\/i0.wp.com\/lyonelkaufmann.ch\/Blog\/wp-content\/uploads\/2015\/03\/blogcafe1.jpg?fit=1024%2C683&ssl=1&resize=350%2C200","width":350,"height":200,"srcset":"https:\/\/i0.wp.com\/lyonelkaufmann.ch\/Blog\/wp-content\/uploads\/2015\/03\/blogcafe1.jpg?fit=1024%2C683&ssl=1&resize=350%2C200 1x, https:\/\/i0.wp.com\/lyonelkaufmann.ch\/Blog\/wp-content\/uploads\/2015\/03\/blogcafe1.jpg?fit=1024%2C683&ssl=1&resize=525%2C300 1.5x, https:\/\/i0.wp.com\/lyonelkaufmann.ch\/Blog\/wp-content\/uploads\/2015\/03\/blogcafe1.jpg?fit=1024%2C683&ssl=1&resize=700%2C400 2x"},"classes":[]},{"id":6934,"url":"https:\/\/lyonelkaufmann.ch\/Blog\/2013\/04\/12\/wikipedia-indispensable-outil-de-mise-en-reseau-de-la-connaissance-martin-grandjean\/","url_meta":{"origin":928,"position":1},"title":"Wikip\u00e9dia, indispensable outil de mise en r\u00e9seau de la connaissance ? | Martin Grandjean","author":"Lyonel Kaufmann","date":"12 avril 2013","format":false,"excerpt":"Pour Martin Grandjean, historien \u00e0 l'Universit\u00e9 de Lausanne, Wikip\u00e9dia est un outil incontournable de sa vie professionnelle. Dans un entretien avec le tr\u00e8s wikip\u00e9dien Ludovic P\u00e9ron, il explique que Wikip\u00e9dia, bien que ne pouvant pas servir de caution scientifique \u00e0 une recherche, permet de gagner un temps tr\u00e8s pr\u00e9cieux par\u2026","rel":"","context":"Dans &quot;histoire&quot;","block_context":{"text":"histoire","link":"https:\/\/lyonelkaufmann.ch\/Blog\/category\/histoire-2\/"},"img":{"alt_text":"","src":"https:\/\/i0.wp.com\/lyonelkaufmann.ch\/Blog\/wp-content\/uploads\/2015\/03\/WikipediaDesktop.jpg?fit=1200%2C800&ssl=1&resize=350%2C200","width":350,"height":200,"srcset":"https:\/\/i0.wp.com\/lyonelkaufmann.ch\/Blog\/wp-content\/uploads\/2015\/03\/WikipediaDesktop.jpg?fit=1200%2C800&ssl=1&resize=350%2C200 1x, https:\/\/i0.wp.com\/lyonelkaufmann.ch\/Blog\/wp-content\/uploads\/2015\/03\/WikipediaDesktop.jpg?fit=1200%2C800&ssl=1&resize=525%2C300 1.5x, https:\/\/i0.wp.com\/lyonelkaufmann.ch\/Blog\/wp-content\/uploads\/2015\/03\/WikipediaDesktop.jpg?fit=1200%2C800&ssl=1&resize=700%2C400 2x, https:\/\/i0.wp.com\/lyonelkaufmann.ch\/Blog\/wp-content\/uploads\/2015\/03\/WikipediaDesktop.jpg?fit=1200%2C800&ssl=1&resize=1050%2C600 3x"},"classes":[]},{"id":980,"url":"https:\/\/lyonelkaufmann.ch\/Blog\/2009\/02\/16\/comment-le-web-revolutionne-la-recherche\/","url_meta":{"origin":928,"position":2},"title":"Comment le Web r\u00e9volutionne la recherche","author":"Lyonel Kaufmann","date":"16 f\u00e9vrier 2009","format":false,"excerpt":"\u00abBlogs, journaux en ligne, r\u00e9seaux sociaux\u2026 Internet permet aux chercheurs de faire conna\u00eetre...","rel":"","context":"Dans &quot;histoire&quot;","block_context":{"text":"histoire","link":"https:\/\/lyonelkaufmann.ch\/Blog\/category\/histoire-2\/"},"img":{"alt_text":"","src":"https:\/\/i0.wp.com\/lyonelkaufmann.ch\/Blog\/wp-content\/uploads\/2015\/03\/blogcafe1.jpg?fit=1024%2C683&ssl=1&resize=350%2C200","width":350,"height":200,"srcset":"https:\/\/i0.wp.com\/lyonelkaufmann.ch\/Blog\/wp-content\/uploads\/2015\/03\/blogcafe1.jpg?fit=1024%2C683&ssl=1&resize=350%2C200 1x, https:\/\/i0.wp.com\/lyonelkaufmann.ch\/Blog\/wp-content\/uploads\/2015\/03\/blogcafe1.jpg?fit=1024%2C683&ssl=1&resize=525%2C300 1.5x, https:\/\/i0.wp.com\/lyonelkaufmann.ch\/Blog\/wp-content\/uploads\/2015\/03\/blogcafe1.jpg?fit=1024%2C683&ssl=1&resize=700%2C400 2x"},"classes":[]},{"id":2828,"url":"https:\/\/lyonelkaufmann.ch\/Blog\/2010\/05\/11\/larry-cuban-blogue-sur-les-reformes-scolaires-et-les-tice-1\/","url_meta":{"origin":928,"position":3},"title":"Larry Cuban blogue\u2026 sur les r\u00e9formes scolaires et les tice. (1)","author":"Lyonel Kaufmann","date":"11 mai 2010","format":false,"excerpt":"D\u00e9sormais, je sais que Larry Cuban blogue \u00e0 propos des r\u00e9formes scolaires et des tice et je me r\u00e9jouis de l'y retrouver apr\u00e8s avoir lu avec grand int\u00e9r\u00eat ses ouvrages sur l'histoire de l'enseignement, les conditions pour que les r\u00e9formes et les politiques scolaires se traduisent dans les faits et\u2026","rel":"","context":"Dans &quot;histoire&quot;","block_context":{"text":"histoire","link":"https:\/\/lyonelkaufmann.ch\/Blog\/category\/histoire-2\/"},"img":{"alt_text":"","src":"https:\/\/i0.wp.com\/lyonelkaufmann.ch\/Blog\/wp-content\/uploads\/2015\/03\/blogcafe1.jpg?fit=1024%2C683&ssl=1&resize=350%2C200","width":350,"height":200,"srcset":"https:\/\/i0.wp.com\/lyonelkaufmann.ch\/Blog\/wp-content\/uploads\/2015\/03\/blogcafe1.jpg?fit=1024%2C683&ssl=1&resize=350%2C200 1x, https:\/\/i0.wp.com\/lyonelkaufmann.ch\/Blog\/wp-content\/uploads\/2015\/03\/blogcafe1.jpg?fit=1024%2C683&ssl=1&resize=525%2C300 1.5x, https:\/\/i0.wp.com\/lyonelkaufmann.ch\/Blog\/wp-content\/uploads\/2015\/03\/blogcafe1.jpg?fit=1024%2C683&ssl=1&resize=700%2C400 2x"},"classes":[]},{"id":21392,"url":"https:\/\/lyonelkaufmann.ch\/Blog\/2020\/04\/03\/la-continuite-pedagogique-a-la-recherche-dune-veritable-coeducation-eduveille\/","url_meta":{"origin":928,"position":4},"title":"La continuit\u00e9 p\u00e9dagogique \u00e0 la recherche d\u2019une v\u00e9ritable co\u00e9ducation | \u00c9duveille","author":"Lyonel Kaufmann","date":"3 avril 2020","format":false,"excerpt":"L\u2019\u00e9quipe Veille & Analyses s\u2019interroge dans la p\u00e9riode actuelle sur la fa\u00e7on dont les relations entre les parents et l\u2019\u00e9cole se reconfigurent, et publie dans les prochaines semaines une s\u00e9rie d\u2019articles consacr\u00e9s \u00e0 ces relations. En se basant notamment sur le Dossier de veille d\u2019Annie Feyfant publi\u00e9 en janvier 2015\u2026","rel":"","context":"Dans &quot;Blogcaf\u00e9&quot;","block_context":{"text":"Blogcaf\u00e9","link":"https:\/\/lyonelkaufmann.ch\/Blog\/category\/blogcafe-2\/"},"img":{"alt_text":"","src":"","width":0,"height":0},"classes":[]},{"id":12488,"url":"https:\/\/lyonelkaufmann.ch\/Blog\/2006\/04\/10\/cest-wordpress-qui-gagne\/","url_meta":{"origin":928,"position":5},"title":"C\u2019est WordPress qui gagne !","author":"Lyonel Kaufmann","date":"10 avril 2006","format":false,"excerpt":"Ce week-end, mon site professionnel a d\u00e9finitivement bascul\u00e9 sur WordPress. Alors que jusqu'\u00e0 pr\u00e9sent, mes diverses r\u00e9alisations tournaient sur des solutions diff\u00e9rentes : Spip (exemple : Plate-forme didactique de l'histoire) RapidWeaver (voir un exemple : M159 - Histoire en situation d'enseignement CYP-CYT iWeb (exemple : http;\/\/www.politis.ch\/) WordPress (vous \u00eates dessus,\u2026","rel":"","context":"Dans &quot;Blogcaf\u00e9&quot;","block_context":{"text":"Blogcaf\u00e9","link":"https:\/\/lyonelkaufmann.ch\/Blog\/category\/blogcafe-2\/"},"img":{"alt_text":"","src":"https:\/\/i0.wp.com\/lyonelkaufmann.ch\/Blog\/wp-content\/uploads\/2015\/03\/blogcafe1.jpg?fit=1024%2C683&ssl=1&resize=350%2C200","width":350,"height":200,"srcset":"https:\/\/i0.wp.com\/lyonelkaufmann.ch\/Blog\/wp-content\/uploads\/2015\/03\/blogcafe1.jpg?fit=1024%2C683&ssl=1&resize=350%2C200 1x, https:\/\/i0.wp.com\/lyonelkaufmann.ch\/Blog\/wp-content\/uploads\/2015\/03\/blogcafe1.jpg?fit=1024%2C683&ssl=1&resize=525%2C300 1.5x, https:\/\/i0.wp.com\/lyonelkaufmann.ch\/Blog\/wp-content\/uploads\/2015\/03\/blogcafe1.jpg?fit=1024%2C683&ssl=1&resize=700%2C400 2x"},"classes":[]}],"jetpack_likes_enabled":true,"_links":{"self":[{"href":"https:\/\/lyonelkaufmann.ch\/Blog\/wp-json\/wp\/v2\/posts\/928","targetHints":{"allow":["GET"]}}],"collection":[{"href":"https:\/\/lyonelkaufmann.ch\/Blog\/wp-json\/wp\/v2\/posts"}],"about":[{"href":"https:\/\/lyonelkaufmann.ch\/Blog\/wp-json\/wp\/v2\/types\/post"}],"author":[{"embeddable":true,"href":"https:\/\/lyonelkaufmann.ch\/Blog\/wp-json\/wp\/v2\/users\/1"}],"replies":[{"embeddable":true,"href":"https:\/\/lyonelkaufmann.ch\/Blog\/wp-json\/wp\/v2\/comments?post=928"}],"version-history":[{"count":0,"href":"https:\/\/lyonelkaufmann.ch\/Blog\/wp-json\/wp\/v2\/posts\/928\/revisions"}],"wp:featuredmedia":[{"embeddable":true,"href":"https:\/\/lyonelkaufmann.ch\/Blog\/wp-json\/wp\/v2\/media\/13622"}],"wp:attachment":[{"href":"https:\/\/lyonelkaufmann.ch\/Blog\/wp-json\/wp\/v2\/media?parent=928"}],"wp:term":[{"taxonomy":"category","embeddable":true,"href":"https:\/\/lyonelkaufmann.ch\/Blog\/wp-json\/wp\/v2\/categories?post=928"},{"taxonomy":"post_tag","embeddable":true,"href":"https:\/\/lyonelkaufmann.ch\/Blog\/wp-json\/wp\/v2\/tags?post=928"}],"curies":[{"name":"wp","href":"https:\/\/api.w.org\/{rel}","templated":true}]}}