{"id":9358,"date":"2013-02-15T12:00:00","date_gmt":"2013-02-15T11:00:00","guid":{"rendered":"https:\/\/lyonelkaufmann.ch\/Blog\/?p=9358"},"modified":"2024-01-02T11:08:53","modified_gmt":"2024-01-02T10:08:53","slug":"bleu-photo-du-mois","status":"publish","type":"post","link":"https:\/\/lyonelkaufmann.ch\/Blog\/2013\/02\/15\/bleu-photo-du-mois\/","title":{"rendered":"Bleu |\u00a0Photo du mois"},"content":{"rendered":"<p>Pour ce mois de f\u00e9vrier, c&rsquo;est hibiscus qui nous a propos\u00e9 le sujet suivant :<\/p>\n<blockquote><p><em>Bleu : azur, ciel, cobalt, indigo, lapis-lazuli, myosotis, saphir &#8230; Ce ne sont que quelques pistes d&rsquo;interpr\u00e9tation, il y en a bien d&rsquo;autres. Laissons libre cours \u00e0 notre imagination et plongeons tous dans le grand bleu !<\/em><\/p><\/blockquote>\n<p><img data-recalc-dims=\"1\" loading=\"lazy\" decoding=\"async\" style=\"display:block;margin-left:auto;margin-right:auto;\" title=\"bleu.jpg\" alt=\"Bleu\" src=\"https:\/\/i0.wp.com\/lyonelkaufmann.ch\/Blog\/wp-content\/uploads\/2013\/02\/bleu.jpg?resize=400%2C600&#038;ssl=1\" width=\"400\" height=\"600\" border=\"0\" \/> Ma premi\u00e8re question \u00e9tait : est-il possible de traiter ce th\u00e8me de couleur en noir\/blanc? Pas commode, mais possible.\u00a0Puis, j&rsquo;ai pens\u00e9 \u00e0 la fonction de mon appareil Sony RX-100 de prendre des photos en noir\/blanc + une couleur. Donc le bleu.\u00a0Enfin, le hasard a voulu que, lors d&rsquo;un week-end de ski \u00e0 Leysin, je me retrouve dans un bar o\u00f9 tr\u00f4nait sur le comptoir une magnifique fontaine \u00e0 absinthe. Or,\u00a0l&rsquo;absinthe est \u00e9galement appel\u00e9 \u00ab f\u00e9e verte \u00bb ou encore \u00ab bleue \u00bb.\u00a0En mixant, la technique de mon appareil photo et l&rsquo;\u00e9vocation de l&rsquo;absinthe, je me retrouve donc \u00e0 traiter doublement le th\u00e8me du mois.<\/p>\n<p><strong>En savoir plus :\u00a0<\/strong> L&rsquo;absinthe a \u00e9t\u00e9 interdite en Suisse du 7 octobre 1910 au 1er mars 2005.Son interdiction a \u00e9t\u00e9 prononc\u00e9 apr\u00e8s une <a href=\"http:\/\/fr.wikipedia.org\/wiki\/Initiative_populaire_\u00ab_Interdiction_de_l'absinthe_et_r\u00e9vision_correspondante_de_l'article_31b_\u00bb\">votation populaire<\/a>.\u00a0Le 5 juillet 1908, le peuple suisse interdisait l&rsquo;absinthe par 241&rsquo;078 voix contre 138&rsquo;669. Seuls Neuch\u00e2tel et Gen\u00e8ve refus\u00e8rent d&rsquo;enterrer la f\u00e9e verte. D\u00e9sormais, l&rsquo;interdiction de l&rsquo;absinthe \u00e9tait\u00a0inscrite dans la Constitution f\u00e9d\u00e9rale. Elle continua a \u00eatre produite dans la clandestinit\u00e9.\u00a0Depuis le 1er mars 2005, il est \u00e0 nouveau possible de distiller de l&rsquo;absinthe en Suisse tout \u00e0 fait l\u00e9galement.<\/p>\n<p>Le \u00abbleu\u00bb des autres :\u00a0 <a href=\"http:\/\/www.reverdailleurs.com\" target=\"_blank\" rel=\"noopener\">100driiine<\/a>, <a href=\"http:\/\/www.abowloforanges.com\/fr\/\" target=\"_blank\" rel=\"noopener\">A bowl of oranges<\/a>, <a href=\"http:\/\/grenoblequebec.blogspot.ca\/search\/label\/Photos%20du%20mois\" target=\"_blank\" rel=\"noopener\">A&amp;G<\/a>, <a href=\"http:\/\/cultureetpapotage.blogspot.com\/\" target=\"_blank\" rel=\"noopener\">Agrippine<\/a>, <a href=\"http:\/\/leblogdekat.com\" target=\"_blank\" rel=\"noopener\">A&rsquo;icha<\/a>, <a href=\"http:\/\/akai-inthesky.blogspot.com\" target=\"_blank\" rel=\"noopener\">Akaieric<\/a>, <a href=\"http:\/\/denisdanzephotographe.wordpress.com\/\" target=\"_blank\" rel=\"noopener\">Akromax<\/a>, <a href=\"http:\/\/cocovin.net\/\" target=\"_blank\" rel=\"noopener\">Alban<\/a>, <a href=\"http:\/\/blogs.paris.fr\/unitedstatesofparis\" target=\"_blank\" rel=\"noopener\">Alexinparis<\/a>, <a href=\"http:\/\/wonderlandalice.wordpress.com\/\" target=\"_blank\" rel=\"noopener\">Alice Wonderland<\/a>, <a href=\"http:\/\/chroniqueduncongeparental.wordpress.com\/category\/la-photo-du-mois\/\" target=\"_blank\" rel=\"noopener\">Ang\u00e9lique<\/a>, <a href=\"http:\/\/anne-tranche-de-vie.over-blog.com\/categorie-11390539.html\" target=\"_blank\" rel=\"noopener\">Anne<\/a>, <a href=\"http:\/\/www.annelauret.com\/search\/label\/La%20photo%20du%20mois\" target=\"_blank\" rel=\"noopener\">Anne Laure T<\/a>, <a href=\"http:\/\/www.perezannik.org\/archives\/photo_du_mois\/index.html\" target=\"_blank\" rel=\"noopener\">Annick<\/a>, <a href=\"http:\/\/www.chiffonsandco.fr\" target=\"_blank\" rel=\"noopener\">Arwen<\/a>, <a href=\"http:\/\/www.connais-toi-toi-meme.biz\" target=\"_blank\" rel=\"noopener\">Ava<\/a>, <a href=\"http:\/\/www.batilou.org\" target=\"_blank\" rel=\"noopener\">Batilou<\/a>, <a href=\"http:\/\/sublime-essence.over-blog.com\" target=\"_blank\" rel=\"noopener\">Bestofava<\/a>, <a href=\"http:\/\/blogoth67.wordpress.com\" target=\"_blank\" rel=\"noopener\">Blogoth67<\/a>, <a href=\"http:\/\/calamonique.wordpress.com\/\" target=\"_blank\" rel=\"noopener\">Calamonique<\/a>, <a href=\"http:\/\/noscapricesdefilles.blogspot.fr\/\" target=\"_blank\" rel=\"noopener\">Caprices de filles<\/a>, <a href=\"http:\/\/c-est-reparti.blogspot.com\/\" target=\"_blank\" rel=\"noopener\">Cara<\/a>, <a href=\"http:\/\/www.carnetsdimages.org\" target=\"_blank\" rel=\"noopener\">Carnets d&rsquo;images<\/a>, <a href=\"http:\/\/letohubohudecaro.canalblog.com\" target=\"_blank\" rel=\"noopener\">Caro<\/a>, <a href=\"http:\/\/ohmypetitpois.blogspot.fr\" target=\"_blank\" rel=\"noopener\">Caro from London <\/a>, <a href=\"https:\/\/fromaustraliawl.wordpress.com\/category\/les-rdv-du-blog\/\" target=\"_blank\" rel=\"noopener\">Carole In Australia<\/a>, <a href=\"http:\/\/catdeschamps.blogspot.fr\/\" target=\"_blank\" rel=\"noopener\">Caterine<\/a>, <a href=\"http:\/\/naomietbella.canalblog.com\" target=\"_blank\" rel=\"noopener\">Cath la Cigale<\/a>, <a href=\"http:\/\/www.cekoline.tumblr.com\" target=\"_blank\" rel=\"noopener\">Cekoline<\/a>, <a href=\"http:\/\/poutineettartiflette.blogspot.com\" target=\"_blank\" rel=\"noopener\">C\u00e9liano<\/a>, <a href=\"http:\/\/frenchiesinparis.over-blog.com\" target=\"_blank\" rel=\"noopener\">C\u00e9line in Paris<\/a>, <a href=\"http:\/\/cessnaoui.canalblog.com\/\" target=\"_blank\" rel=\"noopener\">Cessna, oui !<\/a>, <a href=\"http:\/\/champagnefraise.wordpress.com\" target=\"_blank\" rel=\"noopener\">Champagne<\/a>, <a href=\"http:\/\/reverieschatbleu.canalblog.com\/\" target=\"_blank\" rel=\"noopener\">Chat bleu<\/a>, <a href=\"http:\/\/cherrybee-a-montreal.blogspot.com\" target=\"_blank\" rel=\"noopener\">Cherrybee<\/a>, <a href=\"http:\/\/mysweetescape.fr\/\" target=\"_blank\" rel=\"noopener\">Chlo\u00e9<\/a>, <a href=\"http:\/\/auvergnatsducanada.blogspot.com\" target=\"_blank\" rel=\"noopener\">Chris et Nanou<\/a>, <a href=\"http:\/\/christeav.wordpress.com\" target=\"_blank\" rel=\"noopener\">Christeav<\/a>, <a href=\"http:\/\/cindychouamontreal.blogspot.ca\/search\/label\/Photo%20du%20mois\" target=\"_blank\" rel=\"noopener\">Cindy Chou<\/a>, <a href=\"http:\/\/vintagegirltrips.canalblog.com\" target=\"_blank\" rel=\"noopener\">Coco<\/a>, <a href=\"http:\/\/cocosophie.over-blog.com\/\" target=\"_blank\" rel=\"noopener\">Cocosophie<\/a>, <a href=\"http:\/\/cook9addict.over-blog.com\" target=\"_blank\" rel=\"noopener\">Cook9addict<\/a>, <a href=\"http:\/\/www.cricriyomfromparis.com\/search\/label\/La%20photo%20du%20mois\" target=\"_blank\" rel=\"noopener\">Cricriyom from Paris<\/a>, <a href=\"http:\/\/www.boeingbleudemer.com\" target=\"_blank\" rel=\"noopener\">Cynthia<\/a>, <a href=\"http:\/\/dameskarlette.blogspot.fr\" target=\"_blank\" rel=\"noopener\">Dame Skarlette<\/a>, <a href=\"http:\/\/davidmelaniequebec.blogspot.fr\/\" target=\"_blank\" rel=\"noopener\">David et M\u00e9lanie<\/a>, <a href=\"http:\/\/mapassionbento.blogspot.fr\/\" target=\"_blank\" rel=\"noopener\">DelphineF<\/a>, <a href=\"http:\/\/life-is-a-bombon.blogspot.fr\/search\/label\/photo%20du%20mois\" target=\"_blank\" rel=\"noopener\">Djoul<\/a>, <a href=\"http:\/\/grainedememere.blogspot.ca\/search\/label\/La%20photo%20du%20mois\" target=\"_blank\" rel=\"noopener\">Dorydee<\/a>, <a href=\"http:\/\/cestpasmoijeljure.wordpress.com\/la-photo-du-mois\/\" target=\"_blank\" rel=\"noopener\">Dr. CaSo<\/a>, <a href=\"http:\/\/histoiresdeux.blogspot.com\" target=\"_blank\" rel=\"noopener\">E<\/a>, <a href=\"http:\/\/elpadawan.wordpress.com\/category\/what-quoi\/pic-of-the-month-photo-du-mois\" target=\"_blank\" rel=\"noopener\">El Padawan<\/a>, <a href=\"http:\/\/clemencebdc.wordpress.com\/category\/photo-du-mois\/\" target=\"_blank\" rel=\"noopener\">Eloclemence<\/a>, <a href=\"http:\/\/foodforthoughtandmore.wordpress.com\/\" target=\"_blank\" rel=\"noopener\">Elodie<\/a>, <a href=\"http:\/\/www.jyreflechis.com\/tag\/la-photo-du-mois\/\" target=\"_blank\" rel=\"noopener\">Emma<\/a>, <a href=\"http:\/\/occident-express.hautetfort.com\" target=\"_blank\" rel=\"noopener\">Eurydice<\/a>, <a href=\"http:\/\/fanfanraccoons.blogspot.com\" target=\"_blank\" rel=\"noopener\">Fanfan Raccoon<\/a>, <a href=\"http:\/\/52moments.canalblog.com\/\" target=\"_blank\" rel=\"noopener\">Fesse fouille<\/a>, <a href=\"http:\/\/filamots.wordpress.com\" target=\"_blank\" rel=\"noopener\">Filamots<\/a>, <a href=\"http:\/\/flechebleu77.tumblr.com\" target=\"_blank\" rel=\"noopener\">flechebleu<\/a>, <a href=\"http:\/\/doubspays.wordpress.com\" target=\"_blank\" rel=\"noopener\">Flo<\/a>, <a href=\"http:\/\/vudubalcon.blogspot.fr\/search\/label\/Photo%20du%20mois\" target=\"_blank\" rel=\"noopener\">Fran\u00e7ois le Ni\u00e7ois<\/a>, <a href=\"http:\/\/zoursland.com\" target=\"_blank\" rel=\"noopener\">Fr\u00e9d\u00e9ric<\/a>, <a href=\"http:\/\/galinette-dezailes.blogspot.fr\/\" target=\"_blank\" rel=\"noopener\">Galinette<\/a>, <a href=\"http:\/\/www.legaletas.net\/blog\/index.php\" target=\"_blank\" rel=\"noopener\">Gilsoub<\/a>, <a href=\"http:\/\/cyberdilou.canalblog.com\" target=\"_blank\" rel=\"noopener\">Gizeh<\/a>, <a href=\"http:\/\/vraiefiction.blogspot.com\" target=\"_blank\" rel=\"noopener\">Guillaume<\/a>, <a href=\"http:\/\/happyusbook.blogspot.fr\/\" target=\"_blank\" rel=\"noopener\">Happy Us<\/a>, <a href=\"http:\/\/hibiscusblog.net\/category\/la-photo-du-mois-2\" target=\"_blank\" rel=\"noopener\">Hibiscus<\/a>, <a href=\"http:\/\/homeos-tasie.blogspot.fr\/\" target=\"_blank\" rel=\"noopener\">Homeos-tasie<\/a>, <a href=\"http:\/\/impolitique.com\/\" target=\"_blank\" rel=\"noopener\">impolitique<\/a>, <a href=\"http:\/\/isaquarel.canalblog.com\/archives\/la_photo_du_mois\/index.html\" target=\"_blank\" rel=\"noopener\">Isaquarel<\/a>, <a href=\"http:\/\/jadorejadhere.canalblog.com\/\" target=\"_blank\" rel=\"noopener\">J&rsquo;adore j&rsquo;adh\u00e8re<\/a>, <a href=\"http:\/\/lachataignesauvage.over-blog.com\/categorie-12516589.html\" target=\"_blank\" rel=\"noopener\">Josiane<\/a>, <a href=\"http:\/\/colibribleu.blogspot.fr\/\" target=\"_blank\" rel=\"noopener\">Julie<\/a>, <a href=\"http:\/\/www.juriste-in-the-city.fr\/\" target=\"_blank\" rel=\"noopener\">Juriste-in-the-city <\/a>, <a href=\"http:\/\/zoewahl.ch\/blog\" target=\"_blank\" rel=\"noopener\">Karrijini<\/a>, <a href=\"http:\/\/www.kobaitchi.com\/tag\/photo%20du%20mois\" target=\"_blank\" rel=\"noopener\">Kob<\/a>, <a href=\"http:\/\/krn-defouloir.blogspot.com\" target=\"_blank\" rel=\"noopener\">Krn<\/a>, <a href=\"http:\/\/monpetitjapon.blogspot.com\" target=\"_blank\" rel=\"noopener\">Kyoko<\/a>, <a href=\"http:\/\/www.lafilledelair.com\/blog\/la-photo-du-mois\/\" target=\"_blank\" rel=\"noopener\">La Fille de l&rsquo;Air<\/a>, <a href=\"http:\/\/www.carnetsduneflaneuse.fr\" target=\"_blank\" rel=\"noopener\">La Flaneuse<\/a>, <a href=\"http:\/\/messineaventure.canalblog.com\/archives\/la_photo_du_mois\/index.html\" target=\"_blank\" rel=\"noopener\">La Messine<\/a>, <a href=\"http:\/\/souslecieldeparis.fr\/category\/la-photo-du-mois\/\" target=\"_blank\" rel=\"noopener\">La Parigina<\/a>, <a href=\"http:\/\/voyageusecomtoise.wordpress.com\/tag\/photo-du-mois\/\" target=\"_blank\" rel=\"noopener\">La voyageuse comtoise<\/a>, <a href=\"http:\/\/lagodiche.fr\" target=\"_blank\" rel=\"noopener\">LaGodiche<\/a>, <a href=\"http:\/\/laudesmontagnes.wordpress.com\/\" target=\"_blank\" rel=\"noopener\">Lau* des montagnes<\/a>, <a href=\"http:\/\/maptitemaisonenquebecquie.blogspot.ca\/search\/label\/photo%20du%20mois\" target=\"_blank\" rel=\"noopener\">Laure<\/a>, <a href=\"http:\/\/www.malaxi.net\" target=\"_blank\" rel=\"noopener\">Laurent Nicolas<\/a>, <a href=\"http:\/\/a.nous.les.caribous.over-blog.com\/categorie-12329056.html\" target=\"_blank\" rel=\"noopener\">Lauriane<\/a>, <a href=\"http:\/\/lorgnettedunjour.canalblog.com\/\" target=\"_blank\" rel=\"noopener\">Lavandine<\/a>, <a href=\"http:\/\/www.lemagalire.fr\" target=\"_blank\" rel=\"noopener\">Le Mag \u00e0 lire<\/a>, <a href=\"http:\/\/www.lesbonheurs.fr\/\" target=\"_blank\" rel=\"noopener\">Les bonheurs d&rsquo;Anne &amp; Alex<\/a>, <a href=\"http:\/\/marisse.hautetfort.com\/\" target=\"_blank\" rel=\"noopener\">Les petits supplices !<\/a>, <a href=\"http:\/\/lesvoyagesdelucy.over-blog.com\/categorie-12302834.html\" target=\"_blank\" rel=\"noopener\">Les voyages de Lucy<\/a>, <a href=\"http:\/\/www.sethetlise.com\" target=\"_blank\" rel=\"noopener\">Les voyages de Seth et Lise<\/a>, <a href=\"http:\/\/www.leviacarmina.fr\" target=\"_blank\" rel=\"noopener\">Leviacarmina<\/a>, <a href=\"http:\/\/www.lisadeparis.ch\/articles\/bonus\/la\n-photo-du-mois\/\" target=\"_blank\" rel=\"noopener\">LisaDeParis<\/a>, <a href=\"http:\/\/lorrainecarpentier.wordpress.com\/\" target=\"_blank\" rel=\"noopener\">Lo<\/a>, <a href=\"http:\/\/365photos2011nous4.tumblr.com\/\" target=\"_blank\" rel=\"noopener\">Louiki<\/a>, <a href=\"http:\/\/grandereveuse.fr\/\" target=\"_blank\" rel=\"noopener\">Louisianne<\/a>, <a href=\"http:\/\/www.destination-montreal.net\" target=\"_blank\" rel=\"noopener\">Lucile et Rod<\/a>, <a href=\"https:\/\/lyonelkaufmann.ch\/Blog\/category\/blogcafe\/photo-du-mois\/\" target=\"_blank\" rel=\"noopener\">Lyonelk<\/a>, <a href=\"http:\/\/anteketborka.blogspot.com\" target=\"_blank\" rel=\"noopener\">magda627<\/a>, <a href=\"http:\/\/chezmamysoren.over-blog.com\" target=\"_blank\" rel=\"noopener\">Mamysoren<\/a>, <a href=\"http:\/\/le-tour-du-monde-de-la-marmotte.over-blog.com\/\" target=\"_blank\" rel=\"noopener\">Marmotte<\/a>, <a href=\"http:\/\/mclw.wordpress.com\" target=\"_blank\" rel=\"noopener\">Mclw<\/a>, <a href=\"http:\/\/lapetiteviedemi.over-blog.com\" target=\"_blank\" rel=\"noopener\">Mimipetitesouris<\/a>, <a href=\"http:\/\/mistinguettalli.blogspot.com\" target=\"_blank\" rel=\"noopener\">Mistinguett<\/a>, <a href=\"http:\/\/lespetitspapiersdenadezda.blogspot.be\" target=\"_blank\" rel=\"noopener\">Nadezda<\/a>, <a href=\"http:\/\/blog.nataru.fr\" target=\"_blank\" rel=\"noopener\">Nataru<\/a>, <a href=\"http:\/\/clicpassion.canalblog.com\" target=\"_blank\" rel=\"noopener\">Nicky<\/a>, <a href=\"http:\/\/dans-ma-bulle-365.tumblr.com\/\" target=\"_blank\" rel=\"noopener\">Nie<\/a>, <a href=\"http:\/\/par.les.yeux.de.nora.over-blog.com\/categorie-12217507.html\" target=\"_blank\" rel=\"noopener\">Nora<\/a>, <a href=\"http:\/\/www.olivierdemontreal.eu\/blogue3\/tag\/photo-du-mois\/\" target=\"_blank\" rel=\"noopener\">Olivier<\/a>, <a href=\"http:\/\/orichan.canalblog.com\/archives\/photo_du_mois\/index.html\" target=\"_blank\" rel=\"noopener\">Ori<\/a>, <a href=\"http:\/\/patquebec.blogspot.be\/\" target=\"_blank\" rel=\"noopener\">Pat Qu\u00e9bec<\/a>, <a href=\"http:\/\/www.photo-tuto.fr\" target=\"_blank\" rel=\"noopener\">Photo Tuto<\/a>, <a href=\"http:\/\/pilisi.over-blog.com\/categorie-12387113.html\" target=\"_blank\" rel=\"noopener\">Pilisi<\/a>, <a href=\"http:\/\/renepaulhenry.blogspot.com\" target=\"_blank\" rel=\"noopener\">Renepaulhenry<\/a>, <a href=\"http:\/\/Scarolles-and-co.blogspot.com\" target=\"_blank\" rel=\"noopener\">scarolles-and-co <\/a>, <a href=\"http:\/\/sgiworld.blogspot.com\" target=\"_blank\" rel=\"noopener\">S\u00e9bastien<\/a>, <a href=\"http:\/\/www.sephiraph.be\" target=\"_blank\" rel=\"noopener\">Sephiraph<\/a>, <a href=\"http:\/\/sinuaisons.wordpress.com\/category\/la-photo-du-mois\/\" target=\"_blank\" rel=\"noopener\">Sinuaisons<\/a>, <a href=\"http:\/\/www.annexedeskipi.blogspot.com\" target=\"_blank\" rel=\"noopener\">Skipi<\/a>, <a href=\"http:\/\/cigaletfourmi.blogspot.com\" target=\"_blank\" rel=\"noopener\">Solveig<\/a>, <a href=\"http:\/\/www.sophierififi.com\/\" target=\"_blank\" rel=\"noopener\">Sophie Rififi<\/a>, <a href=\"http:\/\/provincecanadienne.blogspot.ca\/search\/label\/Photo%20du%20mois\" target=\"_blank\" rel=\"noopener\">Stephane08<\/a>, <a href=\"http:\/\/tambour-major.blogspot.com.ar\/search\/label\/La\/photo\/du\/mois\" target=\"_blank\" rel=\"noopener\">Tambour Major<\/a>, <a href=\"http:\/\/testinauteathome.over-blog.com\/\" target=\"_blank\" rel=\"noopener\">Testinaute<\/a>, <a href=\"http:\/\/macatou.wordpress.com\/\" target=\"_blank\" rel=\"noopener\">Thalie<\/a>, <a href=\"http:\/\/mouseandfrog.wordpress.com\" target=\"_blank\" rel=\"noopener\">The Mouse<\/a>, <a href=\"http:\/\/theparisienne.fr\" target=\"_blank\" rel=\"noopener\">The Parisienne<\/a>, <a href=\"http:\/\/tuxana.blogspot.ca\/\" target=\"_blank\" rel=\"noopener\">Tuxana<\/a>, <a href=\"http:\/\/www.unjour-unerencontre.com\/london\" target=\"_blank\" rel=\"noopener\">Un jour une rencontre<\/a>, <a href=\"http:\/\/www.journaldunenicoise.com\" target=\"_blank\" rel=\"noopener\">Une ni\u00e7oise<\/a>, <a href=\"http:\/\/www.leshumeursdeviolette.over-blog.com\" target=\"_blank\" rel=\"noopener\">Violette<\/a>, <a href=\"http:\/\/www.viviane-voyages.com\" target=\"_blank\" rel=\"noopener\">Viviane<\/a>, <a href=\"http:\/\/sebdanzephotographe.wordpress.com\/category\/photo-du-mois\/\" target=\"_blank\" rel=\"noopener\">Wolverine<\/a>, <a href=\"http:\/\/www.xaviermohr.com\" target=\"_blank\" rel=\"noopener\">Xavier Mohr<\/a>, <a href=\"http:\/\/xoliv.blogspot.fr\/search\/label\/Photodumois\" target=\"_blank\" rel=\"noopener\">Xoliv&rsquo;<\/a>, <a href=\"http:\/\/zazaetsesfantaisies.blogspot.fr\/\" target=\"_blank\" rel=\"noopener\">Zaza<\/a>.<\/p>\n","protected":false},"excerpt":{"rendered":"<p>Pour ce mois de f\u00e9vrier, c&rsquo;est hibiscus qui nous a propos\u00e9 le sujet suivant : Bleu : azur, ciel, cobalt, indigo, lapis-lazuli, myosotis, saphir &#8230; Ce ne sont que quelques pistes d&rsquo;interpr\u00e9tation, il y en a bien d&rsquo;autres. Laissons libre cours \u00e0 notre imagination et plongeons tous dans le grand bleu ! Ma premi\u00e8re question [&hellip;]<\/p>\n","protected":false},"author":1,"featured_media":14276,"comment_status":"open","ping_status":"open","sticky":false,"template":"","format":"image","meta":{"_import_markdown_pro_load_document_selector":0,"_import_markdown_pro_submit_text_textarea":"","_genesis_hide_title":false,"_genesis_hide_breadcrumbs":false,"_genesis_hide_singular_image":false,"_genesis_hide_footer_widgets":false,"_genesis_custom_body_class":"","_genesis_custom_post_class":"","_genesis_layout":"","jetpack_post_was_ever_published":false,"_jetpack_newsletter_access":"","_jetpack_dont_email_post_to_subs":false,"_jetpack_newsletter_tier_id":0,"_jetpack_memberships_contains_paywalled_content":false,"_jetpack_memberships_contains_paid_content":false,"activitypub_content_warning":"","activitypub_content_visibility":"","activitypub_max_image_attachments":3,"activitypub_interaction_policy_quote":"anyone","activitypub_status":"","footnotes":"","jetpack_publicize_message":"","jetpack_publicize_feature_enabled":true,"jetpack_social_post_already_shared":true,"jetpack_social_options":{"image_generator_settings":{"template":"fullscreen","default_image_id":0,"font":"","enabled":false},"version":2}},"categories":[4],"tags":[],"class_list":{"0":"post-9358","1":"post","2":"type-post","3":"status-publish","4":"format-image","5":"has-post-thumbnail","7":"category-photo-du-mois","8":"post_format-post-format-image","9":"entry"},"jetpack_publicize_connections":[],"featured_image_src":"https:\/\/i0.wp.com\/lyonelkaufmann.ch\/Blog\/wp-content\/uploads\/2015\/03\/bleu.jpg?resize=400%2C400&ssl=1","featured_image_src_square":"https:\/\/i0.wp.com\/lyonelkaufmann.ch\/Blog\/wp-content\/uploads\/2015\/03\/bleu.jpg?resize=400%2C600&ssl=1","author_info":{"display_name":"Lyonel Kaufmann","author_link":"https:\/\/lyonelkaufmann.ch\/Blog\/author\/lyonelk\/"},"jetpack_featured_media_url":"https:\/\/i0.wp.com\/lyonelkaufmann.ch\/Blog\/wp-content\/uploads\/2015\/03\/bleu.jpg?fit=400%2C600&ssl=1","jetpack_sharing_enabled":true,"jetpack_shortlink":"https:\/\/wp.me\/p1qtF4-2qW","jetpack-related-posts":[{"id":9537,"url":"https:\/\/lyonelkaufmann.ch\/Blog\/2013\/04\/15\/du-blanc-et-du-noir-mais-pas-en-noirblanc-photo-du-mois\/","url_meta":{"origin":9358,"position":0},"title":"du blanc et du noir mais pas en Noir&amp;Blanc | Photo du mois","author":"Lyonel Kaufmann","date":"15 avril 2013","format":"image","excerpt":"Histoire Deux a choisi le th\u00e8me du mois d'avril : Alors comme th\u00e8me pour avril je vous propose : \u00ab du blanc et du noir mais pas en Noir&Blanc \u00bb. Donc vous pouvez prendre une photo de ce que vous voulez qui soit noir et blanc (votre dalmatien, le sourire\u2026","rel":"","context":"Dans &quot;Photo du mois&quot;","block_context":{"text":"Photo du mois","link":"https:\/\/lyonelkaufmann.ch\/Blog\/category\/photo-du-mois\/"},"img":{"alt_text":"","src":"https:\/\/i0.wp.com\/lyonelkaufmann.ch\/Blog\/wp-content\/uploads\/2015\/03\/8626257414_ed2d5c3385_z.jpg?fit=639%2C640&ssl=1&resize=350%2C200","width":350,"height":200,"srcset":"https:\/\/i0.wp.com\/lyonelkaufmann.ch\/Blog\/wp-content\/uploads\/2015\/03\/8626257414_ed2d5c3385_z.jpg?fit=639%2C640&ssl=1&resize=350%2C200 1x, https:\/\/i0.wp.com\/lyonelkaufmann.ch\/Blog\/wp-content\/uploads\/2015\/03\/8626257414_ed2d5c3385_z.jpg?fit=639%2C640&ssl=1&resize=525%2C300 1.5x"},"classes":[]},{"id":18039,"url":"https:\/\/lyonelkaufmann.ch\/Blog\/2017\/03\/15\/sensuel-la-photo-du-mois\/","url_meta":{"origin":9358,"position":1},"title":"Sensuel | La photo du mois","author":"Lyonel Kaufmann","date":"15 mars 2017","format":false,"excerpt":"Th\u00e8me: Sensuel, choisi par Lau* des montagnes (http:\/\/laudesmontagnes.wordpress.com\/) Note de l'auteur-eSensuel(le) Que ce soit une attitude, une courbe, un regard, une mati\u00e8re, un d\u00e9tail, une peau, montrez-nous ce qui est sensuel pour vous. En couleurs ou en noir et blanc, libre \u00e0 vous de sublimer cette sensualit\u00e9. Mon interpr\u00e9tation du\u2026","rel":"","context":"Dans &quot;Photo du mois&quot;","block_context":{"text":"Photo du mois","link":"https:\/\/lyonelkaufmann.ch\/Blog\/category\/photo-du-mois\/"},"img":{"alt_text":"","src":"https:\/\/i0.wp.com\/lyonelkaufmann.ch\/Blog\/wp-content\/uploads\/2017\/03\/Image-12.03.17-22-49.jpeg?fit=797%2C1200&ssl=1&resize=350%2C200","width":350,"height":200,"srcset":"https:\/\/i0.wp.com\/lyonelkaufmann.ch\/Blog\/wp-content\/uploads\/2017\/03\/Image-12.03.17-22-49.jpeg?fit=797%2C1200&ssl=1&resize=350%2C200 1x, https:\/\/i0.wp.com\/lyonelkaufmann.ch\/Blog\/wp-content\/uploads\/2017\/03\/Image-12.03.17-22-49.jpeg?fit=797%2C1200&ssl=1&resize=525%2C300 1.5x, https:\/\/i0.wp.com\/lyonelkaufmann.ch\/Blog\/wp-content\/uploads\/2017\/03\/Image-12.03.17-22-49.jpeg?fit=797%2C1200&ssl=1&resize=700%2C400 2x"},"classes":[]},{"id":15031,"url":"https:\/\/lyonelkaufmann.ch\/Blog\/2015\/07\/15\/soyez-creatifs-a-la-maison-photo-du-mois\/","url_meta":{"origin":9358,"position":2},"title":"Soyez cr\u00e9atifs \u00e0 la maison |\u00a0Photo du mois","author":"Lyonel Kaufmann","date":"15 juillet 2015","format":false,"excerpt":"Th\u00e8me: Soyez cr\u00e9atifs \u00e0 la maison, choisi par Fanfan Raccoon (http:\/\/fanfanraccoons.blogspot.com) Note de l'auteur-e: Pour le mois de juillet je vous propose d'\u00eatre cr\u00e9atif \u00e0 la maison. Le challenge sera de nous faire d\u00e9couvrir notre chez nous sous un angle insolite, un cadrage inattendu, une lumi\u00e8re impr\u00e9vue. Alors d\u00e9ambulez \u00e0\u2026","rel":"","context":"Dans &quot;Photo du mois&quot;","block_context":{"text":"Photo du mois","link":"https:\/\/lyonelkaufmann.ch\/Blog\/category\/photo-du-mois\/"},"img":{"alt_text":"","src":"https:\/\/i0.wp.com\/lyonelkaufmann.ch\/Blog\/wp-content\/uploads\/2015\/07\/19706302641_c8ca64839f_c.jpg?fit=800%2C600&ssl=1&resize=350%2C200","width":350,"height":200,"srcset":"https:\/\/i0.wp.com\/lyonelkaufmann.ch\/Blog\/wp-content\/uploads\/2015\/07\/19706302641_c8ca64839f_c.jpg?fit=800%2C600&ssl=1&resize=350%2C200 1x, https:\/\/i0.wp.com\/lyonelkaufmann.ch\/Blog\/wp-content\/uploads\/2015\/07\/19706302641_c8ca64839f_c.jpg?fit=800%2C600&ssl=1&resize=525%2C300 1.5x, https:\/\/i0.wp.com\/lyonelkaufmann.ch\/Blog\/wp-content\/uploads\/2015\/07\/19706302641_c8ca64839f_c.jpg?fit=800%2C600&ssl=1&resize=700%2C400 2x"},"classes":[]},{"id":18488,"url":"https:\/\/lyonelkaufmann.ch\/Blog\/2017\/09\/15\/palette-de-couleurs-photo-du-mois\/","url_meta":{"origin":9358,"position":3},"title":"Palette de couleurs | Photo du mois","author":"Lyonel Kaufmann","date":"15 septembre 2017","format":false,"excerpt":"Le th\u00e8me du mois Palette de couleurs a \u00e9t\u00e9 choisi par Philae (http:\/\/philae.over-blog.com) Mon interpr\u00e9tation du th\u00e8me : L\u2019interpr\u00e9tation du th\u00e8me par les autres participant.e.s : Akaieric, Alban, Alexinparis, Amartia, Ang\u00e9lique, Aude, BiGBuGS, Blogoth67, Brindille, Bubble gones, Cara, Chat bleu, Chiffons and Co, Christophe, Cricriyom from Paris, C\u00e9cileP, C\u00e9line in\u2026","rel":"","context":"Dans &quot;Photo du mois&quot;","block_context":{"text":"Photo du mois","link":"https:\/\/lyonelkaufmann.ch\/Blog\/category\/photo-du-mois\/"},"img":{"alt_text":"","src":"https:\/\/i0.wp.com\/lyonelkaufmann.ch\/Blog\/wp-content\/uploads\/2017\/09\/imgp0684.jpg?fit=1200%2C798&ssl=1&resize=350%2C200","width":350,"height":200,"srcset":"https:\/\/i0.wp.com\/lyonelkaufmann.ch\/Blog\/wp-content\/uploads\/2017\/09\/imgp0684.jpg?fit=1200%2C798&ssl=1&resize=350%2C200 1x, https:\/\/i0.wp.com\/lyonelkaufmann.ch\/Blog\/wp-content\/uploads\/2017\/09\/imgp0684.jpg?fit=1200%2C798&ssl=1&resize=525%2C300 1.5x, https:\/\/i0.wp.com\/lyonelkaufmann.ch\/Blog\/wp-content\/uploads\/2017\/09\/imgp0684.jpg?fit=1200%2C798&ssl=1&resize=700%2C400 2x, https:\/\/i0.wp.com\/lyonelkaufmann.ch\/Blog\/wp-content\/uploads\/2017\/09\/imgp0684.jpg?fit=1200%2C798&ssl=1&resize=1050%2C600 3x"},"classes":[]},{"id":12388,"url":"https:\/\/lyonelkaufmann.ch\/Blog\/2015\/02\/15\/coup-de-coeur-photo-du-mois\/","url_meta":{"origin":9358,"position":4},"title":"Coup de coeur | Photo du mois","author":"Lyonel Kaufmann","date":"15 f\u00e9vrier 2015","format":false,"excerpt":"Le th\u00e8me du mois, Coup de C\u0153ur, a \u00e9t\u00e9 choisi par Brindille\u00a0(http:\/\/brindille33.wordpress.com\/). Sa pr\u00e9sentation du th\u00e8me : A partir de la date du 15 janvier jusqu'au 15 f\u00e9vrier, trouver une photo dans n'importe quel domaine, pas de restriction et pour laquelle vous avez un v\u00e9ritable coup de coeur. Si le\u2026","rel":"","context":"Dans &quot;Photo du mois&quot;","block_context":{"text":"Photo du mois","link":"https:\/\/lyonelkaufmann.ch\/Blog\/category\/photo-du-mois\/"},"img":{"alt_text":"","src":"https:\/\/i0.wp.com\/lyonelkaufmann.ch\/Blog\/wp-content\/uploads\/2015\/02\/16329721115_b17de1d1c9_b.jpg?fit=1024%2C681&ssl=1&resize=350%2C200","width":350,"height":200,"srcset":"https:\/\/i0.wp.com\/lyonelkaufmann.ch\/Blog\/wp-content\/uploads\/2015\/02\/16329721115_b17de1d1c9_b.jpg?fit=1024%2C681&ssl=1&resize=350%2C200 1x, https:\/\/i0.wp.com\/lyonelkaufmann.ch\/Blog\/wp-content\/uploads\/2015\/02\/16329721115_b17de1d1c9_b.jpg?fit=1024%2C681&ssl=1&resize=525%2C300 1.5x, https:\/\/i0.wp.com\/lyonelkaufmann.ch\/Blog\/wp-content\/uploads\/2015\/02\/16329721115_b17de1d1c9_b.jpg?fit=1024%2C681&ssl=1&resize=700%2C400 2x"},"classes":[]},{"id":19555,"url":"https:\/\/lyonelkaufmann.ch\/Blog\/2018\/10\/07\/je-reviens-a-montreal-dans-un-grand-airbus-bleu-de-mer-je-reviens-a-montreal-me-marier-avec-lautomne-me-marier-tout-en-couleur-flycanada%f0%9f%87%a8%f0%9f%87%a6-montreal-roadtrip-roadbook\/","url_meta":{"origin":9358,"position":5},"title":"Je reviens \u00e0 Montr\u00e9al Dans un grand Airbus bleu de mer Je reviens \u00e0 Montr\u00e9al Me marier avec l&rsquo;automne Me marier tout en couleur #fly#canada?? #montreal #roadtrip #roadbook","author":"Lyonel Kaufmann","date":"7 octobre 2018","format":false,"excerpt":"from Instagram: https:\/\/ift.tt\/2yl0PLb","rel":"","context":"Dans &quot;Blogcaf\u00e9&quot;","block_context":{"text":"Blogcaf\u00e9","link":"https:\/\/lyonelkaufmann.ch\/Blog\/category\/blogcafe-2\/"},"img":{"alt_text":"","src":"","width":0,"height":0},"classes":[]}],"jetpack_likes_enabled":true,"_links":{"self":[{"href":"https:\/\/lyonelkaufmann.ch\/Blog\/wp-json\/wp\/v2\/posts\/9358","targetHints":{"allow":["GET"]}}],"collection":[{"href":"https:\/\/lyonelkaufmann.ch\/Blog\/wp-json\/wp\/v2\/posts"}],"about":[{"href":"https:\/\/lyonelkaufmann.ch\/Blog\/wp-json\/wp\/v2\/types\/post"}],"author":[{"embeddable":true,"href":"https:\/\/lyonelkaufmann.ch\/Blog\/wp-json\/wp\/v2\/users\/1"}],"replies":[{"embeddable":true,"href":"https:\/\/lyonelkaufmann.ch\/Blog\/wp-json\/wp\/v2\/comments?post=9358"}],"version-history":[{"count":1,"href":"https:\/\/lyonelkaufmann.ch\/Blog\/wp-json\/wp\/v2\/posts\/9358\/revisions"}],"predecessor-version":[{"id":24674,"href":"https:\/\/lyonelkaufmann.ch\/Blog\/wp-json\/wp\/v2\/posts\/9358\/revisions\/24674"}],"wp:featuredmedia":[{"embeddable":true,"href":"https:\/\/lyonelkaufmann.ch\/Blog\/wp-json\/wp\/v2\/media\/14276"}],"wp:attachment":[{"href":"https:\/\/lyonelkaufmann.ch\/Blog\/wp-json\/wp\/v2\/media?parent=9358"}],"wp:term":[{"taxonomy":"category","embeddable":true,"href":"https:\/\/lyonelkaufmann.ch\/Blog\/wp-json\/wp\/v2\/categories?post=9358"},{"taxonomy":"post_tag","embeddable":true,"href":"https:\/\/lyonelkaufmann.ch\/Blog\/wp-json\/wp\/v2\/tags?post=9358"}],"curies":[{"name":"wp","href":"https:\/\/api.w.org\/{rel}","templated":true}]}}