{"id":9395,"date":"2013-03-15T12:00:00","date_gmt":"2013-03-15T11:00:00","guid":{"rendered":"https:\/\/lyonelkaufmann.ch\/Blog\/?p=9395"},"modified":"2013-03-15T12:00:00","modified_gmt":"2013-03-15T11:00:00","slug":"savoir-photo-du-mois","status":"publish","type":"post","link":"https:\/\/lyonelkaufmann.ch\/Blog\/2013\/03\/15\/savoir-photo-du-mois\/","title":{"rendered":"Savoir |\u00a0Photo du mois"},"content":{"rendered":"<p>Dr. CaSo a choisit la photo du mois de mars :<\/p>\n<blockquote><p>Comme th\u00e8me de la photo du mois de mars je choisis \u00ab\u00a0savoir,\u00a0\u00bb parce que notre vie et ce que nous en faisons est le r\u00e9sultat d&rsquo;une accumulation de connaissances. On apprend des choses nouvelles (int\u00e9ressantes, marrantes, ennuyeuses, f\u00e2cheuses, effrayantes, surprenantes, secr\u00e8tes, tristes, d\u00e9cevantes, fascinantes, etc.) tous les jours depuis notre naissance, m\u00eame sans nous en rendre compte.<\/p>\n<p>Comme je suis prof universitaire, on attend de moi non seulement que je transmette mon savoir \u00e0 mes \u00e9tudiants mais en plus que je continue \u00e0 en accumuler le plus possible, constamment, \u00e0 travers mes lectures et ma recherche et des \u00e9changes avec d&rsquo;autres experts, et&#8230; heu&#8230; en ce moment par exemple j&rsquo;ai l&rsquo;impression de ne rien savoir du tout!<\/p>\n<p>Et vous, que savez-vous ou ne savez-vous pas ou aimeriez-vous savoir ou pr\u00e9f\u00e8reriez-vous ne pas savoir?<\/p><\/blockquote>\n<p>Alors voil\u00e0 :<\/p>\n<p><a title=\"savoir\" href=\"http:\/\/lyonelk.smugmug.com\/Photography\/Photo-du-mois\/24712491_nW9vzs#!i=2407662856&amp;k=CTKjx4F&amp;lb=1&amp;s=X2\"><img data-recalc-dims=\"1\" decoding=\"async\" title=\"savoir\" alt=\"savoir\" src=\"https:\/\/i0.wp.com\/lyonelk.smugmug.com\/Photography\/Photo-du-mois\/i-CTKjx4F\/0\/L\/IMGP2232-L.jpg\" \/><\/a><\/p>\n<p>Voici donc mon interpr\u00e9tation du th\u00e8me : Savoir\u2026 c&rsquo;est changer de lunettes, voir le monde d&rsquo;un nouvel \u0153il pour acc\u00e9der, via une nouvelle forme de transparence, au monde et \u00e0 sa connaissance. Historien, le savoir passe pour moi essentiellement par la lecture d&rsquo;ouvrages ou de sources. Et, tout d&rsquo;un coup, la lumi\u00e8re surgit et on (la) r\u00e9fl\u00e9chit\u2026<\/p>\n<p>Plus prosa\u00efquement, pour lire et donc acc\u00e9der au savoir, j&rsquo;ai de plus en plus besoin de mes lunettes.<\/p>\n<p>Le \u00absavoir\u00bb des autres :<br \/>\n<a href=\"http:\/\/grenoblequebec.blogspot.ca\/search\/label\/Photos du mois\" target=\"_blank\">A&amp;G<\/a>, <a href=\"http:\/\/cultureetpapotage.blogspot.fr\/search\/label\/photo du mois\" target=\"_blank\">Agrippine<\/a>, <a href=\"http:\/\/leblogdekat.com\" target=\"_blank\">A&rsquo;icha<\/a>, <a href=\"http:\/\/akai-inthesky.blogspot.com\" target=\"_blank\">Akaieric<\/a>, <a href=\"http:\/\/denisdanzephotographe.wordpress.com\/category\/la-photo-du-mois\/\" target=\"_blank\">Akromax<\/a>, <a href=\"http:\/\/cocovin.net\/\" target=\"_blank\">Alban<\/a>, <a href=\"http:\/\/blogs.paris.fr\/unitedstatesofparis\" target=\"_blank\">Alexinparis<\/a>, <a href=\"http:\/\/wonderlandalice.wordpress.com\/\" target=\"_blank\">Alice Wonderland<\/a>, <a href=\"http:\/\/chroniqueduncongeparental.wordpress.com\/category\/la-photo-du-mois\/\" target=\"_blank\">Ang\u00e9lique<\/a>, <a href=\"http:\/\/anne-tranche-de-vie.over-blog.com\/categorie-11390539.html\" target=\"_blank\">Anne<\/a>, <a href=\"http:\/\/www.annelauret.com\/search\/label\/La photo du mois\" target=\"_blank\">Anne Laure T<\/a>, <a href=\"http:\/\/www.chiffonsandco.fr\" target=\"_blank\">Arwen<\/a>, <a href=\"http:\/\/www.connais-toi-toi-meme.biz\" target=\"_blank\">Ava<\/a>, <a href=\"http:\/\/chronique-berliniquaise.blogspot.com\" target=\"_blank\">Berliniquais<\/a>, <a href=\"http:\/\/sublime-essence.over-blog.com\" target=\"_blank\">Bestofava<\/a>, <a href=\"http:\/\/blogoth67.wordpress.com\" target=\"_blank\">Blogoth67<\/a>, <a href=\"http:\/\/calamonique.com\/\" target=\"_blank\">Calamonique<\/a>, <a href=\"http:\/\/c-est-reparti.blogspot.com\/\" target=\"_blank\">Cara<\/a>, <a href=\"http:\/\/www.carnetdescapades.com\" target=\"_blank\">Carnet d&rsquo;escapades<\/a>, <a href=\"http:\/\/www.carnetsdimages.org\" target=\"_blank\">Carnets d&rsquo;images<\/a>, <a href=\"http:\/\/ohmypetitpois.blogspot.fr\" target=\"_blank\">Caro from London <\/a>, <a href=\"https:\/\/fromaustraliawl.wordpress.com\/category\/les-rdv-du-blog\/\" target=\"_blank\">Carole In Australia<\/a>, <a href=\"http:\/\/catdeschamps.blogspot.fr\/\" target=\"_blank\">Caterine<\/a>, <a href=\"http:\/\/naomietbella.canalblog.com\" target=\"_blank\">Cath la Cigale<\/a>, <a href=\"http:\/\/www.cekoline.tumblr.com\" target=\"_blank\">Cekoline<\/a>, <a href=\"http:\/\/poutineettartiflette.blogspot.com\" target=\"_blank\">C\u00e9liano<\/a>, <a href=\"http:\/\/frenchiesinparis.over-blog.com\" target=\"_blank\">C\u00e9line in Paris<\/a>, <a href=\"http:\/\/champagnefraise.wordpress.com\" target=\"_blank\">Champagne<\/a>, <a href=\"http:\/\/reverieschatbleu.canalblog.com\/\" target=\"_blank\">Chat bleu<\/a>, <a href=\"http:\/\/cherrybee-a-montreal.blogspot.com\" target=\"_blank\">Cherrybee<\/a>, <a href=\"http:\/\/mysweetescape.fr\/\" target=\"_blank\">Chlo\u00e9<\/a>, <a href=\"http:\/\/auvergnatsducanada.blogspot.com\" target=\"_blank\">Chris et Nanou<\/a>, <a href=\"http:\/\/www.niokiontheroad.fr\" target=\"_blank\">Christelle<\/a>, <a href=\"http:\/\/suissexpress.wordpress.com\/\" target=\"_blank\">Christophe<\/a>, <a href=\"http:\/\/cindychouamontreal.blogspot.ca\/search\/label\/Photo du mois\" target=\"_blank\">Cindy Chou<\/a>, <a href=\"http:\/\/vintagegirltrips.canalblog.com\/archives\/pics___la_photo_du_mois\/index.html\" target=\"_blank\">Coco<\/a>, <a href=\"http:\/\/cocosophie.over-blog.com\/\" target=\"_blank\">Cocosophie<\/a>, <a href=\"http:\/\/cook9addict.over-blog.com\" target=\"_blank\">Cook9addict<\/a>, <a href=\"http:\/\/www.cricriyomfromparis.com\/search\/label\/La photo du mois\" target=\"_blank\">Cricriyom from Paris<\/a>, <a href=\"http:\/\/www.boeingbleudemer.com\" target=\"_blank\">Cynthia<\/a>, <a href=\"http:\/\/www.dameskarlette.com\/\" target=\"_blank\">Dame Skarlette<\/a>, <a href=\"http:\/\/davidmelaniequebec.blogspot.fr\/\" target=\"_blank\">David et M\u00e9lanie<\/a>, <a href=\"http:\/\/mapassionbento.blogspot.fr\/\" target=\"_blank\">DelphineF<\/a>, <a href=\"http:\/\/life-is-a-bombon.blogspot.fr\/search\/label\/photo du mois\" target=\"_blank\">Djoul<\/a>, <a href=\"http:\/\/grainedememere.blogspot.ca\/search\/label\/La photo du mois\" target=\"_blank\">Dorydee<\/a>, <a href=\"http:\/\/cestpasmoijeljure.wordpress.com\/\" target=\"_blank\">Dr. CaSo<\/a>, <a href=\"http:\/\/histoiresdeux.blogspot.com\" target=\"_blank\">E<\/a>, <a href=\"http:\/\/elpadawan.wordpress.com\/category\/what-quoi\/pic-of-the-month-photo-du-mois\" target=\"_blank\">El Padawan<\/a>, <a href=\"http:\/\/clemencebdc.wordpress.com\/category\/photo-du-mois\/\" target=\"_blank\">Eloclemence<\/a>, <a href=\"http:\/\/foodforthoughtandmore.wordpress.com\/\" target=\"_blank\">Elodie<\/a>, <a href=\"http:\/\/www.jyreflechis.com\/tag\/la-photo-du-mois\/\" target=\"_blank\">Emma<\/a>, <a href=\"http:\/\/occident-express.hautetfort.com\" target=\"_blank\">Eurydice<\/a>, <a href=\"http:\/\/fanfanraccoons.blogspot.com\" target=\"_blank\">Fanfan Raccoon<\/a>, <a href=\"http:\/\/52moments.canalblog.com\/\" target=\"_blank\">Fesse fouille<\/a>, <a href=\"http:\/\/filamots.wordpress.com\" target=\"_blank\">Filamots<\/a>, <a href=\"http:\/\/flechebleu77.tumblr.com\" target=\"_blank\">flechebleu<\/a>, <a href=\"http:\/\/doubspays.wordpress.com\" target=\"_blank\">Flo<\/a>, <a href=\"http:\/\/vudubalcon.blogspot.fr\/search\/label\/Photo du mois\" target=\"_blank\">Fran\u00e7ois le Ni\u00e7ois<\/a>, <a href=\"http:\/\/zoursland.com\" target=\"_blank\">Fr\u00e9d\u00e9ric<\/a>, <a href=\"http:\/\/galinette-dezailes.blogspot.fr\/\" target=\"_blank\">Galinette<\/a>, <a href=\"http:\/\/www.legaletas.net\/blog\/index.php\" target=\"_blank\">Gilsoub<\/a>, <a href=\"http:\/\/lafeedulogis43.over-blog.fr\" target=\"_blank\">Giselle 43<\/a>, <a href=\"http:\/\/cyberdilou.canalblog.com\" target=\"_blank\">Gizeh<\/a>, <a href=\"http:\/\/vraiefiction.blogspot.com\" target=\"_blank\">Guillaume<\/a>, <a href=\"http:\/\/happyusbook.blogspot.fr\/\" target=\"_blank\">Happy Us<\/a>, <a href=\"http:\/\/hibiscusblog.net\/category\/la-photo-du-mois-2\" target=\"_blank\">Hibiscus<\/a>, <a href=\"http:\/\/homeos-tasie.blogspot.fr\/\" target=\"_blank\">Homeos-tasie<\/a>, <a href=\"http:\/\/hypeandcie.com\/\" target=\"_blank\">Hypeandcie<\/a>, <a href=\"http:\/\/www.isatoutsimplement.org\" target=\"_blank\">Isa ToutSimplement<\/a>, <a href=\"http:\/\/isaquarel.canalblog.com\/archives\/la_photo_du_mois\/index.html\" target=\"_blank\">Isaquarel<\/a>, <a href=\"http:\/\/jadorejadhere.canalblog.com\/\" target=\"_blank\">J&rsquo;adore j&rsquo;adh\u00e8re<\/a>, <a href=\"http:\/\/lachataignesauvage.over-blog.com\/categorie-12516589.html\" target=\"_blank\">Josiane<\/a>, <a href=\"http:\/\/colibribleu.blogspot.fr\/\" target=\"_blank\">Julie<\/a>, <a href=\"http:\/\/www.juriste-in-the-city.fr\/\" target=\"_blank\">Juriste-in-the-city <\/a>, <a href=\"http:\/\/zoewahl.ch\/blog\" target=\"_blank\">Karrijini<\/a>, <a href=\"http:\/\/krn-defouloir.blogspot.com\" target=\"_blank\">Krn<\/a>, <a href=\"http:\/\/monpetitjapon.blogspot.com\" target=\"_blank\">Kyoko<\/a>, <a href=\"http:\/\/www.lafilledelair.com\/blog\/la-photo-du-mois\/\" target=\"_blank\">La Fille de l&rsquo;Air<\/a>, <a href=\"http:\/\/www.carnetsduneflaneuse.fr\" target=\"_blank\">La Flaneuse<\/a>, <a href=\"http:\/\/messineaventure.canalblog.com\/archives\/la_photo_du_mois\/index.html\" target=\"_blank\">La Messine<\/a>, <a href=\"http:\/\/lanantaiseaparis.com\" target=\"_blank\">La Nantaise<\/a>, <a href=\"http:\/\/lapapotte.canalblog.com\/tag\/Photo du mois\" target=\"_blank\">La Papotte<\/a>, <a href=\"http:\/\/souslecieldeparis.fr\/category\/la-photo-du-mois\/\" target=\"_blank\">La Parigina<\/a>, <a href=\"http:\/\/voyageusecomtoise.wordpress.com\/tag\/photo-du-mois\/\" target=\"_blank\">La voyageuse comtoise<\/a>, <a href=\"http:\/\/lagodiche.fr\" target=\"_blank\">LaGodiche<\/a>, <a href=\"http:\/\/laudesmontagnes.wordpress.com\/\" target=\"_blank\">Lau* des montagnes<\/a>, <a href=\"http:\/\/laulineafaitdesphotos.com\/\" target=\"_blank\">Laulinea<\/a>, <a href=\"http:\/\/maptitemaisonenquebecquie.blogspot.ca\/search\/label\/photo du mois\" target=\"_blank\">Laure<\/a>, <a href=\"http:\/\/www.malaxi.net\" target=\"_blank\">Laurent Nicolas<\/a>, <a href=\"http:\/\/a.nous.les.caribous.over-blog.com\/categorie-12329056.html\" target=\"_blank\">Lauriane<\/a>, <a href=\"http:\/\/lorgnettedunjour.canalblog.com\/\" target=\"_blank\">Lavandine<\/a>, <a href=\"http:\/\/dederrierelesfagots.wordpress.com\" target=\"_blank\">L&rsquo;Azimut\u00e9e<\/a>, <a href=\"http:\/\/www.lesbonheurs.fr\/\" target=\"_blank\">Les bonheurs d&rsquo;Anne &amp; Alex<\/a>, <a href=\"http:\/\/marisse.hautetfort.com\/\" target=\"_blank\">Les petits supplices !<\/a>, <a href=\"http:\/\/lesvoyagesdelucy.over-blog.com\/categorie-12302834.html\" target=\"_blank\">Les voyages de Lucy<\/a>, <a href=\"http:\/\/www.sethetlise.com\" target=\"_blank\">Les voyages de Seth et Lise<\/a>, <a href=\"http:\/\/www.leviacarmina.fr\" target=\"_blank\">Leviacarmina<\/a>, <a href=\"http:\/\/www.lisadeparis.ch\/ar\nticles\/bonus\/la-photo-du-mois\/\" target=\"_blank\">LisaDeParis<\/a>, <a href=\"http:\/\/365photos2011nous4.tumblr.com\/\" target=\"_blank\">Louiki<\/a>, <a href=\"http:\/\/grandereveuse.fr\/\" target=\"_blank\">Louisianne<\/a>, <a href=\"http:\/\/www.destination-montreal.net\" target=\"_blank\">Lucile et Rod<\/a>, <a href=\"https:\/\/lyonelkaufmann.ch\/Blog\/category\/blogcafe\/photo-du-mois\/\" target=\"_blank\">Lyonelk<\/a>, <a href=\"http:\/\/basedinsg.blogspot.com\" target=\"_blank\">M<\/a>, <a href=\"http:\/\/anteketborka.blogspot.com\" target=\"_blank\">magda627<\/a>, <a href=\"http:\/\/chezmamysoren.over-blog.com\" target=\"_blank\">Mamysoren<\/a>, <a href=\"http:\/\/le-tour-du-monde-de-la-marmotte.over-blog.com\/\" target=\"_blank\">Marmotte<\/a>, <a href=\"http:\/\/mclw.wordpress.com\" target=\"_blank\">Mclw<\/a>, <a href=\"http:\/\/leblogdemeyilo.blogspot.fr\/\" target=\"_blank\">Meyilo<\/a>, <a href=\"http:\/\/mimireliton.canalblog.com\/\" target=\"_blank\">Mimireliton<\/a>, <a href=\"http:\/\/mistinguettalli.blogspot.com\" target=\"_blank\">Mistinguett<\/a>, <a href=\"http:\/\/etesansfin.wordpress.com\/category\/photo-du-mois\/\" target=\"_blank\">N<\/a>, <a href=\"http:\/\/merantaise.blogspot.com\" target=\"_blank\">Narayan<\/a>, <a href=\"http:\/\/blog.nataru.fr\" target=\"_blank\">Nataru<\/a>, <a href=\"http:\/\/clicpassion.canalblog.com\" target=\"_blank\">Nicky<\/a>, <a href=\"http:\/\/dans-ma-bulle-365.tumblr.com\/\" target=\"_blank\">Nie<\/a>, <a href=\"http:\/\/orichan.canalblog.com\/archives\/photo_du_mois\/index.html\" target=\"_blank\">Ori<\/a>, <a href=\"http:\/\/patquebec.blogspot.be\/\" target=\"_blank\">Pat Qu\u00e9bec<\/a>, <a href=\"http:\/\/www.photo-tuto.fr\" target=\"_blank\">Photo Tuto<\/a>, <a href=\"http:\/\/pilisi.over-blog.com\/categorie-12387113.html\" target=\"_blank\">Pilisi<\/a>, <a href=\"http:\/\/renepaulhenry.blogspot.com\" target=\"_blank\">Renepaulhenry<\/a>, <a href=\"http:\/\/Scarolles-and-co.blogspot.com\" target=\"_blank\">scarolles-and-co <\/a>, <a href=\"http:\/\/sgiworld.blogspot.com\" target=\"_blank\">S\u00e9bastien<\/a>, <a href=\"http:\/\/www.sephiraph.be\" target=\"_blank\">Sephiraph<\/a>, <a href=\"http:\/\/sinuaisons.wordpress.com\/category\/la-photo-du-mois\/\" target=\"_blank\">Sinuaisons<\/a>, <a href=\"http:\/\/www.annexedeskipi.blogspot.com\" target=\"_blank\">Skipi<\/a>, <a href=\"http:\/\/cigaletfourmi.blogspot.com\" target=\"_blank\">Solveig<\/a>, <a href=\"http:\/\/www.sophierififi.com\/\" target=\"_blank\">Sophie Rififi<\/a>, <a href=\"http:\/\/provincecanadienne.blogspot.ca\/search\/label\/Photo du mois\" target=\"_blank\">Stephane08<\/a>, <a href=\"http:\/\/tambour-major.blogspot.ca\/search\/label\/La photo du mois\" target=\"_blank\">Tambour Major<\/a>, <a href=\"http:\/\/testinauteathome.over-blog.com\/\" target=\"_blank\">Testinaute<\/a>, <a href=\"http:\/\/macatou.wordpress.com\/\" target=\"_blank\">Thalie<\/a>, <a href=\"http:\/\/mouseandfrog.wordpress.com\" target=\"_blank\">The Mouse<\/a>, <a href=\"http:\/\/theparisienne.fr\" target=\"_blank\">The Parisienne<\/a>, <a href=\"http:\/\/tuxana.blogspot.ca\/\" target=\"_blank\">Tuxana<\/a>, <a href=\"http:\/\/www.leshumeursdeviolette.over-blog.com\" target=\"_blank\">Violette<\/a>, <a href=\"http:\/\/www.viviane-voyages.com\" target=\"_blank\">Viviane<\/a>, <a href=\"http:\/\/sebdanzephotographe.wordpress.com\/category\/photo-du-mois\/\" target=\"_blank\">Wolverine<\/a>, <a href=\"http:\/\/www.xaviermohr.com\" target=\"_blank\">Xavier Mohr<\/a>, <a href=\"http:\/\/xoliv.blogspot.fr\/search\/label\/Photodumois\" target=\"_blank\">Xoliv&rsquo;<\/a>, <a href=\"http:\/\/zazaetsesfantaisies.blogspot.fr\/\" target=\"_blank\">Zaza<\/a>.<\/p>\n","protected":false},"excerpt":{"rendered":"<p>Dr. CaSo a choisit la photo du mois de mars : Comme th\u00e8me de la photo du mois de mars je choisis \u00ab\u00a0savoir,\u00a0\u00bb parce que notre vie et ce que nous en faisons est le r\u00e9sultat d&rsquo;une accumulation de connaissances. On apprend des choses nouvelles (int\u00e9ressantes, marrantes, ennuyeuses, f\u00e2cheuses, effrayantes, surprenantes, secr\u00e8tes, tristes, d\u00e9cevantes, fascinantes, [&hellip;]<\/p>\n","protected":false},"author":1,"featured_media":14279,"comment_status":"open","ping_status":"open","sticky":false,"template":"","format":"image","meta":{"_import_markdown_pro_load_document_selector":0,"_import_markdown_pro_submit_text_textarea":"","_genesis_hide_title":false,"_genesis_hide_breadcrumbs":false,"_genesis_hide_singular_image":false,"_genesis_hide_footer_widgets":false,"_genesis_custom_body_class":"","_genesis_custom_post_class":"","_genesis_layout":"","jetpack_post_was_ever_published":false,"_jetpack_newsletter_access":"","_jetpack_dont_email_post_to_subs":false,"_jetpack_newsletter_tier_id":0,"_jetpack_memberships_contains_paywalled_content":false,"_jetpack_memberships_contains_paid_content":false,"activitypub_content_warning":"","activitypub_content_visibility":"","activitypub_max_image_attachments":3,"activitypub_interaction_policy_quote":"anyone","activitypub_status":"","footnotes":"","jetpack_publicize_message":"","jetpack_publicize_feature_enabled":true,"jetpack_social_post_already_shared":true,"jetpack_social_options":{"image_generator_settings":{"template":"fullscreen","default_image_id":0,"font":"","enabled":false},"version":2}},"categories":[4],"tags":[],"class_list":{"0":"post-9395","1":"post","2":"type-post","3":"status-publish","4":"format-image","5":"has-post-thumbnail","7":"category-photo-du-mois","8":"post_format-post-format-image","9":"entry"},"jetpack_publicize_connections":[],"featured_image_src":"https:\/\/i0.wp.com\/lyonelkaufmann.ch\/Blog\/wp-content\/uploads\/2015\/03\/IMGP2232-L.jpg?resize=600%2C400&ssl=1","featured_image_src_square":"https:\/\/i0.wp.com\/lyonelkaufmann.ch\/Blog\/wp-content\/uploads\/2015\/03\/IMGP2232-L.jpg?resize=600%2C530&ssl=1","author_info":{"display_name":"Lyonel Kaufmann","author_link":"https:\/\/lyonelkaufmann.ch\/Blog\/author\/lyonelk\/"},"jetpack_featured_media_url":"https:\/\/i0.wp.com\/lyonelkaufmann.ch\/Blog\/wp-content\/uploads\/2015\/03\/IMGP2232-L.jpg?fit=800%2C530&ssl=1","jetpack_sharing_enabled":true,"jetpack_shortlink":"https:\/\/wp.me\/p1qtF4-2rx","jetpack-related-posts":[{"id":12456,"url":"https:\/\/lyonelkaufmann.ch\/Blog\/2015\/03\/15\/mais-keskece-photo-du-mois\/","url_meta":{"origin":9395,"position":0},"title":"\u00ab Mais\u2026 kesk\u00e9c\u00e9 ? \u00bb | Photo du mois","author":"Lyonel Kaufmann","date":"15 mars 2015","format":false,"excerpt":"Le th\u00e8me du mois, \u00ab Mais\u2026 kesk\u00e9c\u00e9 ? \u00bb, a \u00e9t\u00e9 choisi par Eric Milesi (http:\/\/akai-inthesky.blogspot.com). Sa pr\u00e9sentation du th\u00e8me : Oui alors, si je comprends bien, c\u2019est \u00e0 moi de choisir le th\u00e8me de la photo du mois de Mars ? Je vous pr\u00e9viens \u00e7a va \u00eatre tordu! Alors\u2026","rel":"","context":"Dans &quot;Photo du mois&quot;","block_context":{"text":"Photo du mois","link":"https:\/\/lyonelkaufmann.ch\/Blog\/category\/photo-du-mois\/"},"img":{"alt_text":"","src":"https:\/\/i0.wp.com\/lyonelkaufmann.ch\/Blog\/wp-content\/uploads\/2015\/03\/IMGP0881.jpg?fit=796%2C1200&ssl=1&resize=350%2C200","width":350,"height":200,"srcset":"https:\/\/i0.wp.com\/lyonelkaufmann.ch\/Blog\/wp-content\/uploads\/2015\/03\/IMGP0881.jpg?fit=796%2C1200&ssl=1&resize=350%2C200 1x, https:\/\/i0.wp.com\/lyonelkaufmann.ch\/Blog\/wp-content\/uploads\/2015\/03\/IMGP0881.jpg?fit=796%2C1200&ssl=1&resize=525%2C300 1.5x, https:\/\/i0.wp.com\/lyonelkaufmann.ch\/Blog\/wp-content\/uploads\/2015\/03\/IMGP0881.jpg?fit=796%2C1200&ssl=1&resize=700%2C400 2x"},"classes":[]},{"id":15559,"url":"https:\/\/lyonelkaufmann.ch\/Blog\/2016\/01\/15\/jardin-secret-photo-du-mois\/","url_meta":{"origin":9395,"position":1},"title":"Jardin secret | Photo du mois","author":"Lyonel Kaufmann","date":"15 janvier 2016","format":"image","excerpt":"Th\u00e8me de ce mois : Jardin Secret, choisi par Cara (http:\/\/c-est-reparti.blogspot.com\/). Sa pr\u00e9sentation du th\u00e8me : Puisque c'est moi qui ai l'honneur de choisir le th\u00e8me pour le mois de janvier (malgr\u00e9 mon retard d'aujourd'hui, j'ai honte), le voici : \"Jardin secret\" A interpr\u00e9ter au sens propre comme au figur\u00e9...\u2026","rel":"","context":"Dans &quot;Photo du mois&quot;","block_context":{"text":"Photo du mois","link":"https:\/\/lyonelkaufmann.ch\/Blog\/category\/photo-du-mois\/"},"img":{"alt_text":"","src":"https:\/\/i0.wp.com\/lyonelkaufmann.ch\/Blog\/wp-content\/uploads\/2016\/01\/IMG_3528-e1453032575496-1-e1453032733699.jpg?fit=439%2C640&ssl=1&resize=350%2C200","width":350,"height":200},"classes":[]},{"id":11213,"url":"https:\/\/lyonelkaufmann.ch\/Blog\/2014\/02\/15\/chaudfroid-photo-du-mois\/","url_meta":{"origin":9395,"position":2},"title":"Chaud\/Froid | Photo du mois","author":"Lyonel Kaufmann","date":"15 f\u00e9vrier 2014","format":false,"excerpt":"Comme tous les 15 de chaque mois \u00e0 12:00 tapantes, c\u2019est l\u2019heure de la photo du mois. Ce mois-ci, le th\u00e8me est \u00able froid ou le chaud\u00bb, choisi par Renepaulhenry :\u00a0http:\/\/renepaulhenry.blogspot.com. L'explication du th\u00e8me par Renepaulhenry : \u00abJ'ai l'honneur de choisir le th\u00e8me du mois prochain. Ce sera un th\u00e8me\u2026","rel":"","context":"Dans &quot;Photo du mois&quot;","block_context":{"text":"Photo du mois","link":"https:\/\/lyonelkaufmann.ch\/Blog\/category\/photo-du-mois\/"},"img":{"alt_text":"","src":"https:\/\/i0.wp.com\/lyonelkaufmann.ch\/Blog\/wp-content\/uploads\/2014\/02\/14243725480_31c1f4bc6a_b.jpg?fit=683%2C1024&ssl=1&resize=350%2C200","width":350,"height":200,"srcset":"https:\/\/i0.wp.com\/lyonelkaufmann.ch\/Blog\/wp-content\/uploads\/2014\/02\/14243725480_31c1f4bc6a_b.jpg?fit=683%2C1024&ssl=1&resize=350%2C200 1x, https:\/\/i0.wp.com\/lyonelkaufmann.ch\/Blog\/wp-content\/uploads\/2014\/02\/14243725480_31c1f4bc6a_b.jpg?fit=683%2C1024&ssl=1&resize=525%2C300 1.5x"},"classes":[]},{"id":15031,"url":"https:\/\/lyonelkaufmann.ch\/Blog\/2015\/07\/15\/soyez-creatifs-a-la-maison-photo-du-mois\/","url_meta":{"origin":9395,"position":3},"title":"Soyez cr\u00e9atifs \u00e0 la maison |\u00a0Photo du mois","author":"Lyonel Kaufmann","date":"15 juillet 2015","format":false,"excerpt":"Th\u00e8me: Soyez cr\u00e9atifs \u00e0 la maison, choisi par Fanfan Raccoon (http:\/\/fanfanraccoons.blogspot.com) Note de l'auteur-e: Pour le mois de juillet je vous propose d'\u00eatre cr\u00e9atif \u00e0 la maison. Le challenge sera de nous faire d\u00e9couvrir notre chez nous sous un angle insolite, un cadrage inattendu, une lumi\u00e8re impr\u00e9vue. Alors d\u00e9ambulez \u00e0\u2026","rel":"","context":"Dans &quot;Photo du mois&quot;","block_context":{"text":"Photo du mois","link":"https:\/\/lyonelkaufmann.ch\/Blog\/category\/photo-du-mois\/"},"img":{"alt_text":"","src":"https:\/\/i0.wp.com\/lyonelkaufmann.ch\/Blog\/wp-content\/uploads\/2015\/07\/19706302641_c8ca64839f_c.jpg?fit=800%2C600&ssl=1&resize=350%2C200","width":350,"height":200,"srcset":"https:\/\/i0.wp.com\/lyonelkaufmann.ch\/Blog\/wp-content\/uploads\/2015\/07\/19706302641_c8ca64839f_c.jpg?fit=800%2C600&ssl=1&resize=350%2C200 1x, https:\/\/i0.wp.com\/lyonelkaufmann.ch\/Blog\/wp-content\/uploads\/2015\/07\/19706302641_c8ca64839f_c.jpg?fit=800%2C600&ssl=1&resize=525%2C300 1.5x, https:\/\/i0.wp.com\/lyonelkaufmann.ch\/Blog\/wp-content\/uploads\/2015\/07\/19706302641_c8ca64839f_c.jpg?fit=800%2C600&ssl=1&resize=700%2C400 2x"},"classes":[]},{"id":10954,"url":"https:\/\/lyonelkaufmann.ch\/Blog\/2013\/11\/15\/ensemble-photo-du-mois\/","url_meta":{"origin":9395,"position":4},"title":"Ensemble |\u00a0Photo du mois","author":"Lyonel Kaufmann","date":"15 novembre 2013","format":"image","excerpt":"Comme tous les 15 de chaque mois \u00e0 12:00 tapantes, c\u2019est l\u2019heure de la photo du mois. Ce mois-ci, le th\u00e8me est \u00abEnsemble\u00bb. Le th\u00e8me a \u00e9t\u00e9 choisi par Ava (http:\/\/monbeaumanoir.wordpress.com\/). Cette photo a \u00e9t\u00e9 prise lors de l'\u00e9chauffement du Semi-marathon de Lausanne qui part depuis La Tour-de-Peilz. Dans ce\u2026","rel":"","context":"Dans &quot;Photo du mois&quot;","block_context":{"text":"Photo du mois","link":"https:\/\/lyonelkaufmann.ch\/Blog\/category\/photo-du-mois\/"},"img":{"alt_text":"","src":"https:\/\/i0.wp.com\/lyonelkaufmann.ch\/Blog\/wp-content\/uploads\/2013\/11\/MarathonSemi-Marathon%40LaTour-de-Peilz81-XL.jpg?fit=1024%2C678&ssl=1&resize=350%2C200","width":350,"height":200,"srcset":"https:\/\/i0.wp.com\/lyonelkaufmann.ch\/Blog\/wp-content\/uploads\/2013\/11\/MarathonSemi-Marathon%40LaTour-de-Peilz81-XL.jpg?fit=1024%2C678&ssl=1&resize=350%2C200 1x, https:\/\/i0.wp.com\/lyonelkaufmann.ch\/Blog\/wp-content\/uploads\/2013\/11\/MarathonSemi-Marathon%40LaTour-de-Peilz81-XL.jpg?fit=1024%2C678&ssl=1&resize=525%2C300 1.5x, https:\/\/i0.wp.com\/lyonelkaufmann.ch\/Blog\/wp-content\/uploads\/2013\/11\/MarathonSemi-Marathon%40LaTour-de-Peilz81-XL.jpg?fit=1024%2C678&ssl=1&resize=700%2C400 2x"},"classes":[]},{"id":11129,"url":"https:\/\/lyonelkaufmann.ch\/Blog\/2014\/01\/15\/un-e-photo-du-mois\/","url_meta":{"origin":9395,"position":5},"title":"Un-e | Photo du mois","author":"Lyonel Kaufmann","date":"15 janvier 2014","format":"image","excerpt":"Comme tous les 15 de chaque mois \u00e0 12:00 tapantes, c\u2019est l\u2019heure de la photo du mois. Ce mois-ci, le th\u00e8me est\u00a0\u00abUn\u00bb. Le th\u00e8me a \u00e9t\u00e9 choisi par\u00a0Guillaume :\u00a0http:\/\/vraiefiction.blogspot.com. En ce jour de d\u00e9cembre, la mouette planait ce jour-l\u00e0 majestueusement et seule dans les airs. Photo prise \u00e0 Vevey \u00e0\u2026","rel":"","context":"Dans &quot;Photo du mois&quot;","block_context":{"text":"Photo du mois","link":"https:\/\/lyonelkaufmann.ch\/Blog\/category\/photo-du-mois\/"},"img":{"alt_text":"","src":"https:\/\/i0.wp.com\/lyonelkaufmann.ch\/Blog\/wp-content\/uploads\/2015\/03\/Un-e-L.jpg?fit=399%2C600&ssl=1&resize=350%2C200","width":350,"height":200},"classes":[]}],"jetpack_likes_enabled":true,"_links":{"self":[{"href":"https:\/\/lyonelkaufmann.ch\/Blog\/wp-json\/wp\/v2\/posts\/9395","targetHints":{"allow":["GET"]}}],"collection":[{"href":"https:\/\/lyonelkaufmann.ch\/Blog\/wp-json\/wp\/v2\/posts"}],"about":[{"href":"https:\/\/lyonelkaufmann.ch\/Blog\/wp-json\/wp\/v2\/types\/post"}],"author":[{"embeddable":true,"href":"https:\/\/lyonelkaufmann.ch\/Blog\/wp-json\/wp\/v2\/users\/1"}],"replies":[{"embeddable":true,"href":"https:\/\/lyonelkaufmann.ch\/Blog\/wp-json\/wp\/v2\/comments?post=9395"}],"version-history":[{"count":0,"href":"https:\/\/lyonelkaufmann.ch\/Blog\/wp-json\/wp\/v2\/posts\/9395\/revisions"}],"wp:featuredmedia":[{"embeddable":true,"href":"https:\/\/lyonelkaufmann.ch\/Blog\/wp-json\/wp\/v2\/media\/14279"}],"wp:attachment":[{"href":"https:\/\/lyonelkaufmann.ch\/Blog\/wp-json\/wp\/v2\/media?parent=9395"}],"wp:term":[{"taxonomy":"category","embeddable":true,"href":"https:\/\/lyonelkaufmann.ch\/Blog\/wp-json\/wp\/v2\/categories?post=9395"},{"taxonomy":"post_tag","embeddable":true,"href":"https:\/\/lyonelkaufmann.ch\/Blog\/wp-json\/wp\/v2\/tags?post=9395"}],"curies":[{"name":"wp","href":"https:\/\/api.w.org\/{rel}","templated":true}]}}