{"id":9541,"date":"2013-04-08T21:36:54","date_gmt":"2013-04-08T20:36:54","guid":{"rendered":"https:\/\/lyonelkaufmann.ch\/Blog\/?p=9541"},"modified":"2013-04-08T21:36:54","modified_gmt":"2013-04-08T20:36:54","slug":"le-che-au-marche-de-la-batte-liege","status":"publish","type":"post","link":"https:\/\/lyonelkaufmann.ch\/Blog\/2013\/04\/08\/le-che-au-marche-de-la-batte-liege\/","title":{"rendered":"Le Che au March\u00e9 de La Batte (Li\u00e8ge)"},"content":{"rendered":"<div style=\"margin:0 0 10px;padding:0;font-size:.8em;line-height:1.6em;\"><\/div>\n<div style=\"margin:0 0 10px;padding:0;font-size:.8em;line-height:1.6em;\"><a title=\"March\u00e9 de La Batte @Li\u00e8ge\" href=\"http:\/\/www.flickr.com\/photos\/lyonelkaufmann\/8626726537\" target=\"_blank\"><img data-recalc-dims=\"1\" decoding=\"async\" class=\"aligncenter \" alt=\"March\u00e9 de La Batte @Li\u00e8ge\" src=\"https:\/\/i0.wp.com\/farm9.staticflickr.com\/8105\/8626726537_d04accccfc_z.jpg\" \/><\/a><\/div>\n<div style=\"margin:0 0 10px;padding:0;font-size:.8em;line-height:1.6em;\"><span style=\"margin:0;\"><a href=\"http:\/\/www.flickr.com\/photos\/lyonelkaufmann\/8626726537\/\">March\u00e9 de La Batte @Li\u00e8ge<\/a>, a photo by <a href=\"http:\/\/www.flickr.com\/photos\/lyonelkaufmann\/\">lyonelkaufmann<\/a> on Flickr<\/span><\/div>\n<p>Le triomphe de la Soci\u00e9t\u00e9 de consommation ou quand Che Guevara se m\u00e9lange au Etats-Unis d&rsquo;Am\u00e9rique par sacs interpos\u00e9s. A moins que cela ne soit la victoire posthume du Che qui passe devant les Etats-Unis d&rsquo;Am\u00e9rique\u2026<\/p>\n<p>Durant mon s\u00e9jour \u00e0 Li\u00e8ge, j&rsquo;ai pu le dimanche 3 mars arpenter le march\u00e9 de La Batte qui se tient tous les dimanches le long de la rive gauche de la Meuse.<\/p>\n<p>Datant de 1561, c&rsquo;est le plus ancien march\u00e9 du pays et, avec ses 4 \u00e0 5 millions de visiteurs annuels, l&rsquo;un des plus importants d&rsquo;Europe.<br \/>\nManifestation intemporelle, le choix d&rsquo;un appareil argentique et du film noir\/blanc s&rsquo;imposait.<\/p>\n<p>Photo prise avec un Pentax ME super + objectif SMC Pentax M 1:1.7 50mm<br \/>\nKodak T-Max @ 400<\/p>\n","protected":false},"excerpt":{"rendered":"<p>March\u00e9 de La Batte @Li\u00e8ge, a photo by lyonelkaufmann on Flickr Le triomphe de la Soci\u00e9t\u00e9 de consommation ou quand Che Guevara se m\u00e9lange au Etats-Unis d&rsquo;Am\u00e9rique par sacs interpos\u00e9s. A moins que cela ne soit la victoire posthume du Che qui passe devant les Etats-Unis d&rsquo;Am\u00e9rique\u2026 Durant mon s\u00e9jour \u00e0 Li\u00e8ge, j&rsquo;ai pu le [&hellip;]<\/p>\n","protected":false},"author":1,"featured_media":13976,"comment_status":"open","ping_status":"open","sticky":false,"template":"","format":"image","meta":{"_import_markdown_pro_load_document_selector":0,"_import_markdown_pro_submit_text_textarea":"","_genesis_hide_title":false,"_genesis_hide_breadcrumbs":false,"_genesis_hide_singular_image":false,"_genesis_hide_footer_widgets":false,"_genesis_custom_body_class":"","_genesis_custom_post_class":"","_genesis_layout":"","jetpack_post_was_ever_published":false,"_jetpack_newsletter_access":"","_jetpack_dont_email_post_to_subs":false,"_jetpack_newsletter_tier_id":0,"_jetpack_memberships_contains_paywalled_content":false,"_jetpack_memberships_contains_paid_content":false,"activitypub_content_warning":"","activitypub_content_visibility":"","activitypub_max_image_attachments":3,"activitypub_interaction_policy_quote":"anyone","activitypub_status":"","footnotes":"","jetpack_publicize_message":"","jetpack_publicize_feature_enabled":true,"jetpack_social_post_already_shared":true,"jetpack_social_options":{"image_generator_settings":{"template":"fullscreen","default_image_id":0,"font":"","enabled":false},"version":2}},"categories":[3],"tags":[],"class_list":{"0":"post-9541","1":"post","2":"type-post","3":"status-publish","4":"format-image","5":"has-post-thumbnail","7":"category-blogcafe-2","8":"post_format-post-format-image","9":"entry"},"jetpack_publicize_connections":[],"featured_image_src":"https:\/\/i0.wp.com\/lyonelkaufmann.ch\/Blog\/wp-content\/uploads\/2015\/03\/8626726537_d04accccfc_z.jpg?resize=600%2C400&ssl=1","featured_image_src_square":"https:\/\/i0.wp.com\/lyonelkaufmann.ch\/Blog\/wp-content\/uploads\/2015\/03\/8626726537_d04accccfc_z.jpg?resize=600%2C429&ssl=1","author_info":{"display_name":"Lyonel Kaufmann","author_link":"https:\/\/lyonelkaufmann.ch\/Blog\/author\/lyonelk\/"},"jetpack_featured_media_url":"https:\/\/i0.wp.com\/lyonelkaufmann.ch\/Blog\/wp-content\/uploads\/2015\/03\/8626726537_d04accccfc_z.jpg?fit=640%2C429&ssl=1","jetpack_sharing_enabled":true,"jetpack_shortlink":"https:\/\/wp.me\/p1qtF4-2tT","jetpack-related-posts":[{"id":16124,"url":"https:\/\/lyonelkaufmann.ch\/Blog\/2016\/02\/22\/liege-un-dimanche-soir-ordinaire\/","url_meta":{"origin":9541,"position":0},"title":"Li\u00e8ge : un dimanche soir ordinaire","author":"Lyonel Kaufmann","date":"22 f\u00e9vrier 2016","format":false,"excerpt":"Quel plaisir de me retrouver une nouvelle fois \u00e0 Li\u00e8ge ! Il y a des lieux comme cela dans la vie o\u00f9 on est bien. On ne sait pas pourquoi, mais c\u2019est ainsi. Comme la premi\u00e8re fois, j\u2019arrive de nuit \u00e0 Li\u00e8ge-Guillemins. En cette saison, la nuit est particuli\u00e8rement noire.\u2026","rel":"","context":"Dans &quot;Blogcaf\u00e9&quot;","block_context":{"text":"Blogcaf\u00e9","link":"https:\/\/lyonelkaufmann.ch\/Blog\/category\/blogcafe-2\/"},"img":{"alt_text":"","src":"https:\/\/i0.wp.com\/lyonelkaufmann.ch\/Blog\/wp-content\/uploads\/2016\/02\/img_0078.jpg?fit=1200%2C800&ssl=1&resize=350%2C200","width":350,"height":200,"srcset":"https:\/\/i0.wp.com\/lyonelkaufmann.ch\/Blog\/wp-content\/uploads\/2016\/02\/img_0078.jpg?fit=1200%2C800&ssl=1&resize=350%2C200 1x, https:\/\/i0.wp.com\/lyonelkaufmann.ch\/Blog\/wp-content\/uploads\/2016\/02\/img_0078.jpg?fit=1200%2C800&ssl=1&resize=525%2C300 1.5x, https:\/\/i0.wp.com\/lyonelkaufmann.ch\/Blog\/wp-content\/uploads\/2016\/02\/img_0078.jpg?fit=1200%2C800&ssl=1&resize=700%2C400 2x, https:\/\/i0.wp.com\/lyonelkaufmann.ch\/Blog\/wp-content\/uploads\/2016\/02\/img_0078.jpg?fit=1200%2C800&ssl=1&resize=1050%2C600 3x"},"classes":[]},{"id":862,"url":"https:\/\/lyonelkaufmann.ch\/Blog\/2009\/01\/18\/le-nouvel-observateur-propose-une-serie-de-liens-sur-la-vie-la\/","url_meta":{"origin":9541,"position":1},"title":"Le dossier \u00ab\u00a0Che\u00a0\u00bb Guevara (Nouvel Observateur)","author":"Lyonel Kaufmann","date":"18 janvier 2009","format":false,"excerpt":"Le Nouvel Observateur propose une s\u00e9rie de liens sur la vie, la mort et le mythe du \u201cChe\u201d, tu\u00e9 le 8 octobre 1967\u00a0en Bolivie. Le dossier, ERNESTO \u201cCHE\u201d GUEVARA","rel":"","context":"Dans &quot;histoire&quot;","block_context":{"text":"histoire","link":"https:\/\/lyonelkaufmann.ch\/Blog\/category\/histoire-2\/"},"img":{"alt_text":"","src":"","width":0,"height":0},"classes":[]},{"id":108,"url":"https:\/\/lyonelkaufmann.ch\/Blog\/2014\/03\/12\/untouristic-tour-of-liege\/","url_meta":{"origin":9541,"position":2},"title":"Untouristic tour of Li\u00e8ge","author":"Lyonel Kaufmann","date":"12 mars 2014","format":false,"excerpt":"Untouristic tour of Li\u00e8ge . Part Five., a photo by lyonelkaufmann on Flickr. Ou quand au d\u00e9tour d'une rue, on d\u00e9couvre non pas un objet vintage, mais une moto de son temps encore en pleine activit\u00e9. iPhone 5S -\u00a0Hipstamatic - Objectif Jane, Film Ina\u2019s 1982","rel":"","context":"Dans &quot;Diary&quot;","block_context":{"text":"Diary","link":"https:\/\/lyonelkaufmann.ch\/Blog\/category\/diary\/"},"img":{"alt_text":"","src":"https:\/\/i0.wp.com\/lyonelkaufmann.ch\/Blog\/wp-content\/uploads\/2015\/03\/13087655574_7e3a42a915.jpg?fit=500%2C500&ssl=1&resize=350%2C200","width":350,"height":200},"classes":[]},{"id":9599,"url":"https:\/\/lyonelkaufmann.ch\/Blog\/2013\/05\/09\/madone-derriere-la-fenetre-liege\/","url_meta":{"origin":9541,"position":3},"title":"Madone derri\u00e8re la fen\u00eatre @ Li\u00e8ge | Photo du jour","author":"Lyonel Kaufmann","date":"9 mai 2013","format":"image","excerpt":"Madone derri\u00e8re la fen\u00eatre @ Li\u00e8ge, a photo by lyonelkaufmann on Flickr. Derri\u00e8re sa fen\u00eatre, son visage m\u00e9lancolique se souvenait-il du temps heureux o\u00f9 elle vivait \u00e0 l'int\u00e9rieur de son \u00e9glise? Regrettait-elle le passage des fid\u00e8les et l'animation qui en r\u00e9sultait? Toujours est-il qu'aujourd'hui, la madone scrutait derri\u00e8re la fen\u00eatre\u2026","rel":"","context":"Dans &quot;Photo du jour&quot;","block_context":{"text":"Photo du jour","link":"https:\/\/lyonelkaufmann.ch\/Blog\/category\/photo-du-jour\/"},"img":{"alt_text":"","src":"https:\/\/i0.wp.com\/lyonelkaufmann.ch\/Blog\/wp-content\/uploads\/2015\/03\/8722194147_6e0202ffbe.jpg?fit=500%2C500&ssl=1&resize=350%2C200","width":350,"height":200},"classes":[]},{"id":10856,"url":"https:\/\/lyonelkaufmann.ch\/Blog\/2013\/10\/20\/liege\/","url_meta":{"origin":9541,"position":4},"title":"Li\u00e8ge","author":"Lyonel Kaufmann","date":"20 octobre 2013","format":false,"excerpt":"Li\u00e8ge, un album sur Flickr. Toutes les photos prises lors de mon dernier s\u00e9jour \u00e0 Li\u00e8ge en octobre 2013. J'ai choisi le noir\/blanc pour les photos prises de jour et la couleur pour les photos nocturnes.","rel":"","context":"Dans &quot;Blogcaf\u00e9&quot;","block_context":{"text":"Blogcaf\u00e9","link":"https:\/\/lyonelkaufmann.ch\/Blog\/category\/blogcafe-2\/"},"img":{"alt_text":"","src":"","width":0,"height":0},"classes":[]},{"id":11254,"url":"https:\/\/lyonelkaufmann.ch\/Blog\/2014\/03\/14\/untouristic-tour-of-liege-part-two\/","url_meta":{"origin":9541,"position":5},"title":"Untouristic tour of Li\u00e8ge | Part Two","author":"Lyonel Kaufmann","date":"14 mars 2014","format":false,"excerpt":"Untouristic tour of Li\u00e8ge, a photo by lyonelkaufmann on Flickr. Au gr\u00e8s de mes p\u00e9r\u00e9grinations li\u00e9geoises, un duo \u00e9trange de deux lieux en cours de restauration : le m\u00e9morial interalli\u00e9 et l'\u00e9glise du Sacr\u00e9-C\u0153ur. L\u2019\u00e9glise du Sacr\u00e9-C\u0153ur et Notre-Dame de Lourdes est situ\u00e9e sur les hauteurs de Li\u00e8ge dans le\u2026","rel":"","context":"Dans &quot;Photo du jour&quot;","block_context":{"text":"Photo du jour","link":"https:\/\/lyonelkaufmann.ch\/Blog\/category\/photo-du-jour\/"},"img":{"alt_text":"","src":"https:\/\/i0.wp.com\/lyonelkaufmann.ch\/Blog\/wp-content\/uploads\/2015\/03\/13198974735_b47f1e418d.jpg?fit=500%2C500&ssl=1&resize=350%2C200","width":350,"height":200},"classes":[]}],"jetpack_likes_enabled":true,"_links":{"self":[{"href":"https:\/\/lyonelkaufmann.ch\/Blog\/wp-json\/wp\/v2\/posts\/9541","targetHints":{"allow":["GET"]}}],"collection":[{"href":"https:\/\/lyonelkaufmann.ch\/Blog\/wp-json\/wp\/v2\/posts"}],"about":[{"href":"https:\/\/lyonelkaufmann.ch\/Blog\/wp-json\/wp\/v2\/types\/post"}],"author":[{"embeddable":true,"href":"https:\/\/lyonelkaufmann.ch\/Blog\/wp-json\/wp\/v2\/users\/1"}],"replies":[{"embeddable":true,"href":"https:\/\/lyonelkaufmann.ch\/Blog\/wp-json\/wp\/v2\/comments?post=9541"}],"version-history":[{"count":0,"href":"https:\/\/lyonelkaufmann.ch\/Blog\/wp-json\/wp\/v2\/posts\/9541\/revisions"}],"wp:featuredmedia":[{"embeddable":true,"href":"https:\/\/lyonelkaufmann.ch\/Blog\/wp-json\/wp\/v2\/media\/13976"}],"wp:attachment":[{"href":"https:\/\/lyonelkaufmann.ch\/Blog\/wp-json\/wp\/v2\/media?parent=9541"}],"wp:term":[{"taxonomy":"category","embeddable":true,"href":"https:\/\/lyonelkaufmann.ch\/Blog\/wp-json\/wp\/v2\/categories?post=9541"},{"taxonomy":"post_tag","embeddable":true,"href":"https:\/\/lyonelkaufmann.ch\/Blog\/wp-json\/wp\/v2\/tags?post=9541"}],"curies":[{"name":"wp","href":"https:\/\/api.w.org\/{rel}","templated":true}]}}