{"id":9592,"date":"2013-05-15T11:00:02","date_gmt":"2013-05-15T10:00:02","guid":{"rendered":"https:\/\/lyonelkaufmann.ch\/Blog\/?p=9592"},"modified":"2013-05-15T11:00:02","modified_gmt":"2013-05-15T10:00:02","slug":"eau-photo-du-mois","status":"publish","type":"post","link":"https:\/\/lyonelkaufmann.ch\/Blog\/2013\/05\/15\/eau-photo-du-mois\/","title":{"rendered":"Eau | Photo du mois"},"content":{"rendered":"<p style=\"text-align:justify;\">Ce mois, c&rsquo;est magda627 qui a choisit le th\u00e8me : l&rsquo;eau. Sans autre mention.<br \/>\nDonc sans plus de chichi, mon interpr\u00e9tation du th\u00e8me :<\/p>\n<p style=\"text-align:center;\"><a href=\"http:\/\/www.flickr.com\/photos\/lyonelkaufmann\/8729320456\/\"><img data-recalc-dims=\"1\" loading=\"lazy\" decoding=\"async\" class=\"size-full wp-image-9757 aligncenter\" alt=\"8729320456_b732cb8635_z\" src=\"https:\/\/i0.wp.com\/lyonelkaufmann.ch\/Blog\/wp-content\/uploads\/2013\/05\/8729320456_b732cb8635_z.jpg?resize=640%2C426\" width=\"640\" height=\"426\" \/><\/a><\/p>\n<p>Eau de table\u2026 ou ce qu&rsquo;il en reste.<\/p>\n<p><em>Photo prise avec un Pentax MX -Ilford HP5+ @ 400<\/em><br \/>\n<em>Retravaill\u00e9e avec Flare<\/em><\/p>\n<p>L&rsquo;eau des autres :<br \/>\n<a href=\"http:\/\/reverieschatbleu.canalblog.com\/\" target=\"_blank\">Chat bleu<\/a>, <a href=\"http:\/\/lanantaiseaparis.com\" target=\"_blank\">La Nantaise<\/a>, <a href=\"http:\/\/Scarolles-and-co.blogspot.com\" target=\"_blank\">scarolles-and-co <\/a>, <a href=\"http:\/\/www.cekoline.tumblr.com\" target=\"_blank\">Cekoline<\/a>, <a href=\"http:\/\/sebdanzephotographe.wordpress.com\/category\/photo-du-mois\/\" target=\"_blank\">Wolverine<\/a>, <a href=\"http:\/\/zazaetsesfantaisies.blogspot.fr\/\" target=\"_blank\">Zaza<\/a>, <a href=\"http:\/\/karollart.blogspot.ca\/\" target=\"_blank\">Karoll art<\/a>, <a href=\"http:\/\/maptitemaisonenquebecquie.blogspot.ca\/search\/label\/photo%20du%20mois\" target=\"_blank\">Laure<\/a>, <a href=\"http:\/\/macatou.wordpress.com\/\" target=\"_blank\">Thalie<\/a>, <a href=\"http:\/\/cocovin.net\/\" target=\"_blank\">Alban<\/a>, <a href=\"http:\/\/www.lisadeparis.ch\/articles\/bonus\/la-photo-du-mois\/\" target=\"_blank\">LisaDeParis<\/a>, <a href=\"http:\/\/petite-cuilliere-et-charentaise.blogspot.fr\/\" target=\"_blank\">Petite Cuill\u00e8re Charentaises<\/a>, <a href=\"http:\/\/cocosophie.over-blog.com\/tag\/photos%20du%20mois\/\" target=\"_blank\">Cocosophie<\/a>, <a href=\"http:\/\/dans-ma-bulle-365.tumblr.com\/\" target=\"_blank\">Nie<\/a>, <a href=\"http:\/\/akai-inthesky.blogspot.com\" target=\"_blank\">Akaieric<\/a>, <a href=\"http:\/\/www.viviane-voyages.com\" target=\"_blank\">Viviane<\/a>, <a href=\"https:\/\/fromaustraliawl.wordpress.com\/category\/les-rdv-du-blog\/\" target=\"_blank\">Carole In Australia<\/a>, <a href=\"http:\/\/www.claires-blog.com\" target=\"_blank\">Claire&rsquo;s Blog<\/a>, <a href=\"http:\/\/lorgnettedunjour.canalblog.com\/\" target=\"_blank\">Lavandine<\/a>, <a href=\"http:\/\/orichan.canalblog.com\/archives\/photo_du_mois\/index.html\" target=\"_blank\">Ori<\/a>, <a href=\"http:\/\/isaquarel.canalblog.com\/archives\/la_photo_du_mois\/index.html\" target=\"_blank\">Isaquarel<\/a>, <a href=\"http:\/\/www.lafilledelair.com\/blog\/la-photo-du-mois\/\" target=\"_blank\">La Fille de l&rsquo;Air<\/a>, <a href=\"http:\/\/vraiefiction.blogspot.com\" target=\"_blank\">Guillaume<\/a>, <a href=\"http:\/\/www.xaviermohr.com\" target=\"_blank\">Xavier Mohr<\/a>, <a href=\"http:\/\/calamonique.com\/\" target=\"_blank\">Calamonique<\/a>, <a href=\"http:\/\/365photos2011nous4.tumblr.com\/\" target=\"_blank\">Louiki<\/a>, <a href=\"http:\/\/www.sephiraph.be\" target=\"_blank\">Sephiraph<\/a>, <a href=\"http:\/\/julesetmoa.blogspot.com\/\" target=\"_blank\">Caro JulesetMoa<\/a>, <a href=\"http:\/\/www.abowloforanges.com\/fr\/\" target=\"_blank\">A bowl of oranges<\/a>, <a href=\"http:\/\/www.journaldunenicoise.com\" target=\"_blank\">Une ni\u00e7oise<\/a>, <a href=\"http:\/\/histoiresdeux.blogspot.com\" target=\"_blank\">E<\/a>, <a href=\"http:\/\/www.sethetlise.com\" target=\"_blank\">Les voyages de Seth et Lise<\/a>, <a href=\"http:\/\/leblogdemeyilo.blogspot.fr\/\" target=\"_blank\">Meyilo<\/a>, <a href=\"http:\/\/www.legaletas.net\/blog\/index.php\" target=\"_blank\">Gilsoub<\/a>, <a href=\"http:\/\/testinauteathome.over-blog.com\/\" target=\"_blank\">Testinaute<\/a>, <a href=\"http:\/\/laulineafaitdesphotos.com\/\" target=\"_blank\">Laulinea<\/a>, <a href=\"http:\/\/lachataignesauvage.over-blog.com\/categorie-12516589.html\" target=\"_blank\">Josiane<\/a>, <a href=\"http:\/\/chroniqueduncongeparental.wordpress.com\/category\/la-photo-du-mois\/\" target=\"_blank\">Ang\u00e9lique<\/a>, <a href=\"http:\/\/www.jyreflechis.com\" target=\"_blank\">Emma<\/a>, <a href=\"http:\/\/frenchiesinparis.over-blog.com\" target=\"_blank\">C\u00e9line in Paris<\/a>, <a href=\"http:\/\/renepaulhenry.blogspot.com\" target=\"_blank\">Renepaulhenry<\/a>, <a href=\"http:\/\/colibribleu.blogspot.fr\/\" target=\"_blank\">Julie<\/a>, <a href=\"http:\/\/hypeandcie.com\/\" target=\"_blank\">Hypeandcie<\/a>, <a href=\"http:\/\/www.lesbonheurs.fr\/\" target=\"_blank\">Les bonheurs d&rsquo;Anne &amp; Alex<\/a>, <a href=\"http:\/\/zoursland.com\" target=\"_blank\">Fr\u00e9d\u00e9ric<\/a>, <a href=\"http:\/\/www.isatoutsimplement.org\" target=\"_blank\">Isa ToutSimplement<\/a>, <a href=\"http:\/\/www.destination-montreal.net\" target=\"_blank\">Lucile et Rod<\/a>, <a href=\"http:\/\/www.lavalisederaphael.com\" target=\"_blank\">Rapha\u00ebl<\/a>, <a href=\"http:\/\/blogs.paris.fr\/unitedstatesofparis\" target=\"_blank\">Alexinparis<\/a>, <a href=\"http:\/\/vintagegirltrips.canalblog.com\/archives\/pics___la_photo_du_mois\/index.html\" target=\"_blank\">Coco<\/a>, <a href=\"http:\/\/elpadawan.wordpress.com\/category\/what-quoi\/pic-of-the-month-photo-du-mois\" target=\"_blank\">El Padawan<\/a>, <a href=\"http:\/\/jadorejadhere.canalblog.com\/\" target=\"_blank\">J&rsquo;adore j&rsquo;adh\u00e8re<\/a>, <a href=\"http:\/\/www.dameskarlette.com\/\" target=\"_blank\">Dame Skarlette<\/a>, <a href=\"http:\/\/mclw.wordpress.com\" target=\"_blank\">Mclw<\/a>, <a href=\"http:\/\/krn-defouloir.blogspot.com\" target=\"_blank\">Krn<\/a>, <a href=\"http:\/\/champagnefraise.wordpress.com\" target=\"_blank\">Champagne<\/a>, <a href=\"http:\/\/provincecanadienne.blogspot.ca\/search\/label\/Photo%20du%20mois\" target=\"_blank\">Stephane08<\/a>, <a href=\"http:\/\/xoliv.blogspot.fr\/search\/label\/Photodumois\" target=\"_blank\">Xoliv&rsquo;<\/a>, <a href=\"http:\/\/leblogdekat.com\" target=\"_blank\">A&rsquo;icha<\/a>, <a href=\"http:\/\/catdeschamps.blogspot.fr\/\" target=\"_blank\">Caterine<\/a>, <a href=\"http:\/\/flechebleu77.tumblr.com\" target=\"_blank\">flechebleu<\/a>, <a href=\"http:\/\/cigaletfourmi.blogspot.com\" target=\"_blank\">Solveig<\/a>, <a href=\"http:\/\/messineaventure.canalblog.com\/archives\/la_photo_du_mois\/index.html\" target=\"_blank\">La Messine<\/a>, <a href=\"http:\/\/www.niokiontheroad.fr\" target=\"_blank\">Christelle<\/a>, <a href=\"http:\/\/galinette-dezailes.blogspot.fr\/\" target=\"_blank\">Galinette<\/a>, <a href=\"http:\/\/voyageusecomtoise.wordpress.com\/tag\/photo-du-mois\/\" target=\"_blank\">La voyageuse comtoise<\/a>, <a href=\"http:\/\/www.cricriyomfromparis.com\/search\/label\/La%20photo%20du%20mois\" target=\"_blank\">Cricriyom from Paris<\/a>, <a href=\"http:\/\/lapapotte.canalblog.com\/tag\/Photo%20du%20mois\" target=\"_blank\">La Papotte<\/a>, <a href=\"http:\/\/ferdypaindepice.wordpress.com\" target=\"_blank\">Ferdy Pain D&rsquo;\u00e9pice <\/a>, <a href=\"http:\/\/citrouilleetbouledeneige.com\" target=\"_blank\">Cathy<\/a>, <a href=\"http:\/\/sublime-essence.over-blog.com\" target=\"_blank\">Bestofava<\/a>, <a href=\"http:\/\/christeav.wordpress.com\" target=\"_blank\">Christeav<\/a>, <a href=\"http:\/\/etesansfin.wordpress.com\/category\/photo-du-mois\/\" target=\"_blank\">N<\/a>, <a href=\"http:\/\/suissexpress.wordpress.com\/\" target=\"_blank\">Christophe<\/a>, <a href=\"http:\/\/mapassionbento.blogspot.fr\/\" target=\"_blank\">DelphineF<\/a>, <a href=\"http:\/\/grandereveuse.fr\/\" target=\"_blank\">Louisianne<\/a>, <a href=\"http:\/\/pilisi.over-blog.com\/categorie-12387113.html\" target=\"_blank\">Pilisi<\/a>, <a href=\"http:\/\/occident-express.hautetfort.com\" target=\"_blank\">Eurydice<\/a>, <a href=\"http:\/\/filamots.wordpress.com\" target=\"_blank\">Filamots<\/a>, <a href=\"http:\/\/anne-tranche-de-vie.over-blog.com\/categorie-11390539.html\" target=\"_blank\">Anne<\/a>, <a href=\"https:\/\/lyonelkaufmann.ch\/Blog\/category\/blogcafe\/photo-du-mois\/\" target=\"_blank\">Lyonelk<\/a>, <a href=\"http:\/\/cherrybee-a-montreal.blogspot.com\" target=\"_blank\">Cherrybee<\/a>, <a href=\"http:\/\/www.leviacarmina.fr\" target=\"_blank\">Leviacarmina<\/a>, <a href=\"http:\/\/www.carnetsduneflaneuse.fr\" target=\"_blank\">La Flaneuse<\/a>, <a href=\"http:\/\/anteketborka.blogspot.com\" target=\"_blank\">magda627<\/a>, <a href=\"http:\/\/chezmamysoren.over-blog.com\" target=\"_blank\">Mamysoren<\/a>, <a href=\"http:\/\/happyusbook.blogspot.fr\/\" target=\"_blank\">Happy Us<\/a>, <a href=\"http:\/\/toxiq.canalblog.com\" target=\"_blank\">BiGBuGS<\/a>, <a href=\"http:\/\/www.kobaitchi.com\/tag\/photo%20du%20mois\" target=\"_blank\">Kob<\/a>, <a href=\"http:\/\/ohmypetitpois.blogspot.fr\" target=\"_blank\">Caro from London <\/a>, <a href=\"http:\/\/tambour-major.blogspot.ca\/search\/label\/La%20photo%20du%20mois\" target=\"_blank\">Tambour Major<\/a>, <a href=\"http:\/\/dederrierelesfagots.wordpress.com\" target=\"_blank\">L&rsquo;Azimut\u00e9e<\/a>, <a href=\"http:\/\/life-is-a-bombon.blogspot.fr\/search\/label\/photo%20du%20mois\" target=\"_blank\">Djoul<\/a>, <a href=\"http:\/\/clicpassion.canalblog.com\" target=\"_blank\">Nicky<\/a>, <a href=\"http:\/\/homeos-tasie.blogspot.fr\/\" target=\"_blank\">Homeos-tasie<\/a>, <a href=\"http:\/\/tuxana.blogspot.ca\/\" target=\"_blank\">Tuxana<\/a>, <a href=\"http:\/\/cestpasmoijeljure.wordpress.com\/\" target=\"_blank\">Dr. CaSo<\/a>, <a href=\"http:\/\/basedinsg.blogspot.com\" target=\"_blank\">M<\/a>, <a href=\"http:\/\/mouseandfrog.wordpress.com\" target=\"_blank\">The Mouse<\/a>, <a href=\"http:\/\/carr\noir.over-blog.com\" target=\"_blank\">Thib<\/a>, <a href=\"http:\/\/www.carnetsdimages.org\" target=\"_blank\">Carnets d&rsquo;images<\/a>, <a href=\"http:\/\/cultureetpapotage.blogspot.fr\/search\/label\/photo%20du%20mois\" target=\"_blank\">Agrippine<\/a>, <a href=\"http:\/\/lafeedulogis43.over-blog.fr\" target=\"_blank\">Giselle 43<\/a>, <a href=\"http:\/\/www.photo-tuto.fr\" target=\"_blank\">Photo Tuto<\/a>, <a href=\"http:\/\/fanfanraccoons.blogspot.com\" target=\"_blank\">Fanfan Raccoon<\/a>, <a href=\"http:\/\/www.carnetdescapades.com\" target=\"_blank\">Carnet d&rsquo;escapades<\/a>, <a href=\"http:\/\/sinuaisons.wordpress.com\/category\/la-photo-du-mois\/\" target=\"_blank\">Sinuaisons<\/a>, <a href=\"http:\/\/hibiscusblog.net\/category\/la-photo-du-mois-2\" target=\"_blank\">Hibiscus<\/a>, <a href=\"http:\/\/www.unjourunevie.fr\/\" target=\"_blank\">Un jour, une vie<\/a>, <a href=\"http:\/\/le-tour-du-monde-de-la-marmotte.over-blog.com\/\" target=\"_blank\">Marmotte<\/a>, <a href=\"http:\/\/mimireliton.canalblog.com\/\" target=\"_blank\">Mimireliton<\/a>, <a href=\"http:\/\/zoewahl.ch\/blog\" target=\"_blank\">Karrijini<\/a>, <a href=\"http:\/\/c-est-reparti.blogspot.com\/\" target=\"_blank\">Cara<\/a>, <a href=\"http:\/\/www.chiffonsandco.fr\" target=\"_blank\">Arwen<\/a>, <a href=\"http:\/\/naomietbella.canalblog.com\" target=\"_blank\">Cath la Cigale<\/a>, <a href=\"http:\/\/vusetrevus.blogspot.com\/\" target=\"_blank\">M.C.O<\/a>, <a href=\"http:\/\/vudubalcon.blogspot.fr\/search\/label\/Photo%20du%20mois\" target=\"_blank\">Fran\u00e7ois le Ni\u00e7ois<\/a>, <a href=\"http:\/\/wonderlandalice.wordpress.com\/\" target=\"_blank\">Alice Wonderland<\/a>, <a href=\"http:\/\/souslecieldeparis.fr\/category\/la-photo-du-mois\/\" target=\"_blank\">La Parigina<\/a>, <a href=\"http:\/\/laudesmontagnes.wordpress.com\/\" target=\"_blank\">Lau* des montagnes<\/a>, <a href=\"http:\/\/lesvoyagesdelucy.over-blog.com\/categorie-12302834.html\" target=\"_blank\">Les voyages de Lucy<\/a>, <a href=\"http:\/\/cyberdilou.canalblog.com\" target=\"_blank\">Gizeh<\/a>, <a href=\"http:\/\/morganebyloosphoto.wordpress.com\" target=\"_blank\">Morgane Byloos Photography<\/a>, <a href=\"http:\/\/theparisienne.fr\" target=\"_blank\">The Parisienne<\/a>, <a href=\"http:\/\/denisdanzephotographe.wordpress.com\/category\/la-photo-du-mois\/\" target=\"_blank\">Akromax<\/a>, <a href=\"http:\/\/blogoth67.wordpress.com\" target=\"_blank\">Blogoth67<\/a>, <a href=\"http:\/\/www.leshumeursdeviolette.over-blog.com\" target=\"_blank\">Violette<\/a>, <a href=\"http:\/\/julesetmoa.blogspot.com\/\" target=\"_blank\">Caroline<\/a>, <a href=\"http:\/\/www.connais-toi-toi-meme.biz\" target=\"_blank\">Ava<\/a>, <a href=\"http:\/\/www.malaxi.net\" target=\"_blank\">Laurent Nicolas<\/a>, <a href=\"http:\/\/mysweetescape.fr\/\" target=\"_blank\">Chlo\u00e9<\/a>.<\/p>\n","protected":false},"excerpt":{"rendered":"<p>Ce mois, c&rsquo;est magda627 qui a choisit le th\u00e8me : l&rsquo;eau. Sans autre mention. Donc sans plus de chichi, mon interpr\u00e9tation du th\u00e8me : Eau de table\u2026 ou ce qu&rsquo;il en reste. Photo prise avec un Pentax MX -Ilford HP5+ @ 400 Retravaill\u00e9e avec Flare L&rsquo;eau des autres : Chat bleu, La Nantaise, scarolles-and-co , [&hellip;]<\/p>\n","protected":false},"author":1,"featured_media":14319,"comment_status":"open","ping_status":"open","sticky":false,"template":"","format":"image","meta":{"_import_markdown_pro_load_document_selector":0,"_import_markdown_pro_submit_text_textarea":"","_genesis_hide_title":false,"_genesis_hide_breadcrumbs":false,"_genesis_hide_singular_image":false,"_genesis_hide_footer_widgets":false,"_genesis_custom_body_class":"","_genesis_custom_post_class":"","_genesis_layout":"","jetpack_post_was_ever_published":false,"_jetpack_newsletter_access":"","_jetpack_dont_email_post_to_subs":false,"_jetpack_newsletter_tier_id":0,"_jetpack_memberships_contains_paywalled_content":false,"_jetpack_memberships_contains_paid_content":false,"activitypub_content_warning":"","activitypub_content_visibility":"","activitypub_max_image_attachments":3,"activitypub_interaction_policy_quote":"anyone","activitypub_status":"","footnotes":"","jetpack_publicize_message":"","jetpack_publicize_feature_enabled":true,"jetpack_social_post_already_shared":true,"jetpack_social_options":{"image_generator_settings":{"template":"fullscreen","default_image_id":0,"font":"","enabled":false},"version":2}},"categories":[4],"tags":[],"class_list":{"0":"post-9592","1":"post","2":"type-post","3":"status-publish","4":"format-image","5":"has-post-thumbnail","7":"category-photo-du-mois","8":"post_format-post-format-image","9":"entry"},"jetpack_publicize_connections":[],"featured_image_src":"https:\/\/i0.wp.com\/lyonelkaufmann.ch\/Blog\/wp-content\/uploads\/2015\/03\/8729320456_b732cb8635_z.jpg?resize=600%2C400&ssl=1","featured_image_src_square":"https:\/\/i0.wp.com\/lyonelkaufmann.ch\/Blog\/wp-content\/uploads\/2015\/03\/8729320456_b732cb8635_z.jpg?resize=600%2C426&ssl=1","author_info":{"display_name":"Lyonel Kaufmann","author_link":"https:\/\/lyonelkaufmann.ch\/Blog\/author\/lyonelk\/"},"jetpack_featured_media_url":"https:\/\/i0.wp.com\/lyonelkaufmann.ch\/Blog\/wp-content\/uploads\/2015\/03\/8729320456_b732cb8635_z.jpg?fit=640%2C426&ssl=1","jetpack_sharing_enabled":true,"jetpack_shortlink":"https:\/\/wp.me\/p1qtF4-2uI","jetpack-related-posts":[{"id":18234,"url":"https:\/\/lyonelkaufmann.ch\/Blog\/2017\/07\/15\/provocation-photo-du-mois\/","url_meta":{"origin":9592,"position":0},"title":"Provocation | Photo du mois","author":"Lyonel Kaufmann","date":"15 juillet 2017","format":false,"excerpt":"Le th\u00e8me de la photo du mois Provocation\u00a0a \u00e9t\u00e9 choisi par Morgane Byloos Photography (http:\/\/morganebyloosphoto.wordpress.com). Note de l\u2019auteur-e : dans tous les sens du terme Mon interpr\u00e9tation du th\u00e8me : \u00a0 Est-ce le choix de la photo qui est en soi une provocation par rapport au th\u00e8me choisi ? Est-ce\u2026","rel":"","context":"Dans &quot;Photo du mois&quot;","block_context":{"text":"Photo du mois","link":"https:\/\/lyonelkaufmann.ch\/Blog\/category\/photo-du-mois\/"},"img":{"alt_text":"","src":"https:\/\/i0.wp.com\/lyonelkaufmann.ch\/Blog\/wp-content\/uploads\/2017\/07\/image.jpg?fit=1200%2C800&ssl=1&resize=350%2C200","width":350,"height":200,"srcset":"https:\/\/i0.wp.com\/lyonelkaufmann.ch\/Blog\/wp-content\/uploads\/2017\/07\/image.jpg?fit=1200%2C800&ssl=1&resize=350%2C200 1x, https:\/\/i0.wp.com\/lyonelkaufmann.ch\/Blog\/wp-content\/uploads\/2017\/07\/image.jpg?fit=1200%2C800&ssl=1&resize=525%2C300 1.5x, https:\/\/i0.wp.com\/lyonelkaufmann.ch\/Blog\/wp-content\/uploads\/2017\/07\/image.jpg?fit=1200%2C800&ssl=1&resize=700%2C400 2x, https:\/\/i0.wp.com\/lyonelkaufmann.ch\/Blog\/wp-content\/uploads\/2017\/07\/image.jpg?fit=1200%2C800&ssl=1&resize=1050%2C600 3x"},"classes":[]},{"id":15039,"url":"https:\/\/lyonelkaufmann.ch\/Blog\/2015\/08\/15\/renversant-photo-du-mois\/","url_meta":{"origin":9592,"position":1},"title":"Renversant |\u00a0Photo du mois","author":"Lyonel Kaufmann","date":"15 ao\u00fbt 2015","format":false,"excerpt":"Pour le mois d\u2019ao\u00fbt, c\u2019est Carole qui s\u2019y colle et nous a propos\u00e9 \u00abRenversant\u00bb avec l\u2019explication suivante : Comme vous le savez (ou peut-\u00eatre pas!), je vis en Australie, le pays o\u00f9 on a la t\u00eate en bas.Mon th\u00e8me sera donc... \"Renversant\". Que ce soit l'adjectif synonyme de Incroyable, Etonnant,\u2026","rel":"","context":"Dans &quot;Photo du mois&quot;","block_context":{"text":"Photo du mois","link":"https:\/\/lyonelkaufmann.ch\/Blog\/category\/photo-du-mois\/"},"img":{"alt_text":"","src":"https:\/\/i0.wp.com\/lyonelkaufmann.ch\/Blog\/wp-content\/uploads\/2015\/08\/20402591506_e907f112ca_c.jpg?fit=800%2C800&ssl=1&resize=350%2C200","width":350,"height":200,"srcset":"https:\/\/i0.wp.com\/lyonelkaufmann.ch\/Blog\/wp-content\/uploads\/2015\/08\/20402591506_e907f112ca_c.jpg?fit=800%2C800&ssl=1&resize=350%2C200 1x, https:\/\/i0.wp.com\/lyonelkaufmann.ch\/Blog\/wp-content\/uploads\/2015\/08\/20402591506_e907f112ca_c.jpg?fit=800%2C800&ssl=1&resize=525%2C300 1.5x, https:\/\/i0.wp.com\/lyonelkaufmann.ch\/Blog\/wp-content\/uploads\/2015\/08\/20402591506_e907f112ca_c.jpg?fit=800%2C800&ssl=1&resize=700%2C400 2x"},"classes":[]},{"id":12456,"url":"https:\/\/lyonelkaufmann.ch\/Blog\/2015\/03\/15\/mais-keskece-photo-du-mois\/","url_meta":{"origin":9592,"position":2},"title":"\u00ab Mais\u2026 kesk\u00e9c\u00e9 ? \u00bb | Photo du mois","author":"Lyonel Kaufmann","date":"15 mars 2015","format":false,"excerpt":"Le th\u00e8me du mois, \u00ab Mais\u2026 kesk\u00e9c\u00e9 ? \u00bb, a \u00e9t\u00e9 choisi par Eric Milesi (http:\/\/akai-inthesky.blogspot.com). Sa pr\u00e9sentation du th\u00e8me : Oui alors, si je comprends bien, c\u2019est \u00e0 moi de choisir le th\u00e8me de la photo du mois de Mars ? Je vous pr\u00e9viens \u00e7a va \u00eatre tordu! Alors\u2026","rel":"","context":"Dans &quot;Photo du mois&quot;","block_context":{"text":"Photo du mois","link":"https:\/\/lyonelkaufmann.ch\/Blog\/category\/photo-du-mois\/"},"img":{"alt_text":"","src":"https:\/\/i0.wp.com\/lyonelkaufmann.ch\/Blog\/wp-content\/uploads\/2015\/03\/IMGP0881.jpg?fit=796%2C1200&ssl=1&resize=350%2C200","width":350,"height":200,"srcset":"https:\/\/i0.wp.com\/lyonelkaufmann.ch\/Blog\/wp-content\/uploads\/2015\/03\/IMGP0881.jpg?fit=796%2C1200&ssl=1&resize=350%2C200 1x, https:\/\/i0.wp.com\/lyonelkaufmann.ch\/Blog\/wp-content\/uploads\/2015\/03\/IMGP0881.jpg?fit=796%2C1200&ssl=1&resize=525%2C300 1.5x, https:\/\/i0.wp.com\/lyonelkaufmann.ch\/Blog\/wp-content\/uploads\/2015\/03\/IMGP0881.jpg?fit=796%2C1200&ssl=1&resize=700%2C400 2x"},"classes":[]},{"id":15559,"url":"https:\/\/lyonelkaufmann.ch\/Blog\/2016\/01\/15\/jardin-secret-photo-du-mois\/","url_meta":{"origin":9592,"position":3},"title":"Jardin secret | Photo du mois","author":"Lyonel Kaufmann","date":"15 janvier 2016","format":"image","excerpt":"Th\u00e8me de ce mois : Jardin Secret, choisi par Cara (http:\/\/c-est-reparti.blogspot.com\/). Sa pr\u00e9sentation du th\u00e8me : Puisque c'est moi qui ai l'honneur de choisir le th\u00e8me pour le mois de janvier (malgr\u00e9 mon retard d'aujourd'hui, j'ai honte), le voici : \"Jardin secret\" A interpr\u00e9ter au sens propre comme au figur\u00e9...\u2026","rel":"","context":"Dans &quot;Photo du mois&quot;","block_context":{"text":"Photo du mois","link":"https:\/\/lyonelkaufmann.ch\/Blog\/category\/photo-du-mois\/"},"img":{"alt_text":"","src":"https:\/\/i0.wp.com\/lyonelkaufmann.ch\/Blog\/wp-content\/uploads\/2016\/01\/IMG_3528-e1453032575496-1-e1453032733699.jpg?fit=439%2C640&ssl=1&resize=350%2C200","width":350,"height":200},"classes":[]},{"id":10954,"url":"https:\/\/lyonelkaufmann.ch\/Blog\/2013\/11\/15\/ensemble-photo-du-mois\/","url_meta":{"origin":9592,"position":4},"title":"Ensemble |\u00a0Photo du mois","author":"Lyonel Kaufmann","date":"15 novembre 2013","format":"image","excerpt":"Comme tous les 15 de chaque mois \u00e0 12:00 tapantes, c\u2019est l\u2019heure de la photo du mois. Ce mois-ci, le th\u00e8me est \u00abEnsemble\u00bb. Le th\u00e8me a \u00e9t\u00e9 choisi par Ava (http:\/\/monbeaumanoir.wordpress.com\/). Cette photo a \u00e9t\u00e9 prise lors de l'\u00e9chauffement du Semi-marathon de Lausanne qui part depuis La Tour-de-Peilz. Dans ce\u2026","rel":"","context":"Dans &quot;Photo du mois&quot;","block_context":{"text":"Photo du mois","link":"https:\/\/lyonelkaufmann.ch\/Blog\/category\/photo-du-mois\/"},"img":{"alt_text":"","src":"https:\/\/i0.wp.com\/lyonelkaufmann.ch\/Blog\/wp-content\/uploads\/2013\/11\/MarathonSemi-Marathon%40LaTour-de-Peilz81-XL.jpg?fit=1024%2C678&ssl=1&resize=350%2C200","width":350,"height":200,"srcset":"https:\/\/i0.wp.com\/lyonelkaufmann.ch\/Blog\/wp-content\/uploads\/2013\/11\/MarathonSemi-Marathon%40LaTour-de-Peilz81-XL.jpg?fit=1024%2C678&ssl=1&resize=350%2C200 1x, https:\/\/i0.wp.com\/lyonelkaufmann.ch\/Blog\/wp-content\/uploads\/2013\/11\/MarathonSemi-Marathon%40LaTour-de-Peilz81-XL.jpg?fit=1024%2C678&ssl=1&resize=525%2C300 1.5x, https:\/\/i0.wp.com\/lyonelkaufmann.ch\/Blog\/wp-content\/uploads\/2013\/11\/MarathonSemi-Marathon%40LaTour-de-Peilz81-XL.jpg?fit=1024%2C678&ssl=1&resize=700%2C400 2x"},"classes":[]},{"id":18488,"url":"https:\/\/lyonelkaufmann.ch\/Blog\/2017\/09\/15\/palette-de-couleurs-photo-du-mois\/","url_meta":{"origin":9592,"position":5},"title":"Palette de couleurs | Photo du mois","author":"Lyonel Kaufmann","date":"15 septembre 2017","format":false,"excerpt":"Le th\u00e8me du mois Palette de couleurs a \u00e9t\u00e9 choisi par Philae (http:\/\/philae.over-blog.com) Mon interpr\u00e9tation du th\u00e8me : L\u2019interpr\u00e9tation du th\u00e8me par les autres participant.e.s : Akaieric, Alban, Alexinparis, Amartia, Ang\u00e9lique, Aude, BiGBuGS, Blogoth67, Brindille, Bubble gones, Cara, Chat bleu, Chiffons and Co, Christophe, Cricriyom from Paris, C\u00e9cileP, C\u00e9line in\u2026","rel":"","context":"Dans &quot;Photo du mois&quot;","block_context":{"text":"Photo du mois","link":"https:\/\/lyonelkaufmann.ch\/Blog\/category\/photo-du-mois\/"},"img":{"alt_text":"","src":"https:\/\/i0.wp.com\/lyonelkaufmann.ch\/Blog\/wp-content\/uploads\/2017\/09\/imgp0684.jpg?fit=1200%2C798&ssl=1&resize=350%2C200","width":350,"height":200,"srcset":"https:\/\/i0.wp.com\/lyonelkaufmann.ch\/Blog\/wp-content\/uploads\/2017\/09\/imgp0684.jpg?fit=1200%2C798&ssl=1&resize=350%2C200 1x, https:\/\/i0.wp.com\/lyonelkaufmann.ch\/Blog\/wp-content\/uploads\/2017\/09\/imgp0684.jpg?fit=1200%2C798&ssl=1&resize=525%2C300 1.5x, https:\/\/i0.wp.com\/lyonelkaufmann.ch\/Blog\/wp-content\/uploads\/2017\/09\/imgp0684.jpg?fit=1200%2C798&ssl=1&resize=700%2C400 2x, https:\/\/i0.wp.com\/lyonelkaufmann.ch\/Blog\/wp-content\/uploads\/2017\/09\/imgp0684.jpg?fit=1200%2C798&ssl=1&resize=1050%2C600 3x"},"classes":[]}],"jetpack_likes_enabled":true,"_links":{"self":[{"href":"https:\/\/lyonelkaufmann.ch\/Blog\/wp-json\/wp\/v2\/posts\/9592","targetHints":{"allow":["GET"]}}],"collection":[{"href":"https:\/\/lyonelkaufmann.ch\/Blog\/wp-json\/wp\/v2\/posts"}],"about":[{"href":"https:\/\/lyonelkaufmann.ch\/Blog\/wp-json\/wp\/v2\/types\/post"}],"author":[{"embeddable":true,"href":"https:\/\/lyonelkaufmann.ch\/Blog\/wp-json\/wp\/v2\/users\/1"}],"replies":[{"embeddable":true,"href":"https:\/\/lyonelkaufmann.ch\/Blog\/wp-json\/wp\/v2\/comments?post=9592"}],"version-history":[{"count":0,"href":"https:\/\/lyonelkaufmann.ch\/Blog\/wp-json\/wp\/v2\/posts\/9592\/revisions"}],"wp:featuredmedia":[{"embeddable":true,"href":"https:\/\/lyonelkaufmann.ch\/Blog\/wp-json\/wp\/v2\/media\/14319"}],"wp:attachment":[{"href":"https:\/\/lyonelkaufmann.ch\/Blog\/wp-json\/wp\/v2\/media?parent=9592"}],"wp:term":[{"taxonomy":"category","embeddable":true,"href":"https:\/\/lyonelkaufmann.ch\/Blog\/wp-json\/wp\/v2\/categories?post=9592"},{"taxonomy":"post_tag","embeddable":true,"href":"https:\/\/lyonelkaufmann.ch\/Blog\/wp-json\/wp\/v2\/tags?post=9592"}],"curies":[{"name":"wp","href":"https:\/\/api.w.org\/{rel}","templated":true}]}}