{"id":9771,"date":"2013-05-25T20:19:04","date_gmt":"2013-05-25T19:19:04","guid":{"rendered":"https:\/\/lyonelkaufmann.ch\/Blog\/?p=9771"},"modified":"2013-05-25T20:19:04","modified_gmt":"2013-05-25T19:19:04","slug":"pentax-me-super-by-pentax-mx","status":"publish","type":"post","link":"https:\/\/lyonelkaufmann.ch\/Blog\/2013\/05\/25\/pentax-me-super-by-pentax-mx\/","title":{"rendered":"Pentax ME super by Pentax MX | Photo du jour"},"content":{"rendered":"<p><a title=\"Pentax ME super by Pentax MX\" href=\"http:\/\/www.flickr.com\/photos\/lyonelkaufmann\/8811545907\" target=\"_blank\"><img data-recalc-dims=\"1\" decoding=\"async\" class=\"aligncenter \" alt=\"Pentax ME super by Pentax MX\" src=\"https:\/\/i0.wp.com\/farm9.staticflickr.com\/8553\/8811545907_051e3824ca_b.jpg\" \/><\/a><br \/>\nMon Pentax ME super a \u00e9t\u00e9 pris en photo par mon Pentax MX.<\/p>\n<p>Mieux que le n\u00e9o-r\u00e9tro de certains appareils photos, rien ne vaut ces beaux appareils photos argentiques des ann\u00e9es 1980.<\/p>\n<p>Photo prise avec un Pentax MX &#8211; Ilford HP5+ @ 400<\/p>\n","protected":false},"excerpt":{"rendered":"<p>Mon Pentax ME super a \u00e9t\u00e9 pris en photo par mon Pentax MX. Mieux que le n\u00e9o-r\u00e9tro de certains appareils photos, rien ne vaut ces beaux appareils photos argentiques des ann\u00e9es 1980. Photo prise avec un Pentax MX &#8211; Ilford HP5+ @ 400<\/p>\n","protected":false},"author":1,"featured_media":13978,"comment_status":"open","ping_status":"open","sticky":false,"template":"","format":"image","meta":{"_import_markdown_pro_load_document_selector":0,"_import_markdown_pro_submit_text_textarea":"","_genesis_hide_title":false,"_genesis_hide_breadcrumbs":false,"_genesis_hide_singular_image":false,"_genesis_hide_footer_widgets":false,"_genesis_custom_body_class":"","_genesis_custom_post_class":"","_genesis_layout":"","jetpack_post_was_ever_published":false,"_jetpack_newsletter_access":"","_jetpack_dont_email_post_to_subs":false,"_jetpack_newsletter_tier_id":0,"_jetpack_memberships_contains_paywalled_content":false,"_jetpack_memberships_contains_paid_content":false,"activitypub_content_warning":"","activitypub_content_visibility":"","activitypub_max_image_attachments":3,"activitypub_interaction_policy_quote":"anyone","activitypub_status":"","footnotes":"","jetpack_publicize_message":"","jetpack_publicize_feature_enabled":true,"jetpack_social_post_already_shared":true,"jetpack_social_options":{"image_generator_settings":{"template":"fullscreen","default_image_id":0,"font":"","enabled":false},"version":2}},"categories":[3],"tags":[],"class_list":{"0":"post-9771","1":"post","2":"type-post","3":"status-publish","4":"format-image","5":"has-post-thumbnail","7":"category-blogcafe-2","8":"post_format-post-format-image","9":"entry"},"jetpack_publicize_connections":[],"featured_image_src":"https:\/\/i0.wp.com\/lyonelkaufmann.ch\/Blog\/wp-content\/uploads\/2015\/03\/8811545907_051e3824ca_b.jpg?resize=600%2C400&ssl=1","featured_image_src_square":"https:\/\/i0.wp.com\/lyonelkaufmann.ch\/Blog\/wp-content\/uploads\/2015\/03\/8811545907_051e3824ca_b.jpg?resize=600%2C600&ssl=1","author_info":{"display_name":"Lyonel Kaufmann","author_link":"https:\/\/lyonelkaufmann.ch\/Blog\/author\/lyonelk\/"},"jetpack_featured_media_url":"https:\/\/i0.wp.com\/lyonelkaufmann.ch\/Blog\/wp-content\/uploads\/2015\/03\/8811545907_051e3824ca_b.jpg?fit=1024%2C683&ssl=1","jetpack_sharing_enabled":true,"jetpack_shortlink":"https:\/\/wp.me\/p1qtF4-2xB","jetpack-related-posts":[{"id":9551,"url":"https:\/\/lyonelkaufmann.ch\/Blog\/2013\/04\/12\/la-berneuse-leysin\/","url_meta":{"origin":9771,"position":0},"title":"La Berneuse @ Leysin | Photo du jour","author":"Lyonel Kaufmann","date":"12 avril 2013","format":"image","excerpt":"La Berneuse @ Leysin with Pentax MX, a photo by lyonelkaufmann on Flickr. La photo a \u00e9t\u00e9 prise \u00e0 Leyin lors d'un week-end \u00e0 ski au mois de janvier 2013. Bon, et maintenant, on attend le printemps!! Photo prise avec un Pentax MX + objectif SMC Pentax M 1:1.7 50mm\u2026","rel":"","context":"Dans &quot;Photo du jour&quot;","block_context":{"text":"Photo du jour","link":"https:\/\/lyonelkaufmann.ch\/Blog\/category\/photo-du-jour\/"},"img":{"alt_text":"","src":"https:\/\/i0.wp.com\/lyonelkaufmann.ch\/Blog\/wp-content\/uploads\/2015\/03\/8644143382_93fb1e4706_z.jpg?fit=640%2C445&ssl=1&resize=350%2C200","width":350,"height":200,"srcset":"https:\/\/i0.wp.com\/lyonelkaufmann.ch\/Blog\/wp-content\/uploads\/2015\/03\/8644143382_93fb1e4706_z.jpg?fit=640%2C445&ssl=1&resize=350%2C200 1x, https:\/\/i0.wp.com\/lyonelkaufmann.ch\/Blog\/wp-content\/uploads\/2015\/03\/8644143382_93fb1e4706_z.jpg?fit=640%2C445&ssl=1&resize=525%2C300 1.5x"},"classes":[]},{"id":9403,"url":"https:\/\/lyonelkaufmann.ch\/Blog\/2013\/02\/20\/vd-1803-photo-du-jour\/","url_meta":{"origin":9771,"position":1},"title":"VD 1803 |\u00a0Photo du jour","author":"Lyonel Kaufmann","date":"20 f\u00e9vrier 2013","format":"image","excerpt":"Un num\u00e9ro \u00abhistorique\u00bb pour la barque immatricul\u00e9e VD 1803 et ancr\u00e9e au Port de La Tour-de-Peilz. En effet, le canton de Vaud est entr\u00e9 dans la Conf\u00e9d\u00e9ration helv\u00e9tique \u00e0 cette date\u2026 Photo prise avec un Pentax MX + objectif SMC Pentax M 1:1.7 50mm Kodak Tmax @ 400","rel":"","context":"Dans &quot;Photo du jour&quot;","block_context":{"text":"Photo du jour","link":"https:\/\/lyonelkaufmann.ch\/Blog\/category\/photo-du-jour\/"},"img":{"alt_text":"","src":"https:\/\/i0.wp.com\/lyonelkaufmann.ch\/Blog\/wp-content\/uploads\/2015\/03\/8489682903_f984447156_c.jpg?fit=800%2C518&ssl=1&resize=350%2C200","width":350,"height":200,"srcset":"https:\/\/i0.wp.com\/lyonelkaufmann.ch\/Blog\/wp-content\/uploads\/2015\/03\/8489682903_f984447156_c.jpg?fit=800%2C518&ssl=1&resize=350%2C200 1x, https:\/\/i0.wp.com\/lyonelkaufmann.ch\/Blog\/wp-content\/uploads\/2015\/03\/8489682903_f984447156_c.jpg?fit=800%2C518&ssl=1&resize=525%2C300 1.5x, https:\/\/i0.wp.com\/lyonelkaufmann.ch\/Blog\/wp-content\/uploads\/2015\/03\/8489682903_f984447156_c.jpg?fit=800%2C518&ssl=1&resize=700%2C400 2x"},"classes":[]},{"id":9749,"url":"https:\/\/lyonelkaufmann.ch\/Blog\/2013\/05\/11\/consommation\/","url_meta":{"origin":9771,"position":2},"title":"Consommation | Photo du jour","author":"Lyonel Kaufmann","date":"11 mai 2013","format":"image","excerpt":"Vevey - Centre Saint-Antoine - d\u00e9cembre 2012 Photo prise avec un Pentax MX + objectif SMC Pentax M 1:1.7 50mm -\u00a0Ilford HP5+ @ 400","rel":"","context":"Dans &quot;Photo du jour&quot;","block_context":{"text":"Photo du jour","link":"https:\/\/lyonelkaufmann.ch\/Blog\/category\/photo-du-jour\/"},"img":{"alt_text":"","src":"https:\/\/i0.wp.com\/lyonelkaufmann.ch\/Blog\/wp-content\/uploads\/2015\/03\/5C32AF26-6EF9-4A13-83BA-7EA6A2EDE04B.png?fit=650%2C973&ssl=1&resize=350%2C200","width":350,"height":200,"srcset":"https:\/\/i0.wp.com\/lyonelkaufmann.ch\/Blog\/wp-content\/uploads\/2015\/03\/5C32AF26-6EF9-4A13-83BA-7EA6A2EDE04B.png?fit=650%2C973&ssl=1&resize=350%2C200 1x, https:\/\/i0.wp.com\/lyonelkaufmann.ch\/Blog\/wp-content\/uploads\/2015\/03\/5C32AF26-6EF9-4A13-83BA-7EA6A2EDE04B.png?fit=650%2C973&ssl=1&resize=525%2C300 1.5x"},"classes":[]},{"id":9451,"url":"https:\/\/lyonelkaufmann.ch\/Blog\/2013\/02\/22\/port-de-cailloux-photo-du-jour\/","url_meta":{"origin":9771,"position":3},"title":"Port de cailloux | Photo du jour","author":"Lyonel Kaufmann","date":"22 f\u00e9vrier 2013","format":"image","excerpt":"Port de cailloux, a photo by lyonelkaufmann on Flickr. Fallait-il suivre le Petit Poucet au Port? Photo prise avec un Pentax MX + objectif SMC Pentax M 1:1.7 50mm Kodak Tmax @ 400","rel":"","context":"Dans &quot;Photo du jour&quot;","block_context":{"text":"Photo du jour","link":"https:\/\/lyonelkaufmann.ch\/Blog\/category\/photo-du-jour\/"},"img":{"alt_text":"","src":"https:\/\/i0.wp.com\/lyonelkaufmann.ch\/Blog\/wp-content\/uploads\/2015\/03\/8489682553_cd6266de9c_z.jpg?fit=400%2C640&ssl=1&resize=350%2C200","width":350,"height":200},"classes":[]},{"id":5825,"url":"https:\/\/lyonelkaufmann.ch\/Blog\/2012\/04\/15\/photos-du-mois-en-travaux\/","url_meta":{"origin":9771,"position":4},"title":"Photos du mois : En travaux","author":"Lyonel Kaufmann","date":"15 avril 2012","format":"image","excerpt":"Ainsi donc le th\u00e8me du mois est \"en travaux\". Pour l'occasion, je choisis de vous pr\u00e9senter quatre photos. Elles sont le r\u00e9sultats de mes travaux avec mon Pentax Q. Le Pentax Q est un appareil hybride au format d'un compact et \u00e0 objectifs interchangeables. A l'aide de bagues adaptatrices, il\u2026","rel":"","context":"Dans &quot;Blogcaf\u00e9&quot;","block_context":{"text":"Blogcaf\u00e9","link":"https:\/\/lyonelkaufmann.ch\/Blog\/category\/blogcafe-2\/"},"img":{"alt_text":"","src":"https:\/\/i0.wp.com\/lyonelkaufmann.ch\/Blog\/wp-content\/uploads\/2015\/03\/IMG_0303.jpg?fit=600%2C448&ssl=1&resize=350%2C200","width":350,"height":200,"srcset":"https:\/\/i0.wp.com\/lyonelkaufmann.ch\/Blog\/wp-content\/uploads\/2015\/03\/IMG_0303.jpg?fit=600%2C448&ssl=1&resize=350%2C200 1x, https:\/\/i0.wp.com\/lyonelkaufmann.ch\/Blog\/wp-content\/uploads\/2015\/03\/IMG_0303.jpg?fit=600%2C448&ssl=1&resize=525%2C300 1.5x"},"classes":[]},{"id":9541,"url":"https:\/\/lyonelkaufmann.ch\/Blog\/2013\/04\/08\/le-che-au-marche-de-la-batte-liege\/","url_meta":{"origin":9771,"position":5},"title":"Le Che au March\u00e9 de La Batte (Li\u00e8ge)","author":"Lyonel Kaufmann","date":"8 avril 2013","format":"image","excerpt":"March\u00e9 de La Batte @Li\u00e8ge, a photo by lyonelkaufmann on Flickr Le triomphe de la Soci\u00e9t\u00e9 de consommation ou quand Che Guevara se m\u00e9lange au Etats-Unis d'Am\u00e9rique par sacs interpos\u00e9s. A moins que cela ne soit la victoire posthume du Che qui passe devant les Etats-Unis d'Am\u00e9rique\u2026 Durant mon s\u00e9jour\u2026","rel":"","context":"Dans &quot;Blogcaf\u00e9&quot;","block_context":{"text":"Blogcaf\u00e9","link":"https:\/\/lyonelkaufmann.ch\/Blog\/category\/blogcafe-2\/"},"img":{"alt_text":"","src":"https:\/\/i0.wp.com\/lyonelkaufmann.ch\/Blog\/wp-content\/uploads\/2015\/03\/8626726537_d04accccfc_z.jpg?fit=640%2C429&ssl=1&resize=350%2C200","width":350,"height":200,"srcset":"https:\/\/i0.wp.com\/lyonelkaufmann.ch\/Blog\/wp-content\/uploads\/2015\/03\/8626726537_d04accccfc_z.jpg?fit=640%2C429&ssl=1&resize=350%2C200 1x, https:\/\/i0.wp.com\/lyonelkaufmann.ch\/Blog\/wp-content\/uploads\/2015\/03\/8626726537_d04accccfc_z.jpg?fit=640%2C429&ssl=1&resize=525%2C300 1.5x"},"classes":[]}],"jetpack_likes_enabled":true,"_links":{"self":[{"href":"https:\/\/lyonelkaufmann.ch\/Blog\/wp-json\/wp\/v2\/posts\/9771","targetHints":{"allow":["GET"]}}],"collection":[{"href":"https:\/\/lyonelkaufmann.ch\/Blog\/wp-json\/wp\/v2\/posts"}],"about":[{"href":"https:\/\/lyonelkaufmann.ch\/Blog\/wp-json\/wp\/v2\/types\/post"}],"author":[{"embeddable":true,"href":"https:\/\/lyonelkaufmann.ch\/Blog\/wp-json\/wp\/v2\/users\/1"}],"replies":[{"embeddable":true,"href":"https:\/\/lyonelkaufmann.ch\/Blog\/wp-json\/wp\/v2\/comments?post=9771"}],"version-history":[{"count":0,"href":"https:\/\/lyonelkaufmann.ch\/Blog\/wp-json\/wp\/v2\/posts\/9771\/revisions"}],"wp:featuredmedia":[{"embeddable":true,"href":"https:\/\/lyonelkaufmann.ch\/Blog\/wp-json\/wp\/v2\/media\/13978"}],"wp:attachment":[{"href":"https:\/\/lyonelkaufmann.ch\/Blog\/wp-json\/wp\/v2\/media?parent=9771"}],"wp:term":[{"taxonomy":"category","embeddable":true,"href":"https:\/\/lyonelkaufmann.ch\/Blog\/wp-json\/wp\/v2\/categories?post=9771"},{"taxonomy":"post_tag","embeddable":true,"href":"https:\/\/lyonelkaufmann.ch\/Blog\/wp-json\/wp\/v2\/tags?post=9771"}],"curies":[{"name":"wp","href":"https:\/\/api.w.org\/{rel}","templated":true}]}}