{"id":9870,"date":"2013-06-02T21:02:22","date_gmt":"2013-06-02T20:02:22","guid":{"rendered":"https:\/\/lyonelkaufmann.ch\/Blog\/?p=9870"},"modified":"2013-06-02T21:02:22","modified_gmt":"2013-06-02T20:02:22","slug":"lagern-cup-wettingen-photo-du-jour","status":"publish","type":"post","link":"https:\/\/lyonelkaufmann.ch\/Blog\/2013\/06\/02\/lagern-cup-wettingen-photo-du-jour\/","title":{"rendered":"L\u00e4gern-Cup @ Wettingen |\u00a0Photo du jour"},"content":{"rendered":"<p><a title=\"Pellicule-68\" href=\"http:\/\/www.flickr.com\/photos\/lyonelkaufmann\/8921654451\" target=\"_blank\"><img data-recalc-dims=\"1\" decoding=\"async\" class=\"aligncenter \" alt=\"Pellicule-68\" src=\"https:\/\/i0.wp.com\/farm4.staticflickr.com\/3788\/8921654451_75b9173226_b.jpg\" \/><\/a><\/p>\n<p>Le groupe M\u00e9ga-Mixte des Jeunes Patriotes participait le samedi 1er juin 2013 \u00e0 la 37e L\u00e4gern-Cup \u00e0 Wettingen. Celui-ci voit les principales soci\u00e9t\u00e9s suisses participer \u00e0 ce concours. Le M\u00e9ga-Mixte participait au concours des anneaux balan\u00e7ants et \u00e0 celui du sol.<\/p>\n<p style=\"text-align:center;\"><a title=\"Lagern-Cup31\" href=\"http:\/\/www.flickr.com\/photos\/lyonelkaufmann\/8927094400\" target=\"_blank\"><img data-recalc-dims=\"1\" loading=\"lazy\" decoding=\"async\" class=\"aligncenter \" alt=\"Lagern-Cup31\" src=\"https:\/\/i0.wp.com\/farm6.staticflickr.com\/5444\/8927094400_1931be1d73_z.jpg?resize=640%2C478\" width=\"640\" height=\"478\" \/><\/a>Renversant non !<\/p>\n<p>Le site du concours :\u00a0<a href=\"http:\/\/lckmv.stv-wettingen.ch\/\" rel=\"nofollow\">lckmv.stv-wettingen.ch<\/a><br \/>\nLa page Facebook :\u00a0<a href=\"https:\/\/www.facebook.com\/laegerncup\" rel=\"nofollow\">www.facebook.com\/laegerncup<\/a><br \/>\nL&rsquo;album de mes photos du jour :\u00a0<a href=\"http:\/\/flic.kr\/s\/aHsjFFc8Ny\" target=\"_blank\">http:\/\/flic.kr\/s\/aHsjFFc8Ny<\/a><\/p>\n<p>&nbsp;<\/p>\n","protected":false},"excerpt":{"rendered":"<p>Le groupe M\u00e9ga-Mixte des Jeunes Patriotes participait le samedi 1er juin 2013 \u00e0 la 37e L\u00e4gern-Cup \u00e0 Wettingen. Celui-ci voit les principales soci\u00e9t\u00e9s suisses participer \u00e0 ce concours. Le M\u00e9ga-Mixte participait au concours des anneaux balan\u00e7ants et \u00e0 celui du sol. Renversant non ! Le site du concours :\u00a0lckmv.stv-wettingen.ch La page Facebook :\u00a0www.facebook.com\/laegerncup L&rsquo;album de [&hellip;]<\/p>\n","protected":false},"author":1,"featured_media":13981,"comment_status":"open","ping_status":"open","sticky":false,"template":"","format":"image","meta":{"_import_markdown_pro_load_document_selector":0,"_import_markdown_pro_submit_text_textarea":"","_genesis_hide_title":false,"_genesis_hide_breadcrumbs":false,"_genesis_hide_singular_image":false,"_genesis_hide_footer_widgets":false,"_genesis_custom_body_class":"","_genesis_custom_post_class":"","_genesis_layout":"","jetpack_post_was_ever_published":false,"_jetpack_newsletter_access":"","_jetpack_dont_email_post_to_subs":false,"_jetpack_newsletter_tier_id":0,"_jetpack_memberships_contains_paywalled_content":false,"_jetpack_memberships_contains_paid_content":false,"activitypub_content_warning":"","activitypub_content_visibility":"","activitypub_max_image_attachments":3,"activitypub_interaction_policy_quote":"anyone","activitypub_status":"","footnotes":"","jetpack_publicize_message":"","jetpack_publicize_feature_enabled":true,"jetpack_social_post_already_shared":true,"jetpack_social_options":{"image_generator_settings":{"template":"fullscreen","default_image_id":0,"font":"","enabled":false},"version":2}},"categories":[3],"tags":[],"class_list":{"0":"post-9870","1":"post","2":"type-post","3":"status-publish","4":"format-image","5":"has-post-thumbnail","7":"category-blogcafe-2","8":"post_format-post-format-image","9":"entry"},"jetpack_publicize_connections":[],"featured_image_src":"https:\/\/i0.wp.com\/lyonelkaufmann.ch\/Blog\/wp-content\/uploads\/2015\/03\/8921654451_75b9173226_b.jpg?resize=600%2C400&ssl=1","featured_image_src_square":"https:\/\/i0.wp.com\/lyonelkaufmann.ch\/Blog\/wp-content\/uploads\/2015\/03\/8921654451_75b9173226_b.jpg?resize=600%2C577&ssl=1","author_info":{"display_name":"Lyonel Kaufmann","author_link":"https:\/\/lyonelkaufmann.ch\/Blog\/author\/lyonelk\/"},"jetpack_featured_media_url":"https:\/\/i0.wp.com\/lyonelkaufmann.ch\/Blog\/wp-content\/uploads\/2015\/03\/8921654451_75b9173226_b.jpg?fit=1024%2C577&ssl=1","jetpack_sharing_enabled":true,"jetpack_shortlink":"https:\/\/wp.me\/p1qtF4-2zc","jetpack-related-posts":[{"id":991,"url":"https:\/\/lyonelkaufmann.ch\/Blog\/2008\/06\/02\/felicitations-au-groupe-mixte-des-jeunes-patriotes-de-vevey\/","url_meta":{"origin":9870,"position":0},"title":"F\u00e9licitations au groupe mixte des Jeunes Patriotes de Vevey!","author":"Lyonel Kaufmann","date":"2 juin 2008","format":"aside","excerpt":"Ce premier dimanche de juin ne comportait pas que des r\u00e9sultats de votation, mais pour le p\u00e8re que je suis, les r\u00e9sultats les plus importants concernaient mon fils et\u00a0son groupe mixte (11-16 ans) des Jeunes Patriotes de Vevey qui participaient aux\u00a0Championnats vaudois de gymnastique. Ils y ont\u00a0obtenus d'excellent r\u00e9sultats, jugez-en:\u2026","rel":"","context":"Dans &quot;Blogcaf\u00e9&quot;","block_context":{"text":"Blogcaf\u00e9","link":"https:\/\/lyonelkaufmann.ch\/Blog\/category\/blogcafe-2\/"},"img":{"alt_text":"Groupe mixte (11-16 ans) Jeunes Patriotes Vevey","src":"https:\/\/i0.wp.com\/gallery.mac.com\/lyonel.kaufmann\/100178\/IMGP1394\/web.jpg?resize=350%2C200","width":350,"height":200},"classes":[]},{"id":6428,"url":"https:\/\/lyonelkaufmann.ch\/Blog\/2012\/07\/17\/eurogym-2012-ouverture\/","url_meta":{"origin":9870,"position":1},"title":"Eurogym 2012 | Ouverture","author":"Lyonel Kaufmann","date":"17 juillet 2012","format":"image","excerpt":"Ce dimanche (15 juillet) \u00e0 Coimbra (Portugal) a eu lieu l'ouverture de l'\u00e9dition 2012 de l'Eurogym. 4000 jeunes jusqu'\u00e0 vingt ans (ou presque) participeront cette semaine \u00e0 cette \u00e9dition. Toute la ville sera anim\u00e9e par les prestations de ces gymnastes. Le tout dans en une ambiance bon enfant comme la\u2026","rel":"","context":"Dans &quot;Blogcaf\u00e9&quot;","block_context":{"text":"Blogcaf\u00e9","link":"https:\/\/lyonelkaufmann.ch\/Blog\/category\/blogcafe-2\/"},"img":{"alt_text":"","src":"https:\/\/i0.wp.com\/lyonelkaufmann.ch\/Blog\/wp-content\/uploads\/2015\/03\/20120717-102602.jpg?fit=922%2C611&ssl=1&resize=350%2C200","width":350,"height":200,"srcset":"https:\/\/i0.wp.com\/lyonelkaufmann.ch\/Blog\/wp-content\/uploads\/2015\/03\/20120717-102602.jpg?fit=922%2C611&ssl=1&resize=350%2C200 1x, https:\/\/i0.wp.com\/lyonelkaufmann.ch\/Blog\/wp-content\/uploads\/2015\/03\/20120717-102602.jpg?fit=922%2C611&ssl=1&resize=525%2C300 1.5x, https:\/\/i0.wp.com\/lyonelkaufmann.ch\/Blog\/wp-content\/uploads\/2015\/03\/20120717-102602.jpg?fit=922%2C611&ssl=1&resize=700%2C400 2x"},"classes":[]},{"id":7656,"url":"https:\/\/lyonelkaufmann.ch\/Blog\/2013\/11\/01\/revue-de-presse-une-mega-secheresse-aurait-entraine-la-chute-de-la-grece-antique\/","url_meta":{"origin":9870,"position":2},"title":"Revue de presse : Une m\u00e9ga-s\u00e9cheresse aurait entrain\u00e9 la chute de la Gr\u00e8ce Antique","author":"Lyonel Kaufmann","date":"1 novembre 2013","format":false,"excerpt":"Une forte baisse de la pluviom\u00e9trie aurait conduit \u00e0 l'effondrement de plusieurs civilisations de la M\u00e9diterran\u00e9e, dont la Gr\u00e8ce Antique, il y a environ 3200 ans. La famine et les conflits qui en ont r\u00e9sult\u00e9, permettraient ainsi d'expliquer pourquoi l'ensemble de la culture Hittite, les conducteurs de chars qui ont\u2026","rel":"","context":"Dans &quot;histoire&quot;","block_context":{"text":"histoire","link":"https:\/\/lyonelkaufmann.ch\/Blog\/category\/histoire-2\/"},"img":{"alt_text":"","src":"https:\/\/i0.wp.com\/lyonelkaufmann.ch\/Blog\/wp-content\/uploads\/2015\/03\/blogcafe1.jpg?fit=1024%2C683&ssl=1&resize=350%2C200","width":350,"height":200,"srcset":"https:\/\/i0.wp.com\/lyonelkaufmann.ch\/Blog\/wp-content\/uploads\/2015\/03\/blogcafe1.jpg?fit=1024%2C683&ssl=1&resize=350%2C200 1x, https:\/\/i0.wp.com\/lyonelkaufmann.ch\/Blog\/wp-content\/uploads\/2015\/03\/blogcafe1.jpg?fit=1024%2C683&ssl=1&resize=525%2C300 1.5x, https:\/\/i0.wp.com\/lyonelkaufmann.ch\/Blog\/wp-content\/uploads\/2015\/03\/blogcafe1.jpg?fit=1024%2C683&ssl=1&resize=700%2C400 2x"},"classes":[]},{"id":12590,"url":"https:\/\/lyonelkaufmann.ch\/Blog\/2007\/05\/20\/un-dimanche-ordinaire-de-fete-des-meres\/","url_meta":{"origin":9870,"position":3},"title":"Un dimanche ordinaire de f\u00eate des m\u00e8res\u2026","author":"Lyonel Kaufmann","date":"20 mai 2007","format":"aside","excerpt":"Dimanche 13 mai 2007, jour de la f\u00eate des m\u00e8res certes, mais surtout dimanche du concours interne de la soci\u00e9t\u00e9 de gym (Jeunes Patriotes de Vevey) dans laquelle notre fils est inscrit et fait des concours en individuel (agr\u00e8s) et en groupe (sol, anneaux, barres fixes). Pour la premi\u00e8re fois\u2026","rel":"","context":"Dans &quot;Blogcaf\u00e9&quot;","block_context":{"text":"Blogcaf\u00e9","link":"https:\/\/lyonelkaufmann.ch\/Blog\/category\/blogcafe-2\/"},"img":{"alt_text":"","src":"https:\/\/i0.wp.com\/lyonelkaufmann.ch\/Blog\/wp-content\/uploads\/2015\/03\/blogcafe1.jpg?fit=1024%2C683&ssl=1&resize=350%2C200","width":350,"height":200,"srcset":"https:\/\/i0.wp.com\/lyonelkaufmann.ch\/Blog\/wp-content\/uploads\/2015\/03\/blogcafe1.jpg?fit=1024%2C683&ssl=1&resize=350%2C200 1x, https:\/\/i0.wp.com\/lyonelkaufmann.ch\/Blog\/wp-content\/uploads\/2015\/03\/blogcafe1.jpg?fit=1024%2C683&ssl=1&resize=525%2C300 1.5x, https:\/\/i0.wp.com\/lyonelkaufmann.ch\/Blog\/wp-content\/uploads\/2015\/03\/blogcafe1.jpg?fit=1024%2C683&ssl=1&resize=700%2C400 2x"},"classes":[]},{"id":9887,"url":"https:\/\/lyonelkaufmann.ch\/Blog\/2013\/06\/14\/fete-federale-bienne-photo-du-jour\/","url_meta":{"origin":9870,"position":4},"title":"F\u00eate f\u00e9d\u00e9rale @ Bienne | Photo du jour","author":"Lyonel Kaufmann","date":"14 juin 2013","format":"image","excerpt":"Premier jour du premier week-end de la F\u00eate f\u00e9d\u00e9rale \u00e0 Bienne, c'est l'heure des concours individuels \u00e0 la gymnastique d'agr\u00e8s. Une nu\u00e9e de gymnastes s'\u00e9gayent dans les concours et dans le public. L'amour de sa soci\u00e9t\u00e9 trouve ici chaussure \u00e0 son pied ! Dans tous les cas, une belle journ\u00e9e.\u2026","rel":"","context":"Dans &quot;Blogcaf\u00e9&quot;","block_context":{"text":"Blogcaf\u00e9","link":"https:\/\/lyonelkaufmann.ch\/Blog\/category\/blogcafe-2\/"},"img":{"alt_text":"","src":"https:\/\/i0.wp.com\/lyonelkaufmann.ch\/Blog\/wp-content\/uploads\/2015\/03\/20130614-220841.jpg?fit=726%2C480&ssl=1&resize=350%2C200","width":350,"height":200,"srcset":"https:\/\/i0.wp.com\/lyonelkaufmann.ch\/Blog\/wp-content\/uploads\/2015\/03\/20130614-220841.jpg?fit=726%2C480&ssl=1&resize=350%2C200 1x, https:\/\/i0.wp.com\/lyonelkaufmann.ch\/Blog\/wp-content\/uploads\/2015\/03\/20130614-220841.jpg?fit=726%2C480&ssl=1&resize=525%2C300 1.5x, https:\/\/i0.wp.com\/lyonelkaufmann.ch\/Blog\/wp-content\/uploads\/2015\/03\/20130614-220841.jpg?fit=726%2C480&ssl=1&resize=700%2C400 2x"},"classes":[]},{"id":9168,"url":"https:\/\/lyonelkaufmann.ch\/Blog\/2013\/01\/17\/festival-images-appel-a-candidatures\/","url_meta":{"origin":9870,"position":5},"title":"Festival Images : Appel \u00e0 candidatures","author":"Lyonel Kaufmann","date":"17 janvier 2013","format":false,"excerpt":"Le Festival Images relance son concours de photographie. Artistes et photographes ont jusqu'au 15 mars 2013 pour participer au Grand Prix international de photographie de Vevey. Le Grand Prix international de photographie de Vevey est une bourse d\u2019aide \u00e0 la cr\u00e9ation photographique. Ce prix de quelques CHF 40'000 (env. \u20ac33'000)\u2026","rel":"","context":"Dans &quot;L'Expresso&quot;","block_context":{"text":"L'Expresso","link":"https:\/\/lyonelkaufmann.ch\/Blog\/category\/breves\/"},"img":{"alt_text":"","src":"https:\/\/i0.wp.com\/lyonelkaufmann.ch\/Blog\/wp-content\/uploads\/2015\/03\/24.jpg?fit=1000%2C744&ssl=1&resize=350%2C200","width":350,"height":200,"srcset":"https:\/\/i0.wp.com\/lyonelkaufmann.ch\/Blog\/wp-content\/uploads\/2015\/03\/24.jpg?fit=1000%2C744&ssl=1&resize=350%2C200 1x, https:\/\/i0.wp.com\/lyonelkaufmann.ch\/Blog\/wp-content\/uploads\/2015\/03\/24.jpg?fit=1000%2C744&ssl=1&resize=525%2C300 1.5x, https:\/\/i0.wp.com\/lyonelkaufmann.ch\/Blog\/wp-content\/uploads\/2015\/03\/24.jpg?fit=1000%2C744&ssl=1&resize=700%2C400 2x"},"classes":[]}],"jetpack_likes_enabled":true,"_links":{"self":[{"href":"https:\/\/lyonelkaufmann.ch\/Blog\/wp-json\/wp\/v2\/posts\/9870","targetHints":{"allow":["GET"]}}],"collection":[{"href":"https:\/\/lyonelkaufmann.ch\/Blog\/wp-json\/wp\/v2\/posts"}],"about":[{"href":"https:\/\/lyonelkaufmann.ch\/Blog\/wp-json\/wp\/v2\/types\/post"}],"author":[{"embeddable":true,"href":"https:\/\/lyonelkaufmann.ch\/Blog\/wp-json\/wp\/v2\/users\/1"}],"replies":[{"embeddable":true,"href":"https:\/\/lyonelkaufmann.ch\/Blog\/wp-json\/wp\/v2\/comments?post=9870"}],"version-history":[{"count":0,"href":"https:\/\/lyonelkaufmann.ch\/Blog\/wp-json\/wp\/v2\/posts\/9870\/revisions"}],"wp:featuredmedia":[{"embeddable":true,"href":"https:\/\/lyonelkaufmann.ch\/Blog\/wp-json\/wp\/v2\/media\/13981"}],"wp:attachment":[{"href":"https:\/\/lyonelkaufmann.ch\/Blog\/wp-json\/wp\/v2\/media?parent=9870"}],"wp:term":[{"taxonomy":"category","embeddable":true,"href":"https:\/\/lyonelkaufmann.ch\/Blog\/wp-json\/wp\/v2\/categories?post=9870"},{"taxonomy":"post_tag","embeddable":true,"href":"https:\/\/lyonelkaufmann.ch\/Blog\/wp-json\/wp\/v2\/tags?post=9870"}],"curies":[{"name":"wp","href":"https:\/\/api.w.org\/{rel}","templated":true}]}}