{"id":9887,"date":"2013-06-14T21:12:03","date_gmt":"2013-06-14T20:12:03","guid":{"rendered":"https:\/\/lyonelkaufmann.ch\/Blog\/?p=9887"},"modified":"2013-06-14T21:12:03","modified_gmt":"2013-06-14T20:12:03","slug":"fete-federale-bienne-photo-du-jour","status":"publish","type":"post","link":"https:\/\/lyonelkaufmann.ch\/Blog\/2013\/06\/14\/fete-federale-bienne-photo-du-jour\/","title":{"rendered":"F\u00eate f\u00e9d\u00e9rale @ Bienne | Photo du jour"},"content":{"rendered":"<p><a href=\"https:\/\/i0.wp.com\/lyonelkaufmann.ch\/Blog\/wp-content\/uploads\/2013\/06\/20130614-220841.jpg\"><img data-recalc-dims=\"1\" decoding=\"async\" class=\"aligncenter size-full\" alt=\"20130614-220841.jpg\" src=\"https:\/\/i0.wp.com\/lyonelkaufmann.ch\/Blog\/wp-content\/uploads\/2013\/06\/20130614-220841.jpg\" \/><\/a><\/p>\n<p>Premier jour du premier week-end de la F\u00eate f\u00e9d\u00e9rale \u00e0 Bienne, c&rsquo;est l&rsquo;heure des concours individuels \u00e0 la gymnastique d&rsquo;agr\u00e8s. Une nu\u00e9e de gymnastes s&rsquo;\u00e9gayent dans les concours et dans le public. L&rsquo;amour de sa soci\u00e9t\u00e9 trouve ici chaussure \u00e0 son pied !<br \/>\nDans tous les cas, <a href=\"http:\/\/www.flickr.com\/photos\/lyonelkaufmann\/sets\/72157634130259772\/\" target=\"_blank\">une belle journ\u00e9e<\/a>. Merci \u00e0 tous ces gymnastes. Que la F\u00eate soit belle.<\/p>\n","protected":false},"excerpt":{"rendered":"<p>Premier jour du premier week-end de la F\u00eate f\u00e9d\u00e9rale \u00e0 Bienne, c&rsquo;est l&rsquo;heure des concours individuels \u00e0 la gymnastique d&rsquo;agr\u00e8s. Une nu\u00e9e de gymnastes s&rsquo;\u00e9gayent dans les concours et dans le public. L&rsquo;amour de sa soci\u00e9t\u00e9 trouve ici chaussure \u00e0 son pied ! Dans tous les cas, une belle journ\u00e9e. Merci \u00e0 tous ces gymnastes. [&hellip;]<\/p>\n","protected":false},"author":1,"featured_media":13982,"comment_status":"open","ping_status":"open","sticky":false,"template":"","format":"image","meta":{"_import_markdown_pro_load_document_selector":0,"_import_markdown_pro_submit_text_textarea":"","_genesis_hide_title":false,"_genesis_hide_breadcrumbs":false,"_genesis_hide_singular_image":false,"_genesis_hide_footer_widgets":false,"_genesis_custom_body_class":"","_genesis_custom_post_class":"","_genesis_layout":"","jetpack_post_was_ever_published":false,"_jetpack_newsletter_access":"","_jetpack_dont_email_post_to_subs":false,"_jetpack_newsletter_tier_id":0,"_jetpack_memberships_contains_paywalled_content":false,"_jetpack_memberships_contains_paid_content":false,"activitypub_content_warning":"","activitypub_content_visibility":"","activitypub_max_image_attachments":3,"activitypub_interaction_policy_quote":"anyone","activitypub_status":"","footnotes":"","jetpack_publicize_message":"","jetpack_publicize_feature_enabled":true,"jetpack_social_post_already_shared":true,"jetpack_social_options":{"image_generator_settings":{"template":"fullscreen","default_image_id":0,"font":"","enabled":false},"version":2}},"categories":[3],"tags":[803],"class_list":{"0":"post-9887","1":"post","2":"type-post","3":"status-publish","4":"format-image","5":"has-post-thumbnail","7":"category-blogcafe-2","8":"tag-gym-bienne","9":"post_format-post-format-image","10":"entry"},"jetpack_publicize_connections":[],"featured_image_src":"https:\/\/i0.wp.com\/lyonelkaufmann.ch\/Blog\/wp-content\/uploads\/2015\/03\/20130614-220841.jpg?resize=600%2C400&ssl=1","featured_image_src_square":"https:\/\/i0.wp.com\/lyonelkaufmann.ch\/Blog\/wp-content\/uploads\/2015\/03\/20130614-220841.jpg?resize=600%2C480&ssl=1","author_info":{"display_name":"Lyonel Kaufmann","author_link":"https:\/\/lyonelkaufmann.ch\/Blog\/author\/lyonelk\/"},"jetpack_featured_media_url":"https:\/\/i0.wp.com\/lyonelkaufmann.ch\/Blog\/wp-content\/uploads\/2015\/03\/20130614-220841.jpg?fit=726%2C480&ssl=1","jetpack_sharing_enabled":true,"jetpack_shortlink":"https:\/\/wp.me\/p1qtF4-2zt","jetpack-related-posts":[{"id":12590,"url":"https:\/\/lyonelkaufmann.ch\/Blog\/2007\/05\/20\/un-dimanche-ordinaire-de-fete-des-meres\/","url_meta":{"origin":9887,"position":0},"title":"Un dimanche ordinaire de f\u00eate des m\u00e8res\u2026","author":"Lyonel Kaufmann","date":"20 mai 2007","format":"aside","excerpt":"Dimanche 13 mai 2007, jour de la f\u00eate des m\u00e8res certes, mais surtout dimanche du concours interne de la soci\u00e9t\u00e9 de gym (Jeunes Patriotes de Vevey) dans laquelle notre fils est inscrit et fait des concours en individuel (agr\u00e8s) et en groupe (sol, anneaux, barres fixes). Pour la premi\u00e8re fois\u2026","rel":"","context":"Dans &quot;Blogcaf\u00e9&quot;","block_context":{"text":"Blogcaf\u00e9","link":"https:\/\/lyonelkaufmann.ch\/Blog\/category\/blogcafe-2\/"},"img":{"alt_text":"","src":"https:\/\/i0.wp.com\/lyonelkaufmann.ch\/Blog\/wp-content\/uploads\/2015\/03\/blogcafe1.jpg?fit=1024%2C683&ssl=1&resize=350%2C200","width":350,"height":200,"srcset":"https:\/\/i0.wp.com\/lyonelkaufmann.ch\/Blog\/wp-content\/uploads\/2015\/03\/blogcafe1.jpg?fit=1024%2C683&ssl=1&resize=350%2C200 1x, https:\/\/i0.wp.com\/lyonelkaufmann.ch\/Blog\/wp-content\/uploads\/2015\/03\/blogcafe1.jpg?fit=1024%2C683&ssl=1&resize=525%2C300 1.5x, https:\/\/i0.wp.com\/lyonelkaufmann.ch\/Blog\/wp-content\/uploads\/2015\/03\/blogcafe1.jpg?fit=1024%2C683&ssl=1&resize=700%2C400 2x"},"classes":[]},{"id":9895,"url":"https:\/\/lyonelkaufmann.ch\/Blog\/2013\/06\/14\/ma-journee-a-la-fete-federale-bienne\/","url_meta":{"origin":9887,"position":1},"title":"Ma journ\u00e9e \u00e0 la F\u00eate f\u00e9d\u00e9rale @ Bienne","author":"Lyonel Kaufmann","date":"14 juin 2013","format":"gallery","excerpt":"Diaporama des 61 photos : http:\/\/www.flickr.com\/apps\/slideshow\/show.swf?v=124984 Photos prises lors de la premi\u00e8re journ\u00e9e de la F\u00eate f\u00e9d\u00e9rale @ Bienne. C'\u00e9tait notamment la premi\u00e8re journ\u00e9e des concours individuels aux agr\u00e8s. Ce fut une agr\u00e9able journ\u00e9e peu ensoleill\u00e9e, mais suffisamment pour profiter des installations ext\u00e9rieure. Sur la place des f\u00eates, on percevait\u2026","rel":"","context":"Dans &quot;Blogcaf\u00e9&quot;","block_context":{"text":"Blogcaf\u00e9","link":"https:\/\/lyonelkaufmann.ch\/Blog\/category\/blogcafe-2\/"},"img":{"alt_text":"","src":"","width":0,"height":0},"classes":[]},{"id":991,"url":"https:\/\/lyonelkaufmann.ch\/Blog\/2008\/06\/02\/felicitations-au-groupe-mixte-des-jeunes-patriotes-de-vevey\/","url_meta":{"origin":9887,"position":2},"title":"F\u00e9licitations au groupe mixte des Jeunes Patriotes de Vevey!","author":"Lyonel Kaufmann","date":"2 juin 2008","format":"aside","excerpt":"Ce premier dimanche de juin ne comportait pas que des r\u00e9sultats de votation, mais pour le p\u00e8re que je suis, les r\u00e9sultats les plus importants concernaient mon fils et\u00a0son groupe mixte (11-16 ans) des Jeunes Patriotes de Vevey qui participaient aux\u00a0Championnats vaudois de gymnastique. Ils y ont\u00a0obtenus d'excellent r\u00e9sultats, jugez-en:\u2026","rel":"","context":"Dans &quot;Blogcaf\u00e9&quot;","block_context":{"text":"Blogcaf\u00e9","link":"https:\/\/lyonelkaufmann.ch\/Blog\/category\/blogcafe-2\/"},"img":{"alt_text":"Groupe mixte (11-16 ans) Jeunes Patriotes Vevey","src":"https:\/\/i0.wp.com\/gallery.mac.com\/lyonel.kaufmann\/100178\/IMGP1394\/web.jpg?resize=350%2C200","width":350,"height":200},"classes":[]},{"id":6428,"url":"https:\/\/lyonelkaufmann.ch\/Blog\/2012\/07\/17\/eurogym-2012-ouverture\/","url_meta":{"origin":9887,"position":3},"title":"Eurogym 2012 | Ouverture","author":"Lyonel Kaufmann","date":"17 juillet 2012","format":"image","excerpt":"Ce dimanche (15 juillet) \u00e0 Coimbra (Portugal) a eu lieu l'ouverture de l'\u00e9dition 2012 de l'Eurogym. 4000 jeunes jusqu'\u00e0 vingt ans (ou presque) participeront cette semaine \u00e0 cette \u00e9dition. Toute la ville sera anim\u00e9e par les prestations de ces gymnastes. Le tout dans en une ambiance bon enfant comme la\u2026","rel":"","context":"Dans &quot;Blogcaf\u00e9&quot;","block_context":{"text":"Blogcaf\u00e9","link":"https:\/\/lyonelkaufmann.ch\/Blog\/category\/blogcafe-2\/"},"img":{"alt_text":"","src":"https:\/\/i0.wp.com\/lyonelkaufmann.ch\/Blog\/wp-content\/uploads\/2015\/03\/20120717-102602.jpg?fit=922%2C611&ssl=1&resize=350%2C200","width":350,"height":200,"srcset":"https:\/\/i0.wp.com\/lyonelkaufmann.ch\/Blog\/wp-content\/uploads\/2015\/03\/20120717-102602.jpg?fit=922%2C611&ssl=1&resize=350%2C200 1x, https:\/\/i0.wp.com\/lyonelkaufmann.ch\/Blog\/wp-content\/uploads\/2015\/03\/20120717-102602.jpg?fit=922%2C611&ssl=1&resize=525%2C300 1.5x, https:\/\/i0.wp.com\/lyonelkaufmann.ch\/Blog\/wp-content\/uploads\/2015\/03\/20120717-102602.jpg?fit=922%2C611&ssl=1&resize=700%2C400 2x"},"classes":[]},{"id":20124,"url":"https:\/\/lyonelkaufmann.ch\/Blog\/2019\/05\/06\/mai-06-2019-1104\/","url_meta":{"origin":9887,"position":4},"title":"Immersion production fribourgeoise Gymnastrada","author":"Lyonel Kaufmann","date":"6 mai 2019","format":false,"excerpt":"Ce samedi 4 mai 2019, \u00e0 Fribourg au coll\u00e8ge Ste-Croix, le groupe fribourgeois de la Gymnastrada 2019 pr\u00e9sentait sa production Immersion pour la premi\u00e8re fois en public. Nous avons pass\u00e9 un tr\u00e8s bon moment en compagnie de ces gymnastes et de productions de groupe de belle qualit\u00e9. Powered by Journey\u2026","rel":"","context":"Dans &quot;Blogcaf\u00e9&quot;","block_context":{"text":"Blogcaf\u00e9","link":"https:\/\/lyonelkaufmann.ch\/Blog\/category\/blogcafe-2\/"},"img":{"alt_text":"","src":"https:\/\/i0.wp.com\/lyonelkaufmann.ch\/Blog\/wp-content\/uploads\/2019\/05\/1557133475138-5tbsiyifu8hucdon-wj48v3sgqa5mrdqb.jpg?fit=1200%2C1194&ssl=1&resize=350%2C200","width":350,"height":200,"srcset":"https:\/\/i0.wp.com\/lyonelkaufmann.ch\/Blog\/wp-content\/uploads\/2019\/05\/1557133475138-5tbsiyifu8hucdon-wj48v3sgqa5mrdqb.jpg?fit=1200%2C1194&ssl=1&resize=350%2C200 1x, https:\/\/i0.wp.com\/lyonelkaufmann.ch\/Blog\/wp-content\/uploads\/2019\/05\/1557133475138-5tbsiyifu8hucdon-wj48v3sgqa5mrdqb.jpg?fit=1200%2C1194&ssl=1&resize=525%2C300 1.5x, https:\/\/i0.wp.com\/lyonelkaufmann.ch\/Blog\/wp-content\/uploads\/2019\/05\/1557133475138-5tbsiyifu8hucdon-wj48v3sgqa5mrdqb.jpg?fit=1200%2C1194&ssl=1&resize=700%2C400 2x, https:\/\/i0.wp.com\/lyonelkaufmann.ch\/Blog\/wp-content\/uploads\/2019\/05\/1557133475138-5tbsiyifu8hucdon-wj48v3sgqa5mrdqb.jpg?fit=1200%2C1194&ssl=1&resize=1050%2C600 3x"},"classes":[]},{"id":15039,"url":"https:\/\/lyonelkaufmann.ch\/Blog\/2015\/08\/15\/renversant-photo-du-mois\/","url_meta":{"origin":9887,"position":5},"title":"Renversant |\u00a0Photo du mois","author":"Lyonel Kaufmann","date":"15 ao\u00fbt 2015","format":false,"excerpt":"Pour le mois d\u2019ao\u00fbt, c\u2019est Carole qui s\u2019y colle et nous a propos\u00e9 \u00abRenversant\u00bb avec l\u2019explication suivante : Comme vous le savez (ou peut-\u00eatre pas!), je vis en Australie, le pays o\u00f9 on a la t\u00eate en bas.Mon th\u00e8me sera donc... \"Renversant\". Que ce soit l'adjectif synonyme de Incroyable, Etonnant,\u2026","rel":"","context":"Dans &quot;Photo du mois&quot;","block_context":{"text":"Photo du mois","link":"https:\/\/lyonelkaufmann.ch\/Blog\/category\/photo-du-mois\/"},"img":{"alt_text":"","src":"https:\/\/i0.wp.com\/lyonelkaufmann.ch\/Blog\/wp-content\/uploads\/2015\/08\/20402591506_e907f112ca_c.jpg?fit=800%2C800&ssl=1&resize=350%2C200","width":350,"height":200,"srcset":"https:\/\/i0.wp.com\/lyonelkaufmann.ch\/Blog\/wp-content\/uploads\/2015\/08\/20402591506_e907f112ca_c.jpg?fit=800%2C800&ssl=1&resize=350%2C200 1x, https:\/\/i0.wp.com\/lyonelkaufmann.ch\/Blog\/wp-content\/uploads\/2015\/08\/20402591506_e907f112ca_c.jpg?fit=800%2C800&ssl=1&resize=525%2C300 1.5x, https:\/\/i0.wp.com\/lyonelkaufmann.ch\/Blog\/wp-content\/uploads\/2015\/08\/20402591506_e907f112ca_c.jpg?fit=800%2C800&ssl=1&resize=700%2C400 2x"},"classes":[]}],"jetpack_likes_enabled":true,"_links":{"self":[{"href":"https:\/\/lyonelkaufmann.ch\/Blog\/wp-json\/wp\/v2\/posts\/9887","targetHints":{"allow":["GET"]}}],"collection":[{"href":"https:\/\/lyonelkaufmann.ch\/Blog\/wp-json\/wp\/v2\/posts"}],"about":[{"href":"https:\/\/lyonelkaufmann.ch\/Blog\/wp-json\/wp\/v2\/types\/post"}],"author":[{"embeddable":true,"href":"https:\/\/lyonelkaufmann.ch\/Blog\/wp-json\/wp\/v2\/users\/1"}],"replies":[{"embeddable":true,"href":"https:\/\/lyonelkaufmann.ch\/Blog\/wp-json\/wp\/v2\/comments?post=9887"}],"version-history":[{"count":0,"href":"https:\/\/lyonelkaufmann.ch\/Blog\/wp-json\/wp\/v2\/posts\/9887\/revisions"}],"wp:featuredmedia":[{"embeddable":true,"href":"https:\/\/lyonelkaufmann.ch\/Blog\/wp-json\/wp\/v2\/media\/13982"}],"wp:attachment":[{"href":"https:\/\/lyonelkaufmann.ch\/Blog\/wp-json\/wp\/v2\/media?parent=9887"}],"wp:term":[{"taxonomy":"category","embeddable":true,"href":"https:\/\/lyonelkaufmann.ch\/Blog\/wp-json\/wp\/v2\/categories?post=9887"},{"taxonomy":"post_tag","embeddable":true,"href":"https:\/\/lyonelkaufmann.ch\/Blog\/wp-json\/wp\/v2\/tags?post=9887"}],"curies":[{"name":"wp","href":"https:\/\/api.w.org\/{rel}","templated":true}]}}