{"id":9895,"date":"2013-06-14T22:42:39","date_gmt":"2013-06-14T21:42:39","guid":{"rendered":"https:\/\/lyonelkaufmann.ch\/Blog\/?p=9895"},"modified":"2013-06-14T22:42:39","modified_gmt":"2013-06-14T21:42:39","slug":"ma-journee-a-la-fete-federale-bienne","status":"publish","type":"post","link":"https:\/\/lyonelkaufmann.ch\/Blog\/2013\/06\/14\/ma-journee-a-la-fete-federale-bienne\/","title":{"rendered":"Ma journ\u00e9e \u00e0 la F\u00eate f\u00e9d\u00e9rale @ Bienne"},"content":{"rendered":"<div style=\"padding:0;overflow:hidden;margin:0;width:500px;\"><a style=\"text-decoration:none;\" title=\"F\u00eate f\u00e9d\u00e9rale @ Bienne\" href=\"http:\/\/www.flickr.com\/photos\/lyonelkaufmann\/9043242667\/in\/set-72157634130259772\/\"><img data-recalc-dims=\"1\" decoding=\"async\" style=\"padding:0 10px 10px 0;width:75px;height:75px;float:left;\" alt=\"F\u00eate f\u00e9d\u00e9rale @ Bienne\" src=\"https:\/\/i0.wp.com\/farm8.staticflickr.com\/7387\/9043242667_01bba5b2d1_s.jpg\" \/><\/a><a style=\"text-decoration:none;\" title=\"F\u00eate f\u00e9d\u00e9rale @ Bienne\" href=\"http:\/\/www.flickr.com\/photos\/lyonelkaufmann\/9043293701\/in\/set-72157634130259772\/\"><img data-recalc-dims=\"1\" decoding=\"async\" style=\"padding:0 10px 10px 0;width:75px;height:75px;float:left;\" alt=\"F\u00eate f\u00e9d\u00e9rale @ Bienne\" src=\"https:\/\/i0.wp.com\/farm3.staticflickr.com\/2882\/9043293701_63d9df9b9a_s.jpg\" \/><\/a><a style=\"text-decoration:none;\" title=\"F\u00eate f\u00e9d\u00e9rale @ Bienne\" href=\"http:\/\/www.flickr.com\/photos\/lyonelkaufmann\/9043126901\/in\/set-72157634130259772\/\"><img data-recalc-dims=\"1\" decoding=\"async\" style=\"padding:0 10px 10px 0;width:75px;height:75px;float:left;\" alt=\"F\u00eate f\u00e9d\u00e9rale @ Bienne\" src=\"https:\/\/i0.wp.com\/farm8.staticflickr.com\/7282\/9043126901_bcb5a9e982_s.jpg\" \/><\/a><a style=\"text-decoration:none;\" title=\"F\u00eate f\u00e9d\u00e9rale @ Bienne\" href=\"http:\/\/www.flickr.com\/photos\/lyonelkaufmann\/9045351796\/in\/set-72157634130259772\/\"><img data-recalc-dims=\"1\" decoding=\"async\" style=\"padding:0 10px 10px 0;width:75px;height:75px;float:left;\" alt=\"F\u00eate f\u00e9d\u00e9rale @ Bienne\" src=\"https:\/\/i0.wp.com\/farm8.staticflickr.com\/7314\/9045351796_070bf708bb_s.jpg\" \/><\/a><a style=\"text-decoration:none;\" title=\"F\u00eate f\u00e9d\u00e9rale @ Bienne\" href=\"http:\/\/www.flickr.com\/photos\/lyonelkaufmann\/9043132453\/in\/set-72157634130259772\/\"><img data-recalc-dims=\"1\" decoding=\"async\" style=\"padding:0 10px 10px 0;width:75px;height:75px;float:left;\" alt=\"F\u00eate f\u00e9d\u00e9rale @ Bienne\" src=\"https:\/\/i0.wp.com\/farm3.staticflickr.com\/2870\/9043132453_847cda8429_s.jpg\" \/><\/a><a style=\"text-decoration:none;\" title=\"F\u00eate f\u00e9d\u00e9rale @ Bienne\" href=\"http:\/\/www.flickr.com\/photos\/lyonelkaufmann\/9043134375\/in\/set-72157634130259772\/\"><img data-recalc-dims=\"1\" decoding=\"async\" style=\"padding:0 0 10px;width:75px;height:75px;float:left;\" alt=\"F\u00eate f\u00e9d\u00e9rale @ Bienne\" src=\"https:\/\/i0.wp.com\/farm4.staticflickr.com\/3686\/9043134375_378fb7683e_s.jpg\" \/><\/a><br \/><a style=\"text-decoration:none;\" title=\"F\u00eate f\u00e9d\u00e9rale @ Bienne\" href=\"http:\/\/www.flickr.com\/photos\/lyonelkaufmann\/9043137171\/in\/set-72157634130259772\/\"><img data-recalc-dims=\"1\" decoding=\"async\" style=\"padding:0 10px 10px 0;width:75px;height:75px;float:left;\" alt=\"F\u00eate f\u00e9d\u00e9rale @ Bienne\" src=\"https:\/\/i0.wp.com\/farm8.staticflickr.com\/7383\/9043137171_ac0af9fa47_s.jpg\" \/><\/a><a style=\"text-decoration:none;\" title=\"F\u00eate f\u00e9d\u00e9rale @ Bienne\" href=\"http:\/\/www.flickr.com\/photos\/lyonelkaufmann\/9045362122\/in\/set-72157634130259772\/\"><img data-recalc-dims=\"1\" decoding=\"async\" style=\"padding:0 10px 10px 0;width:75px;height:75px;float:left;\" alt=\"F\u00eate f\u00e9d\u00e9rale @ Bienne\" src=\"https:\/\/i0.wp.com\/farm3.staticflickr.com\/2824\/9045362122_18c36eabb9_s.jpg\" \/><\/a><a style=\"text-decoration:none;\" title=\"F\u00eate f\u00e9d\u00e9rale @ Bienne\" href=\"http:\/\/www.flickr.com\/photos\/lyonelkaufmann\/9043141013\/in\/set-72157634130259772\/\"><img data-recalc-dims=\"1\" decoding=\"async\" style=\"padding:0 10px 10px 0;width:75px;height:75px;float:left;\" alt=\"F\u00eate f\u00e9d\u00e9rale @ Bienne\" src=\"https:\/\/i0.wp.com\/farm8.staticflickr.com\/7437\/9043141013_ee10ccf8d6_s.jpg\" \/><\/a><a style=\"text-decoration:none;\" title=\"F\u00eate f\u00e9d\u00e9rale @ Bienne\" href=\"http:\/\/www.flickr.com\/photos\/lyonelkaufmann\/9045367888\/in\/set-72157634130259772\/\"><img data-recalc-dims=\"1\" decoding=\"async\" style=\"padding:0 10px 10px 0;width:75px;height:75px;float:left;\" alt=\"F\u00eate f\u00e9d\u00e9rale @ Bienne\" src=\"https:\/\/i0.wp.com\/farm4.staticflickr.com\/3797\/9045367888_77ab296155_s.jpg\" \/><\/a><a style=\"text-decoration:none;\" title=\"F\u00eate f\u00e9d\u00e9rale @ Bienne\" href=\"http:\/\/www.flickr.com\/photos\/lyonelkaufmann\/9043151243\/in\/set-72157634130259772\/\"><img data-recalc-dims=\"1\" decoding=\"async\" style=\"padding:0 10px 10px 0;width:75px;height:75px;float:left;\" alt=\"F\u00eate f\u00e9d\u00e9rale @ Bienne\" src=\"https:\/\/i0.wp.com\/farm8.staticflickr.com\/7383\/9043151243_3e200cc56f_s.jpg\" \/><\/a><a style=\"text-decoration:none;\" title=\"F\u00eate f\u00e9d\u00e9rale @ Bienne\" href=\"http:\/\/www.flickr.com\/photos\/lyonelkaufmann\/9043154545\/in\/set-72157634130259772\/\"><img data-recalc-dims=\"1\" decoding=\"async\" style=\"padding:0 0 10px;width:75px;height:75px;float:left;\" alt=\"F\u00eate f\u00e9d\u00e9rale @ Bienne\" src=\"https:\/\/i0.wp.com\/farm4.staticflickr.com\/3829\/9043154545_d9f03eb07e_s.jpg\" \/><\/a><br \/><a style=\"text-decoration:none;\" title=\"F\u00eate f\u00e9d\u00e9rale @ Bienne\" href=\"http:\/\/www.flickr.com\/photos\/lyonelkaufmann\/9045393186\/in\/set-72157634130259772\/\"><img data-recalc-dims=\"1\" decoding=\"async\" style=\"padding:0 10px 10px 0;width:75px;height:75px;float:left;\" alt=\"F\u00eate f\u00e9d\u00e9rale @ Bienne\" src=\"https:\/\/i0.wp.com\/farm3.staticflickr.com\/2893\/9045393186_6901e29d19_s.jpg\" \/><\/a><a style=\"text-decoration:none;\" title=\"F\u00eate f\u00e9d\u00e9rale @ Bienne\" href=\"http:\/\/www.flickr.com\/photos\/lyonelkaufmann\/9045395054\/in\/set-72157634130259772\/\"><img data-recalc-dims=\"1\" decoding=\"async\" style=\"padding:0 10px 10px 0;width:75px;height:75px;float:left;\" alt=\"F\u00eate f\u00e9d\u00e9rale @ Bienne\" src=\"https:\/\/i0.wp.com\/farm6.staticflickr.com\/5451\/9045395054_a0ce0bd198_s.jpg\" \/><\/a><a style=\"text-decoration:none;\" title=\"F\u00eate f\u00e9d\u00e9rale @ Bienne\" href=\"http:\/\/www.flickr.com\/photos\/lyonelkaufmann\/9043173959\/in\/set-72157634130259772\/\"><img data-recalc-dims=\"1\" decoding=\"async\" style=\"padding:0 10px 10px 0;width:75px;height:75px;float:left;\" alt=\"F\u00eate f\u00e9d\u00e9rale @ Bienne\" src=\"https:\/\/i0.wp.com\/farm4.staticflickr.com\/3773\/9043173959_08db8a680d_s.jpg\" \/><\/a><a style=\"text-decoration:none;\" title=\"F\u00eate f\u00e9d\u00e9rale @ Bienne\" href=\"http:\/\/www.flickr.com\/photos\/lyonelkaufmann\/9043175785\/in\/set-72157634130259772\/\"><img data-recalc-dims=\"1\" decoding=\"async\" style=\"padding:0 10px 10px 0;width:75px;height:75px;float:left;\" alt=\"F\u00eate f\u00e9d\u00e9rale @ Bienne\" src=\"https:\/\/i0.wp.com\/farm8.staticflickr.com\/7302\/9043175785_5c49e6afcd_s.jpg\" \/><\/a><a style=\"text-decoration:none;\" title=\"F\u00eate f\u00e9d\u00e9rale @ Bienne\" href=\"http:\/\/www.flickr.com\/photos\/lyonelkaufmann\/9043177459\/in\/set-72157634130259772\/\"><img data-recalc-dims=\"1\" decoding=\"async\" style=\"padding:0 10px 10px 0;width:75px;height:75px;float:left;\" alt=\"F\u00eate f\u00e9d\u00e9rale @ Bienne\" src=\"https:\/\/i0.wp.com\/farm8.staticflickr.com\/7380\/9043177459_a3e7148964_s.jpg\" \/><\/a><a style=\"text-decoration:none;\" title=\"F\u00eate f\u00e9d\u00e9rale @ Bienne\" href=\"http:\/\/www.flickr.com\/photos\/lyonelkaufmann\/9045402470\/in\/set-72157634130259772\/\"><img data-recalc-dims=\"1\" decoding=\"async\" style=\"padding:0 0 10px;width:75px;height:75px;float:left;\" alt=\"F\u00eate f\u00e9d\u00e9rale @ Bienne\" src=\"https:\/\/i0.wp.com\/farm8.staticflickr.com\/7291\/9045402470_4a821c5954_s.jpg\" \/><\/a><br \/><a style=\"text-decoration:none;\" title=\"F\u00eate f\u00e9d\u00e9rale @ Bienne\" href=\"http:\/\/www.flickr.com\/photos\/lyonelkaufmann\/9045405086\/in\/set-72157634130259772\/\"><img data-recalc-dims=\"1\" decoding=\"async\" style=\"padding:0 10px 10px 0;width:75px;height:75px;float:left;\" alt=\"F\u00eate f\u00e9d\u00e9rale @ Bienne\" src=\"https:\/\/i0.wp.com\/farm6.staticflickr.com\/5450\/9045405086_7af99e91ed_s.jpg\" \/><\/a><a style=\"text-decoration:none;\" title=\"F\u00eate f\u00e9d\u00e9rale @ Bienne\" href=\"http:\/\/www.flickr.com\/photos\/lyonelkaufmann\/9043184239\/in\/set-72157634130259772\/\"><img data-recalc-dims=\"1\" decoding=\"async\" style=\"padding:0 10px 10px 0;width:75px;height:75px;float:left;\" alt=\"F\u00eate f\u00e9d\u00e9rale @ Bienne\" src=\"https:\/\/i0.wp.com\/farm8.staticflickr.com\/7350\/9043184239_b4d9ae5070_s.jpg\" \/><\/a><a style=\"text-decoration:none;\" title=\"F\u00eate f\u00e9d\u00e9rale @ Bienne\" href=\"http:\/\/www.flickr.com\/photos\/lyonelkaufmann\/9043296917\/in\/set-72157634130259772\/\"><img data-recalc-dims=\"1\" decoding=\"async\" style=\"padding:0 10px 10px 0;width:75px;height:75px;float:left;\" alt=\"F\u00eate f\u00e9d\u00e9rale @ Bienne\" src=\"https:\/\/i0.wp.com\/farm8.staticflickr.com\/7326\/9043296917_5cd999df3b_s.jpg\" \/><\/a><a style=\"text-decoration:none;\" title=\"F\u00eate f\u00e9d\u00e9rale @ Bienne\" href=\"http:\/\/www.flickr.com\/photos\/lyonelkaufmann\/9045409162\/in\/set-72157634130259772\/\"><img data-recalc-dims=\"1\" decoding=\"async\" style=\"padding:0 10px 10px 0;width:75px;height:75px;float:left;\" alt=\"F\u00eate f\u00e9d\u00e9rale @ Bienne\" src=\"https:\/\/i0.wp.com\/farm4.staticflickr.com\/3737\/9045409162_a53575a7f2_s.jpg\" \/><\/a><a style=\"text-decoration:none;\" title=\"F\u00eate f\u00e9d\u00e9rale @ Bienne\" href=\"http:\/\/www.flickr.com\/photos\/lyonelkaufmann\/9043188417\/in\/set-72157634130259772\/\"><img data-recalc-dims=\"1\" decoding=\"async\" style=\"padding:0 10px 10px 0;width:75px;height:75px;float:left;\" alt=\"F\u00eate f\u00e9d\u00e9rale @ Bienne\" src=\"https:\/\/i0.wp.com\/farm8.staticflickr.com\/7451\/9043188417_4eb3e6f3bf_s.jpg\" \/><\/a><a style=\"text-decoration:none;\" title=\"F\u00eate f\u00e9d\u00e9rale @ Bienne\" href=\"http:\/\/www.flickr.com\/photos\/lyonelkaufmann\/9045415086\/in\/set-72157634130259772\/\"><img data-recalc-dims=\"1\" decoding=\"async\" style=\"padding:0 0 10px;width:75px;height:75px;float:left;\" alt=\"F\u00eate f\u00e9d\u00e9rale @ Bienne\" src=\"https:\/\/i0.wp.com\/farm4.staticflickr.com\/3670\/9045415086_5fb50737b4_s.jpg\" \/><\/a><\/div>\n<div style=\"font-size:.8em;margin-top:0;margin-bottom:5px;\">\n<p>Diaporama des 61 photos :<\/p>\n<\/div>\n<p><a href=\"http:\/\/www.flickr.com\/apps\/slideshow\/show.swf?v=124984\">http:\/\/www.flickr.com\/apps\/slideshow\/show.swf?v=124984<\/a><br \/>\nPhotos prises lors de la premi\u00e8re journ\u00e9e de la F\u00eate f\u00e9d\u00e9rale @ Bienne. C&rsquo;\u00e9tait notamment la premi\u00e8re journ\u00e9e des concours individuels aux agr\u00e8s.<\/p>\n<p>Ce fut une agr\u00e9able journ\u00e9e peu ensoleill\u00e9e, mais suffisamment pour profiter des installations ext\u00e9rieure.<\/p>\n<p>Sur la place des f\u00eates, on percevait par endroit les stigmates de la temp\u00eate du jeudi soir.<\/p>\n<p><a href=\"http:\/\/www.flickr.com\/photos\/lyonelkaufmann\/sets\/72157634130259772\/\">Ma journ\u00e9e \u00e0 la F\u00eate f\u00e9d\u00e9rale @ Bienne<\/a>, un album sur Flickr.<\/p>\n","protected":false},"excerpt":{"rendered":"<p>Diaporama des 61 photos : http:\/\/www.flickr.com\/apps\/slideshow\/show.swf?v=124984 Photos prises lors de la premi\u00e8re journ\u00e9e de la F\u00eate f\u00e9d\u00e9rale @ Bienne. C&rsquo;\u00e9tait notamment la premi\u00e8re journ\u00e9e des concours individuels aux agr\u00e8s. Ce fut une agr\u00e9able journ\u00e9e peu ensoleill\u00e9e, mais suffisamment pour profiter des installations ext\u00e9rieure. Sur la place des f\u00eates, on percevait par endroit les stigmates de [&hellip;]<\/p>\n","protected":false},"author":1,"featured_media":13983,"comment_status":"open","ping_status":"open","sticky":false,"template":"","format":"gallery","meta":{"_import_markdown_pro_load_document_selector":0,"_import_markdown_pro_submit_text_textarea":"","_genesis_hide_title":false,"_genesis_hide_breadcrumbs":false,"_genesis_hide_singular_image":false,"_genesis_hide_footer_widgets":false,"_genesis_custom_body_class":"","_genesis_custom_post_class":"","_genesis_layout":"","jetpack_post_was_ever_published":false,"_jetpack_newsletter_access":"","_jetpack_dont_email_post_to_subs":false,"_jetpack_newsletter_tier_id":0,"_jetpack_memberships_contains_paywalled_content":false,"_jetpack_memberships_contains_paid_content":false,"activitypub_content_warning":"","activitypub_content_visibility":"","activitypub_max_image_attachments":3,"activitypub_interaction_policy_quote":"anyone","activitypub_status":"","footnotes":"","jetpack_publicize_message":"","jetpack_publicize_feature_enabled":true,"jetpack_social_post_already_shared":true,"jetpack_social_options":{"image_generator_settings":{"template":"fullscreen","default_image_id":0,"font":"","enabled":false},"version":2}},"categories":[3],"tags":[],"class_list":{"0":"post-9895","1":"post","2":"type-post","3":"status-publish","4":"format-gallery","5":"has-post-thumbnail","7":"category-blogcafe-2","8":"post_format-post-format-gallery","9":"entry"},"jetpack_publicize_connections":[],"featured_image_src":"https:\/\/i0.wp.com\/lyonelkaufmann.ch\/Blog\/wp-content\/uploads\/2015\/03\/9043242667_01bba5b2d1_s.jpg?resize=75%2C75&ssl=1","featured_image_src_square":"https:\/\/i0.wp.com\/lyonelkaufmann.ch\/Blog\/wp-content\/uploads\/2015\/03\/9043242667_01bba5b2d1_s.jpg?resize=75%2C75&ssl=1","author_info":{"display_name":"Lyonel Kaufmann","author_link":"https:\/\/lyonelkaufmann.ch\/Blog\/author\/lyonelk\/"},"jetpack_featured_media_url":"https:\/\/i0.wp.com\/lyonelkaufmann.ch\/Blog\/wp-content\/uploads\/2015\/03\/9043242667_01bba5b2d1_s.jpg?fit=75%2C75&ssl=1","jetpack_sharing_enabled":true,"jetpack_shortlink":"https:\/\/wp.me\/p1qtF4-2zB","jetpack-related-posts":[{"id":9887,"url":"https:\/\/lyonelkaufmann.ch\/Blog\/2013\/06\/14\/fete-federale-bienne-photo-du-jour\/","url_meta":{"origin":9895,"position":0},"title":"F\u00eate f\u00e9d\u00e9rale @ Bienne | Photo du jour","author":"Lyonel Kaufmann","date":"14 juin 2013","format":"image","excerpt":"Premier jour du premier week-end de la F\u00eate f\u00e9d\u00e9rale \u00e0 Bienne, c'est l'heure des concours individuels \u00e0 la gymnastique d'agr\u00e8s. Une nu\u00e9e de gymnastes s'\u00e9gayent dans les concours et dans le public. L'amour de sa soci\u00e9t\u00e9 trouve ici chaussure \u00e0 son pied ! Dans tous les cas, une belle journ\u00e9e.\u2026","rel":"","context":"Dans &quot;Blogcaf\u00e9&quot;","block_context":{"text":"Blogcaf\u00e9","link":"https:\/\/lyonelkaufmann.ch\/Blog\/category\/blogcafe-2\/"},"img":{"alt_text":"","src":"https:\/\/i0.wp.com\/lyonelkaufmann.ch\/Blog\/wp-content\/uploads\/2015\/03\/20130614-220841.jpg?fit=726%2C480&ssl=1&resize=350%2C200","width":350,"height":200,"srcset":"https:\/\/i0.wp.com\/lyonelkaufmann.ch\/Blog\/wp-content\/uploads\/2015\/03\/20130614-220841.jpg?fit=726%2C480&ssl=1&resize=350%2C200 1x, https:\/\/i0.wp.com\/lyonelkaufmann.ch\/Blog\/wp-content\/uploads\/2015\/03\/20130614-220841.jpg?fit=726%2C480&ssl=1&resize=525%2C300 1.5x, https:\/\/i0.wp.com\/lyonelkaufmann.ch\/Blog\/wp-content\/uploads\/2015\/03\/20130614-220841.jpg?fit=726%2C480&ssl=1&resize=700%2C400 2x"},"classes":[]},{"id":17582,"url":"https:\/\/lyonelkaufmann.ch\/Blog\/2016\/10\/22\/journee-dautomne-palais-federal\/","url_meta":{"origin":9895,"position":1},"title":"Journ\u00e9e d&rsquo;automne | Palais f\u00e9d\u00e9ral","author":"Lyonel Kaufmann","date":"22 octobre 2016","format":false,"excerpt":"Il est 8h30 lorsque je me dirige d'un pas r\u00e9solu en direction des Archives f\u00e9d\u00e9rales pour mon atelier Wikipedia. Je m'engage sur le pont enjambant l'Aar. J'ai le temps de saisir le Palais f\u00e9d\u00e9ral dans une splendeur toute automnale.","rel":"","context":"Dans &quot;Diary&quot;","block_context":{"text":"Diary","link":"https:\/\/lyonelkaufmann.ch\/Blog\/category\/diary\/"},"img":{"alt_text":"","src":"https:\/\/i0.wp.com\/lyonelkaufmann.ch\/Blog\/wp-content\/uploads\/2016\/10\/Image-22.10.16-17-00.jpeg?fit=1200%2C799&ssl=1&resize=350%2C200","width":350,"height":200,"srcset":"https:\/\/i0.wp.com\/lyonelkaufmann.ch\/Blog\/wp-content\/uploads\/2016\/10\/Image-22.10.16-17-00.jpeg?fit=1200%2C799&ssl=1&resize=350%2C200 1x, https:\/\/i0.wp.com\/lyonelkaufmann.ch\/Blog\/wp-content\/uploads\/2016\/10\/Image-22.10.16-17-00.jpeg?fit=1200%2C799&ssl=1&resize=525%2C300 1.5x, https:\/\/i0.wp.com\/lyonelkaufmann.ch\/Blog\/wp-content\/uploads\/2016\/10\/Image-22.10.16-17-00.jpeg?fit=1200%2C799&ssl=1&resize=700%2C400 2x, https:\/\/i0.wp.com\/lyonelkaufmann.ch\/Blog\/wp-content\/uploads\/2016\/10\/Image-22.10.16-17-00.jpeg?fit=1200%2C799&ssl=1&resize=1050%2C600 3x"},"classes":[]},{"id":12590,"url":"https:\/\/lyonelkaufmann.ch\/Blog\/2007\/05\/20\/un-dimanche-ordinaire-de-fete-des-meres\/","url_meta":{"origin":9895,"position":2},"title":"Un dimanche ordinaire de f\u00eate des m\u00e8res\u2026","author":"Lyonel Kaufmann","date":"20 mai 2007","format":"aside","excerpt":"Dimanche 13 mai 2007, jour de la f\u00eate des m\u00e8res certes, mais surtout dimanche du concours interne de la soci\u00e9t\u00e9 de gym (Jeunes Patriotes de Vevey) dans laquelle notre fils est inscrit et fait des concours en individuel (agr\u00e8s) et en groupe (sol, anneaux, barres fixes). Pour la premi\u00e8re fois\u2026","rel":"","context":"Dans &quot;Blogcaf\u00e9&quot;","block_context":{"text":"Blogcaf\u00e9","link":"https:\/\/lyonelkaufmann.ch\/Blog\/category\/blogcafe-2\/"},"img":{"alt_text":"","src":"https:\/\/i0.wp.com\/lyonelkaufmann.ch\/Blog\/wp-content\/uploads\/2015\/03\/blogcafe1.jpg?fit=1024%2C683&ssl=1&resize=350%2C200","width":350,"height":200,"srcset":"https:\/\/i0.wp.com\/lyonelkaufmann.ch\/Blog\/wp-content\/uploads\/2015\/03\/blogcafe1.jpg?fit=1024%2C683&ssl=1&resize=350%2C200 1x, https:\/\/i0.wp.com\/lyonelkaufmann.ch\/Blog\/wp-content\/uploads\/2015\/03\/blogcafe1.jpg?fit=1024%2C683&ssl=1&resize=525%2C300 1.5x, https:\/\/i0.wp.com\/lyonelkaufmann.ch\/Blog\/wp-content\/uploads\/2015\/03\/blogcafe1.jpg?fit=1024%2C683&ssl=1&resize=700%2C400 2x"},"classes":[]},{"id":4787,"url":"https:\/\/lyonelkaufmann.ch\/Blog\/2011\/08\/08\/4-coins-ch-gandria-tessin\/","url_meta":{"origin":9895,"position":3},"title":"4 coins CH : Gandria (Tessin)","author":"Lyonel Kaufmann","date":"8 ao\u00fbt 2011","format":false,"excerpt":"En cet \u00e9t\u00e9 2011, la mode est \u00e0 la Suisse. Surtout de la part des partis et des candidat-e-s aux \u00e9lections f\u00e9d\u00e9rales de cet automne. Pour ma part, mon fils f\u00eatant ses seize ans et commen\u00e7ant son apprentissage \u00e0 mi-ao\u00fbt, nous avons entrepris un mini tour de Suisse \u00e0 moto\u2026","rel":"","context":"Dans &quot;Blogcaf\u00e9&quot;","block_context":{"text":"Blogcaf\u00e9","link":"https:\/\/lyonelkaufmann.ch\/Blog\/category\/blogcafe-2\/"},"img":{"alt_text":"","src":"https:\/\/i0.wp.com\/lyonelkaufmann.ch\/Blog\/wp-content\/uploads\/2015\/03\/IMG_0216.jpg?fit=600%2C448&ssl=1&resize=350%2C200","width":350,"height":200,"srcset":"https:\/\/i0.wp.com\/lyonelkaufmann.ch\/Blog\/wp-content\/uploads\/2015\/03\/IMG_0216.jpg?fit=600%2C448&ssl=1&resize=350%2C200 1x, https:\/\/i0.wp.com\/lyonelkaufmann.ch\/Blog\/wp-content\/uploads\/2015\/03\/IMG_0216.jpg?fit=600%2C448&ssl=1&resize=525%2C300 1.5x"},"classes":[]},{"id":22374,"url":"https:\/\/lyonelkaufmann.ch\/Blog\/2020\/12\/24\/joyeuses-fetes-a-vous-et-vos-proches\/","url_meta":{"origin":9895,"position":4},"title":"Joyeuses F\u00eates \u00e0 vous et vos proches","author":"Lyonel Kaufmann","date":"24 d\u00e9cembre 2020","format":false,"excerpt":"Andrea Piacquadio at Pexels Dans quelques heures, les festivit\u00e9s de No\u00ebl vont d\u00e9buter. Elles seront certainement (un peu) particuli\u00e8res cette ann\u00e9e, mais ne doivent pas nous emp\u00eacher de nous r\u00e9jouir avec nos proches. Joyeux No\u00ebl - Bien \u00e0 vous, Lyonel Kaufmann","rel":"","context":"Dans &quot;Blogcaf\u00e9&quot;","block_context":{"text":"Blogcaf\u00e9","link":"https:\/\/lyonelkaufmann.ch\/Blog\/category\/blogcafe-2\/"},"img":{"alt_text":"","src":"https:\/\/i0.wp.com\/lyonelkaufmann.ch\/Blog\/wp-content\/uploads\/2020\/12\/history_1608814756-scaled.jpeg?resize=350%2C200&ssl=1","width":350,"height":200,"srcset":"https:\/\/i0.wp.com\/lyonelkaufmann.ch\/Blog\/wp-content\/uploads\/2020\/12\/history_1608814756-scaled.jpeg?resize=350%2C200&ssl=1 1x, https:\/\/i0.wp.com\/lyonelkaufmann.ch\/Blog\/wp-content\/uploads\/2020\/12\/history_1608814756-scaled.jpeg?resize=525%2C300&ssl=1 1.5x, https:\/\/i0.wp.com\/lyonelkaufmann.ch\/Blog\/wp-content\/uploads\/2020\/12\/history_1608814756-scaled.jpeg?resize=700%2C400&ssl=1 2x, https:\/\/i0.wp.com\/lyonelkaufmann.ch\/Blog\/wp-content\/uploads\/2020\/12\/history_1608814756-scaled.jpeg?resize=1050%2C600&ssl=1 3x, https:\/\/i0.wp.com\/lyonelkaufmann.ch\/Blog\/wp-content\/uploads\/2020\/12\/history_1608814756-scaled.jpeg?resize=1400%2C800&ssl=1 4x"},"classes":[]},{"id":4771,"url":"https:\/\/lyonelkaufmann.ch\/Blog\/2011\/08\/07\/4-coins-ch-tegna\/","url_meta":{"origin":9895,"position":5},"title":"4 coins CH : Tegna (Tessin)","author":"Lyonel Kaufmann","date":"7 ao\u00fbt 2011","format":false,"excerpt":"En cet \u00e9t\u00e9 2011, la mode est \u00e0 la Suisse. Surtout de la part des partis et des candidat-e-s aux \u00e9lections f\u00e9d\u00e9rales de cet automne. Pour ma part, mon fils f\u00eatant ses seize ans et commen\u00e7ant son apprentissage \u00e0 mi-ao\u00fbt, nous avons entrepris un mini tour de Suisse \u00e0 moto\u2026","rel":"","context":"Dans &quot;Blogcaf\u00e9&quot;","block_context":{"text":"Blogcaf\u00e9","link":"https:\/\/lyonelkaufmann.ch\/Blog\/category\/blogcafe-2\/"},"img":{"alt_text":"","src":"https:\/\/i0.wp.com\/lyonelkaufmann.ch\/Blog\/wp-content\/uploads\/2015\/03\/Tegna-TI.jpg?fit=450%2C600&ssl=1&resize=350%2C200","width":350,"height":200},"classes":[]}],"jetpack_likes_enabled":true,"_links":{"self":[{"href":"https:\/\/lyonelkaufmann.ch\/Blog\/wp-json\/wp\/v2\/posts\/9895","targetHints":{"allow":["GET"]}}],"collection":[{"href":"https:\/\/lyonelkaufmann.ch\/Blog\/wp-json\/wp\/v2\/posts"}],"about":[{"href":"https:\/\/lyonelkaufmann.ch\/Blog\/wp-json\/wp\/v2\/types\/post"}],"author":[{"embeddable":true,"href":"https:\/\/lyonelkaufmann.ch\/Blog\/wp-json\/wp\/v2\/users\/1"}],"replies":[{"embeddable":true,"href":"https:\/\/lyonelkaufmann.ch\/Blog\/wp-json\/wp\/v2\/comments?post=9895"}],"version-history":[{"count":0,"href":"https:\/\/lyonelkaufmann.ch\/Blog\/wp-json\/wp\/v2\/posts\/9895\/revisions"}],"wp:featuredmedia":[{"embeddable":true,"href":"https:\/\/lyonelkaufmann.ch\/Blog\/wp-json\/wp\/v2\/media\/13983"}],"wp:attachment":[{"href":"https:\/\/lyonelkaufmann.ch\/Blog\/wp-json\/wp\/v2\/media?parent=9895"}],"wp:term":[{"taxonomy":"category","embeddable":true,"href":"https:\/\/lyonelkaufmann.ch\/Blog\/wp-json\/wp\/v2\/categories?post=9895"},{"taxonomy":"post_tag","embeddable":true,"href":"https:\/\/lyonelkaufmann.ch\/Blog\/wp-json\/wp\/v2\/tags?post=9895"}],"curies":[{"name":"wp","href":"https:\/\/api.w.org\/{rel}","templated":true}]}}