{"id":9945,"date":"2013-06-21T17:08:39","date_gmt":"2013-06-21T16:08:39","guid":{"rendered":"https:\/\/lyonelkaufmann.ch\/Blog\/?p=9945"},"modified":"2024-01-02T11:28:47","modified_gmt":"2024-01-02T10:28:47","slug":"monopolis-2","status":"publish","type":"post","link":"https:\/\/lyonelkaufmann.ch\/Blog\/2013\/06\/21\/monopolis-2\/","title":{"rendered":"Monopolis"},"content":{"rendered":"<p>Me voil\u00e0 dans l\u2019iPad mini \u00e0 \u00e9couter Isabelle Boulay chanter Starmania.<br \/>\nDans les villes de l\u2019an 2000, nous y sommes. <em>C\u2019est fait !<\/em> La vie est-elle plus facile, sommes-nous marqu\u00e9s? Monopolis?<br \/>\nOui et non. Traqu\u00e9 dans mon utilisation de l\u2019Internet. Softcontrol, mais contr\u00f4le quand m\u00eame. Le soma de la consommation me fait attendre l\u2019iPhone 6 ou le Galaxy V, imm\u00e9diatement apr\u00e8s la sortie des versions 5 ou IV.<br \/>\nDe loin me parviennent les \u00e9chos du Mali, de Libye, de Syrie ou d\u2019Egypte. Histoire de me trouver bien et d\u2019accepter le Softcontrol?<br \/>\nLa peur de l\u2019autre est un bon moyen d\u2019auto-contr\u00f4le. Allez ajoutons une dose de x\u00e9nophobie pour faire bonne mesure. X\u00e9nophobie et \u00e9go\u00efsme se marient fort bien, ne trouvez-vous pas?<br \/>\n<a href=\"https:\/\/i0.wp.com\/lyonelkaufmann.ch\/Blog\/wp-content\/uploads\/2013\/06\/20130621-180900.jpg?ssl=1\"><img data-recalc-dims=\"1\" decoding=\"async\" class=\"alignnone size-full\" alt=\"20130621-180900.jpg\" src=\"https:\/\/i0.wp.com\/lyonelkaufmann.ch\/Blog\/wp-content\/uploads\/2013\/06\/20130621-180900.jpg?ssl=1\" \/><\/a><br \/>\nAllez, le monde en noir m\u00e9rite de passer au mode noir de ByWord. C\u2019est un beau noir, classieux. Un monde chic. Tout est question de style pour faire passer les pilules.<\/p>\n","protected":false},"excerpt":{"rendered":"<p>Me voil\u00e0 dans l\u2019iPad mini \u00e0 \u00e9couter Isabelle Boulay chanter Starmania. Dans les villes de l\u2019an 2000, nous y sommes. C\u2019est fait ! La vie est-elle plus facile, sommes-nous marqu\u00e9s? Monopolis? Oui et non. Traqu\u00e9 dans mon utilisation de l\u2019Internet. Softcontrol, mais contr\u00f4le quand m\u00eame. Le soma de la consommation me fait attendre l\u2019iPhone 6 [&hellip;]<\/p>\n","protected":false},"author":1,"featured_media":13984,"comment_status":"open","ping_status":"open","sticky":false,"template":"","format":"standard","meta":{"_import_markdown_pro_load_document_selector":0,"_import_markdown_pro_submit_text_textarea":"","_genesis_hide_title":false,"_genesis_hide_breadcrumbs":false,"_genesis_hide_singular_image":false,"_genesis_hide_footer_widgets":false,"_genesis_custom_body_class":"","_genesis_custom_post_class":"","_genesis_layout":"","jetpack_post_was_ever_published":false,"_jetpack_newsletter_access":"","_jetpack_dont_email_post_to_subs":false,"_jetpack_newsletter_tier_id":0,"_jetpack_memberships_contains_paywalled_content":false,"_jetpack_memberships_contains_paid_content":false,"activitypub_content_warning":"","activitypub_content_visibility":"","activitypub_max_image_attachments":3,"activitypub_interaction_policy_quote":"anyone","activitypub_status":"","footnotes":"","jetpack_publicize_message":"","jetpack_publicize_feature_enabled":true,"jetpack_social_post_already_shared":true,"jetpack_social_options":{"image_generator_settings":{"template":"fullscreen","default_image_id":0,"font":"","enabled":false},"version":2}},"categories":[3],"tags":[],"class_list":{"0":"post-9945","1":"post","2":"type-post","3":"status-publish","4":"format-standard","5":"has-post-thumbnail","7":"category-blogcafe-2","8":"entry"},"jetpack_publicize_connections":[],"featured_image_src":"https:\/\/i0.wp.com\/lyonelkaufmann.ch\/Blog\/wp-content\/uploads\/2015\/03\/20130621-180900.jpg?resize=360%2C400&ssl=1","featured_image_src_square":"https:\/\/i0.wp.com\/lyonelkaufmann.ch\/Blog\/wp-content\/uploads\/2015\/03\/20130621-180900.jpg?resize=360%2C480&ssl=1","author_info":{"display_name":"Lyonel Kaufmann","author_link":"https:\/\/lyonelkaufmann.ch\/Blog\/author\/lyonelk\/"},"jetpack_featured_media_url":"https:\/\/i0.wp.com\/lyonelkaufmann.ch\/Blog\/wp-content\/uploads\/2015\/03\/20130621-180900.jpg?fit=360%2C480&ssl=1","jetpack_sharing_enabled":true,"jetpack_shortlink":"https:\/\/wp.me\/p1qtF4-2Ap","jetpack-related-posts":[{"id":8856,"url":"https:\/\/lyonelkaufmann.ch\/Blog\/2015\/02\/10\/ces-evolutions-majeures-qui-pourraient-faire-changer-le-monde-de-leducation-lopinion\/","url_meta":{"origin":9945,"position":0},"title":"Ces \u00e9volutions majeures qui pourraient faire changer le monde de l\u2019\u00e9ducation | L&rsquo;Opinion","author":"Lyonel Kaufmann","date":"10 f\u00e9vrier 2015","format":false,"excerpt":"Les faits - Polytechnicien, biologiste, directeur de recherches \u00e0 l\u2019Inserm, Fran\u00e7ois Tadd\u00e9i est \u00e0 la t\u00eate du Centre de recherches inter-disciplinaires, h\u00e9berg\u00e9 \u00e0 l\u2019Universit\u00e9 Paris-Descartes. Membre du Haut conseil de l\u2019Education nationale, ses recherches portent notamment sur l\u2019innovation dans l\u2019\u00e9ducation. Bouillonnant, il ne travaille \u00ab\u202fqu\u2019avec des gens qui ont envie\u202f\u00bb\u2026","rel":"","context":"Dans &quot;histoire&quot;","block_context":{"text":"histoire","link":"https:\/\/lyonelkaufmann.ch\/Blog\/category\/histoire-2\/"},"img":{"alt_text":"","src":"https:\/\/i0.wp.com\/lyonelkaufmann.ch\/Blog\/wp-content\/uploads\/2015\/03\/blogcafe1.jpg?fit=1024%2C683&ssl=1&resize=350%2C200","width":350,"height":200,"srcset":"https:\/\/i0.wp.com\/lyonelkaufmann.ch\/Blog\/wp-content\/uploads\/2015\/03\/blogcafe1.jpg?fit=1024%2C683&ssl=1&resize=350%2C200 1x, https:\/\/i0.wp.com\/lyonelkaufmann.ch\/Blog\/wp-content\/uploads\/2015\/03\/blogcafe1.jpg?fit=1024%2C683&ssl=1&resize=525%2C300 1.5x, https:\/\/i0.wp.com\/lyonelkaufmann.ch\/Blog\/wp-content\/uploads\/2015\/03\/blogcafe1.jpg?fit=1024%2C683&ssl=1&resize=700%2C400 2x"},"classes":[]},{"id":15534,"url":"https:\/\/lyonelkaufmann.ch\/Blog\/2015\/12\/07\/revue-de-presse-lideologie-de-domination-des-etoiles-de-la-mort\/","url_meta":{"origin":9945,"position":1},"title":"Revue de presse :\u00a0L\u2019id\u00e9ologie de domination des \u00e9toiles de la mort","author":"Lyonel Kaufmann","date":"7 d\u00e9cembre 2015","format":false,"excerpt":"Les professeurs\u00a0Nathan Schneider\u00a0(@nathanairplaine) et Trebor Scholz (@trebors, le p\u00e8re du concept de\u00a0Digital Labor) publient sur\u00a0The Next System Project\u00a0(@thenextsystem) un\u00a0int\u00e9ressant manifeste\u00a0sur des plateformes r\u00e9ellement coop\u00e9rative. Extrait relativement \u00e0 des entreprises comme Uber ou Airbnb. L\u2019id\u00e9ologie de domination des\u00a0\u00e9toiles de la mort Sur Shareable,\u00a0Neal Gorenflo\u00a0revient sur la proposition de Scholz et Schneider.\u2026","rel":"","context":"Dans &quot;Blogcaf\u00e9&quot;","block_context":{"text":"Blogcaf\u00e9","link":"https:\/\/lyonelkaufmann.ch\/Blog\/category\/blogcafe-2\/"},"img":{"alt_text":"","src":"https:\/\/i0.wp.com\/lyonelkaufmann.ch\/Blog\/wp-content\/uploads\/2015\/12\/Star-Wars-Unicorns.jpg?fit=600%2C434&ssl=1&resize=350%2C200","width":350,"height":200,"srcset":"https:\/\/i0.wp.com\/lyonelkaufmann.ch\/Blog\/wp-content\/uploads\/2015\/12\/Star-Wars-Unicorns.jpg?fit=600%2C434&ssl=1&resize=350%2C200 1x, https:\/\/i0.wp.com\/lyonelkaufmann.ch\/Blog\/wp-content\/uploads\/2015\/12\/Star-Wars-Unicorns.jpg?fit=600%2C434&ssl=1&resize=525%2C300 1.5x"},"classes":[]},{"id":15542,"url":"https:\/\/lyonelkaufmann.ch\/Blog\/2015\/12\/10\/la-punition-parmelin-lhebdo\/","url_meta":{"origin":9945,"position":2},"title":"La punition Parmelin | L&rsquo;Hebdo","author":"Lyonel Kaufmann","date":"10 d\u00e9cembre 2015","format":false,"excerpt":"Billet cinglant et sans concession de Fran\u00e7ois Cherix \u00e0 la suite de l'accession au Conseil f\u00e9d\u00e9ral de Guy Parmelin. Par paresse, le Parlement n\u2019a jamais r\u00e9form\u00e9 l\u2019\u00e9lection au Conseil f\u00e9d\u00e9ral pour lui donner un semblant de coh\u00e9rence programmatique. Construction arithm\u00e9tique, le Coll\u00e8ge n\u2019est plus qu\u2019une somme al\u00e9atoire de personnalit\u00e9s aux\u2026","rel":"","context":"Dans &quot;L'Expresso&quot;","block_context":{"text":"L'Expresso","link":"https:\/\/lyonelkaufmann.ch\/Blog\/category\/breves\/"},"img":{"alt_text":"","src":"https:\/\/i0.wp.com\/lyonelkaufmann.ch\/Blog\/wp-content\/uploads\/2015\/03\/blogcafe1.jpg?fit=1024%2C683&ssl=1&resize=350%2C200","width":350,"height":200,"srcset":"https:\/\/i0.wp.com\/lyonelkaufmann.ch\/Blog\/wp-content\/uploads\/2015\/03\/blogcafe1.jpg?fit=1024%2C683&ssl=1&resize=350%2C200 1x, https:\/\/i0.wp.com\/lyonelkaufmann.ch\/Blog\/wp-content\/uploads\/2015\/03\/blogcafe1.jpg?fit=1024%2C683&ssl=1&resize=525%2C300 1.5x, https:\/\/i0.wp.com\/lyonelkaufmann.ch\/Blog\/wp-content\/uploads\/2015\/03\/blogcafe1.jpg?fit=1024%2C683&ssl=1&resize=700%2C400 2x"},"classes":[]},{"id":19678,"url":"https:\/\/lyonelkaufmann.ch\/Blog\/2018\/11\/17\/noire-democrate-mere-endeuillee-et-elue-surprise-au-congres-americain\/","url_meta":{"origin":9945,"position":3},"title":"Noire, d\u00e9mocrate, m\u00e8re endeuill\u00e9e et \u00e9lue surprise au Congr\u00e8s am\u00e9ricain","author":"Lyonel Kaufmann","date":"17 novembre 2018","format":false,"excerpt":"Noire, d\u00e9mocrate, m\u00e8re endeuill\u00e9e et \u00e9lue surprise au Congr\u00e8s am\u00e9ricain Lucy McBath, dont le fils a \u00e9t\u00e9 tu\u00e9 par balles en\u00a02012, a remport\u00e9 le 6\u00a0novembre, en Georgie, une circonscription blanche r\u00e9put\u00e9e imprenable par son propre parti. Son combat\u00a0: le contr\u00f4le des armes \u00e0 feu. Lire la suite sur Noire, d\u00e9mocrate,\u2026","rel":"","context":"Dans &quot;politis&quot;","block_context":{"text":"politis","link":"https:\/\/lyonelkaufmann.ch\/Blog\/category\/politis\/"},"img":{"alt_text":"","src":"https:\/\/i0.wp.com\/lyonelkaufmann.ch\/Blog\/wp-content\/uploads\/2018\/11\/img_7025.jpg?resize=350%2C200&ssl=1","width":350,"height":200,"srcset":"https:\/\/i0.wp.com\/lyonelkaufmann.ch\/Blog\/wp-content\/uploads\/2018\/11\/img_7025.jpg?resize=350%2C200&ssl=1 1x, https:\/\/i0.wp.com\/lyonelkaufmann.ch\/Blog\/wp-content\/uploads\/2018\/11\/img_7025.jpg?resize=525%2C300&ssl=1 1.5x"},"classes":[]},{"id":9537,"url":"https:\/\/lyonelkaufmann.ch\/Blog\/2013\/04\/15\/du-blanc-et-du-noir-mais-pas-en-noirblanc-photo-du-mois\/","url_meta":{"origin":9945,"position":4},"title":"du blanc et du noir mais pas en Noir&amp;Blanc | Photo du mois","author":"Lyonel Kaufmann","date":"15 avril 2013","format":"image","excerpt":"Histoire Deux a choisi le th\u00e8me du mois d'avril : Alors comme th\u00e8me pour avril je vous propose : \u00ab du blanc et du noir mais pas en Noir&Blanc \u00bb. Donc vous pouvez prendre une photo de ce que vous voulez qui soit noir et blanc (votre dalmatien, le sourire\u2026","rel":"","context":"Dans &quot;Photo du mois&quot;","block_context":{"text":"Photo du mois","link":"https:\/\/lyonelkaufmann.ch\/Blog\/category\/photo-du-mois\/"},"img":{"alt_text":"","src":"https:\/\/i0.wp.com\/lyonelkaufmann.ch\/Blog\/wp-content\/uploads\/2015\/03\/8626257414_ed2d5c3385_z.jpg?fit=639%2C640&ssl=1&resize=350%2C200","width":350,"height":200,"srcset":"https:\/\/i0.wp.com\/lyonelkaufmann.ch\/Blog\/wp-content\/uploads\/2015\/03\/8626257414_ed2d5c3385_z.jpg?fit=639%2C640&ssl=1&resize=350%2C200 1x, https:\/\/i0.wp.com\/lyonelkaufmann.ch\/Blog\/wp-content\/uploads\/2015\/03\/8626257414_ed2d5c3385_z.jpg?fit=639%2C640&ssl=1&resize=525%2C300 1.5x"},"classes":[]},{"id":19969,"url":"https:\/\/lyonelkaufmann.ch\/Blog\/2019\/01\/30\/l-affaire-olof-palme-detonateur-du-polar-scandinave\/","url_meta":{"origin":9945,"position":5},"title":"L\u2019\u00ab\u00a0affaire Olof Palme\u00a0\u00bb, d\u00e9tonateur du polar scandinave","author":"Lyonel Kaufmann","date":"30 janvier 2019","format":false,"excerpt":"L\u2019assassinat du premier ministre su\u00e9dois a fait plus qu\u2019inspirer quelques romans policiers\u00a0: il a suscit\u00e9 une explosion de vocations dans la litt\u00e9rature noire. Sj\u00f6wall et Wahl\u00f6\u00f6, Henning Mankell, Leif G. W.\u00a0Persson, Gunnar Staalesen\u2026 toute une g\u00e9n\u00e9ration d\u2019\u00e9crivains scandinaves s\u2019est pench\u00e9 sur les crispations nationalistes, les inqui\u00e9tudes li\u00e9es \u00e0 la sauvegarde\u2026","rel":"","context":"Dans &quot;Blogcaf\u00e9&quot;","block_context":{"text":"Blogcaf\u00e9","link":"https:\/\/lyonelkaufmann.ch\/Blog\/category\/blogcafe-2\/"},"img":{"alt_text":"","src":"","width":0,"height":0},"classes":[]}],"jetpack_likes_enabled":true,"_links":{"self":[{"href":"https:\/\/lyonelkaufmann.ch\/Blog\/wp-json\/wp\/v2\/posts\/9945","targetHints":{"allow":["GET"]}}],"collection":[{"href":"https:\/\/lyonelkaufmann.ch\/Blog\/wp-json\/wp\/v2\/posts"}],"about":[{"href":"https:\/\/lyonelkaufmann.ch\/Blog\/wp-json\/wp\/v2\/types\/post"}],"author":[{"embeddable":true,"href":"https:\/\/lyonelkaufmann.ch\/Blog\/wp-json\/wp\/v2\/users\/1"}],"replies":[{"embeddable":true,"href":"https:\/\/lyonelkaufmann.ch\/Blog\/wp-json\/wp\/v2\/comments?post=9945"}],"version-history":[{"count":1,"href":"https:\/\/lyonelkaufmann.ch\/Blog\/wp-json\/wp\/v2\/posts\/9945\/revisions"}],"predecessor-version":[{"id":24680,"href":"https:\/\/lyonelkaufmann.ch\/Blog\/wp-json\/wp\/v2\/posts\/9945\/revisions\/24680"}],"wp:featuredmedia":[{"embeddable":true,"href":"https:\/\/lyonelkaufmann.ch\/Blog\/wp-json\/wp\/v2\/media\/13984"}],"wp:attachment":[{"href":"https:\/\/lyonelkaufmann.ch\/Blog\/wp-json\/wp\/v2\/media?parent=9945"}],"wp:term":[{"taxonomy":"category","embeddable":true,"href":"https:\/\/lyonelkaufmann.ch\/Blog\/wp-json\/wp\/v2\/categories?post=9945"},{"taxonomy":"post_tag","embeddable":true,"href":"https:\/\/lyonelkaufmann.ch\/Blog\/wp-json\/wp\/v2\/tags?post=9945"}],"curies":[{"name":"wp","href":"https:\/\/api.w.org\/{rel}","templated":true}]}}