{"id":9962,"date":"2013-06-23T16:53:09","date_gmt":"2013-06-23T15:53:09","guid":{"rendered":"https:\/\/lyonelkaufmann.ch\/Blog\/?p=9962"},"modified":"2024-01-02T11:30:00","modified_gmt":"2024-01-02T10:30:00","slug":"fete-de-la-musique-22-06-2013-la-tour-de-peilz","status":"publish","type":"post","link":"https:\/\/lyonelkaufmann.ch\/Blog\/2013\/06\/23\/fete-de-la-musique-22-06-2013-la-tour-de-peilz\/","title":{"rendered":"F\u00eate de la musique (22.06.2013) |\u00a0La Tour-de-Peilz"},"content":{"rendered":"<p><strong>Ce Samedi 22 juin, la sc\u00e8ne install\u00e9e au Verger de la Ville a accueilli une belle s\u00e9lection de musiciens r\u00e9gionaux. La quantit\u00e9 et la qualit\u00e9 ainsi que des spectateurs heureux et nombreux ont \u00e9t\u00e9 au rendez-vous dans ce cadre enchanteur. Le soleil aussi \u00e9tait de la partie.<br \/>\n<\/strong><\/p>\n<figure id=\"attachment_9963\" aria-describedby=\"caption-attachment-9963\" style=\"width: 461px\" class=\"wp-caption aligncenter\"><a href=\"https:\/\/i0.wp.com\/lyonelkaufmann.ch\/Blog\/wp-content\/uploads\/2013\/06\/FeteMusique20133.jpg?ssl=1\"><img data-recalc-dims=\"1\" loading=\"lazy\" decoding=\"async\" class=\" wp-image-9963 \" src=\"https:\/\/i0.wp.com\/lyonelkaufmann.ch\/Blog\/wp-content\/uploads\/2013\/06\/FeteMusique20133.jpg?resize=461%2C614&#038;ssl=1\" alt=\"Le Verger de la ville vibre aux sons de la F\u00eate de la musique (La Tour-de-Peilz)\" width=\"461\" height=\"614\" \/><\/a><figcaption id=\"caption-attachment-9963\" class=\"wp-caption-text\">Le Verger de la ville vibre aux sons de la F\u00eate de la musique (La Tour-de-Peilz)<\/figcaption><\/figure>\n<h2>Les photos :<\/h2>\n\n<h2>Les groupes pr\u00e9sents sur les photos :<\/h2>\n<h3>Sarah Lancman<\/h3>\n<p>Laur\u00e9ate du prix <em>Shure Jazz Vocal<\/em> du festival de Montreux en 2012, Sarah Lancman enregistre actuellement son premier album. Fran\u00e7aise, elle conna\u00eet bien la r\u00e9gion pour y avoir habit\u00e9 et suivi les cours de la Haute \u00e9cole de musique de Lausanne. Une voix, un piano et c\u2019est l\u2019embarquement imm\u00e9diat pour un monde jazzy, tout en douceur\u2026 mais pas seulement. Entour\u00e9e de ses Klezmorims, elle nous offre un jazz aux accents d\u2019Europe centrale.<\/p>\n<p><a href=\"http:\/\/www.sarahlancman.com\" target=\"_blank\" rel=\"noopener\">www.sarahlancman.com<\/a> et <a href=\"http:\/\/www.noomiz.com\/sarahlancman\" target=\"_blank\" rel=\"noopener\">www.noomiz.com\/sarahlancman<\/a><\/p>\n<h3>DFX<\/h3>\n<p>DFX est n\u00e9 de la volont\u00e9 de ses membres de secouer le jazz avec le fracas d\u2019un groove bien senti, ceci depuis bient\u00f4t une ann\u00e9e. Parti sur de bon rails, il assure des prestations enflamm\u00e9es dans la r\u00e9gion l\u00e9manique.<\/p>\n<p><a href=\"http:\/\/www.dfxmusic.ch\" target=\"_blank\" rel=\"noopener\">www.dfxmusic.ch<\/a><\/p>\n<h3>Aydane Street<\/h3>\n<p>Ils sont 7 et nous viennent de Gen\u00e8ve. Form\u00e9 en 2012, <em>Aydane Street<\/em> s\u2019inspire du groove r\u2019n\u2019b d\u2019artistes tels que <em>Maroon 5<\/em>, <em>Justin Timberlake<\/em> ou <em>Mary J. Blige<\/em>. Constitu\u00e9 de musiciens talentueux et pour certains professionnels, <em>Aydane Street<\/em> aspire \u00e0 vous faire danser et groover.<\/p>\n<p><a href=\"http:\/\/www.politis.ch\/carnets\/2013\/06\/23\/la-tour-de-peilz-fete-de-la-musique-22-06-2013\/www.reverbnation.com\/aydanestreet\" target=\"_blank\" rel=\"noopener\">www.reverbnation.com\/aydanestreet<\/a><\/p>\n","protected":false},"excerpt":{"rendered":"<p>Ce Samedi 22 juin, la sc\u00e8ne install\u00e9e au Verger de la Ville a accueilli une belle s\u00e9lection de musiciens r\u00e9gionaux. La quantit\u00e9 et la qualit\u00e9 ainsi que des spectateurs heureux et nombreux ont \u00e9t\u00e9 au rendez-vous dans ce cadre enchanteur. Le soleil aussi \u00e9tait de la partie. Les photos : Les groupes pr\u00e9sents sur les [&hellip;]<\/p>\n","protected":false},"author":1,"featured_media":13985,"comment_status":"open","ping_status":"open","sticky":false,"template":"","format":"standard","meta":{"_import_markdown_pro_load_document_selector":0,"_import_markdown_pro_submit_text_textarea":"","_genesis_hide_title":false,"_genesis_hide_breadcrumbs":false,"_genesis_hide_singular_image":false,"_genesis_hide_footer_widgets":false,"_genesis_custom_body_class":"","_genesis_custom_post_class":"","_genesis_layout":"","jetpack_post_was_ever_published":false,"_jetpack_newsletter_access":"","_jetpack_dont_email_post_to_subs":false,"_jetpack_newsletter_tier_id":0,"_jetpack_memberships_contains_paywalled_content":false,"_jetpack_memberships_contains_paid_content":false,"activitypub_content_warning":"","activitypub_content_visibility":"","activitypub_max_image_attachments":3,"activitypub_interaction_policy_quote":"anyone","activitypub_status":"","footnotes":"","jetpack_publicize_message":"","jetpack_publicize_feature_enabled":true,"jetpack_social_post_already_shared":true,"jetpack_social_options":{"image_generator_settings":{"template":"fullscreen","default_image_id":0,"font":"","enabled":false},"version":2}},"categories":[3],"tags":[],"class_list":{"0":"post-9962","1":"post","2":"type-post","3":"status-publish","4":"format-standard","5":"has-post-thumbnail","7":"category-blogcafe-2","8":"entry"},"jetpack_publicize_connections":[],"featured_image_src":"https:\/\/i0.wp.com\/lyonelkaufmann.ch\/Blog\/wp-content\/uploads\/2015\/03\/FeteMusique20133.jpg?resize=600%2C400&ssl=1","featured_image_src_square":"https:\/\/i0.wp.com\/lyonelkaufmann.ch\/Blog\/wp-content\/uploads\/2015\/03\/FeteMusique20133.jpg?resize=600%2C600&ssl=1","author_info":{"display_name":"Lyonel Kaufmann","author_link":"https:\/\/lyonelkaufmann.ch\/Blog\/author\/lyonelk\/"},"jetpack_featured_media_url":"https:\/\/i0.wp.com\/lyonelkaufmann.ch\/Blog\/wp-content\/uploads\/2015\/03\/FeteMusique20133.jpg?fit=768%2C1024&ssl=1","jetpack_sharing_enabled":true,"jetpack_shortlink":"https:\/\/wp.me\/p1qtF4-2AG","jetpack-related-posts":[{"id":19416,"url":"https:\/\/lyonelkaufmann.ch\/Blog\/2018\/08\/05\/sarah-chardonnens-on-narrete-pas-un-peuple-qui-danse-acte-4\/","url_meta":{"origin":9962,"position":0},"title":"Sarah #Chardonnens \u00ab\u00a0On n\u2019arr\u00eate pas un peuple qui danse\u00a0\u00bb Acte 4","author":"Lyonel Kaufmann","date":"5 ao\u00fbt 2018","format":false,"excerpt":"Quand on trouve enfin sa moto couleurs Hezbollah dans un quartier arm\u00e9nien #lecture #\u00e9t\u00e92018 #tour-de-peilz","rel":"","context":"Dans &quot;Blogcaf\u00e9&quot;","block_context":{"text":"Blogcaf\u00e9","link":"https:\/\/lyonelkaufmann.ch\/Blog\/category\/blogcafe-2\/"},"img":{"alt_text":"","src":"https:\/\/i0.wp.com\/lyonelkaufmann.ch\/Blog\/wp-content\/uploads\/2018\/08\/image_555190400845088.jpg?resize=350%2C200&ssl=1","width":350,"height":200,"srcset":"https:\/\/i0.wp.com\/lyonelkaufmann.ch\/Blog\/wp-content\/uploads\/2018\/08\/image_555190400845088.jpg?resize=350%2C200&ssl=1 1x, https:\/\/i0.wp.com\/lyonelkaufmann.ch\/Blog\/wp-content\/uploads\/2018\/08\/image_555190400845088.jpg?resize=525%2C300&ssl=1 1.5x, https:\/\/i0.wp.com\/lyonelkaufmann.ch\/Blog\/wp-content\/uploads\/2018\/08\/image_555190400845088.jpg?resize=700%2C400&ssl=1 2x, https:\/\/i0.wp.com\/lyonelkaufmann.ch\/Blog\/wp-content\/uploads\/2018\/08\/image_555190400845088.jpg?resize=1050%2C600&ssl=1 3x, https:\/\/i0.wp.com\/lyonelkaufmann.ch\/Blog\/wp-content\/uploads\/2018\/08\/image_555190400845088.jpg?resize=1400%2C800&ssl=1 4x"},"classes":[]},{"id":15676,"url":"https:\/\/lyonelkaufmann.ch\/Blog\/2015\/12\/19\/noel-au-chateau-2015-la-tour-de-peilz\/","url_meta":{"origin":9962,"position":1},"title":"No\u00ebl au Ch\u00e2teau 2015 @ La Tour-de-Peilz","author":"Lyonel Kaufmann","date":"19 d\u00e9cembre 2015","format":false,"excerpt":"Traditionnelle manifestation, juste avant les festivit\u00e9s de l'Avent, No\u00ebl au Ch\u00e2teau s'est d\u00e9roul\u00e9 ce samedi 19 d\u00e9cembre au Ch\u00e2teau de La Tour-de-Peilz sous une temp\u00e9rature fort cl\u00e9mente pour la saison. Voici quelques photos de la chant\u00e9e qui a ravi petits et grands.","rel":"","context":"Dans &quot;Blogcaf\u00e9&quot;","block_context":{"text":"Blogcaf\u00e9","link":"https:\/\/lyonelkaufmann.ch\/Blog\/category\/blogcafe-2\/"},"img":{"alt_text":"","src":"https:\/\/i0.wp.com\/lyonelkaufmann.ch\/Blog\/wp-content\/uploads\/2015\/12\/IMG_0103.jpg?fit=1200%2C797&ssl=1&resize=350%2C200","width":350,"height":200,"srcset":"https:\/\/i0.wp.com\/lyonelkaufmann.ch\/Blog\/wp-content\/uploads\/2015\/12\/IMG_0103.jpg?fit=1200%2C797&ssl=1&resize=350%2C200 1x, https:\/\/i0.wp.com\/lyonelkaufmann.ch\/Blog\/wp-content\/uploads\/2015\/12\/IMG_0103.jpg?fit=1200%2C797&ssl=1&resize=525%2C300 1.5x, https:\/\/i0.wp.com\/lyonelkaufmann.ch\/Blog\/wp-content\/uploads\/2015\/12\/IMG_0103.jpg?fit=1200%2C797&ssl=1&resize=700%2C400 2x, https:\/\/i0.wp.com\/lyonelkaufmann.ch\/Blog\/wp-content\/uploads\/2015\/12\/IMG_0103.jpg?fit=1200%2C797&ssl=1&resize=1050%2C600 3x"},"classes":[]},{"id":12057,"url":"https:\/\/lyonelkaufmann.ch\/Blog\/2014\/10\/04\/la-tour-de-peilz-cyrano-de-bergerac-et-tour-vagabonde\/","url_meta":{"origin":9962,"position":2},"title":"La Tour-de-Peilz : Cyrano de Bergerac et Tour vagabonde","author":"Lyonel Kaufmann","date":"4 octobre 2014","format":false,"excerpt":"Pour f\u00eater ses dix ans, la Compagnie des Exil\u00e9s s'est lanc\u00e9e dans une aventure peu commune. Elle a choisi de monter Cyrano de Bergerac d'Edmond Rostand dans une r\u00e9plique du fameux theatre anglais The Globe. C'est \u00e0 voir jusqu'au 12 octobre \u00e0 La Tour-de-Peilz. D\u00e9p\u00eachez-vous ! Le montage de La\u2026","rel":"","context":"Dans &quot;Blogcaf\u00e9&quot;","block_context":{"text":"Blogcaf\u00e9","link":"https:\/\/lyonelkaufmann.ch\/Blog\/category\/blogcafe-2\/"},"img":{"alt_text":"","src":"https:\/\/i0.wp.com\/lyonelkaufmann.ch\/Blog\/wp-content\/uploads\/2015\/02\/dsc04988.jpg?fit=800%2C1200&ssl=1&resize=350%2C200","width":350,"height":200,"srcset":"https:\/\/i0.wp.com\/lyonelkaufmann.ch\/Blog\/wp-content\/uploads\/2015\/02\/dsc04988.jpg?fit=800%2C1200&ssl=1&resize=350%2C200 1x, https:\/\/i0.wp.com\/lyonelkaufmann.ch\/Blog\/wp-content\/uploads\/2015\/02\/dsc04988.jpg?fit=800%2C1200&ssl=1&resize=525%2C300 1.5x, https:\/\/i0.wp.com\/lyonelkaufmann.ch\/Blog\/wp-content\/uploads\/2015\/02\/dsc04988.jpg?fit=800%2C1200&ssl=1&resize=700%2C400 2x"},"classes":[]},{"id":5130,"url":"https:\/\/lyonelkaufmann.ch\/Blog\/2011\/12\/18\/la-tempete-joachim-a-la-tour-de-peilz-et-vevey-16-decembre-2011\/","url_meta":{"origin":9962,"position":3},"title":"La temp\u00eate Joachim \u00e0 La Tour-de-Peilz et Vevey (16 d\u00e9cembre 2011)","author":"Lyonel Kaufmann","date":"18 d\u00e9cembre 2011","format":false,"excerpt":"Petit compte-rendu photographique du passage le vendredi 16 d\u00e9cembre de la Temp\u00eate Joachim\u00a0le long des quais entre le jardin Roussy \u00e0 La Tour-de-Peilz et les jardins du Casino \u00e0 Vevey. Les photos ont \u00e9t\u00e9 prises entre 12h30 et 17h30. Exceptionnelle par sa dur\u00e9e, la temp\u00eate Joachim a balay\u00e9 ce vendredi\u2026","rel":"","context":"Dans &quot;Blogcaf\u00e9&quot;","block_context":{"text":"Blogcaf\u00e9","link":"https:\/\/lyonelkaufmann.ch\/Blog\/category\/blogcafe-2\/"},"img":{"alt_text":"","src":"https:\/\/i0.wp.com\/lyonelkaufmann.ch\/Blog\/wp-content\/uploads\/2015\/03\/6528023015_6a0a20bfd5_z.jpg?fit=640%2C480&ssl=1&resize=350%2C200","width":350,"height":200,"srcset":"https:\/\/i0.wp.com\/lyonelkaufmann.ch\/Blog\/wp-content\/uploads\/2015\/03\/6528023015_6a0a20bfd5_z.jpg?fit=640%2C480&ssl=1&resize=350%2C200 1x, https:\/\/i0.wp.com\/lyonelkaufmann.ch\/Blog\/wp-content\/uploads\/2015\/03\/6528023015_6a0a20bfd5_z.jpg?fit=640%2C480&ssl=1&resize=525%2C300 1.5x"},"classes":[]},{"id":7465,"url":"https:\/\/lyonelkaufmann.ch\/Blog\/2012\/10\/14\/top-swiss-music\/","url_meta":{"origin":9962,"position":4},"title":"Top Swiss Music","author":"Lyonel Kaufmann","date":"14 octobre 2012","format":"image","excerpt":"Ces 5 CD de groupes et de musiciens suisses tournent actuellement sur ma platine pour mon plus grand plaisir. Ils montrent que de\u00a0La Tour-de-Peilz aux Grisons la musique suisse vaut le d\u00e9tour et \u00a0qu'il n'y a aucune raison d'avoir des complexes de \u00abpetits Suisses\u00bb. Merci donc \u00e0 77 Bombay Street,\u2026","rel":"","context":"Dans &quot;TubesCaf\u00e9&quot;","block_context":{"text":"TubesCaf\u00e9","link":"https:\/\/lyonelkaufmann.ch\/Blog\/category\/tubescafe\/"},"img":{"alt_text":"","src":"https:\/\/i0.wp.com\/lyonelkaufmann.ch\/Blog\/wp-content\/uploads\/2015\/03\/Top-Swiss-Music-L.jpg?fit=776%2C600&ssl=1&resize=350%2C200","width":350,"height":200,"srcset":"https:\/\/i0.wp.com\/lyonelkaufmann.ch\/Blog\/wp-content\/uploads\/2015\/03\/Top-Swiss-Music-L.jpg?fit=776%2C600&ssl=1&resize=350%2C200 1x, https:\/\/i0.wp.com\/lyonelkaufmann.ch\/Blog\/wp-content\/uploads\/2015\/03\/Top-Swiss-Music-L.jpg?fit=776%2C600&ssl=1&resize=525%2C300 1.5x, https:\/\/i0.wp.com\/lyonelkaufmann.ch\/Blog\/wp-content\/uploads\/2015\/03\/Top-Swiss-Music-L.jpg?fit=776%2C600&ssl=1&resize=700%2C400 2x"},"classes":[]},{"id":22299,"url":"https:\/\/lyonelkaufmann.ch\/Blog\/2020\/12\/31\/il-etait-une-fois-2020-premiere-neige-mardi-1er-decembre\/","url_meta":{"origin":9962,"position":5},"title":"Il \u00e9tait une fois 2020\u2026 : Premi\u00e8re neige- mardi 1er d\u00e9cembre","author":"Lyonel Kaufmann","date":"31 d\u00e9cembre 2020","format":false,"excerpt":"Jusqu'au 31 d\u00e9cembre, je vous propose ma r\u00e9trospective avec une photo pour chaque mois de cette ann\u00e9e des plus particuli\u00e8res, probablement la plus \u00e9trange que j'ai connue en plus de cinquante ans. Les photos sont mises en perspective en lien avec cette pand\u00e9mie qui nous a tous frapp\u00e9s d'une mani\u00e8re\u2026","rel":"","context":"Dans &quot;Blogcaf\u00e9&quot;","block_context":{"text":"Blogcaf\u00e9","link":"https:\/\/lyonelkaufmann.ch\/Blog\/category\/blogcafe-2\/"},"img":{"alt_text":"","src":"https:\/\/i0.wp.com\/lyonelkaufmann.ch\/Blog\/wp-content\/uploads\/2020\/12\/HipstamaticPhoto-628503324.185522-scaled.jpg?fit=1200%2C1200&ssl=1&resize=350%2C200","width":350,"height":200,"srcset":"https:\/\/i0.wp.com\/lyonelkaufmann.ch\/Blog\/wp-content\/uploads\/2020\/12\/HipstamaticPhoto-628503324.185522-scaled.jpg?fit=1200%2C1200&ssl=1&resize=350%2C200 1x, https:\/\/i0.wp.com\/lyonelkaufmann.ch\/Blog\/wp-content\/uploads\/2020\/12\/HipstamaticPhoto-628503324.185522-scaled.jpg?fit=1200%2C1200&ssl=1&resize=525%2C300 1.5x, https:\/\/i0.wp.com\/lyonelkaufmann.ch\/Blog\/wp-content\/uploads\/2020\/12\/HipstamaticPhoto-628503324.185522-scaled.jpg?fit=1200%2C1200&ssl=1&resize=700%2C400 2x, https:\/\/i0.wp.com\/lyonelkaufmann.ch\/Blog\/wp-content\/uploads\/2020\/12\/HipstamaticPhoto-628503324.185522-scaled.jpg?fit=1200%2C1200&ssl=1&resize=1050%2C600 3x"},"classes":[]}],"jetpack_likes_enabled":true,"_links":{"self":[{"href":"https:\/\/lyonelkaufmann.ch\/Blog\/wp-json\/wp\/v2\/posts\/9962","targetHints":{"allow":["GET"]}}],"collection":[{"href":"https:\/\/lyonelkaufmann.ch\/Blog\/wp-json\/wp\/v2\/posts"}],"about":[{"href":"https:\/\/lyonelkaufmann.ch\/Blog\/wp-json\/wp\/v2\/types\/post"}],"author":[{"embeddable":true,"href":"https:\/\/lyonelkaufmann.ch\/Blog\/wp-json\/wp\/v2\/users\/1"}],"replies":[{"embeddable":true,"href":"https:\/\/lyonelkaufmann.ch\/Blog\/wp-json\/wp\/v2\/comments?post=9962"}],"version-history":[{"count":2,"href":"https:\/\/lyonelkaufmann.ch\/Blog\/wp-json\/wp\/v2\/posts\/9962\/revisions"}],"predecessor-version":[{"id":24683,"href":"https:\/\/lyonelkaufmann.ch\/Blog\/wp-json\/wp\/v2\/posts\/9962\/revisions\/24683"}],"wp:featuredmedia":[{"embeddable":true,"href":"https:\/\/lyonelkaufmann.ch\/Blog\/wp-json\/wp\/v2\/media\/13985"}],"wp:attachment":[{"href":"https:\/\/lyonelkaufmann.ch\/Blog\/wp-json\/wp\/v2\/media?parent=9962"}],"wp:term":[{"taxonomy":"category","embeddable":true,"href":"https:\/\/lyonelkaufmann.ch\/Blog\/wp-json\/wp\/v2\/categories?post=9962"},{"taxonomy":"post_tag","embeddable":true,"href":"https:\/\/lyonelkaufmann.ch\/Blog\/wp-json\/wp\/v2\/tags?post=9962"}],"curies":[{"name":"wp","href":"https:\/\/api.w.org\/{rel}","templated":true}]}}