{"id":9993,"date":"2013-07-15T11:00:00","date_gmt":"2013-07-15T10:00:00","guid":{"rendered":"https:\/\/lyonelkaufmann.ch\/Blog\/?p=9993"},"modified":"2024-01-02T15:03:03","modified_gmt":"2024-01-02T14:03:03","slug":"au-ras-du-sol-photo-du-mois","status":"publish","type":"post","link":"https:\/\/lyonelkaufmann.ch\/Blog\/2013\/07\/15\/au-ras-du-sol-photo-du-mois\/","title":{"rendered":"Au ras-du-sol |\u00a0Photo du mois"},"content":{"rendered":"<p>Ce mois, le th\u00e8me nous est propos\u00e9 par St\u00e9ph :<\/p>\n<blockquote><p><em>Bonjour \u00e0 toutes et \u00e0 tous, Pour ce mois de juillet 2013, je vous propose un th\u00e8me qui, je l\u2019esp\u00e8re, vous inspirera : \u00ab au ras-du-sol \u00bb. Plus qu\u2019un sujet, un objet ou une action \u00e0 illustrer, je souhaite surtout mettre en avant l\u2019angle de votre prise de vue. Au ras-du-sol, la vision est si diff\u00e9rente de celle que l\u2019on a au quotidien. On peut valoriser la profondeur de champ, on peut faire des gros plans, on peut jouer avec le net et le flou assez ais\u00e9ment, les objets prennent une toute autre dimension, on se met \u00e9galement \u00e0 la hauteur de nombreux \u00eatres ! Bref, nous devrions voir de bien belles photos et n&rsquo;oubliez pas, pliez les genoux, pas le dos \ud83d\ude09<\/em><\/p><\/blockquote>\n<p style=\"text-align:justify;\">Voici mon interpr\u00e9tation du th\u00e8me :<\/p>\n<p style=\"text-align:center;\"><img data-recalc-dims=\"1\" loading=\"lazy\" decoding=\"async\" class=\"aligncenter\" style=\"display:block;border:0;\" title=\"DSC03299.jpg\" alt=\"DSC03299\" src=\"https:\/\/i0.wp.com\/lyonelkaufmann.ch\/Blog\/wp-content\/uploads\/2013\/07\/DSC03299.jpg?resize=800%2C533&#038;ssl=1\" width=\"800\" height=\"533\" border=\"0\" \/><\/p>\n<p>La photo a \u00e9t\u00e9 prise \u00e0 Fribourg, coll\u00e8ge de Gambach.<\/p>\n<p>Le ras-du-sol des autres : <a href=\"http:\/\/leblogdekat.com&lt;\/p&gt;&lt;\/p&gt;&lt;br \/&gt;\n&lt;p&gt;&lt;p&gt;\" target=\"_blank\" rel=\"noopener\">A&rsquo;icha<\/a>, <a href=\"http:\/\/akai-inthesky.blogspot.com&lt;\/p&gt;&lt;\/p&gt;&lt;br \/&gt;\n&lt;p&gt;&lt;p&gt;\" target=\"_blank\" rel=\"noopener\">Akaieric<\/a>, <a href=\"http:\/\/denisdanzephotographe.wordpress.com\/category\/la-photo-du-mois\/&lt;\/p&gt;&lt;\/p&gt;&lt;br \/&gt;\n&lt;p&gt;&lt;p&gt;\" target=\"_blank\" rel=\"noopener\">Akromax<\/a>, <a href=\"http:\/\/cocovin.net\/&lt;\/p&gt;&lt;\/p&gt;&lt;br \/&gt;\n&lt;p&gt;&lt;p&gt;\" target=\"_blank\" rel=\"noopener\">Alban<\/a>, <a href=\"http:\/\/blogs.paris.fr\/unitedstatesofparis&lt;\/p&gt;&lt;\/p&gt;&lt;br \/&gt;\n&lt;p&gt;&lt;p&gt;\" target=\"_blank\" rel=\"noopener\">Alexinparis<\/a>, <a href=\"http:\/\/wonderlandalice.wordpress.com\/&lt;\/p&gt;&lt;\/p&gt;&lt;br \/&gt;\n&lt;p&gt;&lt;p&gt;\" target=\"_blank\" rel=\"noopener\">Alice Wonderland<\/a>, <a href=\"http:\/\/chroniqueduncongeparental.wordpress.com\/category\/la-photo-du-mois\/&lt;\/p&gt;&lt;\/p&gt;&lt;br \/&gt;\n&lt;p&gt;&lt;p&gt;\" target=\"_blank\" rel=\"noopener\">Ang\u00e9lique<\/a>, <a href=\"http:\/\/anola-lemag.fr\/&lt;\/p&gt;&lt;\/p&gt;&lt;br \/&gt;\n&lt;p&gt;&lt;p&gt;\" target=\"_blank\" rel=\"noopener\">Ann<\/a>, <a href=\"http:\/\/anne-tranche-de-vie.over-blog.com\/categorie-11390539.html&lt;\/p&gt;&lt;\/p&gt;&lt;br \/&gt;\n&lt;p&gt;&lt;p&gt;\" target=\"_blank\" rel=\"noopener\">Anne<\/a>, <a href=\"http:\/\/www.annelauret.com\/search\/label\/La%20photo%20du%20mois&lt;\/p&gt;&lt;\/p&gt;&lt;br \/&gt;\n&lt;p&gt;&lt;p&gt;\" target=\"_blank\" rel=\"noopener\">Anne Laure T<\/a>, <a href=\"http:\/\/www.chiffonsandco.fr&lt;\/p&gt;&lt;\/p&gt;&lt;br \/&gt;\n&lt;p&gt;&lt;p&gt;\" target=\"_blank\" rel=\"noopener\">Arwen<\/a>, <a href=\"http:\/\/www.connais-toi-toi-meme.biz&lt;\/p&gt;&lt;\/p&gt;&lt;br \/&gt;\n&lt;p&gt;&lt;p&gt;\" target=\"_blank\" rel=\"noopener\">Ava<\/a>, <a href=\"http:\/\/sublime-essence.over-blog.com&lt;\/p&gt;&lt;\/p&gt;&lt;br \/&gt;\n&lt;p&gt;&lt;p&gt;\" target=\"_blank\" rel=\"noopener\">Bestofava<\/a>, <a href=\"http:\/\/toxiq.canalblog.com&lt;\/p&gt;&lt;\/p&gt;&lt;br \/&gt;\n&lt;p&gt;&lt;p&gt;\" target=\"_blank\" rel=\"noopener\">BiGBuGS<\/a>, <a href=\"http:\/\/blogoth67.wordpress.com&lt;\/p&gt;&lt;\/p&gt;&lt;br \/&gt;\n&lt;p&gt;&lt;p&gt;\" target=\"_blank\" rel=\"noopener\">Blogoth67<\/a>, <a href=\"http:\/\/calamonique.com\/&lt;\/p&gt;&lt;\/p&gt;&lt;br \/&gt;\n&lt;p&gt;&lt;p&gt;\" target=\"_blank\" rel=\"noopener\">Calamonique<\/a>, <a href=\"http:\/\/c-est-reparti.blogspot.com\/&lt;\/p&gt;&lt;\/p&gt;&lt;br \/&gt;\n&lt;p&gt;&lt;p&gt;\" target=\"_blank\" rel=\"noopener\">Cara<\/a>, <a href=\"http:\/\/www.carnetsdimages.org&lt;\/p&gt;&lt;\/p&gt;&lt;br \/&gt;\n&lt;p&gt;&lt;p&gt;\" target=\"_blank\" rel=\"noopener\">Carnets d&rsquo;images<\/a>, <a href=\"http:\/\/ohmypetitpois.blogspot.fr&lt;\/p&gt;&lt;\/p&gt;&lt;br \/&gt;\n&lt;p&gt;&lt;p&gt;\" target=\"_blank\" rel=\"noopener\">Caro from London <\/a>, <a href=\"http:\/\/julesetmoa.blogspot.com\/&lt;\/p&gt;&lt;\/p&gt;&lt;br \/&gt;\n&lt;p&gt;&lt;p&gt;\" target=\"_blank\" rel=\"noopener\">Caro JulesetMoa<\/a>, <a href=\"http:\/\/catdeschamps.blogspot.fr\/&lt;\/p&gt;&lt;\/p&gt;&lt;br \/&gt;\n&lt;p&gt;&lt;p&gt;\" target=\"_blank\" rel=\"noopener\">Caterine<\/a>, <a href=\"http:\/\/naomietbella.canalblog.com&lt;\/p&gt;&lt;\/p&gt;&lt;br \/&gt;\n&lt;p&gt;&lt;p&gt;\" target=\"_blank\" rel=\"noopener\">Cath la Cigale<\/a>, <a href=\"http:\/\/citrouilleetbouledeneige.com&lt;\/p&gt;&lt;\/p&gt;&lt;br \/&gt;\n&lt;p&gt;&lt;p&gt;\" target=\"_blank\" rel=\"noopener\">Cathy<\/a>, <a href=\"http:\/\/www.cekoline.tumblr.com&lt;\/p&gt;&lt;\/p&gt;&lt;br \/&gt;\n&lt;p&gt;&lt;p&gt;\" target=\"_blank\" rel=\"noopener\">Cekoline<\/a>, <a href=\"http:\/\/frenchiesinparis.over-blog.com&lt;\/p&gt;&lt;\/p&gt;&lt;br \/&gt;\n&lt;p&gt;&lt;p&gt;\" target=\"_blank\" rel=\"noopener\">C\u00e9line in Paris<\/a>, <a href=\"http:\/\/cetomontreal.blogspot.ca\/&lt;\/p&gt;&lt;\/p&gt;&lt;br \/&gt;\n&lt;p&gt;&lt;p&gt;\" target=\"_blank\" rel=\"noopener\">CetO<\/a>, <a href=\"http:\/\/champagnefraise.wordpress.com&lt;\/p&gt;&lt;\/p&gt;&lt;br \/&gt;\n&lt;p&gt;&lt;p&gt;\" target=\"_blank\" rel=\"noopener\">Champagne<\/a>, <a href=\"http:\/\/reverieschatbleu.canalblog.com\/&lt;\/p&gt;&lt;\/p&gt;&lt;br \/&gt;\n&lt;p&gt;&lt;p&gt;\" target=\"_blank\" rel=\"noopener\">Chat bleu<\/a>, <a href=\"http:\/\/cherrybee-a-montreal.blogspot.com&lt;\/p&gt;&lt;\/p&gt;&lt;br \/&gt;\n&lt;p&gt;&lt;p&gt;\" target=\"_blank\" rel=\"noopener\">Cherrybee<\/a>, <a href=\"http:\/\/mysweetescape.fr\/&lt;\/p&gt;&lt;\/p&gt;&lt;br \/&gt;\n&lt;p&gt;&lt;p&gt;\" target=\"_blank\" rel=\"noopener\">Chlo\u00e9<\/a>, <a href=\"http:\/\/www.niokiontheroad.fr&lt;\/p&gt;&lt;\/p&gt;&lt;br \/&gt;\n&lt;p&gt;&lt;p&gt;\" target=\"_blank\" rel=\"noopener\">Christelle<\/a>, <a href=\"http:\/\/suissexpress.wordpress.com\/&lt;\/p&gt;&lt;\/p&gt;&lt;br \/&gt;\n&lt;p&gt;&lt;p&gt;\" target=\"_blank\" rel=\"noopener\">Christophe<\/a>, <a href=\"http:\/\/www.claires-blog.com&lt;\/p&gt;&lt;\/p&gt;&lt;br \/&gt;\n&lt;p&gt;&lt;p&gt;\" target=\"_blank\" rel=\"noopener\">Claire&rsquo;s Blog<\/a>, <a href=\"http:\/\/cocosophie.over-blog.com\/tag\/photos%20du%20mois\/&lt;\/p&gt;&lt;\/p&gt;&lt;br \/&gt;\n&lt;p&gt;&lt;p&gt;\" target=\"_blank\" rel=\"noopener\">Cocosophie<\/a>, <a href=\"http:\/\/www.cricriyomfromparis.com\/search\/label\/La%20photo%20du%20mois&lt;\/p&gt;&lt;\/p&gt;&lt;br \/&gt;\n&lt;p&gt;&lt;p&gt;\" target=\"_blank\" rel=\"noopener\">Cricriyom from Paris<\/a>, <a href=\"http:\/\/www.dameskarlette.com\/&lt;\/p&gt;&lt;\/p&gt;&lt;br \/&gt;\n&lt;p&gt;&lt;p&gt;\" target=\"_blank\" rel=\"noopener\">Dame Skarlette<\/a>, <a href=\"http:\/\/mapassionbento.blogspot.fr\/&lt;\/p&gt;&lt;\/p&gt;&lt;br \/&gt;\n&lt;p&gt;&lt;p&gt;\" target=\"_blank\" rel=\"noopener\">DelphineF<\/a>, <a href=\"http:\/\/life-is-a-bombon.blogspot.fr\/search\/label\/photo%20du%20mois&lt;\/p&gt;&lt;\/p&gt;&lt;br \/&gt;\n&lt;p&gt;&lt;p&gt;\" target=\"_blank\" rel=\"noopener\">Djoul<\/a>, <a href=\"http:\/\/cestpasmoijeljure.wordpress.com\/&lt;\/p&gt;&lt;\/p&gt;&lt;br \/&gt;\n&lt;p&gt;&lt;p&gt;\" target=\"_blank\" rel=\"noopener\">Dr. CaSo<\/a>, <a href=\"http:\/\/histoiresdeux.blogspot.com&lt;\/p&gt;&lt;\/p&gt;&lt;br \/&gt;\n&lt;p&gt;&lt;p&gt;\" target=\"_blank\" rel=\"noopener\">E<\/a>, <a href=\"http:\/\/elpadawan.wordpress.com&lt;\/p&gt;&lt;\/p&gt;&lt;br \/&gt;\n&lt;p&gt;&lt;p&gt;\" target=\"_blank\" rel=\"noopener\">El Padawan<\/a>, <a href=\"http:\/\/foodforthoughtandmore.wordpress.com\/&lt;\/p&gt;&lt;\/p&gt;&lt;br \/&gt;\n&lt;p&gt;&lt;p&gt;\" target=\"_blank\" rel=\"noopener\">Elodie<\/a>, <a href=\"http:\/\/occident-express.hautetfort.com&lt;\/p&gt;&lt;\/p&gt;&lt;br \/&gt;\n&lt;p&gt;&lt;p&gt;\" target=\"_blank\" rel=\"noopener\">Eurydice<\/a>, <a href=\"http:\/\/fanfanraccoons.blogspot.com&lt;\/p&gt;&lt;\/p&gt;&lt;br \/&gt;\n&lt;p&gt;&lt;p&gt;\" target=\"_blank\" rel=\"noopener\">Fanfan Raccoon<\/a>, <a href=\"http:\/\/filamots.wordpress.com&lt;\/p&gt;&lt;\/p&gt;&lt;br \/&gt;\n&lt;p&gt;&lt;p&gt;\" target=\"_blank\" rel=\"noopener\">Filamots<\/a>, <a href=\"http:\/\/flechebleu77.tumblr.com&lt;\/p&gt;&lt;\/p&gt;&lt;br \/&gt;\n&lt;p&gt;&lt;p&gt;\" target=\"_blank\" rel=\"noopener\">flechebleu<\/a>, <a href=\"http:\/\/vudubalcon.blogspot.fr&lt;\/p&gt;&lt;\/p&gt;&lt;br \/&gt;\n&lt;p&gt;&lt;p&gt;\" target=\"_blank\" rel=\"noopener\">Fran\u00e7ois le Ni\u00e7ois<\/a>, <a href=\"http:\/\/zoursland.com&lt;\/p&gt;&lt;\/p&gt;&lt;br \/&gt;\n&lt;p&gt;&lt;p&gt;\" target=\"_blank\" rel=\"noopener\">Fr\u00e9d\u00e9ric<\/a>, <a href=\"http:\/\/galinette-dezailes.blogspot.fr\/&lt;\/p&gt;&lt;\/p&gt;&lt;br \/&gt;\n&lt;p&gt;&lt;p&gt;\" target=\"_blank\" rel=\"noopener\">Galinette<\/a>, <a href=\"http:\/\/www.legaletas.net\/blog\/index.php&lt;\/p&gt;&lt;\/p&gt;&lt;br \/&gt;\n&lt;p&gt;&lt;p&gt;\" target=\"_blank\" rel=\"noopener\">Gilsoub<\/a>, <a href=\"http:\/\/lafeedulogis43.over-blog.fr&lt;\/p&gt;&lt;\/p&gt;&lt;br \/&gt;\n&lt;p&gt;&lt;p&gt;\" target=\"_blank\" rel=\"noopener\">Giselle 43<\/a>, <a href=\"http:\/\/cyberdilou.canalblog.com&lt;\/p&gt;&lt;\/p&gt;&lt;br \/&gt;\n&lt;p&gt;&lt;p&gt;\" target=\"_blank\" rel=\"noopener\">Gizeh<\/a>, <a href=\"http:\/\/vraiefiction.blogspot.com&lt;\/p&gt;&lt;\/p&gt;&lt;br \/&gt;\n&lt;p&gt;&lt;p&gt;\" target=\"_blank\" rel=\"noopener\">Guillaume<\/a>, <a href=\"http:\/\/happyusbook.blogspot.fr\/&lt;\/p&gt;&lt;\/p&gt;&lt;br \/&gt;\n&lt;p&gt;&lt;p&gt;\" target=\"_blank\" rel=\"noopener\">Happy Us<\/a>, <a href=\"http:\/\/hibiscusblog.net\/category\/la-photo-du-mois-2&lt;\/p&gt;&lt;\/p&gt;&lt;br \/&gt;\n&lt;p&gt;&lt;p&gt;\" target=\"_blank\" rel=\"noopener\">Hibiscus<\/a>, <a href=\"http:\/\/homeos-tasie.blogspot.fr\/&lt;\/p&gt;&lt;\/p&gt;&lt;br \/&gt;\n&lt;p&gt;&lt;p&gt;\" target=\"_blank\" rel=\"noopener\">Homeos-tasie<\/a>, <a href=\"http:\/\/hypeandcie.com\/&lt;\/p&gt;&lt;\/p&gt;&lt;br \/&gt;\n&lt;p&gt;&lt;p&gt;\" target=\"_blank\" rel=\"noopener\">Hypeandcie<\/a>, <a href=\"http:\/\/www.isatoutsimplement.org&lt;\/p&gt;&lt;\/p&gt;&lt;br \/&gt;\n&lt;p&gt;&lt;p&gt;\" target=\"_blank\" rel=\"noopener\">Isa ToutSimplement<\/a>, <a href=\"http:\/\/isaquarel.canalblog.com\/archives\/la_photo_du_mois\/index.html&lt;\/p&gt;&lt;\/p&gt;&lt;br \/&gt;\n&lt;p&gt;&lt;p&gt;\" target=\"_blank\" rel=\"noopener\">Isaquarel<\/a>, <a href=\"http:\/\/jadorejadhere.canalblog.com\/&lt;\/p&gt;&lt;\/p&gt;&lt;br \/&gt;\n&lt;p&gt;&lt;p&gt;\" target=\"_blank\" rel=\"noopener\">J&rsquo;adore j&rsquo;adh\u00e8re<\/a>, <a href=\"http:\/\/lachataignesauvage.over-blog.com\/categorie-12516589.html&lt;\/p&gt;&lt;\/p&gt;&lt;br \/&gt;\n&lt;p&gt;&lt;p&gt;\" target=\"_blank\" rel=\"noopener\">Josiane<\/a>, <a href=\"http:\/\/colibribleu.blogspot.fr\/&lt;\/p&gt;&lt;\/p&gt;&lt;br \/&gt;\n&lt;p&gt;&lt;p&gt;\" target=\"_blank\" rel=\"noopener\">Julie<\/a>, <a href=\"http:\/\/krn-defouloir.blogspot.com&lt;\/p&gt;&lt;\/p&gt;&lt;br \/&gt;\n&lt;p&gt;&lt;p&gt;\" target=\"_blank\" rel=\"noopener\">Krn<\/a>, <a href=\"http:\/\/lestetesafranchouilles.blogspot.fr\/&lt;\/p&gt;&lt;\/p&gt;&lt;br \/&gt;\n&lt;p&gt;&lt;p&gt;\" target=\"_blank\" rel=\"noopener\">La Dum<\/a>, <a href=\"http:\/\/www.lafilledelair.com\/blog\/la-photo-du-mois\/&lt;\/p&gt;&lt;\/p&gt;&lt;br \/&gt;\n&lt;p&gt;&lt;p&gt;\" target=\"_blank\" rel=\"noopener\">La Fille de l&rsquo;Air<\/a>, <a href=\"http:\/\/messineaventure.canalblog.com\/archives\/la_photo_du_mois\/index.html&lt;\/p&gt;&lt;\/p&gt;&lt;br \/&gt;\n&lt;p&gt;&lt;p&gt;\" target=\"_blank\" rel=\"noopener\">La Messine<\/a>, <a href=\"http:\/\/lanantaiseaparis.com&lt;\/p&gt;&lt;\/p&gt;&lt;br \/&gt;\n&lt;p&gt;&lt;p&gt;\" target=\"_blank\" rel=\"noopener\">La Nantaise<\/a>, <a href=\"http:\/\/lapapotte.canalblog.com\/tag\/Photo%20du%20mois&lt;\/p&gt;&lt;\/p&gt;&lt;br \/&gt;\n&lt;p&gt;&lt;p&gt;\" target=\"_blank\" rel=\"noopener\">La Papotte<\/a>, <a href=\"http:\/\/voyageusecomtoise.wordpress.com\/tag\/photo-du-mois\/&lt;\/p&gt;&lt;\/p&gt;&lt;br \/&gt;\n&lt;p&gt;&lt;p&gt;\" target=\"_blank\" rel=\"noopener\">La voyageuse comtoise<\/a>, <a href=\"http:\/\/laudesmontagnes.wordpress.com\/&lt;\/p&gt;&lt;\/p&gt;&lt;br \/&gt;\n&lt;p&gt;&lt;p&gt;\" target=\"_blank\" rel=\"noopener\">Lau* des montagnes<\/a>, <a href=\"http:\/\/laulineafaitdesphotos.com\/&lt;\/p&gt;&lt;\/p&gt;&lt;br \/&gt;\n&lt;p&gt;&lt;p&gt;\" target=\"_blank\" rel=\"noopener\">Laulinea<\/a>, <a href=\"http:\/\/www.malaxi.net&lt;\/p&gt;&lt;\/p&gt;&lt;br \/&gt;\n&lt;p&gt;&lt;p&gt;\" target=\"_blank\" rel=\"noopener\">Laurent Nicolas<\/a>, <a href=\"http:\/\/lorgnettedunjour.canalblog.com\/&lt;\/p&gt;&lt;\/p&gt;&lt;br \/&gt;\n&lt;p&gt;&lt;p&gt;\" target=\"_blank\" rel=\"noopener\">Lavandine<\/a>, <a href=\"http:\/\/dederrierelesfagots.wordpress.com&lt;\/p&gt;&lt;\/p&gt;&lt;br \/&gt;\n&lt;p&gt;&lt;p&gt;\" target=\"_blank\" rel=\"noopener\">L&rsquo;Azimut\u00e9e<\/a>, <a href=\"http:\/\/www.lesbonheurs.fr\/&lt;\/p&gt;&lt;\/p&gt;&lt;br \/&gt;\n&lt;p&gt;&lt;p&gt;\" target=\"_blank\" rel=\"noopener\">Les bonheurs d&rsquo;Anne &amp; Alex<\/a>, <a href=\"http:\/\/lesvoyagesdelucy.over-blog.com\/categorie-12302834.html&lt;\/p&gt;&lt;\/p&gt;&lt;br \/&gt;\n&lt;p&gt;&lt;p&gt;\" target=\"_blank\" rel=\"noopener\">Les voyages de Lucy<\/a>, <a href=\"http:\/\/www.leviacarmina.fr&lt;\/p&gt;&lt;\/p&gt;&lt;br \/&gt;\n&lt;p&gt;&lt;p&gt;\" target=\"_blank\" rel=\"noopener\">Leviacarmina<\/a>, <a href=\"http:\/\/www.lisadeparis.ch\/articles\/bonus\/la-photo-du-mois\/&lt;\/p&gt;&lt;\/p&gt;&lt;br \/&gt;\n&lt;p&gt;&lt;p&gt;\" target=\"_blank\" rel=\"noopener\">LisaDeParis<\/a>, <a href=\"http:\/\/grandereveuse.fr\/&lt;\/p&gt;&lt;\/p&gt;&lt;br \/&gt;\n&lt;p&gt;&lt;p&gt;\" target=\"_blank\" rel=\"noopener\">Louisianne<\/a>, <a href=\"http:\/\/www.destination-montreal.net&lt;\/p&gt;&lt;\/p&gt;&lt;br \/&gt;\n&lt;p&gt;&lt;p&gt;\" target=\"_blank\" rel=\"noopener\">Lucile et Rod<\/a>, <a href=\"https:\/\/lyonelkaufmann.ch\/Blog\/category\/blogcafe\/photo-du-mois\/&lt;\/p&gt;&lt;\/p&gt;&lt;br \/&gt;\n&lt;p&gt;&lt;p&gt;\" target=\"_blank\" rel=\"noopener\">Lyonelk<\/a>, <a href=\"http:\/\/anteketborka.blogspot.com&lt;\/p&gt;&lt;\/p&gt;&lt;br \/&gt;\n&lt;p&gt;&lt;p&gt;\" target=\"_blank\" rel=\"noopener\">magda627<\/a>, <a href=\"http:\/\/chezmamysoren.over-blog.com&lt;\/p&gt;&lt;\/p&gt;&lt;br \/&gt;\n&lt;p&gt;&lt;p&gt;\" target=\"_blank\" rel=\"noopener\">Mamysoren<\/a>, <a href=\"http:\/\/www.dicietdailleursphotography.com\/&lt;\/p&gt;&lt;\/p&gt;&lt;br \/&gt;\n&lt;p&gt;&lt;p&gt;\" target=\"_blank\" rel=\"noopener\">Marie-Charlotte<\/a>, <a href=\"http:\/\/le-tour-du-monde-de-la-marmotte.over-blog.com\/&lt;\/p&gt;&lt;\/p&gt;&lt;br \/&gt;\n&lt;p&gt;&lt;p&gt;\" target=\"_blank\" rel=\"noopener\">Marmotte<\/a>, <a href=\"http:\/\/destination-canada.net\/&lt;\/p&gt;&lt;\/p&gt;&lt;br \/&gt;\n&lt;p&gt;&lt;p&gt;\" target=\"_blank\" rel=\"noopener\">Mathilde<\/a>, <a href=\"http:\/\/mimireliton.canalblog.com\/&lt;\/p&gt;&lt;\/p&gt;&lt;br \/&gt;\n&lt;p&gt;&lt;p&gt;\" target=\"_blank\" rel=\"noopener\">Mimireliton<\/a>, <a href=\"https:\/\/fromaustraliawl.wordpress.com\/category\/les-rdv-du-blog\/&lt;\/p&gt;&lt;\/p&gt;&lt;br \/&gt;\n&lt;p&gt;&lt;p&gt;\" target=\"_blank\" rel=\"noopener\">MissCarole<\/a>, <a href=\"http:\/\/morganebyloosphoto.wordpress.com&lt;\/p&gt;&lt;\/p&gt;&lt;br \/&gt;\n&lt;p&gt;&lt;p&gt;\" target=\"_blank\" rel=\"noopener\">Morgane Byloos Photography<\/a>, <a href=\"http:\/\/etesansfin.wordpress.com\/category\/photo-du-mois\/&lt;\/p&gt;&lt;\/p&gt;&lt;br \/&gt;\n&lt;p&gt;&lt;p&gt;\" target=\"_blank\" rel=\"noopener\">N<\/a>, <a href=\"http:\/\/clicpassion.canalblog.com&lt;\/p&gt;&lt;\/p&gt;&lt;br \/&gt;\n&lt;p&gt;&lt;p&gt;\" target=\"_blank\" rel=\"noopener\">Nicky<\/a>, <a href=\"http:\/\/dans-ma-bulle-365.tumblr.com\/&lt;\/p&gt;&lt;\/p&gt;&lt;br \/&gt;\n&lt;p&gt;&lt;p&gt;\" target=\"_blank\" rel=\"noopener\">Nie<\/a>, <a href=\"http:\/\/orichan.canalblog.com\/archives\/photo_du_mois\/index.html&lt;\/p&gt;&lt;\/p&gt;&lt;br \/&gt;\n&lt;p&gt;&lt;p&gt;\" target=\"_blank\" rel=\"noopener\">Ori<\/a>, <a href=\"http:\/\/bellegosse.wordpress.com\/&lt;\/p&gt;&lt;\/p&gt;&lt;br \/&gt;\n&lt;p&gt;&lt;p&gt;\" target=\"_blank\" rel=\"noopener\">Oscara<\/a>, <a href=\"http:\/\/www.photo-tuto.fr&lt;\/p&gt;&lt;\/p&gt;&lt;br \/&gt;\n&lt;p&gt;&lt;p&gt;\" target=\"_blank\" rel=\"noopener\">Photo Tuto<\/a>, <a href=\"http:\/\/pilisi.over-blog.com\/categorie-12387113.html&lt;\/p&gt;&lt;\/p&gt;&lt;br \/&gt;\n&lt;p&gt;&lt;p&gt;\" target=\"_blank\" rel=\"noopener\">Pilisi<\/a>, <a href=\"http:\/\/renepaulhenry.blogspot.com&lt;\/p&gt;&lt;\/p&gt;&lt;br \/&gt;\n&lt;p&gt;&lt;p&gt;\" target=\"_blank\" rel=\"noopener\">Renepaulhenry<\/a>, <a href=\"http:\/\/Scarolles-and-co.blogspot.com&lt;\/p&gt;&lt;\/p&gt;&lt;br \/&gt;\n&lt;p&gt;&lt;p&gt;\" target=\"_blank\" rel=\"noopener\">scarolles-and-co <\/a>, <a href=\"http:\/\/www.sephiraph.be&lt;\/p&gt;&lt;\/p&gt;&lt;br \/&gt;\n&lt;p&gt;&lt;p&gt;\" target=\"_blank\" rel=\"noopener\">Sephiraph<\/a>, <a href=\"http:\/\/shoesforgirl.blogspot.fr\/&lt;\/p&gt;&lt;\/p&gt;&lt;br \/&gt;\n&lt;p&gt;&lt;p&gt;\" target=\"_blank\" rel=\"noopener\">Shoesforgirls<\/a>, <a href=\"http:\/\/sinuaisons.wordpress.com\/category\/la-photo-du-mois\/&lt;\/p&gt;&lt;\/p&gt;&lt;br \/&gt;\n&lt;p&gt;&lt;p&gt;\" target=\"_blank\" rel=\"noopener\">Sinuaisons<\/a>, <a href=\"http:\/\/cigaletfourmi.blogspot.com&lt;\/p&gt;&lt;\/p&gt;&lt;br \/&gt;\n&lt;p&gt;&lt;p&gt;\" target=\"_blank\" rel=\"noopener\">Solveig<\/a>, <a href=\"http:\/\/www.sophierififi.com\/&lt;\/p&gt;&lt;\/p&gt;&lt;br \/&gt;\n&lt;p&gt;&lt;p&gt;\" target=\"_blank\" rel=\"noopener\">Sophie Rififi<\/a>, <a href=\"http:\/\/provincecanadienne.blogspot.ca\/search\/label\/Photo%20du%20mois&lt;\/p&gt;&lt;\/p&gt;&lt;br \/&gt;\n&lt;p&gt;&lt;p&gt;\" target=\"_blank\" rel=\"noopener\">Stephane08<\/a>, <a href=\"http:\/\/tambour-major.blogspot.ca\/search\/label\/La%20photo%20du%20mois&lt;\/p&gt;&lt;\/p&gt;&lt;br \/&gt;\n&lt;p&gt;&lt;p&gt;\" target=\"_blank\" rel=\"noopener\">Tambour Major<\/a>, <a href=\"http:\/\/testinauteathome.over-blog.com\/&lt;\/p&gt;&lt;\/p&gt;&lt;br \/&gt;\n&lt;p&gt;&lt;p&gt;\" target=\"_blank\" rel=\"noopener\">Testinaute<\/a>, <a href=\"http:\/\/macatou.wordpress.com\/&lt;\/p&gt;&lt;\/p&gt;&lt;br \/&gt;\n&lt;p&gt;&lt;p&gt;\" target=\"_blank\" rel=\"noopener\">Thalie<\/a>, <a href=\"http:\/\/theparisienne.fr&lt;\/p&gt;&lt;\/p&gt;&lt;br \/&gt;\n&lt;p&gt;&lt;p&gt;\" target=\"_blank\" rel=\"noopener\">The Parisienne<\/a>, <a href=\"http:\/\/carroir.over-blog.com&lt;\/p&gt;&lt;\/p&gt;&lt;br \/&gt;\n&lt;p&gt;&lt;p&gt;\" target=\"_blank\" rel=\"noopener\">Thib<\/a>, <a href=\"http:\/\/tuxana.blogspot.ca\/&lt;\/p&gt;&lt;\/p&gt;&lt;br \/&gt;\n&lt;p&gt;&lt;p&gt;\" target=\"_blank\" rel=\"noopener\">Tuxana<\/a>, <a href=\"http:\/\/www.unjourunevie.fr\/&lt;\/p&gt;&lt;\/p&gt;&lt;br \/&gt;\n&lt;p&gt;&lt;p&gt;\" target=\"_blank\" rel=\"noopener\">Un jour, une vie<\/a>, <a href=\"http:\/\/www.journaldunenicoise.com&lt;\/p&gt;&lt;\/p&gt;&lt;br \/&gt;\n&lt;p&gt;&lt;p&gt;\" target=\"_blank\" rel=\"noopener\">Une ni\u00e7oise<\/a>, <a href=\"http:\/\/www.leshumeursdeviolette.over-blog.com&lt;\/p&gt;&lt;\/p&gt;&lt;br \/&gt;\n&lt;p&gt;&lt;p&gt;\" target=\"_blank\" rel=\"noopener\">Violette<\/a>, <a href=\"http:\/\/www.viviane-voyages.com&lt;\/p&gt;&lt;\/p&gt;&lt;br \/&gt;\n&lt;p&gt;&lt;p&gt;\" target=\"_blank\" rel=\"noopener\">Viviane<\/a>, <a href=\"http:\/\/sebdanzephotographe.wordpress.com\/category\/photo-du-mois\/&lt;\/p&gt;&lt;\/p&gt;&lt;br \/&gt;\n&lt;p&gt;&lt;p&gt;\" target=\"_blank\" rel=\"noopener\">Wolverine<\/a>, <a href=\"http:\/\/xoliv.blogspot.fr&lt;\/p&gt;&lt;\/p&gt;&lt;br \/&gt;\n&lt;p&gt;&lt;p&gt;\" target=\"_blank\" rel=\"noopener\">Xoliv&rsquo;<\/a>, <a href=\"http:\/\/zazaetsesfantaisies.blogspot.fr\/&lt;\/p&gt;&lt;\/p&gt;&lt;br \/&gt;\n&lt;p&gt;&lt;p&gt;\" target=\"_blank\" rel=\"noopener\">Zaza<\/a><\/p>\n","protected":false},"excerpt":{"rendered":"<p>Ce mois, le th\u00e8me nous est propos\u00e9 par St\u00e9ph : Bonjour \u00e0 toutes et \u00e0 tous, Pour ce mois de juillet 2013, je vous propose un th\u00e8me qui, je l\u2019esp\u00e8re, vous inspirera : \u00ab au ras-du-sol \u00bb. Plus qu\u2019un sujet, un objet ou une action \u00e0 illustrer, je souhaite surtout mettre en avant l\u2019angle de [&hellip;]<\/p>\n","protected":false},"author":1,"featured_media":14364,"comment_status":"open","ping_status":"open","sticky":false,"template":"","format":"image","meta":{"_import_markdown_pro_load_document_selector":0,"_import_markdown_pro_submit_text_textarea":"","_genesis_hide_title":false,"_genesis_hide_breadcrumbs":false,"_genesis_hide_singular_image":false,"_genesis_hide_footer_widgets":false,"_genesis_custom_body_class":"","_genesis_custom_post_class":"","_genesis_layout":"full-width-content","jetpack_post_was_ever_published":false,"_jetpack_newsletter_access":"","_jetpack_dont_email_post_to_subs":false,"_jetpack_newsletter_tier_id":0,"_jetpack_memberships_contains_paywalled_content":false,"_jetpack_memberships_contains_paid_content":false,"activitypub_content_warning":"","activitypub_content_visibility":"","activitypub_max_image_attachments":3,"activitypub_interaction_policy_quote":"anyone","activitypub_status":"","footnotes":"","jetpack_publicize_message":"","jetpack_publicize_feature_enabled":true,"jetpack_social_post_already_shared":true,"jetpack_social_options":{"image_generator_settings":{"template":"fullscreen","default_image_id":0,"font":"","enabled":false},"version":2}},"categories":[4],"tags":[],"class_list":{"0":"post-9993","1":"post","2":"type-post","3":"status-publish","4":"format-image","5":"has-post-thumbnail","7":"category-photo-du-mois","8":"post_format-post-format-image","9":"entry"},"jetpack_publicize_connections":[],"featured_image_src":"https:\/\/i0.wp.com\/lyonelkaufmann.ch\/Blog\/wp-content\/uploads\/2015\/03\/DSC03299.jpg?resize=600%2C400&ssl=1","featured_image_src_square":"https:\/\/i0.wp.com\/lyonelkaufmann.ch\/Blog\/wp-content\/uploads\/2015\/03\/DSC03299.jpg?resize=600%2C533&ssl=1","author_info":{"display_name":"Lyonel Kaufmann","author_link":"https:\/\/lyonelkaufmann.ch\/Blog\/author\/lyonelk\/"},"jetpack_featured_media_url":"https:\/\/i0.wp.com\/lyonelkaufmann.ch\/Blog\/wp-content\/uploads\/2015\/03\/DSC03299.jpg?fit=800%2C533&ssl=1","jetpack_sharing_enabled":true,"jetpack_shortlink":"https:\/\/wp.me\/p1qtF4-2Bb","jetpack-related-posts":[{"id":10627,"url":"https:\/\/lyonelkaufmann.ch\/Blog\/2013\/08\/15\/objet-photo-du-mois\/","url_meta":{"origin":9993,"position":0},"title":"Objet |\u00a0Photo du mois","author":"Lyonel Kaufmann","date":"15 ao\u00fbt 2013","format":false,"excerpt":"Comme tous les 15 de chaque mois \u00e0 12:00 tapantes, c'est l'heure de la photo du mois. Ce mois-ci, le th\u00e8me est \u00abobjet\u00bb. \u00a0Alors voici ma photo : Autant le th\u00e8me pr\u00e9c\u00e9dent m'a pos\u00e9 quelques probl\u00e8mes, autant celui-ci a \u00e9t\u00e9 l'inverse. Trois sujets diff\u00e9rents d'objet ont occup\u00e9 mon esprit. Et,\u2026","rel":"","context":"Dans &quot;Photo du mois&quot;","block_context":{"text":"Photo du mois","link":"https:\/\/lyonelkaufmann.ch\/Blog\/category\/photo-du-mois\/"},"img":{"alt_text":"","src":"https:\/\/i0.wp.com\/lyonelkaufmann.ch\/Blog\/wp-content\/uploads\/2013\/08\/Objet2-XL.jpg?fit=1024%2C768&ssl=1&resize=350%2C200","width":350,"height":200,"srcset":"https:\/\/i0.wp.com\/lyonelkaufmann.ch\/Blog\/wp-content\/uploads\/2013\/08\/Objet2-XL.jpg?fit=1024%2C768&ssl=1&resize=350%2C200 1x, https:\/\/i0.wp.com\/lyonelkaufmann.ch\/Blog\/wp-content\/uploads\/2013\/08\/Objet2-XL.jpg?fit=1024%2C768&ssl=1&resize=525%2C300 1.5x, https:\/\/i0.wp.com\/lyonelkaufmann.ch\/Blog\/wp-content\/uploads\/2013\/08\/Objet2-XL.jpg?fit=1024%2C768&ssl=1&resize=700%2C400 2x"},"classes":[]},{"id":18234,"url":"https:\/\/lyonelkaufmann.ch\/Blog\/2017\/07\/15\/provocation-photo-du-mois\/","url_meta":{"origin":9993,"position":1},"title":"Provocation | Photo du mois","author":"Lyonel Kaufmann","date":"15 juillet 2017","format":false,"excerpt":"Le th\u00e8me de la photo du mois Provocation\u00a0a \u00e9t\u00e9 choisi par Morgane Byloos Photography (http:\/\/morganebyloosphoto.wordpress.com). Note de l\u2019auteur-e : dans tous les sens du terme Mon interpr\u00e9tation du th\u00e8me : \u00a0 Est-ce le choix de la photo qui est en soi une provocation par rapport au th\u00e8me choisi ? Est-ce\u2026","rel":"","context":"Dans &quot;Photo du mois&quot;","block_context":{"text":"Photo du mois","link":"https:\/\/lyonelkaufmann.ch\/Blog\/category\/photo-du-mois\/"},"img":{"alt_text":"","src":"https:\/\/i0.wp.com\/lyonelkaufmann.ch\/Blog\/wp-content\/uploads\/2017\/07\/image.jpg?fit=1200%2C800&ssl=1&resize=350%2C200","width":350,"height":200,"srcset":"https:\/\/i0.wp.com\/lyonelkaufmann.ch\/Blog\/wp-content\/uploads\/2017\/07\/image.jpg?fit=1200%2C800&ssl=1&resize=350%2C200 1x, https:\/\/i0.wp.com\/lyonelkaufmann.ch\/Blog\/wp-content\/uploads\/2017\/07\/image.jpg?fit=1200%2C800&ssl=1&resize=525%2C300 1.5x, https:\/\/i0.wp.com\/lyonelkaufmann.ch\/Blog\/wp-content\/uploads\/2017\/07\/image.jpg?fit=1200%2C800&ssl=1&resize=700%2C400 2x, https:\/\/i0.wp.com\/lyonelkaufmann.ch\/Blog\/wp-content\/uploads\/2017\/07\/image.jpg?fit=1200%2C800&ssl=1&resize=1050%2C600 3x"},"classes":[]},{"id":10954,"url":"https:\/\/lyonelkaufmann.ch\/Blog\/2013\/11\/15\/ensemble-photo-du-mois\/","url_meta":{"origin":9993,"position":2},"title":"Ensemble |\u00a0Photo du mois","author":"Lyonel Kaufmann","date":"15 novembre 2013","format":"image","excerpt":"Comme tous les 15 de chaque mois \u00e0 12:00 tapantes, c\u2019est l\u2019heure de la photo du mois. Ce mois-ci, le th\u00e8me est \u00abEnsemble\u00bb. Le th\u00e8me a \u00e9t\u00e9 choisi par Ava (http:\/\/monbeaumanoir.wordpress.com\/). Cette photo a \u00e9t\u00e9 prise lors de l'\u00e9chauffement du Semi-marathon de Lausanne qui part depuis La Tour-de-Peilz. Dans ce\u2026","rel":"","context":"Dans &quot;Photo du mois&quot;","block_context":{"text":"Photo du mois","link":"https:\/\/lyonelkaufmann.ch\/Blog\/category\/photo-du-mois\/"},"img":{"alt_text":"","src":"https:\/\/i0.wp.com\/lyonelkaufmann.ch\/Blog\/wp-content\/uploads\/2013\/11\/MarathonSemi-Marathon%40LaTour-de-Peilz81-XL.jpg?fit=1024%2C678&ssl=1&resize=350%2C200","width":350,"height":200,"srcset":"https:\/\/i0.wp.com\/lyonelkaufmann.ch\/Blog\/wp-content\/uploads\/2013\/11\/MarathonSemi-Marathon%40LaTour-de-Peilz81-XL.jpg?fit=1024%2C678&ssl=1&resize=350%2C200 1x, https:\/\/i0.wp.com\/lyonelkaufmann.ch\/Blog\/wp-content\/uploads\/2013\/11\/MarathonSemi-Marathon%40LaTour-de-Peilz81-XL.jpg?fit=1024%2C678&ssl=1&resize=525%2C300 1.5x, https:\/\/i0.wp.com\/lyonelkaufmann.ch\/Blog\/wp-content\/uploads\/2013\/11\/MarathonSemi-Marathon%40LaTour-de-Peilz81-XL.jpg?fit=1024%2C678&ssl=1&resize=700%2C400 2x"},"classes":[]},{"id":18129,"url":"https:\/\/lyonelkaufmann.ch\/Blog\/2017\/06\/15\/linstant-t-la-photo-du-mois\/","url_meta":{"origin":9993,"position":3},"title":"L&rsquo;instant T | La photo du mois","author":"Lyonel Kaufmann","date":"15 juin 2017","format":false,"excerpt":"Le th\u00e8me du mois, l'Instant T, a \u00e9t\u00e9 choisi par Aude (http:\/\/derriere-mes-yeux.blogspot.fr\/) Note de l'auteur-e Ou l'art de la photo prise pile poil au bon moment ! Mon interpr\u00e9tation du th\u00e8me : Photo prise en octobre 2015, lors de l'\u00e9chauffement du d\u00e9part \u00e0 La Tour-de-Peilz, du semi-marathon de Lausanne. Voici\u2026","rel":"","context":"Dans &quot;Photo du mois&quot;","block_context":{"text":"Photo du mois","link":"https:\/\/lyonelkaufmann.ch\/Blog\/category\/photo-du-mois\/"},"img":{"alt_text":"","src":"https:\/\/i0.wp.com\/lyonelkaufmann.ch\/Blog\/wp-content\/uploads\/2017\/06\/Image-11.06.17-11-58.jpeg?fit=1200%2C900&ssl=1&resize=350%2C200","width":350,"height":200,"srcset":"https:\/\/i0.wp.com\/lyonelkaufmann.ch\/Blog\/wp-content\/uploads\/2017\/06\/Image-11.06.17-11-58.jpeg?fit=1200%2C900&ssl=1&resize=350%2C200 1x, https:\/\/i0.wp.com\/lyonelkaufmann.ch\/Blog\/wp-content\/uploads\/2017\/06\/Image-11.06.17-11-58.jpeg?fit=1200%2C900&ssl=1&resize=525%2C300 1.5x, https:\/\/i0.wp.com\/lyonelkaufmann.ch\/Blog\/wp-content\/uploads\/2017\/06\/Image-11.06.17-11-58.jpeg?fit=1200%2C900&ssl=1&resize=700%2C400 2x, https:\/\/i0.wp.com\/lyonelkaufmann.ch\/Blog\/wp-content\/uploads\/2017\/06\/Image-11.06.17-11-58.jpeg?fit=1200%2C900&ssl=1&resize=1050%2C600 3x"},"classes":[]},{"id":16721,"url":"https:\/\/lyonelkaufmann.ch\/Blog\/2016\/07\/15\/reflet-photo-du-mois\/","url_meta":{"origin":9993,"position":4},"title":"Reflet |\u00a0Photo du mois","author":"Lyonel Kaufmann","date":"15 juillet 2016","format":false,"excerpt":"En ce mois de juillet 2016, c'est Testinaute (http:\/\/www.testinaute.com\/) qui a propos\u00e9 le th\u00e8me du mois et qui nous l'a pr\u00e9sent\u00e9 de la mani\u00e8re suivante : Apr\u00e8s 4 ans de participation, j'ai l'honneur de vous proposer le sujet du mois de Juillet. Le th\u00e8me est donc : \"Reflet\" Je vous\u2026","rel":"","context":"Dans &quot;Photo du mois&quot;","block_context":{"text":"Photo du mois","link":"https:\/\/lyonelkaufmann.ch\/Blog\/category\/photo-du-mois\/"},"img":{"alt_text":"","src":"https:\/\/i0.wp.com\/lyonelkaufmann.ch\/Blog\/wp-content\/uploads\/2016\/07\/reflets.png?fit=1200%2C800&ssl=1&resize=350%2C200","width":350,"height":200,"srcset":"https:\/\/i0.wp.com\/lyonelkaufmann.ch\/Blog\/wp-content\/uploads\/2016\/07\/reflets.png?fit=1200%2C800&ssl=1&resize=350%2C200 1x, https:\/\/i0.wp.com\/lyonelkaufmann.ch\/Blog\/wp-content\/uploads\/2016\/07\/reflets.png?fit=1200%2C800&ssl=1&resize=525%2C300 1.5x, https:\/\/i0.wp.com\/lyonelkaufmann.ch\/Blog\/wp-content\/uploads\/2016\/07\/reflets.png?fit=1200%2C800&ssl=1&resize=700%2C400 2x, https:\/\/i0.wp.com\/lyonelkaufmann.ch\/Blog\/wp-content\/uploads\/2016\/07\/reflets.png?fit=1200%2C800&ssl=1&resize=1050%2C600 3x"},"classes":[]},{"id":12456,"url":"https:\/\/lyonelkaufmann.ch\/Blog\/2015\/03\/15\/mais-keskece-photo-du-mois\/","url_meta":{"origin":9993,"position":5},"title":"\u00ab Mais\u2026 kesk\u00e9c\u00e9 ? \u00bb | Photo du mois","author":"Lyonel Kaufmann","date":"15 mars 2015","format":false,"excerpt":"Le th\u00e8me du mois, \u00ab Mais\u2026 kesk\u00e9c\u00e9 ? \u00bb, a \u00e9t\u00e9 choisi par Eric Milesi (http:\/\/akai-inthesky.blogspot.com). Sa pr\u00e9sentation du th\u00e8me : Oui alors, si je comprends bien, c\u2019est \u00e0 moi de choisir le th\u00e8me de la photo du mois de Mars ? Je vous pr\u00e9viens \u00e7a va \u00eatre tordu! Alors\u2026","rel":"","context":"Dans &quot;Photo du mois&quot;","block_context":{"text":"Photo du mois","link":"https:\/\/lyonelkaufmann.ch\/Blog\/category\/photo-du-mois\/"},"img":{"alt_text":"","src":"https:\/\/i0.wp.com\/lyonelkaufmann.ch\/Blog\/wp-content\/uploads\/2015\/03\/IMGP0881.jpg?fit=796%2C1200&ssl=1&resize=350%2C200","width":350,"height":200,"srcset":"https:\/\/i0.wp.com\/lyonelkaufmann.ch\/Blog\/wp-content\/uploads\/2015\/03\/IMGP0881.jpg?fit=796%2C1200&ssl=1&resize=350%2C200 1x, https:\/\/i0.wp.com\/lyonelkaufmann.ch\/Blog\/wp-content\/uploads\/2015\/03\/IMGP0881.jpg?fit=796%2C1200&ssl=1&resize=525%2C300 1.5x, https:\/\/i0.wp.com\/lyonelkaufmann.ch\/Blog\/wp-content\/uploads\/2015\/03\/IMGP0881.jpg?fit=796%2C1200&ssl=1&resize=700%2C400 2x"},"classes":[]}],"jetpack_likes_enabled":true,"_links":{"self":[{"href":"https:\/\/lyonelkaufmann.ch\/Blog\/wp-json\/wp\/v2\/posts\/9993","targetHints":{"allow":["GET"]}}],"collection":[{"href":"https:\/\/lyonelkaufmann.ch\/Blog\/wp-json\/wp\/v2\/posts"}],"about":[{"href":"https:\/\/lyonelkaufmann.ch\/Blog\/wp-json\/wp\/v2\/types\/post"}],"author":[{"embeddable":true,"href":"https:\/\/lyonelkaufmann.ch\/Blog\/wp-json\/wp\/v2\/users\/1"}],"replies":[{"embeddable":true,"href":"https:\/\/lyonelkaufmann.ch\/Blog\/wp-json\/wp\/v2\/comments?post=9993"}],"version-history":[{"count":1,"href":"https:\/\/lyonelkaufmann.ch\/Blog\/wp-json\/wp\/v2\/posts\/9993\/revisions"}],"predecessor-version":[{"id":24765,"href":"https:\/\/lyonelkaufmann.ch\/Blog\/wp-json\/wp\/v2\/posts\/9993\/revisions\/24765"}],"wp:featuredmedia":[{"embeddable":true,"href":"https:\/\/lyonelkaufmann.ch\/Blog\/wp-json\/wp\/v2\/media\/14364"}],"wp:attachment":[{"href":"https:\/\/lyonelkaufmann.ch\/Blog\/wp-json\/wp\/v2\/media?parent=9993"}],"wp:term":[{"taxonomy":"category","embeddable":true,"href":"https:\/\/lyonelkaufmann.ch\/Blog\/wp-json\/wp\/v2\/categories?post=9993"},{"taxonomy":"post_tag","embeddable":true,"href":"https:\/\/lyonelkaufmann.ch\/Blog\/wp-json\/wp\/v2\/tags?post=9993"}],"curies":[{"name":"wp","href":"https:\/\/api.w.org\/{rel}","templated":true}]}}