{"id":10844,"date":"2016-01-04T14:43:10","date_gmt":"2016-01-04T13:43:10","guid":{"rendered":"https:\/\/lyonelkaufmann.ch\/histoire\/?p=10844"},"modified":"2016-01-08T01:53:25","modified_gmt":"2016-01-08T00:53:25","slug":"a-lire-la-sonnerie-du-reveil-est-un-piege-capitaliste-slate-fr","status":"publish","type":"post","link":"https:\/\/lyonelkaufmann.ch\/histoire\/2016\/01\/04\/a-lire-la-sonnerie-du-reveil-est-un-piege-capitaliste-slate-fr\/","title":{"rendered":"A lire : La sonnerie du r\u00e9veil est un pi\u00e8ge capitaliste | Slate.fr"},"content":{"rendered":"<p><strong>La mani\u00e8re dont l\u2019humain actuel se sort du lit, \u00e0 l\u2019aide d\u2019un bruit sonore et d\u00e9plaisant, est assez proche du r\u00e9veil des ouvriers du XIXe si\u00e8cle.<\/strong><\/p>\n<blockquote><p>Tout au long de l\u2019histoire, les gens n\u2019ont eu globalement jamais besoin de se r\u00e9veiller \u00e0 une heure pr\u00e9cise. Ils devaient simplement se lever suffisamment t\u00f4t pour que le travail \u00e0 faire dans la journ\u00e9e soit termin\u00e9 au coucher du soleil. Si vous \u00e9tiez fermier \u2013et vous l\u2019auriez probablement \u00e9t\u00e9\u2013, vous n\u2019aviez pas de patron pour vous dire d\u2019\u00eatre op\u00e9rationnel \u00e0 9 heures du matin. En r\u00e9alit\u00e9, vous n\u2019auriez sans doute m\u00eame pas su qu\u2019il \u00e9tait 9 heures du matin \u2013tout ce qu\u2019il vous fallait savoir, c\u2019\u00e9tait \u00e0 quel moment traire les vaches et point barre.<\/p>\n<p><a href=\"http:\/\/www.slate.fr\/story\/100021\/comment-se-reveiller-avant-invention-reveil\"><img data-recalc-dims=\"1\" decoding=\"async\" class=\"doksoft_image_img\" src=\"https:\/\/i0.wp.com\/lyonelkaufmann.ch\/histoire\/wp-content\/uploads\/2016\/01\/comment-reveilelr-avant-reveil.png\" alt=\"\" \/><\/a><\/p>\n<p>\u00c0 LIRE AUSSI : <a href=\"http:\/\/www.slate.fr\/story\/100021\/comment-se-reveiller-avant-invention-reveil\">Comment se r\u00e9veillait-on avant l&rsquo;invention du r\u00e9veil?<\/a><\/p>\n<p>Ce qui allait changer au cours de la R\u00e9volution industrielle. Comme l\u2019\u00e9crivait en 1967 l\u2019historien du travail E. P. Thompson, dans son texte essentiel <a href=\"http:\/\/amzn.to\/1R0CgrT\" target=\"_blank\"><em>Temps, discipline du travail et capitalisme industriel<\/em><\/a>,<em> \u00abla premi\u00e8re g\u00e9n\u00e9ration d\u2019ouvriers en usine avait \u00e9t\u00e9 instruite par leurs patrons de l\u2019importance du temps\u00bb<\/em>. Une usine ne sert \u00e0 rien si les ouvriers viennent travailler quand bon leur chante, les propri\u00e9taires d\u2019industrie allaient donc devoir trouver des moyens d\u2019assurer la pr\u00e9sence de leurs employ\u00e9s d\u00e8s potron-minet.<\/p>\n<p>Il y eut par exemple de <a href=\"https:\/\/books.google.com\/books?id=xU5UrgIfE_cC&amp;pg=PA151&amp;lpg=PA151&amp;dq=factory+whistles+wake+up+workers&amp;source=bl&amp;ots=3r1s6ybNrs&amp;sig=CZ5gAULihzN0EarGaX3F7nsTGHI&amp;hl=en&amp;sa=X&amp;ved=0CCsQ6AEwAmoVChMIxd2CndebyQIVBCYmCh1L5A60#v=onepage&amp;q=factory%20whistles%20wake%20up%20workers&amp;f=false\" target=\"_blank\">stridents coups de sifflet<\/a> pour r\u00e9veiller les ouvriers vivant dans les parages et marquer le d\u00e9but et la fin des rotations. Dans l\u2019Angleterre industrielle, les \u00ab<a href=\"https:\/\/en.wikipedia.org\/wiki\/Knocker-up\" target=\"_blank\"><em>knocker-ups<\/em><\/a>\u00bb \u00e9taient l\u00e0 pour cogner aux fen\u00eatres des gens et s\u2019assurer qu\u2019ils soient \u00e0 l\u2019heure au travail. En 1876, quand la Seth Thomas Clock Company <a href=\"http:\/\/newsletter.gi.alaska.edu\/node\/4927\" target=\"_blank\">brev\u00e8te le premier r\u00e9veil-matin m\u00e9canique et programmable<\/a>, le march\u00e9 n\u2019attendait plus que cette invention. Aujourd\u2019hui, le r\u00e9veil n\u2019a plus rien \u00e0 voir avec le cycle du soleil ou les demandes saisonni\u00e8res de l\u2019agriculture mais est enti\u00e8rement et artificiellement r\u00e9gl\u00e9 sur un calendrier de production impos\u00e9 et dont la rigidit\u00e9 n\u2019aura pas boug\u00e9 d\u2019un iota.<\/p><\/blockquote>\n<p>Lire la suite : <em><a href=\"http:\/\/www.slate.fr\/story\/111969\/reveil-piege-capitaliste\">La sonnerie du r\u00e9veil est un pi\u00e8ge capitaliste | Slate.fr<\/a><\/em><\/p>\n","protected":false},"excerpt":{"rendered":"<p>La mani\u00e8re dont l\u2019humain actuel se sort du lit, \u00e0 l\u2019aide d\u2019un bruit sonore et d\u00e9plaisant, est assez proche du r\u00e9veil des ouvriers du XIXe si\u00e8cle. Tout au long de l\u2019histoire, les gens n\u2019ont eu globalement jamais besoin de se r\u00e9veiller \u00e0 une heure pr\u00e9cise. Ils devaient simplement se lever suffisamment t\u00f4t pour que le [&hellip;]<\/p>\n","protected":false},"author":1,"featured_media":10845,"comment_status":"open","ping_status":"open","sticky":false,"template":"","format":"standard","meta":{"_import_markdown_pro_load_document_selector":0,"_import_markdown_pro_submit_text_textarea":"","_genesis_hide_title":false,"_genesis_hide_breadcrumbs":false,"_genesis_hide_singular_image":false,"_genesis_hide_footer_widgets":false,"_genesis_custom_body_class":"","_genesis_custom_post_class":"","_genesis_layout":"","jetpack_post_was_ever_published":false,"_jetpack_newsletter_access":"","_jetpack_dont_email_post_to_subs":false,"_jetpack_newsletter_tier_id":0,"_jetpack_memberships_contains_paywalled_content":false,"_jetpack_memberships_contains_paid_content":false,"footnotes":"","jetpack_publicize_message":"","jetpack_publicize_feature_enabled":true,"jetpack_social_post_already_shared":true,"jetpack_social_options":{"image_generator_settings":{"template":"highway","default_image_id":0,"font":"","enabled":false},"version":2}},"categories":[5,11],"tags":[],"class_list":{"0":"post-10844","1":"post","2":"type-post","3":"status-publish","4":"format-standard","5":"has-post-thumbnail","7":"category-histoire-savante","8":"category-nouvelles-de-lhistoire","9":"entry"},"jetpack_publicize_connections":[],"featured_image_src":"https:\/\/i0.wp.com\/lyonelkaufmann.ch\/histoire\/wp-content\/uploads\/2016\/01\/reveil-mort.jpg?resize=600%2C400&ssl=1","featured_image_src_square":"https:\/\/i0.wp.com\/lyonelkaufmann.ch\/histoire\/wp-content\/uploads\/2016\/01\/reveil-mort.jpg?resize=600%2C500&ssl=1","author_info":{"display_name":"Lyonel Kaufmann","author_link":"https:\/\/lyonelkaufmann.ch\/histoire\/author\/lyonelk\/"},"jetpack_featured_media_url":"https:\/\/i0.wp.com\/lyonelkaufmann.ch\/histoire\/wp-content\/uploads\/2016\/01\/reveil-mort.jpg?fit=1090%2C500&ssl=1","jetpack_sharing_enabled":true,"jetpack_shortlink":"https:\/\/wp.me\/p1rJVM-2OU","jetpack_likes_enabled":true,"jetpack-related-posts":[{"id":7253,"url":"https:\/\/lyonelkaufmann.ch\/histoire\/2013\/08\/04\/revue-de-presse-le-reveil-de-la-querelle-des-historiens-une-polemique-memorielle-a-lechelle-nationale-et-europeenne-histoire-memoire-et-societe\/","url_meta":{"origin":10844,"position":0},"title":"Revue de presse : Le r\u00e9veil de la querelle des historiens : une pol\u00e9mique m\u00e9morielle \u00e0 l&#039;\u00e9chelle nationale et europ\u00e9enne &#8211; Histoire, M\u00e9moire et Soci\u00e9t\u00e9","author":"Lyonel Kaufmann","date":"4 ao\u00fbt 2013","format":false,"excerpt":"C'est l'un des d\u00e9bats historiographiques les plus passionnants de la seconde moiti\u00e9 du XX\u00e8me si\u00e8cle. Il consiste \u00e0 s'interroger sur la possibilit\u00e9 et la l\u00e9gitimit\u00e9 d'une comparaison entre le nazisme et le communisme. Tr\u00e8s bonne synth\u00e8se de Mickael Bertrand.Le r\u00e9veil de la querelle des historiens : une pol\u00e9mique m\u00e9morielle \u00e0\u2026","rel":"","context":"Dans &quot;Nouvelles de l'histoire&quot;","block_context":{"text":"Nouvelles de l'histoire","link":"https:\/\/lyonelkaufmann.ch\/histoire\/category\/nouvelles-de-lhistoire\/"},"img":{"alt_text":"","src":"","width":0,"height":0},"classes":[]},{"id":8114,"url":"https:\/\/lyonelkaufmann.ch\/histoire\/2014\/07\/10\/a-la-vie-a-la-guerre\/","url_meta":{"origin":10844,"position":1},"title":"&quot;A la vie, \u00e0 la guerre&quot;","author":"Lyonel Kaufmann","date":"10 juillet 2014","format":false,"excerpt":"\"A la vie, \u00e0 la guerre\" est un r\u00e9cit num\u00e9rique \u00a0sur la vie d\u2019un soldat au cours de la Premi\u00e8re guerre mondiale \u00e9crit par un professeur d\u2019histoire, Julien Hervieux.\u00a0Propos\u00e9 par les \u00e9ditions num\u00e9riques\u00a012-21\u00a0, il s\u2019accompagne d\u2019un blog o\u00f9 les lecteurs peuvent d\u00e9couvrir \u00e9galement la vie des hommes et des femmes\u2026","rel":"","context":"Dans &quot;Annuaire de sites&quot;","block_context":{"text":"Annuaire de sites","link":"https:\/\/lyonelkaufmann.ch\/histoire\/category\/medias-et-technologies\/annuaire-de-sites\/"},"img":{"alt_text":"","src":"https:\/\/i0.wp.com\/lyonelkaufmann.ch\/histoire\/wp-content\/uploads\/2014\/09\/HERVIEUX-V3_1.png?fit=530%2C851&ssl=1&resize=350%2C200","width":350,"height":200,"srcset":"https:\/\/i0.wp.com\/lyonelkaufmann.ch\/histoire\/wp-content\/uploads\/2014\/09\/HERVIEUX-V3_1.png?fit=530%2C851&ssl=1&resize=350%2C200 1x, https:\/\/i0.wp.com\/lyonelkaufmann.ch\/histoire\/wp-content\/uploads\/2014\/09\/HERVIEUX-V3_1.png?fit=530%2C851&ssl=1&resize=525%2C300 1.5x"},"classes":[]},{"id":13141,"url":"https:\/\/lyonelkaufmann.ch\/histoire\/2017\/08\/09\/9-11-aout-1945-le-pikadon-journal-dhiroshima\/","url_meta":{"origin":10844,"position":2},"title":"9 &#8211; 11 ao\u00fbt 1945 : Le Pikadon &#8211; Journal d&rsquo;Hiroshima","author":"Lyonel Kaufmann","date":"9 ao\u00fbt 2017","format":false,"excerpt":"A partir du 9 ao\u00fbt, dans le journal du Dr\u00a0Michihiko Hachiya, le mot\u00a0Pikadon\u00a0fait son apparition pour nommer l\u2019explosion. Pika signifie \u00ab\u00e9tincelle\u00bb, \u00ablueur\u00bb ou \u00ab\u00e9clat soudain de lumi\u00e8re\u00bb, \u00e0 l\u2019image de l\u2019\u00e9claire. Don\u00a0signifie \u00abboum!\u00bb ou d\u00e9flagration. Accol\u00e9s l\u2019un \u00e0 l\u2019autre, ces deux vocables servirent pour les habitant.e.s d\u2019Hiroshima, \u00e0 d\u00e9signer un\u2026","rel":"","context":"Dans &quot;Nouvelles de l'histoire&quot;","block_context":{"text":"Nouvelles de l'histoire","link":"https:\/\/lyonelkaufmann.ch\/histoire\/category\/nouvelles-de-lhistoire\/"},"img":{"alt_text":"","src":"https:\/\/i0.wp.com\/lyonelkaufmann.ch\/histoire\/wp-content\/uploads\/2017\/08\/Image-06.08.17-12-59.eac986f40d514a1b8e211708a52a7075-1.jpeg?fit=500%2C500&ssl=1&resize=350%2C200","width":350,"height":200},"classes":[]},{"id":4439,"url":"https:\/\/lyonelkaufmann.ch\/histoire\/2011\/05\/05\/les-images-de-hans-steiner-ratissent-large-que\/","url_meta":{"origin":10844,"position":3},"title":"\u00abLes images de Hans Steiner ratissent large, que ce soit au niveau th\u00e9matique ou esth\u00e9tique. On touc","author":"Lyonel Kaufmann","date":"5 mai 2011","format":"image","excerpt":"\u00abLes images de Hans Steiner ratissent large, que ce soit au niveau th\u00e9matique ou esth\u00e9tique. On touche \u00e0 la photo sociale, au journalisme, aux paysages, \u00e0 l\u2019architecture, au portrait, \u00e0 l\u2019objet\u2026 \u00abJe crois qu\u2019il \u00e9tait captiv\u00e9 par la beaut\u00e9. Pas n\u00e9cessairement celle de la nature, mais les formes, l\u2019ombre, la\u2026","rel":"","context":"Dans &quot;Nouvelles de l'histoire&quot;","block_context":{"text":"Nouvelles de l'histoire","link":"https:\/\/lyonelkaufmann.ch\/histoire\/category\/nouvelles-de-lhistoire\/"},"img":{"alt_text":"","src":"","width":0,"height":0},"classes":[]},{"id":13022,"url":"https:\/\/lyonelkaufmann.ch\/histoire\/2017\/04\/11\/luther-le-reformateur-etait-aussi-apotre-de-lantisemitisme\/","url_meta":{"origin":10844,"position":4},"title":"Luther, le r\u00e9formateur, \u00e9tait aussi ap\u00f4tre de l\u2019antis\u00e9mitisme","author":"Lyonel Kaufmann","date":"11 avril 2017","format":false,"excerpt":"Le moine allemand, initiateur du protestantisme est la figure de proue de la comm\u00e9moration des 500 ans de la R\u00e9forme. Au cours de sa vie, l\u2019homme a eu une attitude complexe face aux juifs. La Page Histoire de Guillaume Henchoz parue dans le Matin Dimanche du 9 avril\u00a02017. Morceaux choisis.\u2026","rel":"","context":"Dans &quot;Histoire savante&quot;","block_context":{"text":"Histoire savante","link":"https:\/\/lyonelkaufmann.ch\/histoire\/category\/didactique\/histoire-savante\/"},"img":{"alt_text":"","src":"https:\/\/i0.wp.com\/lyonelkaufmann.ch\/histoire\/wp-content\/uploads\/2017\/04\/Image-11.04.17-21-01-1.png?fit=1000%2C705&ssl=1&resize=350%2C200","width":350,"height":200,"srcset":"https:\/\/i0.wp.com\/lyonelkaufmann.ch\/histoire\/wp-content\/uploads\/2017\/04\/Image-11.04.17-21-01-1.png?fit=1000%2C705&ssl=1&resize=350%2C200 1x, https:\/\/i0.wp.com\/lyonelkaufmann.ch\/histoire\/wp-content\/uploads\/2017\/04\/Image-11.04.17-21-01-1.png?fit=1000%2C705&ssl=1&resize=525%2C300 1.5x, https:\/\/i0.wp.com\/lyonelkaufmann.ch\/histoire\/wp-content\/uploads\/2017\/04\/Image-11.04.17-21-01-1.png?fit=1000%2C705&ssl=1&resize=700%2C400 2x"},"classes":[]},{"id":6964,"url":"https:\/\/lyonelkaufmann.ch\/histoire\/2013\/04\/16\/la-revolution-francaise-en-chansons-revolution-francaise\/","url_meta":{"origin":10844,"position":5},"title":"La R\u00e9volution fran\u00e7aise en chansons &#124; R\u00e9volution Fran\u00e7aise","author":"Lyonel Kaufmann","date":"16 avril 2013","format":false,"excerpt":"Le site R\u00e9volution fran\u00e7aise.net\u00a0a s\u00e9lectionn\u00e9 quelques exemples de chansons r\u00e9volutionnaire en ligne sur YouTube. Les chansons ont jou\u00e9 un r\u00f4le important dans la circulation des id\u00e9es et des st\u00e9r\u00e9otypes politiques pendant la R\u00e9volution fran\u00e7aise. Certaines de ces chansons sont elles-m\u00eames des \"\u00e9v\u00e9nements\" r\u00e9volutionnaires\u00a0: La \"Marseillaise\" bien s\u00fbr, mais aussi le\u2026","rel":"","context":"Dans &quot;M\u00e9dias et technologies&quot;","block_context":{"text":"M\u00e9dias et technologies","link":"https:\/\/lyonelkaufmann.ch\/histoire\/category\/medias-et-technologies\/"},"img":{"alt_text":"","src":"","width":0,"height":0},"classes":[]}],"_links":{"self":[{"href":"https:\/\/lyonelkaufmann.ch\/histoire\/wp-json\/wp\/v2\/posts\/10844","targetHints":{"allow":["GET"]}}],"collection":[{"href":"https:\/\/lyonelkaufmann.ch\/histoire\/wp-json\/wp\/v2\/posts"}],"about":[{"href":"https:\/\/lyonelkaufmann.ch\/histoire\/wp-json\/wp\/v2\/types\/post"}],"author":[{"embeddable":true,"href":"https:\/\/lyonelkaufmann.ch\/histoire\/wp-json\/wp\/v2\/users\/1"}],"replies":[{"embeddable":true,"href":"https:\/\/lyonelkaufmann.ch\/histoire\/wp-json\/wp\/v2\/comments?post=10844"}],"version-history":[{"count":0,"href":"https:\/\/lyonelkaufmann.ch\/histoire\/wp-json\/wp\/v2\/posts\/10844\/revisions"}],"wp:featuredmedia":[{"embeddable":true,"href":"https:\/\/lyonelkaufmann.ch\/histoire\/wp-json\/wp\/v2\/media\/10845"}],"wp:attachment":[{"href":"https:\/\/lyonelkaufmann.ch\/histoire\/wp-json\/wp\/v2\/media?parent=10844"}],"wp:term":[{"taxonomy":"category","embeddable":true,"href":"https:\/\/lyonelkaufmann.ch\/histoire\/wp-json\/wp\/v2\/categories?post=10844"},{"taxonomy":"post_tag","embeddable":true,"href":"https:\/\/lyonelkaufmann.ch\/histoire\/wp-json\/wp\/v2\/tags?post=10844"}],"curies":[{"name":"wp","href":"https:\/\/api.w.org\/{rel}","templated":true}]}}