{"id":10866,"date":"2016-01-08T20:59:17","date_gmt":"2016-01-08T19:59:17","guid":{"rendered":"https:\/\/lyonelkaufmann.ch\/histoire\/?p=10866"},"modified":"2016-01-09T22:39:02","modified_gmt":"2016-01-09T21:39:02","slug":"la-bibliotheque-publique-de-new-york-met-en-ligne-180-000-images-libres-de-droit-slate-fr","status":"publish","type":"post","link":"https:\/\/lyonelkaufmann.ch\/histoire\/2016\/01\/08\/la-bibliotheque-publique-de-new-york-met-en-ligne-180-000-images-libres-de-droit-slate-fr\/","title":{"rendered":"La biblioth\u00e8que publique de New York met en ligne 180.000 images libres de droit"},"content":{"rendered":"<p>Sur le site de la biblioth\u00e8que publique de New York, il est d\u00e9sormais possible de t\u00e9l\u00e9charger gratuitement plus de 180.000 images libres de droit, y compris des photos de New York dans les ann\u00e9es 1930, une collection de vingt mille cartes anciennes et des manuscrits de po\u00e8tes.<\/p>\n<p>L&rsquo;\u00e9quipe de la biblioth\u00e8que encourage les internautes \u00e0 se r\u00e9approprier les images de mani\u00e8re cr\u00e9ative et en fournit des exemples.<\/p>\n<p>On trouvera notamment de nombreuses\u00a0<a href=\"http:\/\/digitalcollections.nypl.org\/collections\/b039b670-c608-012f-8f64-58d385a7bc34#\/?tab=about\">photos historiques d&rsquo;immigrants<\/a> arrivant aux \u00c9tats-Unis au d\u00e9but du XX<sup>e<\/sup> si\u00e8cle, comme cette femme albanaise photographi\u00e9e par Lewis Hines \u00e0 Ellis Island.<\/p>\n<p><a href=\"http:\/\/www.slate.fr\/story\/112447\/bibliotheque-images-libres-droit\"><img data-recalc-dims=\"1\" decoding=\"async\" class=\"alignnone size-full\" src=\"https:\/\/i0.wp.com\/lyonelkaufmann.ch\/histoire\/wp-content\/uploads\/2016\/01\/nypl.digitalcollections.510d47d9-4e7f-a3d9-e040-e00a18064a99.001.w.jpg\" alt=\"\" \/><\/a><\/p>\n<p>Mieux connues mais toujours aussi saisissantes, les fameuses photographies <a href=\"https:\/\/fr.wikipedia.org\/wiki\/Farm_Security_Administration#La_section_photographique_de_la_FSA\" target=\"_blank\">command\u00e9es par la Farm Security Administration<\/a> \u00e0 de grands photographes pour documenter les cons\u00e9quences de la Grande D\u00e9pression des ann\u00e9es 1930. Parmi lesquelles les saisissants portraits du photographe <a href=\"https:\/\/fr.wikipedia.org\/wiki\/Walker_Evans\" target=\"_blank\">Walker Evans<\/a>\u00a0:<\/p>\n<figure style=\"width: 650px\" class=\"wp-caption aligncenter\"><a href=\"https:\/\/i0.wp.com\/api.rue89.nouvelobs.com\/sites\/news\/files\/styles\/mobile2-tablette-asset-center\/public\/assets\/image\/2016\/01\/nypl.digitalcollections.288e2300-bb7b-0132-aef8-58d385a7b928.001.w_0.jpg\"><img data-recalc-dims=\"1\" loading=\"lazy\" decoding=\"async\" class=\"\" src=\"https:\/\/i0.wp.com\/api.rue89.nouvelobs.com\/sites\/news\/files\/styles\/mobile2-tablette-asset-center\/public\/assets\/image\/2016\/01\/nypl.digitalcollections.288e2300-bb7b-0132-aef8-58d385a7b928.001.w_0.jpg?resize=650%2C514\" alt=\"\" width=\"650\" height=\"514\" \/><\/a><figcaption class=\"wp-caption-text\">Independence Day, Terra Alta, West Virginia, Walker Evans, 1935-37<\/figcaption><\/figure>\n<p>S&rsquo;ajoute encore des <a href=\"http:\/\/digitalcollections.nypl.org\/collections\/medieval-and-renaissance-illuminated-manuscripts-from-western-europe#\/?tab=about&amp;scroll=10\" target=\"_blank\">manuscrits enlumin\u00e9s<\/a> m\u00e9di\u00e9vaux et Renaissance ou des <a href=\"http:\/\/digitalcollections.nypl.org\/collections\/hakuby-genji-monogatari-emaki-black-and-white-handscrolls-of-the-tale-of-genji#\/?tab=navigation\" target=\"_blank\">illustrations japonaises<\/a>&#8230; Aujourd\u2019hui, il y a sur le site de la NYPL plus de 600\u00a0000\u00a0documents num\u00e9ris\u00e9s.<\/p>\n<p>Par ailleurs, le\u00a0<a href=\"http:\/\/www.nypl.org\/collections\/labs\" target=\"_blank\">NYPL Lab,<\/a> cr\u00e9\u00e9 en 1911, est d\u00e9di\u00e9 \u00e0 inventer de nouvelles fa\u00e7ons d\u2019explorer et de revivifier ces archives, comme\u00a0:<\/p>\n<ul class=\"\">\n<li>un <a href=\"http:\/\/publicdomain.nypl.org\/fifth-avenue\/\" target=\"_blank\">comparateur de photos<\/a> de la 5e avenue en 1911\u00a0et maintenant\u00a0;<\/li>\n<li>un <a href=\"http:\/\/publicdomain.nypl.org\/mansion-maniac\/\" target=\"_blank\">jeu interactif<\/a> pour explorer des plans architecturaux du XIXe si\u00e8cle.<\/li>\n<\/ul>\n<p>Chacun de ces projets est open source, et les API disponibles sur le site.<\/p>\n<p>Sources :<\/p>\n<ul>\n<li><em><a href=\"http:\/\/www.slate.fr\/story\/112447\/bibliotheque-images-libres-droit\">La biblioth\u00e8que publique de New York met en ligne 180.000 images libres de droit | Slate.fr<\/a><\/em><\/li>\n<li>\n<div class=\"article-block__label ng-binding ng-scope\">\u00a0<a href=\"http:\/\/rue89.nouvelobs.com\/2016\/01\/08\/new-york-public-library-diffuse-180-000-documents-inedits-ligne-262760\" target=\"_blank\">La New York Public Library diffuse 180 000 documents in\u00e9dits en ligne | Rue89<\/a><\/div>\n<\/li>\n<\/ul>\n","protected":false},"excerpt":{"rendered":"<p>Sur le site de la biblioth\u00e8que publique de New York, il est d\u00e9sormais possible de t\u00e9l\u00e9charger gratuitement plus de 180.000 images libres de droit, y compris des photos de New York dans les ann\u00e9es 1930, une collection de vingt mille cartes anciennes et des manuscrits de po\u00e8tes. L&rsquo;\u00e9quipe de la biblioth\u00e8que encourage les internautes \u00e0 [&hellip;]<\/p>\n","protected":false},"author":1,"featured_media":10867,"comment_status":"open","ping_status":"open","sticky":false,"template":"","format":"standard","meta":{"_import_markdown_pro_load_document_selector":0,"_import_markdown_pro_submit_text_textarea":"","_genesis_hide_title":false,"_genesis_hide_breadcrumbs":false,"_genesis_hide_singular_image":false,"_genesis_hide_footer_widgets":false,"_genesis_custom_body_class":"","_genesis_custom_post_class":"","_genesis_layout":"","jetpack_post_was_ever_published":false,"_jetpack_newsletter_access":"","_jetpack_dont_email_post_to_subs":false,"_jetpack_newsletter_tier_id":0,"_jetpack_memberships_contains_paywalled_content":false,"_jetpack_memberships_contains_paid_content":false,"footnotes":"","jetpack_publicize_message":"","jetpack_publicize_feature_enabled":true,"jetpack_social_post_already_shared":true,"jetpack_social_options":{"image_generator_settings":{"template":"highway","default_image_id":0,"font":"","enabled":false},"version":2}},"categories":[8,11,15],"tags":[],"class_list":{"0":"post-10866","1":"post","2":"type-post","3":"status-publish","4":"format-standard","5":"has-post-thumbnail","7":"category-medias-et-technologies","8":"category-nouvelles-de-lhistoire","9":"category-outils-enseignement","10":"entry"},"jetpack_publicize_connections":[],"featured_image_src":"https:\/\/i0.wp.com\/lyonelkaufmann.ch\/histoire\/wp-content\/uploads\/2016\/01\/biblio_0.jpg?resize=600%2C400&ssl=1","featured_image_src_square":"https:\/\/i0.wp.com\/lyonelkaufmann.ch\/histoire\/wp-content\/uploads\/2016\/01\/biblio_0.jpg?resize=600%2C500&ssl=1","author_info":{"display_name":"Lyonel Kaufmann","author_link":"https:\/\/lyonelkaufmann.ch\/histoire\/author\/lyonelk\/"},"jetpack_featured_media_url":"https:\/\/i0.wp.com\/lyonelkaufmann.ch\/histoire\/wp-content\/uploads\/2016\/01\/biblio_0.jpg?fit=1090%2C500&ssl=1","jetpack_sharing_enabled":true,"jetpack_shortlink":"https:\/\/wp.me\/p1rJVM-2Pg","jetpack_likes_enabled":true,"jetpack-related-posts":[{"id":8013,"url":"https:\/\/lyonelkaufmann.ch\/histoire\/2014\/05\/28\/europeana-la-bibliotheque-numerique-europeenne-senrichit-d1-million-de-nouvelles-images-libres-de-droit\/","url_meta":{"origin":10866,"position":0},"title":"Europeana, la biblioth\u00e8que num\u00e9rique europ\u00e9enne s\u2019enrichit d\u20191 million de nouvelles images libres de droit","author":"Lyonel Kaufmann","date":"28 mai 2014","format":false,"excerpt":"En avril 2014, la Biblioth\u00e8que europ\u00e9enne Europeana a ajout\u00e9 plus d\u20191 million de nouveaux \u00e9l\u00e9ments \u00e0 sa collection en ligne.\u00a0La majorit\u00e9 de ces nouvelles collections est en open content et r\u00e9utilisable librement. \u00ab La ronde de nuit \u00bb de Rembrandt Collection Rijksmuseum Les bases de donn\u00e9es Europeana se composent aujourd\u2019hui\u2026","rel":"","context":"Dans &quot;M\u00e9dias et technologies&quot;","block_context":{"text":"M\u00e9dias et technologies","link":"https:\/\/lyonelkaufmann.ch\/histoire\/category\/medias-et-technologies\/"},"img":{"alt_text":"europeana-Rijks","src":"https:\/\/i0.wp.com\/lyonelkaufmann.ch\/histoire\/wp-content\/uploads\/2014\/05\/europeana-Rijks.jpg?resize=350%2C200","width":350,"height":200,"srcset":"https:\/\/i0.wp.com\/lyonelkaufmann.ch\/histoire\/wp-content\/uploads\/2014\/05\/europeana-Rijks.jpg?resize=350%2C200 1x, https:\/\/i0.wp.com\/lyonelkaufmann.ch\/histoire\/wp-content\/uploads\/2014\/05\/europeana-Rijks.jpg?resize=525%2C300 1.5x"},"classes":[]},{"id":275,"url":"https:\/\/lyonelkaufmann.ch\/histoire\/2008\/01\/21\/links-for-2008-01-21\/","url_meta":{"origin":10866,"position":1},"title":"La biblioth\u00e8que du Congr\u00e8s et FlickR (liens) (2)","author":"Lyonel Kaufmann","date":"21 janvier 2008","format":false,"excerpt":"affordance.info: La biblioth\u00e8que du congr\u00e8s et FlickR : des acc\u00e8s desax\u00e9s Affordance revient sur la mise en ligne par la Librairie du Congr\u00e8s sur Flickr de 3000 images. Non pas parce que la Librairie du Congr\u00e8s manquerait de moyens financiers pour le faire directement sur son site, mais parce qu'elle\u2026","rel":"","context":"Dans &quot;Annuaire de sites&quot;","block_context":{"text":"Annuaire de sites","link":"https:\/\/lyonelkaufmann.ch\/histoire\/category\/medias-et-technologies\/annuaire-de-sites\/"},"img":{"alt_text":"","src":"","width":0,"height":0},"classes":[]},{"id":18791,"url":"https:\/\/lyonelkaufmann.ch\/histoire\/2022\/03\/08\/la-propagande-nazie-et-la-guerre-des-cartes-visionscarto\/","url_meta":{"origin":10866,"position":2},"title":"La propagande nazie et la \u00ab guerre des cartes \u00bb | visionscarto","author":"Lyonel Kaufmann","date":"8 mars 2022","format":false,"excerpt":"La cartographie a \u00e9t\u00e9 un instrument important de la propagande nazie. Bien que principalement destin\u00e9e \u00e0 la population allemande, elle a aussi \u00e9t\u00e9 massivement diffus\u00e9e \u00e0 l\u2019\u00e9tranger. Visionscarto propose d\u2019explorer ici un atlas de guerre allemand publi\u00e9 en 1941 aux \u00c9tats-Unis, dans lequel sont expos\u00e9s et justifi\u00e9s les points de\u2026","rel":"","context":"Dans &quot;Histoire savante&quot;","block_context":{"text":"Histoire savante","link":"https:\/\/lyonelkaufmann.ch\/histoire\/category\/didactique\/histoire-savante\/"},"img":{"alt_text":"","src":"https:\/\/i0.wp.com\/lyonelkaufmann.ch\/histoire\/wp-content\/uploads\/2022\/03\/palsky-coverb121-d06cb.jpg?resize=350%2C200&ssl=1","width":350,"height":200},"classes":[]},{"id":19547,"url":"https:\/\/lyonelkaufmann.ch\/histoire\/2023\/07\/13\/luniversite-de-georgetown-et-son-passe-esclavagiste\/","url_meta":{"origin":10866,"position":3},"title":"L\u2019Universit\u00e9 de Georgetown et son pass\u00e9 esclavagiste","author":"Lyonel Kaufmann","date":"13 juillet 2023","format":false,"excerpt":"Rachel Swarns, ancienne correspondante du New York Times \u00e9crivait sur l\u2019h\u00e9ritage de l\u2019esclavage lorsqu\u2019elle a d\u00e9couvert quelque chose qui l\u2019a choqu\u00e9e en tant que femme noire catholique : En 1838, l\u2019ordre des J\u00e9suites du Maryland - la premi\u00e8re grande institution catholique des \u00c9tats-Unis - a vendu pr\u00e8s de 300 esclaves\u2026","rel":"","context":"Dans &quot;histodons&quot;","block_context":{"text":"histodons","link":"https:\/\/lyonelkaufmann.ch\/histoire\/category\/humanites-digitales\/histodons\/"},"img":{"alt_text":"","src":"https:\/\/i0.wp.com\/lyonelkaufmann.ch\/histoire\/wp-content\/uploads\/2023\/07\/img_6142.jpg?fit=1200%2C569&ssl=1&resize=350%2C200","width":350,"height":200,"srcset":"https:\/\/i0.wp.com\/lyonelkaufmann.ch\/histoire\/wp-content\/uploads\/2023\/07\/img_6142.jpg?fit=1200%2C569&ssl=1&resize=350%2C200 1x, https:\/\/i0.wp.com\/lyonelkaufmann.ch\/histoire\/wp-content\/uploads\/2023\/07\/img_6142.jpg?fit=1200%2C569&ssl=1&resize=525%2C300 1.5x, https:\/\/i0.wp.com\/lyonelkaufmann.ch\/histoire\/wp-content\/uploads\/2023\/07\/img_6142.jpg?fit=1200%2C569&ssl=1&resize=700%2C400 2x, https:\/\/i0.wp.com\/lyonelkaufmann.ch\/histoire\/wp-content\/uploads\/2023\/07\/img_6142.jpg?fit=1200%2C569&ssl=1&resize=1050%2C600 3x"},"classes":[]},{"id":6706,"url":"https:\/\/lyonelkaufmann.ch\/histoire\/2013\/01\/18\/revue-de-presse-4-galeries-de-photos-pour-les-5-ans-de-flickr-commons\/","url_meta":{"origin":10866,"position":4},"title":"Revue de presse : 4 galeries de photos pour les 5 ans de Flickr Commons","author":"Lyonel Kaufmann","date":"18 janvier 2013","format":false,"excerpt":"Flickr Commons a cinq ans. Pour l'occasion, Flickr a cr\u00e9\u00e9 quatre galeries d'images les plus vues, \u00e9tiquet\u00e9es comme favorites et comment\u00e9es. En partenariat avec la Biblioth\u00e9que du Congr\u00e8s am\u00e9ricain, la cat\u00e9gorie \u00abDomaine publique\u00bb a \u00e9t\u00e9 lanc\u00e9e en 2008 avec 1500 photos. Cinq ans plus tard, plusieurs institutions partenaires ayant rejoint\u2026","rel":"","context":"Dans &quot;M\u00e9dias et technologies&quot;","block_context":{"text":"M\u00e9dias et technologies","link":"https:\/\/lyonelkaufmann.ch\/histoire\/category\/medias-et-technologies\/"},"img":{"alt_text":"","src":"https:\/\/i0.wp.com\/lyonelkaufmann.ch\/histoire\/wp-content\/uploads\/2015\/07\/3011972235_4f376ce166.jpg?fit=500%2C386&ssl=1&resize=350%2C200","width":350,"height":200},"classes":[]},{"id":8888,"url":"https:\/\/lyonelkaufmann.ch\/histoire\/2015\/02\/20\/revue-de-presse-decouvrir-la-suisse-comme-un-touriste-du-xviiie-siecle\/","url_meta":{"origin":10866,"position":5},"title":"Revue de Presse : D\u00e9couvrir la Suisse comme un touriste du XVIIIe si\u00e8cle","author":"Lyonel Kaufmann","date":"20 f\u00e9vrier 2015","format":false,"excerpt":"Une collection de plus de 1000 oeuvres mises en ligne par la Biblioth\u00e8que nationale permet de se plonger dans les circuits du tourisme suisse des XVIIIe et XIXe si\u00e8cles. Je note: \u00abUne collection de plus de 1000 oeuvres mises en ligne par la Biblioth\u00e8que nationale permet de se plonger dans\u2026","rel":"","context":"Dans &quot;Annuaire de sites&quot;","block_context":{"text":"Annuaire de sites","link":"https:\/\/lyonelkaufmann.ch\/histoire\/category\/medias-et-technologies\/annuaire-de-sites\/"},"img":{"alt_text":"","src":"https:\/\/i0.wp.com\/lyonelkaufmann.ch\/histoire\/wp-content\/uploads\/2015\/07\/6499521-image.jpeg.jpg?fit=880%2C495&ssl=1&resize=350%2C200","width":350,"height":200,"srcset":"https:\/\/i0.wp.com\/lyonelkaufmann.ch\/histoire\/wp-content\/uploads\/2015\/07\/6499521-image.jpeg.jpg?fit=880%2C495&ssl=1&resize=350%2C200 1x, https:\/\/i0.wp.com\/lyonelkaufmann.ch\/histoire\/wp-content\/uploads\/2015\/07\/6499521-image.jpeg.jpg?fit=880%2C495&ssl=1&resize=525%2C300 1.5x, https:\/\/i0.wp.com\/lyonelkaufmann.ch\/histoire\/wp-content\/uploads\/2015\/07\/6499521-image.jpeg.jpg?fit=880%2C495&ssl=1&resize=700%2C400 2x"},"classes":[]}],"_links":{"self":[{"href":"https:\/\/lyonelkaufmann.ch\/histoire\/wp-json\/wp\/v2\/posts\/10866","targetHints":{"allow":["GET"]}}],"collection":[{"href":"https:\/\/lyonelkaufmann.ch\/histoire\/wp-json\/wp\/v2\/posts"}],"about":[{"href":"https:\/\/lyonelkaufmann.ch\/histoire\/wp-json\/wp\/v2\/types\/post"}],"author":[{"embeddable":true,"href":"https:\/\/lyonelkaufmann.ch\/histoire\/wp-json\/wp\/v2\/users\/1"}],"replies":[{"embeddable":true,"href":"https:\/\/lyonelkaufmann.ch\/histoire\/wp-json\/wp\/v2\/comments?post=10866"}],"version-history":[{"count":0,"href":"https:\/\/lyonelkaufmann.ch\/histoire\/wp-json\/wp\/v2\/posts\/10866\/revisions"}],"wp:featuredmedia":[{"embeddable":true,"href":"https:\/\/lyonelkaufmann.ch\/histoire\/wp-json\/wp\/v2\/media\/10867"}],"wp:attachment":[{"href":"https:\/\/lyonelkaufmann.ch\/histoire\/wp-json\/wp\/v2\/media?parent=10866"}],"wp:term":[{"taxonomy":"category","embeddable":true,"href":"https:\/\/lyonelkaufmann.ch\/histoire\/wp-json\/wp\/v2\/categories?post=10866"},{"taxonomy":"post_tag","embeddable":true,"href":"https:\/\/lyonelkaufmann.ch\/histoire\/wp-json\/wp\/v2\/tags?post=10866"}],"curies":[{"name":"wp","href":"https:\/\/api.w.org\/{rel}","templated":true}]}}