{"id":12929,"date":"2017-03-12T09:54:40","date_gmt":"2017-03-12T08:54:40","guid":{"rendered":"https:\/\/lyonelkaufmann.ch\/histoire\/?p=12929"},"modified":"2017-03-12T18:49:07","modified_gmt":"2017-03-12T17:49:07","slug":"23-24-mars-2017-education-numerique-conference-internationale-a-lamphimax-universite-de-lausanne","status":"publish","type":"post","link":"https:\/\/lyonelkaufmann.ch\/histoire\/2017\/03\/12\/23-24-mars-2017-education-numerique-conference-internationale-a-lamphimax-universite-de-lausanne\/","title":{"rendered":"22-24 mars 2017 : Education num\u00e9rique &#8211; conf\u00e9rence internationale \u00e0 l&rsquo;Amphimax (Universit\u00e9 de Lausanne)"},"content":{"rendered":"<p><strong>Du 22 au 24 mars prochain, \u00e0 Lausanne, se tiendra la conf\u00e9rence conclusive du partenariat strat\u00e9gique Eramus+ #dariahTeach sur le th\u00e8me Open Resources. J&rsquo;y interviendrais avec ma coll\u00e8gue Nicole Durisch Gauthier.<br \/>\n<\/strong><\/p>\n<p>Dans le cadre de cette conf\u00e9rence, Nicole Durisch Gauthier et moi-m\u00eame pr\u00e9senteront les premiers \u00e9l\u00e9ments d&rsquo;une recherche exploratoire sur les r\u00e9ponses pouvant \u00eatre apport\u00e9es par les technologies digitales sur l&rsquo;enseignement et l&rsquo;apprentissage dans le cadre de grand cours de type magistraux. Notre observation portera sur le module de premi\u00e8re ann\u00e9e dispens\u00e9 \u00e0 la HEP Vaud en Sciences humaines et sociales aux \u00e9tudiants du Bachelor Primaire. Notre intervention s&rsquo;intitule <em>\u00abDigitally enhanced teaching and learning as an answer to the challenge of large classes? An exploratory study\u00bb<\/em>.<\/p>\n<p>Plus largement, dans l&rsquo;appel \u00e0 contributions, #dariahTeach soulignait que<\/p>\n<blockquote><p><em>\u00abDe nombreuses questions se posent encore quant aux modalit\u00e9s d\u2019usage des outils et objets d\u2019apprentissage, pr\u00e9sent\u00e9s comme ressources \u00e9ducatives libres (REL), ou comme programmes complets (par exemple les MOOCs). Open Education est un s\u00e9minaire qui s\u2019inscrit dans le th\u00e8me DARIAH 2016 de \u00absciences humaines pour le public\u00bb, et qui est organis\u00e9 \u00e0 Lausanne (CH) par le consortium #dariahTeach. Ce s\u00e9minaire a notamment pour but de montrer comment les nouveaux aspects p\u00e9dagogiques de l\u2019apprentissage digital augment\u00e9 sont potentiellement mis en \u0153uvre par les communaut\u00e9s, les facilitateurs et les bailleurs de fonds. L\u2019\u00e9v\u00e9nement, qui accueillera des experts des sciences de l\u2019\u00e9ducation, mettra en exergue le \u00abpourquoi\u00bb et le \u00abcomment\u00bb de l\u2019apprentissage num\u00e9rique augment\u00e9, ainsi que la mani\u00e8re de le promouvoir en tant que bien public.\u00bb<\/em><\/p><\/blockquote>\n<p>Les communications porteront sur les dimensions suivantes :<\/p>\n<ul>\n<li>Les enjeux en mati\u00e8re d\u2019\u00e9ducation ouverte (open education) et de ressources libres (open resources)<\/li>\n<li>l&rsquo;articulation enseignement en pr\u00e9sentiel et enseignement \u00e0 distance<\/li>\n<li>l&rsquo;\u00e9laboration des programmes bachelor et master DH en ligne<\/li>\n<li>les ressources en ligne et les enjeux de maintenance des donn\u00e9es<\/li>\n<\/ul>\n<p>A savoir : #dariahTeach est un partenariat strat\u00e9gique Erasmus + rassemblant huit institutions partenaires, dont l&rsquo;UNIL et le SIB. L&rsquo;appel \u00e0 contributions avait \u00e9t\u00e9 lanc\u00e9 sur le site de l&rsquo;ERIC europ\u00e9en en Humanit\u00e9s Digitales, DARIAH, et il \u00e9tait \u00e9galement soutenu par les organisations internationales ADHO, EADH et Humanistica.<\/p>\n<p>Le projet #dariahTeach a pour objectif de d\u00e9velopper du mat\u00e9riel d&rsquo;enseignement multilingue de haute qualit\u00e9 et en open-source, \u00e0 destination des sciences humaines. Il a \u00e9galement pour but de renforcer les alliances et de promouvoir des pratiques innovantes en mati\u00e8re d&rsquo;enseignement et d&rsquo;apprentissage au sein du r\u00e9seau DARIAH.<\/p>\n<p>Plus d&rsquo;information : <a href=\"https:\/\/agenda.unil.ch\/display\/1475320352135003\">https:\/\/agenda.unil.ch\/display\/1475320352135003<\/a><\/p>\n<p>Le site de #dariahTeach : <a href=\"http:\/\/dariah.eu\/teach\">http:\/\/dariah.eu\/teach<\/a><\/p>\n<p>La page du programme : <a href=\"http:\/\/dariah.eu\/teach\/index.php\/2017\/03\/03\/dariahteach-22-24-march-program\/\">http:\/\/dariah.eu\/teach\/index.php\/2017\/03\/03\/dariahteach-22-24-march-program\/<\/a><\/p>\n<p>Cr\u00e9dit image : Eric Pitteloud\u00a9UNIL<\/p>\n","protected":false},"excerpt":{"rendered":"<p>Du 22 au 24 mars prochain, \u00e0 Lausanne, se tiendra la conf\u00e9rence conclusive du partenariat strat\u00e9gique Eramus+ #dariahTeach sur le th\u00e8me Open Resources. J&rsquo;y interviendrais avec ma coll\u00e8gue Nicole Durisch Gauthier. Dans le cadre de cette conf\u00e9rence, Nicole Durisch Gauthier et moi-m\u00eame pr\u00e9senteront les premiers \u00e9l\u00e9ments d&rsquo;une recherche exploratoire sur les r\u00e9ponses pouvant \u00eatre apport\u00e9es [&hellip;]<\/p>\n","protected":false},"author":1,"featured_media":12928,"comment_status":"open","ping_status":"open","sticky":false,"template":"","format":"standard","meta":{"_import_markdown_pro_load_document_selector":0,"_import_markdown_pro_submit_text_textarea":"","_genesis_hide_title":false,"_genesis_hide_breadcrumbs":false,"_genesis_hide_singular_image":false,"_genesis_hide_footer_widgets":false,"_genesis_custom_body_class":"","_genesis_custom_post_class":"","_genesis_layout":"","jetpack_post_was_ever_published":false,"_jetpack_newsletter_access":"","_jetpack_dont_email_post_to_subs":true,"_jetpack_newsletter_tier_id":0,"_jetpack_memberships_contains_paywalled_content":false,"_jetpack_memberships_contains_paid_content":false,"footnotes":"","jetpack_publicize_message":"","jetpack_publicize_feature_enabled":true,"jetpack_social_post_already_shared":true,"jetpack_social_options":{"image_generator_settings":{"template":"highway","default_image_id":0,"font":"","enabled":false},"version":2}},"categories":[802],"tags":[],"class_list":{"0":"post-12929","1":"post","2":"type-post","3":"status-publish","4":"format-standard","5":"has-post-thumbnail","7":"category-humanites-digitales","8":"entry"},"jetpack_publicize_connections":[],"featured_image_src":"https:\/\/i0.wp.com\/lyonelkaufmann.ch\/histoire\/wp-content\/uploads\/2017\/03\/Image-28.02.17-22-04.6aa30c2ad4b04d238616e8c5fbfadfea.jpeg?resize=600%2C400&ssl=1","featured_image_src_square":"https:\/\/i0.wp.com\/lyonelkaufmann.ch\/histoire\/wp-content\/uploads\/2017\/03\/Image-28.02.17-22-04.6aa30c2ad4b04d238616e8c5fbfadfea.jpeg?resize=600%2C600&ssl=1","author_info":{"display_name":"Lyonel Kaufmann","author_link":"https:\/\/lyonelkaufmann.ch\/histoire\/author\/lyonelk\/"},"jetpack_featured_media_url":"https:\/\/i0.wp.com\/lyonelkaufmann.ch\/histoire\/wp-content\/uploads\/2017\/03\/Image-28.02.17-22-04.6aa30c2ad4b04d238616e8c5fbfadfea.jpeg?fit=3872%2C2592&ssl=1","jetpack_sharing_enabled":true,"jetpack_shortlink":"https:\/\/wp.me\/p1rJVM-3mx","jetpack_likes_enabled":true,"jetpack-related-posts":[{"id":10503,"url":"https:\/\/lyonelkaufmann.ch\/histoire\/2015\/09\/08\/ludovia12-troisieme-journee-de-la-hepvaud\/","url_meta":{"origin":12929,"position":0},"title":"#Ludovia12 : Troisi\u00e8me journ\u00e9e de la #HEPVaud","author":"Lyonel Kaufmann","date":"8 septembre 2015","format":false,"excerpt":"Du 24 au 26 ao\u00fbt, la HEP Vaud est l\u2019invit\u00e9e d\u2019honneur de la 12e \u00e9dition de Ludovia, universit\u00e9 d\u2019\u00e9t\u00e9 d\u00e9di\u00e9e \u00e0 l\u2019utilisation des technologies en \u00e9ducation, \u00e0 Ax-les-Termes en Ari\u00e8ge. Compte-rendu de la troisi\u00e8me journ\u00e9e.\u00a0 Grand moment pour Anne Andrist et ses \u00e9l\u00e8ves, ils participent depuis la Suisse \u00e0 l\u2019atelier\u2026","rel":"","context":"Dans &quot;Ludovia&quot;","block_context":{"text":"Ludovia","link":"https:\/\/lyonelkaufmann.ch\/histoire\/category\/medias-et-technologies\/ludovia-2010\/"},"img":{"alt_text":"","src":"https:\/\/i0.wp.com\/lyonelkaufmann.ch\/histoire\/wp-content\/uploads\/2015\/09\/IMGP3106.jpg?fit=598%2C398&ssl=1&resize=350%2C200","width":350,"height":200,"srcset":"https:\/\/i0.wp.com\/lyonelkaufmann.ch\/histoire\/wp-content\/uploads\/2015\/09\/IMGP3106.jpg?fit=598%2C398&ssl=1&resize=350%2C200 1x, https:\/\/i0.wp.com\/lyonelkaufmann.ch\/histoire\/wp-content\/uploads\/2015\/09\/IMGP3106.jpg?fit=598%2C398&ssl=1&resize=525%2C300 1.5x"},"classes":[]},{"id":10481,"url":"https:\/\/lyonelkaufmann.ch\/histoire\/2015\/09\/01\/ludovia12-deuxieme-journee-de-la-hepvaud\/","url_meta":{"origin":12929,"position":1},"title":"#Ludovia12 : Deuxi\u00e8me journ\u00e9e de la #HEPVaud","author":"Lyonel Kaufmann","date":"1 septembre 2015","format":false,"excerpt":"Du 24 au 26 ao\u00fbt, la HEP Vaud est l\u2019invit\u00e9e d\u2019honneur de la 12e \u00e9dition de Ludovia, universit\u00e9 d\u2019\u00e9t\u00e9 d\u00e9di\u00e9e \u00e0 l\u2019utilisation des technologies en \u00e9ducation, \u00e0 Ax-les-Termes en Ari\u00e8ge. Compte-rendu de la deuxi\u00e8me journ\u00e9e.\u00a0 Anim\u00e9e par Jennifer Elbaz, la deuxi\u00e8me journ\u00e9e de la HEP Vaud et surtout celle de\u2026","rel":"","context":"Dans &quot;Ludovia&quot;","block_context":{"text":"Ludovia","link":"https:\/\/lyonelkaufmann.ch\/histoire\/category\/medias-et-technologies\/ludovia-2010\/"},"img":{"alt_text":"","src":"https:\/\/i0.wp.com\/lyonelkaufmann.ch\/histoire\/wp-content\/uploads\/2015\/09\/IMGP3060.jpg?fit=598%2C398&ssl=1&resize=350%2C200","width":350,"height":200,"srcset":"https:\/\/i0.wp.com\/lyonelkaufmann.ch\/histoire\/wp-content\/uploads\/2015\/09\/IMGP3060.jpg?fit=598%2C398&ssl=1&resize=350%2C200 1x, https:\/\/i0.wp.com\/lyonelkaufmann.ch\/histoire\/wp-content\/uploads\/2015\/09\/IMGP3060.jpg?fit=598%2C398&ssl=1&resize=525%2C300 1.5x"},"classes":[]},{"id":10615,"url":"https:\/\/lyonelkaufmann.ch\/histoire\/2015\/11\/03\/hacker-lauteur-auteur-et-autorite-dans-la-culture-digitale\/","url_meta":{"origin":12929,"position":2},"title":"Hacker l&rsquo;auteur?! Auteur et autorit\u00e9 dans la culture digitale","author":"Lyonel Kaufmann","date":"3 novembre 2015","format":false,"excerpt":"A l\u2019\u00e8re du num\u00e9rique et du partage acc\u00e9l\u00e9r\u00e9 de l\u2019information, qu\u2019advient-il de notions comme celles d\u2019auteur et de propri\u00e9t\u00e9 intellectuelle? C'est l'une des questions qui seront abord\u00e9es lors du cycle de conf\u00e9rences organis\u00e9 par la Formation continue HEP Vaud-UNIL, du 29 octobre au 3 d\u00e9cembre 2015. Cliquez sur l'image pour\u2026","rel":"","context":"Dans &quot;Didactique&quot;","block_context":{"text":"Didactique","link":"https:\/\/lyonelkaufmann.ch\/histoire\/category\/didactique\/"},"img":{"alt_text":"Hacker l auteur 200","src":"https:\/\/i0.wp.com\/lyonelkaufmann.ch\/histoire\/wp-content\/uploads\/2015\/11\/hacker-l-auteur-200.jpg?resize=350%2C200","width":350,"height":200},"classes":[]},{"id":13740,"url":"https:\/\/lyonelkaufmann.ch\/histoire\/2018\/01\/23\/journees-detude-internationales-enseignement-et-apprentissage-de-la-shoah-22-et-23-janvier-2018-hep-vaud-lausanne\/","url_meta":{"origin":12929,"position":3},"title":"Journ\u00e9es d\u2019\u00e9tude internationales. Enseignement et apprentissage de la Shoah |\u00a022 et 23 janvier 2018, HEP Vaud, Lausanne","author":"Lyonel Kaufmann","date":"23 janvier 2018","format":false,"excerpt":"Organis\u00e9e de main de ma\u00eetre par ma coll\u00e8gue Nadine Fink et son comit\u00e9 d\u2019organisation, la 3e conf\u00e9rence de l\u2019IHRA (International Holocaust Remembrance Alliance) a d\u00e9but\u00e9 ce lundi et se prolongera ce jour encore \u00e0 la HEP Vaud (HEP-VD) \u00e0 Lausanne. Compte-rendu de l'ouverture de la manifestation. Pr\u00e9sentation de la 3e\u2026","rel":"","context":"Dans &quot;Didactique&quot;","block_context":{"text":"Didactique","link":"https:\/\/lyonelkaufmann.ch\/histoire\/category\/didactique\/"},"img":{"alt_text":"","src":"https:\/\/i0.wp.com\/lyonelkaufmann.ch\/histoire\/wp-content\/uploads\/2018\/01\/journee_etudes_ens_shoah_lausanne.png?fit=1002%2C1114&ssl=1&resize=350%2C200","width":350,"height":200,"srcset":"https:\/\/i0.wp.com\/lyonelkaufmann.ch\/histoire\/wp-content\/uploads\/2018\/01\/journee_etudes_ens_shoah_lausanne.png?fit=1002%2C1114&ssl=1&resize=350%2C200 1x, https:\/\/i0.wp.com\/lyonelkaufmann.ch\/histoire\/wp-content\/uploads\/2018\/01\/journee_etudes_ens_shoah_lausanne.png?fit=1002%2C1114&ssl=1&resize=525%2C300 1.5x, https:\/\/i0.wp.com\/lyonelkaufmann.ch\/histoire\/wp-content\/uploads\/2018\/01\/journee_etudes_ens_shoah_lausanne.png?fit=1002%2C1114&ssl=1&resize=700%2C400 2x"},"classes":[]},{"id":20593,"url":"https:\/\/lyonelkaufmann.ch\/histoire\/2026\/03\/16\/ludoviach-ch-21-22-04-2026-deux-jours-pour-repenser-lapprentissage-a-lere-de-lia-et-de-linnovation\/","url_meta":{"origin":12929,"position":4},"title":"Ludovia#CH (21-22-04.2026) : deux jours pour repenser l\u2019apprentissage \u00e0 l\u2019\u00e8re de l\u2019IA et de l\u2019innovation","author":"Lyonel Kaufmann","date":"16 mars 2026","format":false,"excerpt":"Les 21et 22 avril 2026, la sixi\u00e8me \u00e9dition de LUDOVIA#CH revient \u00e0 Yverdon-les-Bains. Organis\u00e9 conjointement par la\u00a0Haute \u00e9cole p\u00e9dagogique du canton de Vaud\u00a0et de la\u00a0Haute \u00e9cole d\u2019ing\u00e9nierie et de gestion du canton de Vaud et le soutien du D\u00e9partement de l\u2019enseignement et de la formation professionnelle, l\u2019\u00e9v\u00e9nement proposera conf\u00e9rences, ateliers,\u2026","rel":"","context":"Dans &quot;EdNum&quot;","block_context":{"text":"EdNum","link":"https:\/\/lyonelkaufmann.ch\/histoire\/category\/humanites-digitales\/ednum\/"},"img":{"alt_text":"","src":"https:\/\/i0.wp.com\/lyonelkaufmann.ch\/histoire\/wp-content\/uploads\/2026\/03\/HEP_Vaud_Affiches_A1_Ludovia_2026_06.03.2026_web.jpg?fit=847%2C1200&ssl=1&resize=350%2C200","width":350,"height":200,"srcset":"https:\/\/i0.wp.com\/lyonelkaufmann.ch\/histoire\/wp-content\/uploads\/2026\/03\/HEP_Vaud_Affiches_A1_Ludovia_2026_06.03.2026_web.jpg?fit=847%2C1200&ssl=1&resize=350%2C200 1x, https:\/\/i0.wp.com\/lyonelkaufmann.ch\/histoire\/wp-content\/uploads\/2026\/03\/HEP_Vaud_Affiches_A1_Ludovia_2026_06.03.2026_web.jpg?fit=847%2C1200&ssl=1&resize=525%2C300 1.5x, https:\/\/i0.wp.com\/lyonelkaufmann.ch\/histoire\/wp-content\/uploads\/2026\/03\/HEP_Vaud_Affiches_A1_Ludovia_2026_06.03.2026_web.jpg?fit=847%2C1200&ssl=1&resize=700%2C400 2x"},"classes":[]},{"id":19936,"url":"https:\/\/lyonelkaufmann.ch\/histoire\/2024\/03\/19\/ludovia-ch-2024-une-edition-sous-le-signe-des-intelligences-artificielles-generatives\/","url_meta":{"origin":12929,"position":5},"title":"Ludov\u2019IA CH 2024 &#8211; une e\u0301dition sous le signe des intelligences artificielles g\u00e9n\u00e9ratives","author":"Lyonel Kaufmann","date":"19 mars 2024","format":false,"excerpt":"Du 22 au 24 avril 2024, la cinqui\u00e8me \u00e9dition de LUDOVIA#CH revient \u00e0 Yverdon-les-Bains. Avec son th\u00e8me \u00ab Bienvenue \u00e0 l\u2019\u00e8re de l\u2019(in)intelligence artificielle \u00e0 l\u2019\u00e9cole ? \u00bb, cette \u00e9dition interroge l\u2019irruption des intelligences artificielles g\u00e9n\u00e9ratives (ChatGPT, Dall\u00b7E, Midjourney, SwissGPT, Perplexity.ai entre autres) dans les usages du grand public et\u2026","rel":"","context":"Dans &quot;EdNum&quot;","block_context":{"text":"EdNum","link":"https:\/\/lyonelkaufmann.ch\/histoire\/category\/humanites-digitales\/ednum\/"},"img":{"alt_text":"","src":"https:\/\/i0.wp.com\/lyonelkaufmann.ch\/histoire\/wp-content\/uploads\/2024\/03\/Ludovia2024_Logosurfond_web_702.jpg?fit=702%2C351&ssl=1&resize=350%2C200","width":350,"height":200,"srcset":"https:\/\/i0.wp.com\/lyonelkaufmann.ch\/histoire\/wp-content\/uploads\/2024\/03\/Ludovia2024_Logosurfond_web_702.jpg?fit=702%2C351&ssl=1&resize=350%2C200 1x, https:\/\/i0.wp.com\/lyonelkaufmann.ch\/histoire\/wp-content\/uploads\/2024\/03\/Ludovia2024_Logosurfond_web_702.jpg?fit=702%2C351&ssl=1&resize=525%2C300 1.5x, https:\/\/i0.wp.com\/lyonelkaufmann.ch\/histoire\/wp-content\/uploads\/2024\/03\/Ludovia2024_Logosurfond_web_702.jpg?fit=702%2C351&ssl=1&resize=700%2C400 2x"},"classes":[]}],"_links":{"self":[{"href":"https:\/\/lyonelkaufmann.ch\/histoire\/wp-json\/wp\/v2\/posts\/12929","targetHints":{"allow":["GET"]}}],"collection":[{"href":"https:\/\/lyonelkaufmann.ch\/histoire\/wp-json\/wp\/v2\/posts"}],"about":[{"href":"https:\/\/lyonelkaufmann.ch\/histoire\/wp-json\/wp\/v2\/types\/post"}],"author":[{"embeddable":true,"href":"https:\/\/lyonelkaufmann.ch\/histoire\/wp-json\/wp\/v2\/users\/1"}],"replies":[{"embeddable":true,"href":"https:\/\/lyonelkaufmann.ch\/histoire\/wp-json\/wp\/v2\/comments?post=12929"}],"version-history":[{"count":0,"href":"https:\/\/lyonelkaufmann.ch\/histoire\/wp-json\/wp\/v2\/posts\/12929\/revisions"}],"wp:featuredmedia":[{"embeddable":true,"href":"https:\/\/lyonelkaufmann.ch\/histoire\/wp-json\/wp\/v2\/media\/12928"}],"wp:attachment":[{"href":"https:\/\/lyonelkaufmann.ch\/histoire\/wp-json\/wp\/v2\/media?parent=12929"}],"wp:term":[{"taxonomy":"category","embeddable":true,"href":"https:\/\/lyonelkaufmann.ch\/histoire\/wp-json\/wp\/v2\/categories?post=12929"},{"taxonomy":"post_tag","embeddable":true,"href":"https:\/\/lyonelkaufmann.ch\/histoire\/wp-json\/wp\/v2\/tags?post=12929"}],"curies":[{"name":"wp","href":"https:\/\/api.w.org\/{rel}","templated":true}]}}