{"id":13807,"date":"2018-02-14T11:02:00","date_gmt":"2018-02-14T10:02:00","guid":{"rendered":"https:\/\/lyonelkaufmann.ch\/histoire\/?p=13807"},"modified":"2018-03-19T14:02:42","modified_gmt":"2018-03-19T13:02:42","slug":"ludoviach-27-29032018-ouverture-des-inscriptions","status":"publish","type":"post","link":"https:\/\/lyonelkaufmann.ch\/histoire\/2018\/02\/14\/ludoviach-27-29032018-ouverture-des-inscriptions\/","title":{"rendered":"#LudoviaCH (27-29.03.2018): Ouverture des inscriptions"},"content":{"rendered":"<p><strong>Du 27 au 29 mars 2018 aura lieu \u00e0 Yverdon-les-Bains la premi\u00e8re \u00e9dition de Ludovia Suisse. Dans ces grands principes cette premi\u00e8re \u00e9dition reprendra les \u00e9l\u00e9ments qui ont fait le succ\u00e8s de Ludovia en France. On trouvera ainsi des ateliers (Explorcamps &amp; Fabcamp), des conf\u00e9rences, des tables rondes, un Fablab et un colloque scientifique. D\u00e9sormais, il est possible de s\u2019inscrire en ligne.<\/strong><\/p>\n<p>En partenariat avec Ludovia France, la Haute Ecole P\u00e9dagogique du canton de Vaud et la Haute Ecole d\u2019Ing\u00e9nierie et de Gestion du canton de Vaud ont r\u00e9uni leurs forces pour r\u00e9aliser cette premi\u00e8re \u00e9dition de Ludovia Suisse. Le th\u00e8me de cette premi\u00e8re \u00e9dition est <em>\u00ab\u00a0\u00c9manciper l\u2019\u00e9cole et la soci\u00e9t\u00e9 avec le num\u00e9rique\u00a0?\u00a0\u00bb<\/em>.<\/p>\n<h2>Ludovia#CH\u00a0: les grands principes<\/h2>\n<p>Avec le th\u00e8me \u00ab\u00a0\u00c9manciper l\u2019\u00e9cole et la soci\u00e9t\u00e9 avec le num\u00e9rique ?\u00a0\u00bb, cette premi\u00e8re \u00e9dition de LUDOVIA#CH pose la question du r\u00f4le que l\u2019\u00e9cole peut jouer pour l\u2019encapacitation (empowerment) et l\u2019\u00e9mancipation des jeunes qu\u2019elle accueille. Il est question de favoriser l\u2019introduction du num\u00e9rique \u00e0 l\u2019\u00e9cole mais pour quelles vis\u00e9es ? Quels savoirs transmettre ? Quelles comp\u00e9tences d\u00e9velopper ? Selon quelles modalit\u00e9s ? Pour quelle soci\u00e9t\u00e9 demain ?<\/p>\n<p>Venir \u00e0 LUDOVIA#CH\u00a0, c\u2019est \u00e9couter, p\u00eacher des id\u00e9es, d\u00e9couvrir ce qui se fait ailleurs\u2026 ; mais, il s\u2019agit aussi de venir aussi pour \u00e9changer, partager (avec un grand P) et r\u00e9fl\u00e9chir.<\/p>\n<p>LUDOVIA#CH, c\u2019est plusieurs formats d\u2019\u00e9changes pour mieux interagir\u00a0: des ateliers, un FabLab, des conf\u00e9rences, des tables rondes, un s\u00e9minaire pour les collectivit\u00e9s locales et un colloque scientifique.<\/p>\n<h2>Ludovia#CH : aper\u00e7u du programme<\/h2>\n<p>LUDOVIA#CH, c\u2019est<\/p>\n<ul>\n<li>six sessions d\u2019ateliers pour un total de 45 ateliers sur deux jours (mercredi et jeudi) couvrant toute la scolarit\u00e9 obligatoire et jusqu\u2019\u00e0 l\u2019universit\u00e9;<\/li>\n<li>une conf\u00e9rence par jour avec des intervenants reconnus en Suisse et \u00e0 l\u2019\u00e9tranger : les Prof. Nastaran Fatemi et Prof. Andr\u00e8s Perez-Uribe de la HEIG VD (mardi soir), le prof. Pierre Dillenbourg de l\u2019EPFL (mercredi apr\u00e8s-midi) et la prof. Margarida Romero, directrice du LINE \u00e0 l\u2019ESPE \u2013 Univ. de Nice (jeudi matin);<\/li>\n<li>un colloque scientifique en trois sessions du mardi au jeudi ;<\/li>\n<li>deux tables-rondes : la premi\u00e8re le mercredi r\u00e9unira des cr\u00e9ateurs de jeux ind\u00e9pendants et des enseignant.e.s, la seconde le jeudi se pr\u00e9occupera de la question de la formation au num\u00e9rique;<\/li>\n<li>un s\u00e9minaire des collectivit\u00e9s locales le mercredi matin relativement \u00e0 la gouvernance num\u00e9riques des \u00e9tablissements scolaires.<\/li>\n<\/ul>\n<p>Par ailleurs, dans l\u2019espace d\u2019accueil de la manifestation dans le Foyer de l\u2019Aula Magna (Ch\u00e2teau d\u2019Yverdon-les-Bains), vous aurez l\u2019occasion d\u2019aller \u00e0 la rencontre du RadioBus et de diff\u00e9rents FabLab dont celui de la HEP Vaud et celui de la HEIG VD. Le magazine <a href=\"http:\/\/ludomag.com\">Ludomag<\/a> sera \u00e9galement pr\u00e9sent.<\/p>\n<p>Le programme complet : <a href=\"http:\/\/ludovia.ch\/programme\/\">http:\/\/ludovia.ch\/programme\/<\/a><\/p>\n<p>Pour s\u2019inscrire (uniquement en ligne) : <a href=\"https:\/\/www.conftool.com\/hepvd-ludovia\/\">https:\/\/www.conftool.com\/hepvd-ludovia\/<\/a><\/p>\n<p>Au plaisir de vous y retrouver !<\/p>\n","protected":false},"excerpt":{"rendered":"<p>Du 27 au 29 mars 2018 aura lieu \u00e0 Yverdon-les-Bains la premi\u00e8re \u00e9dition de Ludovia Suisse. Dans ces grands principes cette premi\u00e8re \u00e9dition reprendra les \u00e9l\u00e9ments qui ont fait le succ\u00e8s de Ludovia en France. On trouvera ainsi des ateliers (Explorcamps &amp; Fabcamp), des conf\u00e9rences, des tables rondes, un Fablab et un colloque scientifique. D\u00e9sormais, [&hellip;]<\/p>\n","protected":false},"author":1,"featured_media":13407,"comment_status":"open","ping_status":"open","sticky":false,"template":"","format":"standard","meta":{"_import_markdown_pro_load_document_selector":0,"_import_markdown_pro_submit_text_textarea":"","_genesis_hide_title":false,"_genesis_hide_breadcrumbs":false,"_genesis_hide_singular_image":false,"_genesis_hide_footer_widgets":false,"_genesis_custom_body_class":"","_genesis_custom_post_class":"","_genesis_layout":"","jetpack_post_was_ever_published":false,"_jetpack_newsletter_access":"","_jetpack_dont_email_post_to_subs":false,"_jetpack_newsletter_tier_id":0,"_jetpack_memberships_contains_paywalled_content":false,"_jetpack_memberships_contains_paid_content":false,"footnotes":"","jetpack_publicize_message":"","jetpack_publicize_feature_enabled":true,"jetpack_social_post_already_shared":true,"jetpack_social_options":{"image_generator_settings":{"template":"highway","default_image_id":0,"font":"","enabled":false},"version":2}},"categories":[802,21,8,11],"tags":[],"class_list":{"0":"post-13807","1":"post","2":"type-post","3":"status-publish","4":"format-standard","5":"has-post-thumbnail","7":"category-humanites-digitales","8":"category-ludovia-2010","9":"category-medias-et-technologies","10":"category-nouvelles-de-lhistoire","11":"entry"},"jetpack_publicize_connections":[],"featured_image_src":"https:\/\/i0.wp.com\/lyonelkaufmann.ch\/histoire\/wp-content\/uploads\/2017\/10\/Image-13.10.17-01-47.90194a7db1f948fda2d10c1f730852c4.jpeg?resize=600%2C400&ssl=1","featured_image_src_square":"https:\/\/i0.wp.com\/lyonelkaufmann.ch\/histoire\/wp-content\/uploads\/2017\/10\/Image-13.10.17-01-47.90194a7db1f948fda2d10c1f730852c4.jpeg?resize=600%2C600&ssl=1","author_info":{"display_name":"Lyonel Kaufmann","author_link":"https:\/\/lyonelkaufmann.ch\/histoire\/author\/lyonelk\/"},"jetpack_featured_media_url":"https:\/\/i0.wp.com\/lyonelkaufmann.ch\/histoire\/wp-content\/uploads\/2017\/10\/Image-13.10.17-01-47.90194a7db1f948fda2d10c1f730852c4.jpeg?fit=4000%2C2660&ssl=1","jetpack_sharing_enabled":true,"jetpack_shortlink":"https:\/\/wp.me\/p1rJVM-3AH","jetpack_likes_enabled":true,"jetpack-related-posts":[{"id":13408,"url":"https:\/\/lyonelkaufmann.ch\/histoire\/2017\/10\/13\/ludovia-suisse-une-ecole-numerique-pour-emanciper-appel-a-communication\/","url_meta":{"origin":13807,"position":0},"title":"Ludovia Suisse &#8211; Une \u00e9cole num\u00e9rique pour \u00e9manciper ? Appel \u00e0 communication","author":"Lyonel Kaufmann","date":"13 octobre 2017","format":false,"excerpt":"Du 27 au 29 mars 2018 aura lieu \u00e0 Yverdon-les-Bains la premi\u00e8re \u00e9dition de Ludovia Suisse. Dans ces grands principes cette premi\u00e8re \u00e9dition reprendra les \u00e9l\u00e9ments qui ont fait le succ\u00e8s de Ludovia en France. On trouvera ainsi des ateliers (Explorcamps & Fabcamp), des conf\u00e9rences, des tables rondes, un Fablab\u2026","rel":"","context":"Dans &quot;Humanit\u00e9s Digitales&quot;","block_context":{"text":"Humanit\u00e9s Digitales","link":"https:\/\/lyonelkaufmann.ch\/histoire\/category\/humanites-digitales\/"},"img":{"alt_text":"","src":"https:\/\/i0.wp.com\/lyonelkaufmann.ch\/histoire\/wp-content\/uploads\/2017\/10\/Image-13.10.17-01-47.90194a7db1f948fda2d10c1f730852c4.jpeg?fit=1200%2C798&ssl=1&resize=350%2C200","width":350,"height":200,"srcset":"https:\/\/i0.wp.com\/lyonelkaufmann.ch\/histoire\/wp-content\/uploads\/2017\/10\/Image-13.10.17-01-47.90194a7db1f948fda2d10c1f730852c4.jpeg?fit=1200%2C798&ssl=1&resize=350%2C200 1x, https:\/\/i0.wp.com\/lyonelkaufmann.ch\/histoire\/wp-content\/uploads\/2017\/10\/Image-13.10.17-01-47.90194a7db1f948fda2d10c1f730852c4.jpeg?fit=1200%2C798&ssl=1&resize=525%2C300 1.5x, https:\/\/i0.wp.com\/lyonelkaufmann.ch\/histoire\/wp-content\/uploads\/2017\/10\/Image-13.10.17-01-47.90194a7db1f948fda2d10c1f730852c4.jpeg?fit=1200%2C798&ssl=1&resize=700%2C400 2x, https:\/\/i0.wp.com\/lyonelkaufmann.ch\/histoire\/wp-content\/uploads\/2017\/10\/Image-13.10.17-01-47.90194a7db1f948fda2d10c1f730852c4.jpeg?fit=1200%2C798&ssl=1&resize=1050%2C600 3x"},"classes":[]},{"id":19936,"url":"https:\/\/lyonelkaufmann.ch\/histoire\/2024\/03\/19\/ludovia-ch-2024-une-edition-sous-le-signe-des-intelligences-artificielles-generatives\/","url_meta":{"origin":13807,"position":1},"title":"Ludov\u2019IA CH 2024 &#8211; une e\u0301dition sous le signe des intelligences artificielles g\u00e9n\u00e9ratives","author":"Lyonel Kaufmann","date":"19 mars 2024","format":false,"excerpt":"Du 22 au 24 avril 2024, la cinqui\u00e8me \u00e9dition de LUDOVIA#CH revient \u00e0 Yverdon-les-Bains. Avec son th\u00e8me \u00ab Bienvenue \u00e0 l\u2019\u00e8re de l\u2019(in)intelligence artificielle \u00e0 l\u2019\u00e9cole ? \u00bb, cette \u00e9dition interroge l\u2019irruption des intelligences artificielles g\u00e9n\u00e9ratives (ChatGPT, Dall\u00b7E, Midjourney, SwissGPT, Perplexity.ai entre autres) dans les usages du grand public et\u2026","rel":"","context":"Dans &quot;EdNum&quot;","block_context":{"text":"EdNum","link":"https:\/\/lyonelkaufmann.ch\/histoire\/category\/humanites-digitales\/ednum\/"},"img":{"alt_text":"","src":"https:\/\/i0.wp.com\/lyonelkaufmann.ch\/histoire\/wp-content\/uploads\/2024\/03\/Ludovia2024_Logosurfond_web_702.jpg?fit=702%2C351&ssl=1&resize=350%2C200","width":350,"height":200,"srcset":"https:\/\/i0.wp.com\/lyonelkaufmann.ch\/histoire\/wp-content\/uploads\/2024\/03\/Ludovia2024_Logosurfond_web_702.jpg?fit=702%2C351&ssl=1&resize=350%2C200 1x, https:\/\/i0.wp.com\/lyonelkaufmann.ch\/histoire\/wp-content\/uploads\/2024\/03\/Ludovia2024_Logosurfond_web_702.jpg?fit=702%2C351&ssl=1&resize=525%2C300 1.5x, https:\/\/i0.wp.com\/lyonelkaufmann.ch\/histoire\/wp-content\/uploads\/2024\/03\/Ludovia2024_Logosurfond_web_702.jpg?fit=702%2C351&ssl=1&resize=700%2C400 2x"},"classes":[]},{"id":20593,"url":"https:\/\/lyonelkaufmann.ch\/histoire\/2026\/03\/16\/ludoviach-ch-21-22-04-2026-deux-jours-pour-repenser-lapprentissage-a-lere-de-lia-et-de-linnovation\/","url_meta":{"origin":13807,"position":2},"title":"Ludovia#CH (21-22-04.2026) : deux jours pour repenser l\u2019apprentissage \u00e0 l\u2019\u00e8re de l\u2019IA et de l\u2019innovation","author":"Lyonel Kaufmann","date":"16 mars 2026","format":false,"excerpt":"Les 21et 22 avril 2026, la sixi\u00e8me \u00e9dition de LUDOVIA#CH revient \u00e0 Yverdon-les-Bains. Organis\u00e9 conjointement par la\u00a0Haute \u00e9cole p\u00e9dagogique du canton de Vaud\u00a0et de la\u00a0Haute \u00e9cole d\u2019ing\u00e9nierie et de gestion du canton de Vaud et le soutien du D\u00e9partement de l\u2019enseignement et de la formation professionnelle, l\u2019\u00e9v\u00e9nement proposera conf\u00e9rences, ateliers,\u2026","rel":"","context":"Dans &quot;EdNum&quot;","block_context":{"text":"EdNum","link":"https:\/\/lyonelkaufmann.ch\/histoire\/category\/humanites-digitales\/ednum\/"},"img":{"alt_text":"","src":"https:\/\/i0.wp.com\/lyonelkaufmann.ch\/histoire\/wp-content\/uploads\/2026\/03\/HEP_Vaud_Affiches_A1_Ludovia_2026_06.03.2026_web.jpg?fit=847%2C1200&ssl=1&resize=350%2C200","width":350,"height":200,"srcset":"https:\/\/i0.wp.com\/lyonelkaufmann.ch\/histoire\/wp-content\/uploads\/2026\/03\/HEP_Vaud_Affiches_A1_Ludovia_2026_06.03.2026_web.jpg?fit=847%2C1200&ssl=1&resize=350%2C200 1x, https:\/\/i0.wp.com\/lyonelkaufmann.ch\/histoire\/wp-content\/uploads\/2026\/03\/HEP_Vaud_Affiches_A1_Ludovia_2026_06.03.2026_web.jpg?fit=847%2C1200&ssl=1&resize=525%2C300 1.5x, https:\/\/i0.wp.com\/lyonelkaufmann.ch\/histoire\/wp-content\/uploads\/2026\/03\/HEP_Vaud_Affiches_A1_Ludovia_2026_06.03.2026_web.jpg?fit=847%2C1200&ssl=1&resize=700%2C400 2x"},"classes":[]},{"id":15645,"url":"https:\/\/lyonelkaufmann.ch\/histoire\/2019\/01\/14\/ludoviach-candidatez-des-maintenant-pour-presenter-un-atelier\/","url_meta":{"origin":13807,"position":3},"title":"Ludovia#CH &#8211; candidatez d\u00e8s maintenant pour pr\u00e9senter un atelier !","author":"Lyonel Kaufmann","date":"14 janvier 2019","format":false,"excerpt":"Apr\u00e8s une premi\u00e8re \u00e9dition ayant accueilli plus de 500 participant.e.s, l'Universit\u00e9 de printemps Ludovia#CH revient du 16 au 18 avril 2019 toujours @YVERDON-LES-BAINS dans le canton de Vaud. Le th\u00e8me retenu pour cette deuxi\u00e8me \u00e9dition est Des ressources num\u00e9riques pour ressourcer la pratique. D\u00e9sormais, vous pouvez r\u00e9pondre \u00e0 l'appel pour\u2026","rel":"","context":"Dans &quot;Ludovia&quot;","block_context":{"text":"Ludovia","link":"https:\/\/lyonelkaufmann.ch\/histoire\/category\/medias-et-technologies\/ludovia-2010\/"},"img":{"alt_text":"","src":"https:\/\/i0.wp.com\/lyonelkaufmann.ch\/histoire\/wp-content\/uploads\/2019\/01\/Ludovia_explorcamp.jpg?fit=1200%2C689&ssl=1&resize=350%2C200","width":350,"height":200,"srcset":"https:\/\/i0.wp.com\/lyonelkaufmann.ch\/histoire\/wp-content\/uploads\/2019\/01\/Ludovia_explorcamp.jpg?fit=1200%2C689&ssl=1&resize=350%2C200 1x, https:\/\/i0.wp.com\/lyonelkaufmann.ch\/histoire\/wp-content\/uploads\/2019\/01\/Ludovia_explorcamp.jpg?fit=1200%2C689&ssl=1&resize=525%2C300 1.5x, https:\/\/i0.wp.com\/lyonelkaufmann.ch\/histoire\/wp-content\/uploads\/2019\/01\/Ludovia_explorcamp.jpg?fit=1200%2C689&ssl=1&resize=700%2C400 2x, https:\/\/i0.wp.com\/lyonelkaufmann.ch\/histoire\/wp-content\/uploads\/2019\/01\/Ludovia_explorcamp.jpg?fit=1200%2C689&ssl=1&resize=1050%2C600 3x"},"classes":[]},{"id":10460,"url":"https:\/\/lyonelkaufmann.ch\/histoire\/2015\/08\/26\/ludovia12-premiere-journee-de-la-hepvaud\/","url_meta":{"origin":13807,"position":4},"title":"#Ludovia12 : Premi\u00e8re journ\u00e9e de la #HEPVaud","author":"Lyonel Kaufmann","date":"26 ao\u00fbt 2015","format":false,"excerpt":"Du 24 au 26 ao\u00fbt, la HEP Vaud est l\u2019invit\u00e9e d\u2019honneur de la 12e \u00e9dition de Ludovia, universit\u00e9 d\u2019\u00e9t\u00e9 d\u00e9di\u00e9e \u00e0 l\u2019utilisation des technologies en \u00e9ducation, \u00e0 Ax-les-Termes en Ari\u00e8ge. \u00abNum\u00e9rique & \u00e9ducation, entre appropriations & d\u00e9tournements\u00bb, tel est le th\u00e8me de cette 12e \u00e9dition de l'universit\u00e9 d'\u00e9t\u00e9 Ludovia. L'objectif\u2026","rel":"","context":"Dans &quot;Ludovia&quot;","block_context":{"text":"Ludovia","link":"https:\/\/lyonelkaufmann.ch\/histoire\/category\/medias-et-technologies\/ludovia-2010\/"},"img":{"alt_text":"","src":"https:\/\/i0.wp.com\/lyonelkaufmann.ch\/histoire\/wp-content\/uploads\/2015\/08\/IMGP3056.jpg?fit=598%2C398&ssl=1&resize=350%2C200","width":350,"height":200,"srcset":"https:\/\/i0.wp.com\/lyonelkaufmann.ch\/histoire\/wp-content\/uploads\/2015\/08\/IMGP3056.jpg?fit=598%2C398&ssl=1&resize=350%2C200 1x, https:\/\/i0.wp.com\/lyonelkaufmann.ch\/histoire\/wp-content\/uploads\/2015\/08\/IMGP3056.jpg?fit=598%2C398&ssl=1&resize=525%2C300 1.5x"},"classes":[]},{"id":11807,"url":"https:\/\/lyonelkaufmann.ch\/histoire\/2016\/08\/20\/ludovia13-une-idee-pour-changer-lecole-demultiplier-ludovia\/","url_meta":{"origin":13807,"position":5},"title":"#Ludovia13 : Une id\u00e9e pour changer l&rsquo;\u00e9cole ? Que Ludovia devienne le TED francophone de l\u2019\u00e9ducation num\u00e9rique !","author":"Lyonel Kaufmann","date":"20 ao\u00fbt 2016","format":false,"excerpt":"Histoire de nous faire bosser pendant l\u2019\u00e9t\u00e9, l\u2019\u00e9quipe de Ludovia nous a donn\u00e9 du grain \u00e0 moudre \u00e0 quelques-uns en nous demandant une id\u00e9e pour changer l\u2019\u00e9cole. Vaste programme ! Casse-gueule \u00e9galement dans la mesure o\u00f9 le cimeti\u00e8re p\u00e9dagogique est rempli de propositions et d\u2019attentes pour changer l\u2019\u00e9cole. Concernant ce\u2026","rel":"","context":"Dans &quot;Ludovia&quot;","block_context":{"text":"Ludovia","link":"https:\/\/lyonelkaufmann.ch\/histoire\/category\/medias-et-technologies\/ludovia-2010\/"},"img":{"alt_text":"","src":"","width":0,"height":0},"classes":[]}],"_links":{"self":[{"href":"https:\/\/lyonelkaufmann.ch\/histoire\/wp-json\/wp\/v2\/posts\/13807","targetHints":{"allow":["GET"]}}],"collection":[{"href":"https:\/\/lyonelkaufmann.ch\/histoire\/wp-json\/wp\/v2\/posts"}],"about":[{"href":"https:\/\/lyonelkaufmann.ch\/histoire\/wp-json\/wp\/v2\/types\/post"}],"author":[{"embeddable":true,"href":"https:\/\/lyonelkaufmann.ch\/histoire\/wp-json\/wp\/v2\/users\/1"}],"replies":[{"embeddable":true,"href":"https:\/\/lyonelkaufmann.ch\/histoire\/wp-json\/wp\/v2\/comments?post=13807"}],"version-history":[{"count":0,"href":"https:\/\/lyonelkaufmann.ch\/histoire\/wp-json\/wp\/v2\/posts\/13807\/revisions"}],"wp:featuredmedia":[{"embeddable":true,"href":"https:\/\/lyonelkaufmann.ch\/histoire\/wp-json\/wp\/v2\/media\/13407"}],"wp:attachment":[{"href":"https:\/\/lyonelkaufmann.ch\/histoire\/wp-json\/wp\/v2\/media?parent=13807"}],"wp:term":[{"taxonomy":"category","embeddable":true,"href":"https:\/\/lyonelkaufmann.ch\/histoire\/wp-json\/wp\/v2\/categories?post=13807"},{"taxonomy":"post_tag","embeddable":true,"href":"https:\/\/lyonelkaufmann.ch\/histoire\/wp-json\/wp\/v2\/tags?post=13807"}],"curies":[{"name":"wp","href":"https:\/\/api.w.org\/{rel}","templated":true}]}}