{"id":15273,"date":"2018-11-20T08:00:00","date_gmt":"2018-11-20T07:00:00","guid":{"rendered":"https:\/\/lyonelkaufmann.ch\/histoire\/?p=15273"},"modified":"2018-11-19T00:07:18","modified_gmt":"2018-11-18T23:07:18","slug":"une-lanceuse-dalerte-au-placard-larchiviste-qui-avait-raconte-le-massacre-du-17-octobre-1961-france-culture","status":"publish","type":"post","link":"https:\/\/lyonelkaufmann.ch\/histoire\/2018\/11\/20\/une-lanceuse-dalerte-au-placard-larchiviste-qui-avait-raconte-le-massacre-du-17-octobre-1961-france-culture\/","title":{"rendered":"Une lanceuse d&rsquo;alerte au placard : l&rsquo;archiviste qui avait racont\u00e9 le massacre du 17 octobre 1961 | France Culture"},"content":{"rendered":"<p>France Culture rend hommage \u00e0 Brigitte Lain\u00e9, morte d\u00e9but novembre, archiviste remarquable placardis\u00e9e pour avoir dit, en f\u00e9vrier 1999, la v\u00e9rit\u00e9 sur le massacre d\u2019Alg\u00e9riens le 17 octobre 1961 \u00e0 Paris lors d\u2019une manifestation pacifique. Concernant ce massacre, <a href=\"https:\/\/www.franceculture.fr\/la-republique-reconnait-avec-lucidite-le-17-octobre-1961\">Fran\u00e7ois Hollande reconna\u00eetra la responsabilit\u00e9 de l\u2019Etat fran\u00e7ais en septembre 2012<\/a>.<\/p>\n<p><em>\u00ab\u00a0Brigitte Lain\u00e9 est morte d\u00e9but novembre. On lui doit un apport historiographique inestimable sur le 17 octobre 1961, quand des milliers d&rsquo;Alg\u00e9riens ont \u00e9t\u00e9 r\u00e9prim\u00e9s dans les rues de Paris par le pr\u00e9fet Maurice Papon. Elle a pay\u00e9 cher d&rsquo;avoir fait conna\u00eetre cet \u00e9pisode tabou de la guerre d&rsquo;Alg\u00e9rie.<\/em><\/p>\n<p><img data-recalc-dims=\"1\" loading=\"lazy\" decoding=\"async\" data-attachment-id=\"15271\" data-permalink=\"https:\/\/lyonelkaufmann.ch\/histoire\/2018\/11\/20\/une-lanceuse-dalerte-au-placard-larchiviste-qui-avait-raconte-le-massacre-du-17-octobre-1961-france-culture\/90d4f1fc-3c91-4174-b174-d88dcd5f0b73-jpeg\/\" data-orig-file=\"https:\/\/i0.wp.com\/lyonelkaufmann.ch\/histoire\/wp-content\/uploads\/2018\/11\/90D4F1FC-3C91-4174-B174-D88DCD5F0B73.jpeg?fit=838%2C775&amp;ssl=1\" data-orig-size=\"838,775\" data-comments-opened=\"1\" data-image-meta=\"{&quot;aperture&quot;:&quot;0&quot;,&quot;credit&quot;:&quot;&quot;,&quot;camera&quot;:&quot;&quot;,&quot;caption&quot;:&quot;&quot;,&quot;created_timestamp&quot;:&quot;0&quot;,&quot;copyright&quot;:&quot;&quot;,&quot;focal_length&quot;:&quot;0&quot;,&quot;iso&quot;:&quot;0&quot;,&quot;shutter_speed&quot;:&quot;0&quot;,&quot;title&quot;:&quot;&quot;,&quot;orientation&quot;:&quot;0&quot;}\" data-image-title=\"\" data-image-description=\"\" data-image-caption=\"\" data-large-file=\"https:\/\/i0.wp.com\/lyonelkaufmann.ch\/histoire\/wp-content\/uploads\/2018\/11\/90D4F1FC-3C91-4174-B174-D88DCD5F0B73.jpeg?fit=700%2C647&amp;ssl=1\" class=\"alignnone size-full wp-image-15271\" src=\"https:\/\/i0.wp.com\/lyonelkaufmann.ch\/histoire\/wp-content\/uploads\/2018\/11\/90D4F1FC-3C91-4174-B174-D88DCD5F0B73.jpeg?resize=838%2C775&#038;ssl=1\" width=\"838\" height=\"775\" srcset=\"https:\/\/i0.wp.com\/lyonelkaufmann.ch\/histoire\/wp-content\/uploads\/2018\/11\/90D4F1FC-3C91-4174-B174-D88DCD5F0B73.jpeg?w=838&amp;ssl=1 838w, https:\/\/i0.wp.com\/lyonelkaufmann.ch\/histoire\/wp-content\/uploads\/2018\/11\/90D4F1FC-3C91-4174-B174-D88DCD5F0B73.jpeg?resize=300%2C277&amp;ssl=1 300w, https:\/\/i0.wp.com\/lyonelkaufmann.ch\/histoire\/wp-content\/uploads\/2018\/11\/90D4F1FC-3C91-4174-B174-D88DCD5F0B73.jpeg?resize=768%2C710&amp;ssl=1 768w, https:\/\/i0.wp.com\/lyonelkaufmann.ch\/histoire\/wp-content\/uploads\/2018\/11\/90D4F1FC-3C91-4174-B174-D88DCD5F0B73.jpeg?resize=700%2C647&amp;ssl=1 700w, https:\/\/i0.wp.com\/lyonelkaufmann.ch\/histoire\/wp-content\/uploads\/2018\/11\/90D4F1FC-3C91-4174-B174-D88DCD5F0B73.jpeg?resize=830%2C768&amp;ssl=1 830w, https:\/\/i0.wp.com\/lyonelkaufmann.ch\/histoire\/wp-content\/uploads\/2018\/11\/90D4F1FC-3C91-4174-B174-D88DCD5F0B73.jpeg?resize=230%2C213&amp;ssl=1 230w, https:\/\/i0.wp.com\/lyonelkaufmann.ch\/histoire\/wp-content\/uploads\/2018\/11\/90D4F1FC-3C91-4174-B174-D88DCD5F0B73.jpeg?resize=350%2C324&amp;ssl=1 350w, https:\/\/i0.wp.com\/lyonelkaufmann.ch\/histoire\/wp-content\/uploads\/2018\/11\/90D4F1FC-3C91-4174-B174-D88DCD5F0B73.jpeg?resize=480%2C444&amp;ssl=1 480w\" sizes=\"auto, (max-width: 838px) 100vw, 838px\" \/><\/p>\n<p><em>Vous aurez beau chercher, vous ne trouverez nulle part le nom de Maurice Papon. Pas une seule mention du pr\u00e9fet de police collaborationniste sauv\u00e9 de l\u2019\u00e9puration, qu\u2019on retrouvera plus tard \u00e0 le t\u00eate de la Pr\u00e9fecture de police de Paris, dans <a href=\"http:\/\/www.archimag.com\/archives-patrimoine\/2018\/11\/13\/brigitte-laine-archiviste-derangeait-papon-encore-apres-mort?amp&amp;__twitter_impression=true&amp;fbclid=IwAR2jVK1BWliPGEAGhcjOPOVFenkh4dGdRC9vhN7ZouNMw2ZuSGU012ToGOA\">le court texte publi\u00e9 par les Archives de Paris<\/a> cette mi-novembre \u00e0 la mort de Brigitte Lain\u00e9. L\u2019historienne y fut pourtant archiviste la majeure partie de sa carri\u00e8re, entre 1977 et 2008, et c\u2019est elle, avec un autre archiviste, Philippe Grand, qui a jou\u00e9 un r\u00f4le immense dans l\u2019historiographie du massacre des Alg\u00e9riens le 17 octobre 1961 \u00e0 Paris.\u00a0<\/em><\/p>\n<p><em>C\u2019est ce r\u00f4le qui est compl\u00e8tement pass\u00e9 sous silence, alors que Brigitte Lain\u00e9 est morte dix ans apr\u00e8s son d\u00e9part \u00e0 la retraite. Ce silence a une histoire, aussi incroyable que m\u00e9connue, <a href=\"http:\/\/www.archimag.com\/archives-patrimoine\/2018\/11\/13\/brigitte-laine-archiviste-derangeait-papon-encore-apres-mort?amp&amp;__twitter_impression=true&amp;fbclid=IwAR2jVK1BWliPGEAGhcjOPOVFenkh4dGdRC9vhN7ZouNMw2ZuSGU012ToGOA\">m\u00eame si archimag, la revue professionnelle des m\u00e9tiers de la documentation, s\u2019en est fait l\u2019\u00e9cho<\/a>.\u00a0\u00bb<\/em><\/p>\n<ul>\n<li>Lire la suite sur <a href=\"https:\/\/www.franceculture.fr\/histoire\/une-lanceuse-dalerte-au-placard-larchiviste-qui-avait-raconte-le-massacre-du-17-octobre-1961\">Une lanceuse d&rsquo;alerte au placard : l&rsquo;archiviste qui avait racont\u00e9 le massacre du 17 octobre 1961 | France Culture<\/a><\/li>\n<\/ul>\n<p>Credit image : Arrestations par milliers apr\u00e8s la manifestation du 17 octobre 1961 \u00e0 Paris, contre la guerre d&rsquo;Alg\u00e9rie.\u2022 Cr\u00e9dits : AFP<\/p>\n","protected":false},"excerpt":{"rendered":"<p>France Culture rend hommage \u00e0 Brigitte Lain\u00e9, morte d\u00e9but novembre, archiviste remarquable placardis\u00e9e pour avoir dit, en f\u00e9vrier 1999, la v\u00e9rit\u00e9 sur le massacre d\u2019Alg\u00e9riens le 17 octobre 1961 \u00e0 Paris lors d\u2019une manifestation pacifique. Concernant ce massacre, Fran\u00e7ois Hollande reconna\u00eetra la responsabilit\u00e9 de l\u2019Etat fran\u00e7ais en septembre 2012. \u00ab\u00a0Brigitte Lain\u00e9 est morte d\u00e9but novembre. [&hellip;]<\/p>\n","protected":false},"author":1,"featured_media":15272,"comment_status":"open","ping_status":"open","sticky":false,"template":"","format":"standard","meta":{"_import_markdown_pro_load_document_selector":0,"_import_markdown_pro_submit_text_textarea":"","_genesis_hide_title":false,"_genesis_hide_breadcrumbs":false,"_genesis_hide_singular_image":false,"_genesis_hide_footer_widgets":false,"_genesis_custom_body_class":"","_genesis_custom_post_class":"","_genesis_layout":"","jetpack_post_was_ever_published":false,"_jetpack_newsletter_access":"","_jetpack_dont_email_post_to_subs":false,"_jetpack_newsletter_tier_id":0,"_jetpack_memberships_contains_paywalled_content":false,"_jetpack_memberships_contains_paid_content":false,"footnotes":"","jetpack_publicize_message":"","jetpack_publicize_feature_enabled":true,"jetpack_social_post_already_shared":true,"jetpack_social_options":{"image_generator_settings":{"template":"highway","default_image_id":0,"font":"","enabled":false},"version":2}},"categories":[5,11],"tags":[],"class_list":{"0":"post-15273","1":"post","2":"type-post","3":"status-publish","4":"format-standard","5":"has-post-thumbnail","7":"category-histoire-savante","8":"category-nouvelles-de-lhistoire","9":"entry"},"jetpack_publicize_connections":[],"featured_image_src":"https:\/\/i0.wp.com\/lyonelkaufmann.ch\/histoire\/wp-content\/uploads\/2018\/11\/A7B8D97E-9C60-42DF-933A-D6ACF3DE597A.6fc55e74c7dc4e0db8108d4760925ca8.jpeg?resize=600%2C400&ssl=1","featured_image_src_square":"https:\/\/i0.wp.com\/lyonelkaufmann.ch\/histoire\/wp-content\/uploads\/2018\/11\/A7B8D97E-9C60-42DF-933A-D6ACF3DE597A.6fc55e74c7dc4e0db8108d4760925ca8.jpeg?resize=600%2C600&ssl=1","author_info":{"display_name":"Lyonel Kaufmann","author_link":"https:\/\/lyonelkaufmann.ch\/histoire\/author\/lyonelk\/"},"jetpack_featured_media_url":"https:\/\/i0.wp.com\/lyonelkaufmann.ch\/histoire\/wp-content\/uploads\/2018\/11\/A7B8D97E-9C60-42DF-933A-D6ACF3DE597A.6fc55e74c7dc4e0db8108d4760925ca8.jpeg?fit=838%2C775&ssl=1","jetpack_sharing_enabled":true,"jetpack_shortlink":"https:\/\/wp.me\/p1rJVM-3Yl","jetpack_likes_enabled":true,"jetpack-related-posts":[{"id":10555,"url":"https:\/\/lyonelkaufmann.ch\/histoire\/2015\/10\/18\/jean-luc-einaudi-ou-le-temps-sature-da-present-par-olivier-favier-dormira-jamais\/","url_meta":{"origin":15273,"position":0},"title":"Jean-Luc Einaudi, ou le temps satur\u00e9 d'\u00a0\u00bb\u00e0-pr\u00e9sent\u00a0\u00bb, par Olivier Favier. | Dormira jamais","author":"Lyonel Kaufmann","date":"18 octobre 2015","format":false,"excerpt":"Jean-Luc Einaudi, ou le temps satur\u00e9 d'\"\u00e0-pr\u00e9sent\", par Olivier Favier. | Dormira jamais: Je n\u2019aime pas beaucoup mon \u00e9poque. Mon \u00e9poque r\u00eave de\u00a0salauds\u00a0et ne s\u2019\u00e9prend que de m\u00e9diocres. C\u2019est donc avec une joie immense qu\u2019en \u00e9coutant hier Fabrice Riceputi au t\u00e9l\u00e9phone, j\u2019ai appris qu\u2019il avait troqu\u00e9 la proposition d\u2019un br\u00fblot\u2026","rel":"","context":"Dans &quot;Histoire savante&quot;","block_context":{"text":"Histoire savante","link":"https:\/\/lyonelkaufmann.ch\/histoire\/category\/didactique\/histoire-savante\/"},"img":{"alt_text":"","src":"https:\/\/i0.wp.com\/lyonelkaufmann.ch\/histoire\/wp-content\/uploads\/2015\/10\/einaudi-195x130-def-533x381.jpg?fit=533%2C381&ssl=1&resize=350%2C200","width":350,"height":200,"srcset":"https:\/\/i0.wp.com\/lyonelkaufmann.ch\/histoire\/wp-content\/uploads\/2015\/10\/einaudi-195x130-def-533x381.jpg?fit=533%2C381&ssl=1&resize=350%2C200 1x, https:\/\/i0.wp.com\/lyonelkaufmann.ch\/histoire\/wp-content\/uploads\/2015\/10\/einaudi-195x130-def-533x381.jpg?fit=533%2C381&ssl=1&resize=525%2C300 1.5x"},"classes":[]},{"id":11709,"url":"https:\/\/lyonelkaufmann.ch\/histoire\/2016\/07\/19\/deux-b-d-avec-la-guerre-dalgerie-en-toile-de-fond\/","url_meta":{"origin":15273,"position":1},"title":"Deux B.D. avec la Guerre d&rsquo;Alg\u00e9rie en toile de fond","author":"Lyonel Kaufmann","date":"19 juillet 2016","format":false,"excerpt":"Un Maillot pour l\u2019Alg\u00e9rie Par Kris, Bertrand Galic et Javi Rey, Dupuis, 136 p., 24 euros. C'est une histoire d'hommes, m\u00e9connue, ignor\u00e9e, oubli\u00e9e en France alors qu'il s'agit de l'un des mythes fondateurs de la jeune nation alg\u00e9rienne. Le 14 avril 1958, deux mois avant le d\u00e9but de la Coupe\u2026","rel":"","context":"Dans &quot;Histoire active&quot;","block_context":{"text":"Histoire active","link":"https:\/\/lyonelkaufmann.ch\/histoire\/category\/didactique\/histoire-active\/"},"img":{"alt_text":"","src":"https:\/\/i0.wp.com\/lyonelkaufmann.ch\/histoire\/wp-content\/uploads\/2016\/07\/kSC98R5cmgH57R33hvf9AICXWOMvLkaw-couv-1200.jpg?fit=915%2C1200&ssl=1&resize=350%2C200","width":350,"height":200,"srcset":"https:\/\/i0.wp.com\/lyonelkaufmann.ch\/histoire\/wp-content\/uploads\/2016\/07\/kSC98R5cmgH57R33hvf9AICXWOMvLkaw-couv-1200.jpg?fit=915%2C1200&ssl=1&resize=350%2C200 1x, https:\/\/i0.wp.com\/lyonelkaufmann.ch\/histoire\/wp-content\/uploads\/2016\/07\/kSC98R5cmgH57R33hvf9AICXWOMvLkaw-couv-1200.jpg?fit=915%2C1200&ssl=1&resize=525%2C300 1.5x, https:\/\/i0.wp.com\/lyonelkaufmann.ch\/histoire\/wp-content\/uploads\/2016\/07\/kSC98R5cmgH57R33hvf9AICXWOMvLkaw-couv-1200.jpg?fit=915%2C1200&ssl=1&resize=700%2C400 2x"},"classes":[]},{"id":18558,"url":"https:\/\/lyonelkaufmann.ch\/histoire\/2021\/12\/06\/berlin-exposition-der-sprung-1961\/","url_meta":{"origin":15273,"position":2},"title":"Berlin : Exposition \u00ab Der Sprung &#8211; 1961\u00bb","author":"Lyonel Kaufmann","date":"6 d\u00e9cembre 2021","format":false,"excerpt":"A l\u2019occasion de mon dernier s\u00e9jour \u00e0 Berlin dans le cadre de l\u2019Online \u00c9duca Berlin (OEB), j\u2019ai eu le plaisir \u00e9galement de visiter l\u2019exposition \u00ab Der Sprung - 1961 \u00bb\u00a0qui se tient jusqu\u2019au 30 avril 2022, apr\u00e8s le Deutsches Historisches Museum , dans l\u2019espace Vis-\u00e0-vis de l\u2019Office franco-allemand pour la\u2026","rel":"","context":"Dans &quot;Didactique&quot;","block_context":{"text":"Didactique","link":"https:\/\/lyonelkaufmann.ch\/histoire\/category\/didactique\/"},"img":{"alt_text":"","src":"https:\/\/i0.wp.com\/lyonelkaufmann.ch\/histoire\/wp-content\/uploads\/2021\/12\/DZJ9cKY.jpeg?fit=1024%2C768&ssl=1&resize=350%2C200","width":350,"height":200,"srcset":"https:\/\/i0.wp.com\/lyonelkaufmann.ch\/histoire\/wp-content\/uploads\/2021\/12\/DZJ9cKY.jpeg?fit=1024%2C768&ssl=1&resize=350%2C200 1x, https:\/\/i0.wp.com\/lyonelkaufmann.ch\/histoire\/wp-content\/uploads\/2021\/12\/DZJ9cKY.jpeg?fit=1024%2C768&ssl=1&resize=525%2C300 1.5x, https:\/\/i0.wp.com\/lyonelkaufmann.ch\/histoire\/wp-content\/uploads\/2021\/12\/DZJ9cKY.jpeg?fit=1024%2C768&ssl=1&resize=700%2C400 2x"},"classes":[]},{"id":17679,"url":"https:\/\/lyonelkaufmann.ch\/histoire\/2020\/09\/29\/frantz-fanon-la-violence-en-heritage-france-culture\/","url_meta":{"origin":15273,"position":3},"title":"Frantz Fanon : La violence en h\u00e9ritage ? &#8211; France culture","author":"Lyonel Kaufmann","date":"29 septembre 2020","format":false,"excerpt":"Frantz Fanon a \u00e9t\u00e9 une d\u00e9couverte majeure durant mes \u00e9tudes universitaires relativement \u00e0 la question coloniale (et la d\u00e9colonisation) et des m\u00e9canismes de domination \u00e9rig\u00e9s par les Europ\u00e9ens \u00e0 travers le monde et plus particuli\u00e8rement du racisme envers les Noirs. Au m\u00eame titre, voire plus encore, qu'Albert Memmi et son\u2026","rel":"","context":"Dans &quot;Nouvelles de l'histoire&quot;","block_context":{"text":"Nouvelles de l'histoire","link":"https:\/\/lyonelkaufmann.ch\/histoire\/category\/nouvelles-de-lhistoire\/"},"img":{"alt_text":"","src":"https:\/\/i0.wp.com\/lyonelkaufmann.ch\/histoire\/wp-content\/uploads\/2020\/09\/796px-Frantzfanonpjwproductions.6ede1959a9f5415fa8ddde7cc2a90bac.jpg?fit=796%2C1080&ssl=1&resize=350%2C200","width":350,"height":200,"srcset":"https:\/\/i0.wp.com\/lyonelkaufmann.ch\/histoire\/wp-content\/uploads\/2020\/09\/796px-Frantzfanonpjwproductions.6ede1959a9f5415fa8ddde7cc2a90bac.jpg?fit=796%2C1080&ssl=1&resize=350%2C200 1x, https:\/\/i0.wp.com\/lyonelkaufmann.ch\/histoire\/wp-content\/uploads\/2020\/09\/796px-Frantzfanonpjwproductions.6ede1959a9f5415fa8ddde7cc2a90bac.jpg?fit=796%2C1080&ssl=1&resize=525%2C300 1.5x, https:\/\/i0.wp.com\/lyonelkaufmann.ch\/histoire\/wp-content\/uploads\/2020\/09\/796px-Frantzfanonpjwproductions.6ede1959a9f5415fa8ddde7cc2a90bac.jpg?fit=796%2C1080&ssl=1&resize=700%2C400 2x"},"classes":[]},{"id":13679,"url":"https:\/\/lyonelkaufmann.ch\/histoire\/2017\/12\/23\/massacre-de-tiananmen-au-moins-10-000-morts-selon-une-archive-britannique\/","url_meta":{"origin":15273,"position":4},"title":"Massacre de Tiananmen: au moins 10\u00a0000\u00a0morts, selon une archive britannique","author":"Lyonel Kaufmann","date":"23 d\u00e9cembre 2017","format":false,"excerpt":"Le massacre de Tiananmen \u00e0 P\u00e9kin a fait au moins 10 000 morts, selon une archive britannique qui vient d'\u00eatre rendue publique et livre un r\u00e9cit cauchemardesque de l'\u00e9crasement des manifestations pour la d\u00e9mocratie par l'arm\u00e9e chinoise en 1989. Le r\u00e9gime chinois, qui impose un tabou sur cette p\u00e9riode, avait\u2026","rel":"","context":"Dans &quot;Nouvelles de l'histoire&quot;","block_context":{"text":"Nouvelles de l'histoire","link":"https:\/\/lyonelkaufmann.ch\/histoire\/category\/nouvelles-de-lhistoire\/"},"img":{"alt_text":"","src":"https:\/\/i0.wp.com\/lyonelkaufmann.ch\/histoire\/wp-content\/uploads\/2017\/12\/img_3410.jpg?fit=641%2C427&ssl=1&resize=350%2C200","width":350,"height":200,"srcset":"https:\/\/i0.wp.com\/lyonelkaufmann.ch\/histoire\/wp-content\/uploads\/2017\/12\/img_3410.jpg?fit=641%2C427&ssl=1&resize=350%2C200 1x, https:\/\/i0.wp.com\/lyonelkaufmann.ch\/histoire\/wp-content\/uploads\/2017\/12\/img_3410.jpg?fit=641%2C427&ssl=1&resize=525%2C300 1.5x"},"classes":[]},{"id":1543,"url":"https:\/\/lyonelkaufmann.ch\/histoire\/2009\/09\/10\/10-apres-sa-chute-chronique-du-mur-de-berlin\/","url_meta":{"origin":15273,"position":5},"title":"20 apr\u00e8s sa chute: Chronique du Mur de Berlin","author":"Lyonel Kaufmann","date":"10 septembre 2009","format":false,"excerpt":"Chronik der Mauer - Bau und Fall der Berliner Mauer La chronique du Mur de Berlin de 1961 \u00e0 1989 par la Bundesrentrale f\u00fcr politische Bildung, la Zentrume f\u00fcr Zeithistorische F\u00f6rschung et la Deutschlandradio. Un impressionnant dossier de sources et documents de la p\u00e9riode est offert en mati\u00e8re de films,\u2026","rel":"","context":"Dans &quot;Nouvelles de l'histoire&quot;","block_context":{"text":"Nouvelles de l'histoire","link":"https:\/\/lyonelkaufmann.ch\/histoire\/category\/nouvelles-de-lhistoire\/"},"img":{"alt_text":"","src":"","width":0,"height":0},"classes":[]}],"_links":{"self":[{"href":"https:\/\/lyonelkaufmann.ch\/histoire\/wp-json\/wp\/v2\/posts\/15273","targetHints":{"allow":["GET"]}}],"collection":[{"href":"https:\/\/lyonelkaufmann.ch\/histoire\/wp-json\/wp\/v2\/posts"}],"about":[{"href":"https:\/\/lyonelkaufmann.ch\/histoire\/wp-json\/wp\/v2\/types\/post"}],"author":[{"embeddable":true,"href":"https:\/\/lyonelkaufmann.ch\/histoire\/wp-json\/wp\/v2\/users\/1"}],"replies":[{"embeddable":true,"href":"https:\/\/lyonelkaufmann.ch\/histoire\/wp-json\/wp\/v2\/comments?post=15273"}],"version-history":[{"count":0,"href":"https:\/\/lyonelkaufmann.ch\/histoire\/wp-json\/wp\/v2\/posts\/15273\/revisions"}],"wp:featuredmedia":[{"embeddable":true,"href":"https:\/\/lyonelkaufmann.ch\/histoire\/wp-json\/wp\/v2\/media\/15272"}],"wp:attachment":[{"href":"https:\/\/lyonelkaufmann.ch\/histoire\/wp-json\/wp\/v2\/media?parent=15273"}],"wp:term":[{"taxonomy":"category","embeddable":true,"href":"https:\/\/lyonelkaufmann.ch\/histoire\/wp-json\/wp\/v2\/categories?post=15273"},{"taxonomy":"post_tag","embeddable":true,"href":"https:\/\/lyonelkaufmann.ch\/histoire\/wp-json\/wp\/v2\/tags?post=15273"}],"curies":[{"name":"wp","href":"https:\/\/api.w.org\/{rel}","templated":true}]}}