{"id":15948,"date":"2019-04-16T09:00:00","date_gmt":"2019-04-16T08:00:00","guid":{"rendered":"https:\/\/lyonelkaufmann.ch\/histoire\/?p=15948"},"modified":"2019-04-15T06:36:30","modified_gmt":"2019-04-15T05:36:30","slug":"medievistes-philosophes-climatologues-les-universitaires-se-sont-largement-empares-de-la-serie-la-plus-populaire-au-monde","status":"publish","type":"post","link":"https:\/\/lyonelkaufmann.ch\/histoire\/2019\/04\/16\/medievistes-philosophes-climatologues-les-universitaires-se-sont-largement-empares-de-la-serie-la-plus-populaire-au-monde\/","title":{"rendered":"Game of Thrones. M\u00e9di\u00e9vistes, philosophes, climatologues\u2026 pourquoi les universitaires se sont-ils largement empar\u00e9s de la s\u00e9rie ?"},"content":{"rendered":"\n<p><strong>A l\u2019aube de la 8e et derni\u00e8re saison de la s\u00e9rie, <em>Lib\u00e9ration<\/em> fait le point sur l&rsquo;int\u00e9r\u00eat suscit\u00e9 par la s\u00e9rie Game of Thrones, objet culturel de masse et aux diff\u00e9rents niveaux de lecture, dans les milieux universitaires. Plus particuli\u00e8rement concernant l\u2019histoire c\u2019est le podcast no 49 de <em>Paroles d\u2019histoire<\/em> qui s\u2019int\u00e9resse \u00e0 la question. Dans <em>The Conversation<\/em>, c&rsquo;est <a rel=\"author\" href=\"https:\/\/theconversation.com\/profiles\/christian-georges-schwentzel-259613\" style=\"color: rgb(85, 117, 133); text-decoration: none; outline: none; font-weight: bold; font-family\" helvetica neue sans-serif font-size: font-style: normal font-variant-caps: letter-spacing: orphans: auto text-align: left text-indent: text-transform: none white-space: widows: word-spacing: rgba><span class=\"fn author-name\" itemprop=\"name\" style=\"margin: 0px; padding: 0px; border: 0px; outline: 0px; font-size: 12px; vertical-align: baseline; background-color: transparent; background-position: initial initial; background-repeat: initial initial\">Christian-Georges Schwentzel<\/span><\/a><\/strong>, <strong>Professeur d&rsquo;histoire ancienne, Universit\u00e9 de Lorraine, qui s&rsquo;y colle.<\/strong><\/p>\n\n\n<p>Ainsi <em>Game of Thrones <\/em>appara\u00eet dans plus de 15 000&nbsp;travaux acad\u00e9miques, si on en croit Google Scholar, qui r\u00e9pertorie (de mani\u00e8re certes imparfaite) les articles scientifiques, les livres ou les th\u00e8ses. Rien qu\u2019en France, selon le site <a href=\"http:\/\/theses.fr\/fr\/?q=game+of+thrones\">Theses.fr<\/a>, la s\u00e9rie serait cit\u00e9e dans 64&nbsp;travaux. Vu la profusion du monde de <em>Game of Thrones, <\/em>il y en a pour tout le monde. En octobre, c\u2019\u00e9tait les fameux <em>Rendez-vous de l\u2019histoire<\/em> de Blois qui consacraient une table ronde \u00e0 la s\u00e9rie cr\u00e9\u00e9e en&nbsp;2011 par HBO.<\/p>\n\n\n<p>-\u00c0 lire : <a href=\"https:\/\/www.liberation.fr\/debats\/2019\/04\/12\/game-of-thrones-objet-d-etudes-bien-identifie_1721070\">Lib\u00e9ration<\/a><\/p>\n\n\n<p>De son c\u00f4t\u00e9, Andr\u00e9 Loez a invit\u00e9 <span style=\"caret-color: rgb(26, 26, 26); color: rgb(26, 26, 26); font-family: Hind, sans-serif; font-size: 16px; font-style: normal; font-variant-caps: normal; font-weight: normal; letter-spacing: normal; orphans: auto; text-align: start; text-indent: 0px; text-transform: none; white-space: normal; widows: auto; word-spacing: 0px; -webkit-tap-highlight-color: rgba(26, 26, 26, 0.301961); -webkit-text-size-adjust: 100%; -webkit-text-stroke-width: 0px; background-color: rgb(255, 255, 255); text-decoration: none; display: inline !important; float: none\">Aur\u00e9lie Paci, doctorante \u00e0 l\u2019universit\u00e9 Paris-I en histoire de la M\u00e9sopotamie antique, vice-pr\u00e9sidente de l\u2019association \u00ab&nbsp;La garde de nuit&nbsp;\u00bb<\/span>, en lui demandant pour quelles raisons il \u00e9tait s\u00e9rieux de s&rsquo;int\u00e9resse \u00e0 <em style=\"box-sizing: inherit; font-style: italic\">Game of Thrones<\/em><span class=\"Apple-converted-space\">&nbsp;<\/span>en histoire.<\/p>\n<p>Le podcast no 49 : <a href=\"https:\/\/content.blubrry.com\/parolesdhistoire\/paci_thrones.mp3\" target=\"_blank\" rel=\"noopener noreferrer\">https:\/\/content.blubrry.com\/parolesdhistoire\/paci_thrones.mp3<\/a><\/p>\n<p style=\"box-sizing: inherit; margin: 0px 0px 1.75em; caret-color: rgb(26, 26, 26); color: rgb(26, 26, 26); font-family: Hind, sans-serif; font-size: 16px; font-style: normal; font-variant-caps: normal; font-weight: normal; letter-spacing: normal; orphans: auto; text-align: start; text-indent: 0px; text-transform: none; white-space: normal; widows: auto; word-spacing: 0px; -webkit-tap-highlight-color: rgba(26, 26, 26, 0.301961); -webkit-text-size-adjust: 100%; -webkit-text-stroke-width: 0px; text-decoration: none\">Une tr\u00e8s interessante bibliographie est \u00e9galement fournie :<br>\u2013 site de l\u2019association<span class=\"Apple-converted-space\">&nbsp;<\/span><a href=\"https:\/\/www.lagardedenuit.com\/\" style=\"box-sizing: inherit; background-color: transparent; color: rgb(214, 171, 0); text-decoration: none; box-shadow: currentcolor 0px 1px 0px 0px\">La Garde de Nuit<\/a><br>\u2013 l\u2019indispensable podcast<span class=\"Apple-converted-space\">&nbsp;<\/span><a href=\"https:\/\/www.theringer.com\/binge-mode\" style=\"box-sizing: inherit; background-color: transparent; color: rgb(214, 171, 0); text-decoration: none; box-shadow: currentcolor 0px 1px 0px 0px\">Binge Mode<\/a><br>\u2013 Carolyne Larrington,<span class=\"Apple-converted-space\">&nbsp;<\/span><em style=\"box-sizing: inherit; font-style: italic\">Winter is coming : Les racines m\u00e9di\u00e9vales de Game of Thrones<\/em>, Paris, Pass\u00e9s\/compos\u00e9s, 2019<br>\u2013 Besson A., \u00ab Le Tr\u00f4ne de fer, les routes sans fin d\u2019un univers en expansion \u00bb, Fabula \/ Les colloques, Voyages imaginaires et r\u00e9cits des autres mondes (XIXe-XXIe si\u00e8cles), (disponible sur internet :<span class=\"Apple-converted-space\">&nbsp;<\/span><a class=\"twitter-timeline-link\" dir=\"ltr\" title=\"http:\/\/www.fabula.org\/colloques\/document4817.php\" href=\"https:\/\/t.co\/kBJsooZc4e\" target=\"_blank\" rel=\"nofollow noopener noreferrer\" data-expanded-url=\"http:\/\/www.fabula.org\/colloques\/document4817.php\" style=\"box-sizing: inherit; background-color: transparent; color: rgb(214, 171, 0); text-decoration: none; box-shadow: currentcolor 0px 1px 0px 0px\"><span class=\"invisible\" style=\"box-sizing: inherit\">http:\/\/www.<\/span><\/a><a class=\"twitter-timeline-link\" dir=\"ltr\" title=\"http:\/\/www.fabula.org\/colloques\/document4817.php\" href=\"https:\/\/t.co\/kBJsooZc4e\" target=\"_blank\" rel=\"nofollow noopener noreferrer\" data-expanded-url=\"http:\/\/www.fabula.org\/colloques\/document4817.php\" style=\"box-sizing: inherit; background-color: transparent; color: rgb(214, 171, 0); text-decoration: none; box-shadow: currentcolor 0px 1px 0px 0px\"><span class=\"js-display-url\" style=\"box-sizing: inherit\">fabula.org\/colloques\/docu<\/span><\/a><a class=\"twitter-timeline-link\" dir=\"ltr\" title=\"http:\/\/www.fabula.org\/colloques\/document4817.php\" href=\"https:\/\/t.co\/kBJsooZc4e\" target=\"_blank\" rel=\"nofollow noopener noreferrer\" data-expanded-url=\"http:\/\/www.fabula.org\/colloques\/document4817.php\" style=\"box-sizing: inherit; background-color: transparent; color: rgb(214, 171, 0); text-decoration: none; box-shadow: currentcolor 0px 1px 0px 0px\"><span class=\"invisible\" style=\"box-sizing: inherit\">ment4817.php<\/span><\/a><a class=\"twitter-timeline-link\" dir=\"ltr\" title=\"http:\/\/www.fabula.org\/colloques\/document4817.php\" href=\"https:\/\/t.co\/kBJsooZc4e\" target=\"_blank\" rel=\"nofollow noopener noreferrer\" data-expanded-url=\"http:\/\/www.fabula.org\/colloques\/document4817.php\" style=\"box-sizing: inherit; background-color: transparent; color: rgb(214, 171, 0); text-decoration: none; box-shadow: currentcolor 0px 1px 0px 0px\"><span class=\"invisible\" style=\"box-sizing: inherit\"><span class=\"tco-ellipsis\" style=\"box-sizing: inherit\">&nbsp;<\/span><\/span><\/a><a class=\"twitter-timeline-link\" dir=\"ltr\" title=\"http:\/\/www.fabula.org\/colloques\/document4817.php\" href=\"https:\/\/t.co\/kBJsooZc4e\" target=\"_blank\" rel=\"nofollow noopener noreferrer\" data-expanded-url=\"http:\/\/www.fabula.org\/colloques\/document4817.php\" style=\"box-sizing: inherit; background-color: transparent; color: rgb(214, 171, 0); text-decoration: none; box-shadow: currentcolor 0px 1px 0px 0px\"><span class=\"tco-ellipsis\" style=\"box-sizing: inherit\">\u2026<\/span><\/a>)<br>\u2013 Besson A. (ed.),<span class=\"Apple-converted-space\">&nbsp;<\/span><em style=\"box-sizing: inherit; font-style: italic\">Dictionnaire de la fantasy<\/em>, Vend\u00e9miaire, 2018.<br>\u2013 Besson F., Kikuchi C., Troadec C.,<span class=\"Apple-converted-space\">&nbsp;<\/span><a href=\"http:\/\/journals.openedition.org\/crm\/13765\" style=\"box-sizing: inherit; background-color: transparent; color: rgb(214, 171, 0); text-decoration: none; box-shadow: currentcolor 0px 1px 0px 0px\">\u00ab Les Moyen \u00c2ge de Game of Thrones \u00bb<\/a>, Cahiers de recherches m\u00e9di\u00e9vales et humanistes, 28, 2014, p. 479-507.<br>\u2013 Blanc W., \u00ab Game of Thrones. Au-del\u00e0 du r\u00e9el. \u00bb dans Mathieu Potte-Bonneville (dir.) Game of Thrones, s\u00e9rie noire, Paris, Les Prairies Ordinaires, 2015, p. 57-71.<br>\u2013 Breton J.,<span class=\"Apple-converted-space\">&nbsp;<\/span><a href=\"https:\/\/www.academia.edu\/18279311\/Game_of_Thrones_une_r%C3%A9%C3%A9criture_ponctuelle_de_The_Sword_in_the_Stone\" style=\"box-sizing: inherit; background-color: transparent; color: rgb(214, 171, 0); text-decoration: none; box-shadow: currentcolor 0px 1px 0px 0px\">\u00ab Game of Thrones comme r\u00e9\u00e9criture ponctuelle de The Sword in the Stone : enjeux et limites d\u2019une intertextualit\u00e9 latente \u00bb<\/a>, 2015.<br>\u2013 Rolet S.,<span class=\"Apple-converted-space\">&nbsp;<\/span><a href=\"https:\/\/t.co\/1sCphrINAS\" style=\"box-sizing: inherit; background-color: transparent; color: rgb(214, 171, 0); text-decoration: none; box-shadow: currentcolor 0px 1px 0px 0px\">\u00ab L\u2019Antiquit\u00e9 dans Game of Thrones (HBO, 2011-) : une pr\u00e9sence polys\u00e9mique \u00bb<\/a>, dans F. Bi\u00e8vre-Perrin et \u00c9. Pampanay (eds.),<span class=\"Apple-converted-space\">&nbsp;<\/span><em style=\"box-sizing: inherit; font-style: italic\">Antiquipop La r\u00e9f\u00e9rence \u00e0 l\u2019Antiquit\u00e9 dans la culture populaire contemporaine<\/em>, volume Hors-S\u00e9rie, 2018 (publication des actes du colloque 26-28 mai 2016).<\/p>\n<p>La page de l&rsquo;\u00e9pisode : <a href=\"https:\/\/parolesdhistoire.fr\/index.php\/2019\/04\/13\/49-game-of-thrones-et-lhistoire-avec-aurelie-paci\/\">https:\/\/parolesdhistoire.fr\/index.php\/2019\/04\/13\/49-game-of-thrones-et-lhistoire-avec-aurelie-paci\/<\/a><\/p>\n<p>Dans <em>The Conversation<\/em>, Christian-Georges Schwentzel, Professeur d&rsquo;histoire ancienne, Universit\u00e9 de Lorraine, s&rsquo;interroge : <strong><em>Pourquoi historiennes et historiens s\u2019int\u00e9ressent-ils \u00e0&nbsp;\u00ab&nbsp;Game of&nbsp;Thrones&nbsp;\u00bb&nbsp;?<\/em><\/strong><\/p>\n<p>Pour lui, en premier lieu, si la s\u00e9rie ne dit rien du Moyen \u00c2ge ni de l\u2019Antiquit\u00e9 \u00e0 proprement parler, elle nous r\u00e9v\u00e8le, en tout premier lieu, que les fantasmes humains n\u2019ont gu\u00e8re chang\u00e9 depuis des si\u00e8cles, voire des mill\u00e9naires. Il y ajoute des th\u00e8mes en lien \u00e9troit avec les d\u00e9fis d\u2019aujourd\u2019hui : <\/p>\n<blockquote><em>\u00ab <span style=\"caret-color: rgb(27, 27, 27); color: rgb(27, 27, 27); font-family: -apple-system-font; font-size: 18px; font-style: normal; font-variant-caps: normal; font-weight: normal; letter-spacing: normal; orphans: auto; text-align: start; text-indent: 0px; text-transform: none; white-space: normal; widows: auto; word-spacing: 0px; -webkit-tap-highlight-color: rgba(26, 26, 26, 0.301961); -webkit-text-size-adjust: none; -webkit-text-stroke-width: 0px; background-color: rgb(255, 255, 255); text-decoration: none; display: inline !important; float: none\">On y trouve des m\u00e9taphores du d\u00e9r\u00e8glement climatique et de la crise des migrants. Le long hiver mena\u00e7ant l\u2019humanit\u00e9 fait directement \u00e9cho \u00e0 des craintes li\u00e9es aux changements du monde dans lequel nous vivons et \u00e0 la peur de l\u2019Autre<\/span>. \u00bb<\/em><\/blockquote>\n<p>L&rsquo;autre int\u00e9r\u00eat, pour Schwentzel, r\u00e9side dans l&rsquo;activit\u00e9 p\u00e9dagogique et ludique consistant \u00e0 chercher les ressemblances entre les personnages de George R.R. Martin et des figures historiques bien r\u00e9elles. C&rsquo;est aussi un pr\u00e9texte pour abordrer certaines th\u00e9matiques historiques :<\/p>\n<blockquote><span class=\"Apple-converted-space\"><em>\u00ab&nbsp;<\/em><\/span><em style=\"margin: 0px; padding: 0px; border: 0px; outline: 0px; font-size: 16px; vertical-align: baseline; background-color: transparent; font-style: italic; background-position: initial initial; background-repeat: initial initial\">Game of Thrones<\/em><em><span class=\"Apple-converted-space\">&nbsp;<\/span>est susceptible de servir de pr\u00e9texte \u00e0 l\u2019\u00e9tude de nombreux th\u00e8mes historiques. Missandei est une porte d\u2019entr\u00e9e qui permet d\u2019aborder l\u2019esclavage et l\u2019affranchissement dans l\u2019Antiquit\u00e9. On pourra la comparer \u00e0 la femme de Spartacus qui joua un r\u00f4le de conseill\u00e8re aupr\u00e8s du c\u00e9l\u00e8bre chef des esclaves en r\u00e9volte contre Rome, en 73-71 av. J.-C. <\/em><\/blockquote>\n<blockquote><em>Les Fer-n\u00e9s peuvent introduire un cours sur les Vikings&nbsp;; d\u2019autant plus que l\u2019analyse, en 2017, d\u2019un squelette retrouv\u00e9 dans une n\u00e9cropole \u00e0 Birka, en Su\u00e8de, vient de prouver que<span class=\"Apple-converted-space\">&nbsp;<\/span><a href=\"https:\/\/www.nationalgeographic.fr\/histoire\/lun-des-plus-grands-guerriers-vikings-etait-une-femme\" style=\"color: rgb(85, 117, 133); text-decoration: underline; outline: none; white-space: pre-wrap; word-wrap: break-word\"><u>des femmes cheffes ont parfois command\u00e9 les peuples du Nord<\/u><\/a>, il y a environ mille ans. A la lumi\u00e8re de cette d\u00e9couverte, Asha (ou Yara dans la s\u00e9rie) Greyjoy en devient encore plus cr\u00e9dible. \u00bb<\/em><\/blockquote>\n<p>L&rsquo;article : <em><a href=\"https:\/\/theconversation.com\/pourquoi-historiennes-et-historiens-sinteressent-ils-a-game-of-thrones-115434\" target=\"_blank\" rel=\"noopener noreferrer\">Pourquoi historiennes et historiens s\u2019int\u00e9ressent-ils \u00e0&nbsp;\u00ab&nbsp;Game of&nbsp;Thrones&nbsp;\u00bb&nbsp;?<\/a><\/em><\/p>","protected":false},"excerpt":{"rendered":"<p>A l\u2019aube de la 8e et derni\u00e8re saison de la s\u00e9rie, Lib\u00e9ration fait le point sur l&rsquo;int\u00e9r\u00eat suscit\u00e9 par la s\u00e9rie Game of Thrones, objet culturel de masse et aux diff\u00e9rents niveaux de lecture, dans les milieux universitaires. Plus particuli\u00e8rement concernant l\u2019histoire c\u2019est le podcast no 49 de Paroles d\u2019histoire qui s\u2019int\u00e9resse \u00e0 la question. [&hellip;]<\/p>\n","protected":false},"author":1,"featured_media":15947,"comment_status":"open","ping_status":"open","sticky":false,"template":"","format":"standard","meta":{"_import_markdown_pro_load_document_selector":0,"_import_markdown_pro_submit_text_textarea":"","_genesis_hide_title":false,"_genesis_hide_breadcrumbs":false,"_genesis_hide_singular_image":false,"_genesis_hide_footer_widgets":false,"_genesis_custom_body_class":"","_genesis_custom_post_class":"","_genesis_layout":"","jetpack_post_was_ever_published":false,"_jetpack_newsletter_access":"","_jetpack_dont_email_post_to_subs":false,"_jetpack_newsletter_tier_id":0,"_jetpack_memberships_contains_paywalled_content":false,"_jetpack_memberships_contains_paid_content":false,"footnotes":"","jetpack_publicize_message":"","jetpack_publicize_feature_enabled":true,"jetpack_social_post_already_shared":true,"jetpack_social_options":{"image_generator_settings":{"template":"highway","default_image_id":0,"font":"","enabled":false},"version":2}},"categories":[11,13],"tags":[],"class_list":{"0":"post-15948","1":"post","2":"type-post","3":"status-publish","4":"format-standard","5":"has-post-thumbnail","7":"category-nouvelles-de-lhistoire","8":"category-opinionsreflexions","9":"entry"},"jetpack_publicize_connections":[],"featured_image_src":"https:\/\/i0.wp.com\/lyonelkaufmann.ch\/histoire\/wp-content\/uploads\/2019\/04\/45B9F6F2-12B6-4D0C-AFAA-ABF619182398.c0fd170185dc4cd68214ff4d5742d3c9.jpeg?resize=600%2C400&ssl=1","featured_image_src_square":"https:\/\/i0.wp.com\/lyonelkaufmann.ch\/histoire\/wp-content\/uploads\/2019\/04\/45B9F6F2-12B6-4D0C-AFAA-ABF619182398.c0fd170185dc4cd68214ff4d5742d3c9.jpeg?resize=600%2C600&ssl=1","author_info":{"display_name":"Lyonel Kaufmann","author_link":"https:\/\/lyonelkaufmann.ch\/histoire\/author\/lyonelk\/"},"jetpack_featured_media_url":"https:\/\/i0.wp.com\/lyonelkaufmann.ch\/histoire\/wp-content\/uploads\/2019\/04\/45B9F6F2-12B6-4D0C-AFAA-ABF619182398.c0fd170185dc4cd68214ff4d5742d3c9.jpeg?fit=975%2C648&ssl=1","jetpack_sharing_enabled":true,"jetpack_shortlink":"https:\/\/wp.me\/p1rJVM-49e","jetpack_likes_enabled":true,"jetpack-related-posts":[{"id":7964,"url":"https:\/\/lyonelkaufmann.ch\/histoire\/2014\/04\/30\/jacques-le-goff-et-le-moyen-age-renvoyes-dans-les-tenebres-par-games-of-thrones-chronique-no-152\/","url_meta":{"origin":15948,"position":0},"title":"Jacques Le Goff et le Moyen \u00c2ge renvoy\u00e9s dans les t\u00e9n\u00e8bres par Games of Thrones ? | Chronique no 152","author":"Lyonel Kaufmann","date":"30 avril 2014","format":false,"excerpt":"Certes, vu l\u2019\u00e2ge du bonhomme (90 ans), plus le temps avan\u00e7ait et plus l\u2019in\u00e9luctable devait arriver, mais bon ce n'est pas un tr\u00e8s chouette poisson d\u2019avril que de lire dans son fil d\u2019actualit\u00e9 que l\u2019historien Jacques Le Goff est d\u00e9c\u00e9d\u00e9 le mardi 1er avril 2014. En lisant les hommages, l'\u00e9claireur\u2026","rel":"","context":"Dans &quot;Nouvelles de l'histoire&quot;","block_context":{"text":"Nouvelles de l'histoire","link":"https:\/\/lyonelkaufmann.ch\/histoire\/category\/nouvelles-de-lhistoire\/"},"img":{"alt_text":"","src":"https:\/\/i0.wp.com\/toutelaculture.com\/wp-content\/uploads\/2014\/04\/2159240-M.jpg?resize=350%2C200","width":350,"height":200},"classes":[]},{"id":13838,"url":"https:\/\/lyonelkaufmann.ch\/histoire\/2018\/02\/22\/tv-serie-jon-snow-est-il-le-nouveau-roi-arthur\/","url_meta":{"origin":15948,"position":1},"title":"TV\/S\u00e9rie : Jon Snow est-il le nouveau roi Arthur ?","author":"Lyonel Kaufmann","date":"22 f\u00e9vrier 2018","format":false,"excerpt":"Aujourd\u2019hui,\u00a0les s\u00e9ries t\u00e9l\u00e9 constituent d\u00e9sormais un vaste champ d\u2019\u00e9tude pour la recherche. Et oui, il y a des colloques, des publications et m\u00eame des revues enti\u00e8res qui y sont consacr\u00e9s ! C\u2019est le cas du travail de Justine Breton, agr\u00e9g\u00e9e de Lettres modernes et docteur en litt\u00e9rature m\u00e9di\u00e9vale \u00e0 l\u2019Universit\u00e9\u2026","rel":"","context":"Dans &quot;Histoire active&quot;","block_context":{"text":"Histoire active","link":"https:\/\/lyonelkaufmann.ch\/histoire\/category\/didactique\/histoire-active\/"},"img":{"alt_text":"","src":"https:\/\/i0.wp.com\/lyonelkaufmann.ch\/histoire\/wp-content\/uploads\/2018\/02\/jon-snow-holds-pink-letter-game-of-thrones-.0.0.jpg?fit=1200%2C675&ssl=1&resize=350%2C200","width":350,"height":200,"srcset":"https:\/\/i0.wp.com\/lyonelkaufmann.ch\/histoire\/wp-content\/uploads\/2018\/02\/jon-snow-holds-pink-letter-game-of-thrones-.0.0.jpg?fit=1200%2C675&ssl=1&resize=350%2C200 1x, https:\/\/i0.wp.com\/lyonelkaufmann.ch\/histoire\/wp-content\/uploads\/2018\/02\/jon-snow-holds-pink-letter-game-of-thrones-.0.0.jpg?fit=1200%2C675&ssl=1&resize=525%2C300 1.5x, https:\/\/i0.wp.com\/lyonelkaufmann.ch\/histoire\/wp-content\/uploads\/2018\/02\/jon-snow-holds-pink-letter-game-of-thrones-.0.0.jpg?fit=1200%2C675&ssl=1&resize=700%2C400 2x, https:\/\/i0.wp.com\/lyonelkaufmann.ch\/histoire\/wp-content\/uploads\/2018\/02\/jon-snow-holds-pink-letter-game-of-thrones-.0.0.jpg?fit=1200%2C675&ssl=1&resize=1050%2C600 3x"},"classes":[]},{"id":13687,"url":"https:\/\/lyonelkaufmann.ch\/histoire\/2017\/12\/31\/les-moyen-age-de-game-of-thrones-cahiers-de-recherches-medievales-et-humanistes\/","url_meta":{"origin":15948,"position":2},"title":"Les Moyen \u00c2ge de Game of Thrones |\u00a0Cahiers de recherches m\u00e9di\u00e9vales et humanistes","author":"Lyonel Kaufmann","date":"31 d\u00e9cembre 2017","format":false,"excerpt":"Florian Besson, Catherine Kikuchi et C\u00e9cile Troadec nous offrent un tr\u00e8s int\u00e9ressant article relativement \u00e0 la grande saga de\u00a0George R.R. Martin, A Song of Ice and Fire, et sa c\u00e9l\u00e8bre adaptation en s\u00e9rie t\u00e9l\u00e9, Game of Thrones. Au vu du succ\u00e8s rencontr\u00e9s par cette saga, cette article int\u00e9ressera tout\u00a0enseignant en\u00a0charge\u2026","rel":"","context":"Dans &quot;Histoire savante&quot;","block_context":{"text":"Histoire savante","link":"https:\/\/lyonelkaufmann.ch\/histoire\/category\/didactique\/histoire-savante\/"},"img":{"alt_text":"","src":"https:\/\/i0.wp.com\/lyonelkaufmann.ch\/histoire\/wp-content\/uploads\/2017\/12\/RSLocalFile-17A4AC86-B3BD-4864-8155-8F8A5FC1C0CD.png?fit=941%2C530&ssl=1&resize=350%2C200","width":350,"height":200,"srcset":"https:\/\/i0.wp.com\/lyonelkaufmann.ch\/histoire\/wp-content\/uploads\/2017\/12\/RSLocalFile-17A4AC86-B3BD-4864-8155-8F8A5FC1C0CD.png?fit=941%2C530&ssl=1&resize=350%2C200 1x, https:\/\/i0.wp.com\/lyonelkaufmann.ch\/histoire\/wp-content\/uploads\/2017\/12\/RSLocalFile-17A4AC86-B3BD-4864-8155-8F8A5FC1C0CD.png?fit=941%2C530&ssl=1&resize=525%2C300 1.5x, https:\/\/i0.wp.com\/lyonelkaufmann.ch\/histoire\/wp-content\/uploads\/2017\/12\/RSLocalFile-17A4AC86-B3BD-4864-8155-8F8A5FC1C0CD.png?fit=941%2C530&ssl=1&resize=700%2C400 2x"},"classes":[]},{"id":9682,"url":"https:\/\/lyonelkaufmann.ch\/histoire\/2015\/04\/14\/game-of-thrones-la-serie-se-passe-au-15eme-siecle-la-preuve-par-varys-et-baelish\/","url_meta":{"origin":15948,"position":3},"title":"Game of Thrones : \u00ab\u00a0La s\u00e9rie se passe au 15\u00e8me si\u00e8cle, la preuve par Varys et Baelish\u00a0\u00bb","author":"Lyonel Kaufmann","date":"14 avril 2015","format":false,"excerpt":"Sur La P\u00e9niche (Game of Thrones, un manuel de science politique | La P\u00e9niche), Alex Baptiste Joubert nous propose une version r\u00e9actualis\u00e9e de son article initialement publi\u00e9 le 4 avril 2014 et repris par Slate. Voici l\u2019extrait traitant de la s\u00e9rie sous l\u2019angle d\u2019une vision historique bas\u00e9e sur le 15\u00e8me\u2026","rel":"","context":"Dans &quot;Opinions&amp;R\u00e9flexions&quot;","block_context":{"text":"Opinions&amp;R\u00e9flexions","link":"https:\/\/lyonelkaufmann.ch\/histoire\/category\/didactique\/opinionsreflexions\/"},"img":{"alt_text":"","src":"https:\/\/i0.wp.com\/lyonelkaufmann.ch\/histoire\/wp-content\/uploads\/2015\/04\/varys-vs-littlefinger-94832.jpg?fit=800%2C450&ssl=1&resize=350%2C200","width":350,"height":200,"srcset":"https:\/\/i0.wp.com\/lyonelkaufmann.ch\/histoire\/wp-content\/uploads\/2015\/04\/varys-vs-littlefinger-94832.jpg?fit=800%2C450&ssl=1&resize=350%2C200 1x, https:\/\/i0.wp.com\/lyonelkaufmann.ch\/histoire\/wp-content\/uploads\/2015\/04\/varys-vs-littlefinger-94832.jpg?fit=800%2C450&ssl=1&resize=525%2C300 1.5x, https:\/\/i0.wp.com\/lyonelkaufmann.ch\/histoire\/wp-content\/uploads\/2015\/04\/varys-vs-littlefinger-94832.jpg?fit=800%2C450&ssl=1&resize=700%2C400 2x"},"classes":[]},{"id":9673,"url":"https:\/\/lyonelkaufmann.ch\/histoire\/2015\/04\/14\/scenario-de-ludification-games-of-thrones-et-le-monde-medieval-2-aquops\/","url_meta":{"origin":15948,"position":4},"title":"Sc\u00e9nario de ludification : Games of Thrones et le monde m\u00e9di\u00e9val (2) |\u00a0#AQUOPS","author":"Lyonel Kaufmann","date":"14 avril 2015","format":false,"excerpt":"Dans un pr\u00e9c\u00e9dent billet, je vous pr\u00e9sentais\u00a0l\u2019atelier\u00a0\u00ab\u00a0La ludification : sc\u00e9narios et d\u00e9fis pour votre cours ! \u00bb\u00a0suivi dans le cadre du\u00a033e colloque de l\u2019AQUOPS\u00a0\u00e0 Qu\u00e9bec. Je concluais cet article en indiquant que, personnellement, j\u2019avais choisi de travailler \u00e0 partir de\u00a0\u00ab Game of Thrones \u00bb\u00a0avec\u00a0l\u2019objectif de m\u00e9langer l\u2019univers de cette s\u00e9rie\u2026","rel":"","context":"Dans &quot;Didactique&quot;","block_context":{"text":"Didactique","link":"https:\/\/lyonelkaufmann.ch\/histoire\/category\/didactique\/"},"img":{"alt_text":"","src":"https:\/\/i0.wp.com\/lyonelkaufmann.ch\/histoire\/wp-content\/uploads\/2015\/04\/Game-of-Thrones-Possible-Logo.png?fit=800%2C450&ssl=1&resize=350%2C200","width":350,"height":200,"srcset":"https:\/\/i0.wp.com\/lyonelkaufmann.ch\/histoire\/wp-content\/uploads\/2015\/04\/Game-of-Thrones-Possible-Logo.png?fit=800%2C450&ssl=1&resize=350%2C200 1x, https:\/\/i0.wp.com\/lyonelkaufmann.ch\/histoire\/wp-content\/uploads\/2015\/04\/Game-of-Thrones-Possible-Logo.png?fit=800%2C450&ssl=1&resize=525%2C300 1.5x, https:\/\/i0.wp.com\/lyonelkaufmann.ch\/histoire\/wp-content\/uploads\/2015\/04\/Game-of-Thrones-Possible-Logo.png?fit=800%2C450&ssl=1&resize=700%2C400 2x"},"classes":[]},{"id":13727,"url":"https:\/\/lyonelkaufmann.ch\/histoire\/2018\/01\/22\/scenario-de-ludification-games-of-thrones-et-le-monde-medieval-3-mooc-hg4\/","url_meta":{"origin":15948,"position":5},"title":"Sc\u00e9nario de ludification : Games of Thrones et le monde m\u00e9di\u00e9val (3) | MOOC HG4","author":"Lyonel Kaufmann","date":"22 janvier 2018","format":false,"excerpt":"En ce mois de janvier, je participe au MOOC HG4, pr\u00e9par\u00e9 par\u00a06 groupes d\u2019enseignants d'Histoire-G\u00e9ographie des Acad\u00e9mies de Caen, Dijon, Lille, Reims, Rouen, Toulouse. Ils ont pr\u00e9par\u00e9 des propositions d\u2019usages du num\u00e9rique dans nos disciplines (voir ici http:\/\/hg.ac-besancon.fr\/2017\/12\/05\/moochg4-presentation-et-inscription\/). La premi\u00e8re semaine, les coll\u00e8gues Dijon\u00a0 &Caen ont concoct\u00e9 un parcours sur\u2026","rel":"","context":"Dans &quot;Didactique&quot;","block_context":{"text":"Didactique","link":"https:\/\/lyonelkaufmann.ch\/histoire\/category\/didactique\/"},"img":{"alt_text":"","src":"https:\/\/i0.wp.com\/lyonelkaufmann.ch\/histoire\/wp-content\/uploads\/2018\/01\/game-of-thrones.jpg?fit=941%2C530&ssl=1&resize=350%2C200","width":350,"height":200,"srcset":"https:\/\/i0.wp.com\/lyonelkaufmann.ch\/histoire\/wp-content\/uploads\/2018\/01\/game-of-thrones.jpg?fit=941%2C530&ssl=1&resize=350%2C200 1x, https:\/\/i0.wp.com\/lyonelkaufmann.ch\/histoire\/wp-content\/uploads\/2018\/01\/game-of-thrones.jpg?fit=941%2C530&ssl=1&resize=525%2C300 1.5x, https:\/\/i0.wp.com\/lyonelkaufmann.ch\/histoire\/wp-content\/uploads\/2018\/01\/game-of-thrones.jpg?fit=941%2C530&ssl=1&resize=700%2C400 2x"},"classes":[]}],"_links":{"self":[{"href":"https:\/\/lyonelkaufmann.ch\/histoire\/wp-json\/wp\/v2\/posts\/15948","targetHints":{"allow":["GET"]}}],"collection":[{"href":"https:\/\/lyonelkaufmann.ch\/histoire\/wp-json\/wp\/v2\/posts"}],"about":[{"href":"https:\/\/lyonelkaufmann.ch\/histoire\/wp-json\/wp\/v2\/types\/post"}],"author":[{"embeddable":true,"href":"https:\/\/lyonelkaufmann.ch\/histoire\/wp-json\/wp\/v2\/users\/1"}],"replies":[{"embeddable":true,"href":"https:\/\/lyonelkaufmann.ch\/histoire\/wp-json\/wp\/v2\/comments?post=15948"}],"version-history":[{"count":0,"href":"https:\/\/lyonelkaufmann.ch\/histoire\/wp-json\/wp\/v2\/posts\/15948\/revisions"}],"wp:featuredmedia":[{"embeddable":true,"href":"https:\/\/lyonelkaufmann.ch\/histoire\/wp-json\/wp\/v2\/media\/15947"}],"wp:attachment":[{"href":"https:\/\/lyonelkaufmann.ch\/histoire\/wp-json\/wp\/v2\/media?parent=15948"}],"wp:term":[{"taxonomy":"category","embeddable":true,"href":"https:\/\/lyonelkaufmann.ch\/histoire\/wp-json\/wp\/v2\/categories?post=15948"},{"taxonomy":"post_tag","embeddable":true,"href":"https:\/\/lyonelkaufmann.ch\/histoire\/wp-json\/wp\/v2\/tags?post=15948"}],"curies":[{"name":"wp","href":"https:\/\/api.w.org\/{rel}","templated":true}]}}