{"id":1616,"date":"2009-10-19T12:45:46","date_gmt":"2009-10-19T11:45:46","guid":{"rendered":"https:\/\/lyonelkaufmann.ch\/histoire\/2009\/10\/19\/le-musee-dauschwitz-birkenau-sinstalle-sur-facebook-lemonde-fr\/"},"modified":"2009-10-19T12:45:46","modified_gmt":"2009-10-19T11:45:46","slug":"le-musee-dauschwitz-birkenau-sinstalle-sur-facebook-lemonde-fr","status":"publish","type":"post","link":"https:\/\/lyonelkaufmann.ch\/histoire\/2009\/10\/19\/le-musee-dauschwitz-birkenau-sinstalle-sur-facebook-lemonde-fr\/","title":{"rendered":"Le mus\u00e9e d&#039;Auschwitz-Birkenau s&#039;installe sur Facebook &#124; LeMonde.fr"},"content":{"rendered":"<blockquote><p>Si, conform\u00e9ment \u00e0 notre mission, nous voulons \u00e9duquer les jeunes, leur enseigner la responsabilit\u00e9 pour le monde dans lequel ils vivent, nous devons utiliser les moyens de communication que les jeunes utilisent eux-m\u00eames.<\/p><\/blockquote>\n<p>Propos de\u00a0Pawel Sawicki, le porte-parole du mus\u00e9e d&rsquo;Auschwitz-Birkenau, \u00e0 l&rsquo;AFP.<\/p>\n<p><strong>Source:<\/strong> <a href=\"http:\/\/www.lemonde.fr\/technologies\/article\/2009\/10\/15\/le-musee-d-auschwitz-birkenau-s-installe-sur-facebook_1254534_651865.html#xtor=AL-32280270\">Le mus\u00e9e d&rsquo;Auschwitz-Birkenau s&rsquo;installe sur Facebook &#8211; LeMonde.fr<\/a><\/p>\n<p><strong>NB:<\/strong> ces propos sont \u00e0 m\u00e9diter si l&rsquo;on consid\u00e8re que la mission du mus\u00e9e correspond largement \u00e0 celle de l&rsquo;\u00e9cole et plus particuli\u00e8rement encore \u00e0 la mission de l&rsquo;enseignement de l&rsquo;histoire \u00e0 l&rsquo;\u00e9cole telle qu&rsquo;indiqu\u00e9e dans nos programmes scolaires\u2026<\/p>\n","protected":false},"excerpt":{"rendered":"<p>Si, conform\u00e9ment \u00e0 notre mission, nous voulons \u00e9duquer les jeunes, leur enseigner la responsabilit\u00e9 pour le monde dans lequel ils vivent, nous devons utiliser les moyens de communication que les jeunes utilisent eux-m\u00eames. Propos de\u00a0Pawel Sawicki, le porte-parole du mus\u00e9e d&rsquo;Auschwitz-Birkenau, \u00e0 l&rsquo;AFP. Source: Le mus\u00e9e d&rsquo;Auschwitz-Birkenau s&rsquo;installe sur Facebook &#8211; LeMonde.fr NB: ces propos [&hellip;]<\/p>\n","protected":false},"author":1,"featured_media":9896,"comment_status":"open","ping_status":"open","sticky":false,"template":"","format":"standard","meta":{"_import_markdown_pro_load_document_selector":0,"_import_markdown_pro_submit_text_textarea":"","_genesis_hide_title":false,"_genesis_hide_breadcrumbs":false,"_genesis_hide_singular_image":false,"_genesis_hide_footer_widgets":false,"_genesis_custom_body_class":"","_genesis_custom_post_class":"","_genesis_layout":"","jetpack_post_was_ever_published":false,"_jetpack_newsletter_access":"","_jetpack_dont_email_post_to_subs":false,"_jetpack_newsletter_tier_id":0,"_jetpack_memberships_contains_paywalled_content":false,"_jetpack_memberships_contains_paid_content":false,"footnotes":"","jetpack_publicize_message":"","jetpack_publicize_feature_enabled":true,"jetpack_social_post_already_shared":true,"jetpack_social_options":{"image_generator_settings":{"template":"highway","default_image_id":0,"font":"","enabled":false},"version":2}},"categories":[8,11],"tags":[81,180,294,334,360,470,498,663],"class_list":{"0":"post-1616","1":"post","2":"type-post","3":"status-publish","4":"format-standard","5":"has-post-thumbnail","7":"category-medias-et-technologies","8":"category-nouvelles-de-lhistoire","9":"tag-auschwitz","10":"tag-culture","11":"tag-genocidejuif","12":"tag-histoire","13":"tag-holocauste","14":"tag-mediatic","15":"tag-museehistoire","16":"tag-shoah","17":"entry"},"jetpack_publicize_connections":[],"featured_image_src":"https:\/\/i0.wp.com\/lyonelkaufmann.ch\/histoire\/wp-content\/uploads\/2015\/06\/signature_lk2.jpg?resize=600%2C184&ssl=1","featured_image_src_square":"https:\/\/i0.wp.com\/lyonelkaufmann.ch\/histoire\/wp-content\/uploads\/2015\/06\/signature_lk2.jpg?resize=600%2C184&ssl=1","author_info":{"display_name":"Lyonel Kaufmann","author_link":"https:\/\/lyonelkaufmann.ch\/histoire\/author\/lyonelk\/"},"jetpack_featured_media_url":"https:\/\/i0.wp.com\/lyonelkaufmann.ch\/histoire\/wp-content\/uploads\/2015\/06\/signature_lk2.jpg?fit=658%2C184&ssl=1","jetpack_sharing_enabled":true,"jetpack_shortlink":"https:\/\/wp.me\/p1rJVM-q4","jetpack_likes_enabled":true,"jetpack-related-posts":[{"id":6328,"url":"https:\/\/lyonelkaufmann.ch\/histoire\/2012\/10\/25\/revue-de-presse-deces-de-wilhelm-brasse-photographe-qui-fixa-pour-leternite-les-horreurs-dauschwitz\/","url_meta":{"origin":1616,"position":0},"title":"Revue de presse : D\u00e9c\u00e8s de Wilhelm Brasse, photographe qui fixa pour l&#039;\u00e9ternit\u00e9 les horreurs d&#039;Auschwitz","author":"Lyonel Kaufmann","date":"25 octobre 2012","format":false,"excerpt":"Wilhelm Brasse, ancien prisonnier du camp d'extermination nazi d'Auschwitz-Birkenau qui sur ordre des autorit\u00e9s, avait pris en photo des dizaines de milliers de ses compagnons, est d\u00e9c\u00e9d\u00e9 mardi \u00e0 l'\u00e2ge de 95 ans \u00e0 Zywiec, dans le sud de la Pologne, a d\u00e9clar\u00e9 \u00e0 l'AFP Pawel Sawicki, un porte-parole du\u2026","rel":"","context":"Dans &quot;Nouvelles de l'histoire&quot;","block_context":{"text":"Nouvelles de l'histoire","link":"https:\/\/lyonelkaufmann.ch\/histoire\/category\/nouvelles-de-lhistoire\/"},"img":{"alt_text":"","src":"","width":0,"height":0},"classes":[]},{"id":16969,"url":"https:\/\/lyonelkaufmann.ch\/histoire\/2020\/01\/28\/a-auschwitz-brassage-de-temoins-liberation\/","url_meta":{"origin":1616,"position":1},"title":"A Auschwitz, brassage de\u00a0t\u00e9moins &#8211; Lib\u00e9ration","author":"Lyonel Kaufmann","date":"28 janvier 2020","format":false,"excerpt":"Cette semaine est consacr\u00e9e aux Journ\u00e9es de la m\u00e9moire pour la pr\u00e9vention des crimes contre l\u2019humanit\u00e9. A l\u2019approche et durant celles-ci, elles donneront lieu dans les m\u00e9dias \u00e0 des articles n\u00e9cessaires concernant soit les t\u00e9moins encore vivants et la n\u00e9cessit\u00e9 de la transmission de leur m\u00e9moire et de cette histoire\u2026","rel":"","context":"Dans &quot;Didactique&quot;","block_context":{"text":"Didactique","link":"https:\/\/lyonelkaufmann.ch\/histoire\/category\/didactique\/"},"img":{"alt_text":"","src":"https:\/\/i0.wp.com\/lyonelkaufmann.ch\/histoire\/wp-content\/uploads\/2020\/01\/3434F60B-51FD-4D47-ACC1-30D5AE5AF77F.0f12c3326b2e4c49b3b7fac5fcce4b00.jpeg?fit=960%2C1200&ssl=1&resize=350%2C200","width":350,"height":200,"srcset":"https:\/\/i0.wp.com\/lyonelkaufmann.ch\/histoire\/wp-content\/uploads\/2020\/01\/3434F60B-51FD-4D47-ACC1-30D5AE5AF77F.0f12c3326b2e4c49b3b7fac5fcce4b00.jpeg?fit=960%2C1200&ssl=1&resize=350%2C200 1x, https:\/\/i0.wp.com\/lyonelkaufmann.ch\/histoire\/wp-content\/uploads\/2020\/01\/3434F60B-51FD-4D47-ACC1-30D5AE5AF77F.0f12c3326b2e4c49b3b7fac5fcce4b00.jpeg?fit=960%2C1200&ssl=1&resize=525%2C300 1.5x, https:\/\/i0.wp.com\/lyonelkaufmann.ch\/histoire\/wp-content\/uploads\/2020\/01\/3434F60B-51FD-4D47-ACC1-30D5AE5AF77F.0f12c3326b2e4c49b3b7fac5fcce4b00.jpeg?fit=960%2C1200&ssl=1&resize=700%2C400 2x"},"classes":[]},{"id":11117,"url":"https:\/\/lyonelkaufmann.ch\/histoire\/2016\/02\/17\/simone-lagrange-deportee-et-temoin-cle-du-proces-barbie-est-decedee\/","url_meta":{"origin":1616,"position":2},"title":"Simone Lagrange, d\u00e9port\u00e9e et t\u00e9moin-cl\u00e9 du proc\u00e8s Barbie, est d\u00e9c\u00e9d\u00e9e","author":"Lyonel Kaufmann","date":"17 f\u00e9vrier 2016","format":false,"excerpt":"N\u00e9e en 1930, Simone Lagrange a \u00e9t\u00e9 d\u00e9port\u00e9e \u00e0 l'\u00e2ge de 13 ans \u00e0 Aushwitz-Birkenau, en Pologne. Elle a \u00e9t\u00e9 tortur\u00e9e durant des jours par Klaus Barbie, surnomm\u00e9 \u00able boucher de Lyon\u00bb. Elle a surv\u00e9cu et a t\u00e9moign\u00e9 avec force au proc\u00e8s de son bourreau.\u00a0\u00abBarbie a tir\u00e9 sur la r\u00e9sille\u2026","rel":"","context":"Dans &quot;Nouvelles de l'histoire&quot;","block_context":{"text":"Nouvelles de l'histoire","link":"https:\/\/lyonelkaufmann.ch\/histoire\/category\/nouvelles-de-lhistoire\/"},"img":{"alt_text":"","src":"https:\/\/i0.wp.com\/lyonelkaufmann.ch\/histoire\/wp-content\/uploads\/2016\/02\/5553825_simone-lagrange_545x460_autocrop.PNG.jpeg?fit=545%2C347&ssl=1&resize=350%2C200","width":350,"height":200,"srcset":"https:\/\/i0.wp.com\/lyonelkaufmann.ch\/histoire\/wp-content\/uploads\/2016\/02\/5553825_simone-lagrange_545x460_autocrop.PNG.jpeg?fit=545%2C347&ssl=1&resize=350%2C200 1x, https:\/\/i0.wp.com\/lyonelkaufmann.ch\/histoire\/wp-content\/uploads\/2016\/02\/5553825_simone-lagrange_545x460_autocrop.PNG.jpeg?fit=545%2C347&ssl=1&resize=525%2C300 1.5x"},"classes":[]},{"id":4481,"url":"https:\/\/lyonelkaufmann.ch\/histoire\/2010\/10\/17\/genocide-juif-et-ecole-visiter-auschwitz-nest-pas\/","url_meta":{"origin":1616,"position":3},"title":"G\u00e9nocide juif et \u00e9cole: visiter Auschwitz n&rsquo;est pas forc\u00e9ment l&rsquo;id\u00e9al","author":"Lyonel Kaufmann","date":"17 octobre 2010","format":false,"excerpt":"Je ne suis pas convaincue de l\u2019importance d\u00e9cisive de ces voyages \u00e0 Auschwitz pour les lyc\u00e9ens, mais si on tient \u00e0 les faire, que ce soit dans des conditions de fort soutien des jeunes, avec du temps pour penser, discuter, exprimer des \u00e9motions et des pens\u00e9es. Avec des groupes r\u00e9duits\u2026","rel":"","context":"Dans &quot;Nouvelles de l'histoire&quot;","block_context":{"text":"Nouvelles de l'histoire","link":"https:\/\/lyonelkaufmann.ch\/histoire\/category\/nouvelles-de-lhistoire\/"},"img":{"alt_text":"","src":"https:\/\/i0.wp.com\/lyonelkaufmann.ch\/histoire\/wp-content\/uploads\/2015\/02\/6614810867_1e00282226_o1.jpg?fit=300%2C450&ssl=1&resize=350%2C200","width":350,"height":200},"classes":[]},{"id":20178,"url":"https:\/\/lyonelkaufmann.ch\/histoire\/2025\/01\/25\/piotr-cywinski-directeur-du-musee-dauschwitz-il-est-temps-de-veiller-nous-memes-sur-cette-histoire\/","url_meta":{"origin":1616,"position":4},"title":"Piotr Cywinski, directeur du mus\u00e9e d\u2019Auschwitz : \u201cIl est temps de veiller nous-m\u00eames sur cette histoire\u201d","author":"Lyonel Kaufmann","date":"25 janvier 2025","format":false,"excerpt":"Plus je passe du temps ici, plus je me dis\u00a0: qui d\u00e9crit Auschwitz comme quelque chose qui ne peut pas \u00eatre expliqu\u00e9 cherche \u00e0 fuir la r\u00e9alit\u00e9. Auschwitz est beaucoup plus proche de nous qu\u2019il n\u2019y para\u00eet. Songez \u00e0 tout ce qui se passe dans le monde, les massacres absurdes,\u2026","rel":"","context":"Dans &quot;Nouvelles de l'histoire&quot;","block_context":{"text":"Nouvelles de l'histoire","link":"https:\/\/lyonelkaufmann.ch\/histoire\/category\/nouvelles-de-lhistoire\/"},"img":{"alt_text":"","src":"","width":0,"height":0},"classes":[]},{"id":11068,"url":"https:\/\/lyonelkaufmann.ch\/histoire\/2016\/02\/15\/ce-que-racontent-les-rouleaux-dauschwitz-slate-fr\/","url_meta":{"origin":1616,"position":5},"title":"Ce que racontent les \u00abrouleaux d\u2019Auschwitz\u00bb | Slate.fr","author":"Lyonel Kaufmann","date":"15 f\u00e9vrier 2016","format":false,"excerpt":"Certains membres des Sonderkommandos, les unit\u00e9s sp\u00e9ciales d\u2019Auschwitz charg\u00e9es de br\u00fbler les cadavres, ont r\u00e9ussi \u00e0 laisser un t\u00e9moignage des atrocit\u00e9s que les nazis leur faisaient commettre. Ce que l\u2019on appelle les \u00abRouleaux d\u2019Auschwitz\u00bb sont plusieurs documents de diff\u00e9rentes natures, r\u00e9alis\u00e9s par des membres du Sonderkommando, ou unit\u00e9 sp\u00e9ciale, un\u2026","rel":"","context":"Dans &quot;Histoire savante&quot;","block_context":{"text":"Histoire savante","link":"https:\/\/lyonelkaufmann.ch\/histoire\/category\/didactique\/histoire-savante\/"},"img":{"alt_text":"","src":"https:\/\/i0.wp.com\/lyonelkaufmann.ch\/histoire\/wp-content\/uploads\/2016\/02\/Crematorium20III.jpg.CROP_.original-original.jpg?fit=900%2C1200&ssl=1&resize=350%2C200","width":350,"height":200,"srcset":"https:\/\/i0.wp.com\/lyonelkaufmann.ch\/histoire\/wp-content\/uploads\/2016\/02\/Crematorium20III.jpg.CROP_.original-original.jpg?fit=900%2C1200&ssl=1&resize=350%2C200 1x, https:\/\/i0.wp.com\/lyonelkaufmann.ch\/histoire\/wp-content\/uploads\/2016\/02\/Crematorium20III.jpg.CROP_.original-original.jpg?fit=900%2C1200&ssl=1&resize=525%2C300 1.5x, https:\/\/i0.wp.com\/lyonelkaufmann.ch\/histoire\/wp-content\/uploads\/2016\/02\/Crematorium20III.jpg.CROP_.original-original.jpg?fit=900%2C1200&ssl=1&resize=700%2C400 2x"},"classes":[]}],"_links":{"self":[{"href":"https:\/\/lyonelkaufmann.ch\/histoire\/wp-json\/wp\/v2\/posts\/1616","targetHints":{"allow":["GET"]}}],"collection":[{"href":"https:\/\/lyonelkaufmann.ch\/histoire\/wp-json\/wp\/v2\/posts"}],"about":[{"href":"https:\/\/lyonelkaufmann.ch\/histoire\/wp-json\/wp\/v2\/types\/post"}],"author":[{"embeddable":true,"href":"https:\/\/lyonelkaufmann.ch\/histoire\/wp-json\/wp\/v2\/users\/1"}],"replies":[{"embeddable":true,"href":"https:\/\/lyonelkaufmann.ch\/histoire\/wp-json\/wp\/v2\/comments?post=1616"}],"version-history":[{"count":0,"href":"https:\/\/lyonelkaufmann.ch\/histoire\/wp-json\/wp\/v2\/posts\/1616\/revisions"}],"wp:featuredmedia":[{"embeddable":true,"href":"https:\/\/lyonelkaufmann.ch\/histoire\/wp-json\/wp\/v2\/media\/9896"}],"wp:attachment":[{"href":"https:\/\/lyonelkaufmann.ch\/histoire\/wp-json\/wp\/v2\/media?parent=1616"}],"wp:term":[{"taxonomy":"category","embeddable":true,"href":"https:\/\/lyonelkaufmann.ch\/histoire\/wp-json\/wp\/v2\/categories?post=1616"},{"taxonomy":"post_tag","embeddable":true,"href":"https:\/\/lyonelkaufmann.ch\/histoire\/wp-json\/wp\/v2\/tags?post=1616"}],"curies":[{"name":"wp","href":"https:\/\/api.w.org\/{rel}","templated":true}]}}