{"id":16786,"date":"2019-12-26T10:07:01","date_gmt":"2019-12-26T09:07:01","guid":{"rendered":"https:\/\/lyonelkaufmann.ch\/histoire\/?p=16786"},"modified":"2019-12-25T21:44:23","modified_gmt":"2019-12-25T20:44:23","slug":"mener-lenquete-sur-14-18-a-laide-dun-jeu-serieux-et-dun-weddocumentaire-proposes-par-arte","status":"publish","type":"post","link":"https:\/\/lyonelkaufmann.ch\/histoire\/2019\/12\/26\/mener-lenquete-sur-14-18-a-laide-dun-jeu-serieux-et-dun-weddocumentaire-proposes-par-arte\/","title":{"rendered":"Mener l\u2019enqu\u00eate sur 14-18 \u00e0 l\u2019aide d\u2019un jeu s\u00e9rieux et d\u2019un weddocumentaire propos\u00e9s par Arte"},"content":{"rendered":"<p><strong>La d\u00e9couverte d&rsquo;un jeu s\u00e9rieux <em>\u00ab\u00a0La Machine \u00e0 remonter le temps 14\/18\u00bb<\/em> et celle d\u2019un webdocumentaire <em>\u00ab\u00a0Des Armes et des Mots\u00a0\u00bb<\/em> pr\u00e9sentent d\u2019int\u00e9ressantes potentialit\u00e9s pour que les \u00e9l\u00e8ves m\u00e8nent l\u2019enqu\u00eate \u00e0 propos de la Premi\u00e8re Guerre mondiale. Cela permettrait \u00e9galement aux \u00e9l\u00e8ves de d\u00e9velopper leur agentivit\u00e9 historique.<\/strong><\/p>\n\n<h2 class=\"wp-block-heading\">Le jeu s\u00e9rieux : <em>\u00ab\u00a0La Machine \u00e0 remonter le temps 14\/18\u00bb<\/em><\/h2>\n\n\n\n<p><em>\u00ab\u00a0La Machine \u00e0 remonter le temps 14\/18\u00bb<\/em>\u00a0est un \u00ab\u00a0s\u00e9rious game\u00a0\u00bb con\u00e7u par Arte. Il propose aux plus jeunes un voyage dans le temps vers la premi\u00e8re guerre mondiale. Quelle aurait \u00e9t\u00e9 ma vie il y a cent ans\u00a0? Qu\u2019aurais-je vu, entendu, senti ou encore ressenti\u00a0? Avant de le savoir, le \u00ab\u00a0joueur\u00a0\u00bb choisit sa nationalit\u00e9, son \u00e2ge et son sexe. Il peut incarner au choix un protagoniste du conflit, civil ou militaire, fran\u00e7ais ou allemand, enfant, femme, homme ou vieillard, afin de se familiariser avec un pan de son quotidien. Chacun des 28 personnages est repr\u00e9sent\u00e9 dans une sayn\u00e8te illustr\u00e9e par Cyril Bonin\u00a0; des pictogrammes permettent d\u2019acc\u00e9der \u00e0 des ressources \u00e9crites ou \u00e0 des photographies. Entre faits historiques et anecdotes, on est tour \u00e0 tour ce soldat dans les tranch\u00e9es de Verdun ou devant un peloton d\u2019ex\u00e9cution, une septuag\u00e9naire en exil, une jeune femme employ\u00e9e d\u2019une usine d\u2019armement, ou encore cette infirmi\u00e8re d\u2019un h\u00f4pital de campagne. Les documents sonores ne sont toutefois plus accessibles\u2026<\/p>\n\n\n\n<p><strong>\u00ab\u00a0La Machine \u00e0 remonter le temps 14\/18\u00a0\u00bb, <a href=\"http:\/\/was-waere-wenn.14-tagebuecher.de\/index\">was-waere-wenn.14-tagebuecher.de\/index<\/a><\/strong><\/p>\n\n<p>-Source : <a href=\"https:\/\/www.lemonde.fr\/m-perso\/article\/2019\/11\/11\/avant-l-armistice-trois-idees-pour-revivre-les-tranchees_6018734_4497916.html\">Avant l\u2019Armistice, trois id\u00e9es pour revivre les tranch\u00e9es<\/a><\/p>\n\n<h2 class=\"wp-block-heading\">Le webdocumentaire : <em>\u00ab\u00a0Des Armes et des Mots\u00a0\u00bb<\/em><\/h2>\n\n<figure id=\"attachment_16791\" aria-describedby=\"caption-attachment-16791\" style=\"width: 700px\" class=\"wp-caption aligncenter\"><a href=\"https:\/\/i0.wp.com\/lyonelkaufmann.ch\/histoire\/wp-content\/uploads\/2019\/12\/7FE523C8-7F4A-421E-AF45-CC14929B2B2C.jpeg?ssl=1\"><img data-recalc-dims=\"1\" loading=\"lazy\" decoding=\"async\" data-attachment-id=\"16791\" data-permalink=\"https:\/\/lyonelkaufmann.ch\/histoire\/2019\/12\/26\/mener-lenquete-sur-14-18-a-laide-dun-jeu-serieux-et-dun-weddocumentaire-proposes-par-arte\/7fe523c8-7f4a-421e-af45-cc14929b2b2c\/\" data-orig-file=\"https:\/\/i0.wp.com\/lyonelkaufmann.ch\/histoire\/wp-content\/uploads\/2019\/12\/7FE523C8-7F4A-421E-AF45-CC14929B2B2C.jpeg?fit=1797%2C1719&amp;ssl=1\" data-orig-size=\"1797,1719\" data-comments-opened=\"1\" data-image-meta=\"{&quot;aperture&quot;:&quot;0&quot;,&quot;credit&quot;:&quot;&quot;,&quot;camera&quot;:&quot;&quot;,&quot;caption&quot;:&quot;&quot;,&quot;created_timestamp&quot;:&quot;0&quot;,&quot;copyright&quot;:&quot;&quot;,&quot;focal_length&quot;:&quot;0&quot;,&quot;iso&quot;:&quot;0&quot;,&quot;shutter_speed&quot;:&quot;0&quot;,&quot;title&quot;:&quot;&quot;,&quot;orientation&quot;:&quot;1&quot;}\" data-image-title=\"7FE523C8-7F4A-421E-AF45-CC14929B2B2C\" data-image-description=\"\" data-image-caption=\"&lt;p&gt;Pr\u00e9sentation de la question \u00ab\u00a0En quoi la guerre a-t-elle chang\u00e9 le r\u00f4le des femmes ?\u00a0\u00bb&lt;\/p&gt;\n\" data-large-file=\"https:\/\/i0.wp.com\/lyonelkaufmann.ch\/histoire\/wp-content\/uploads\/2019\/12\/7FE523C8-7F4A-421E-AF45-CC14929B2B2C.jpeg?fit=700%2C670&amp;ssl=1\" class=\"size-large wp-image-16791\" src=\"https:\/\/i0.wp.com\/lyonelkaufmann.ch\/histoire\/wp-content\/uploads\/2019\/12\/7FE523C8-7F4A-421E-AF45-CC14929B2B2C.jpeg?resize=700%2C670&#038;ssl=1\" alt=\"\" width=\"700\" height=\"670\" srcset=\"https:\/\/i0.wp.com\/lyonelkaufmann.ch\/histoire\/wp-content\/uploads\/2019\/12\/7FE523C8-7F4A-421E-AF45-CC14929B2B2C.jpeg?resize=700%2C670&amp;ssl=1 700w, https:\/\/i0.wp.com\/lyonelkaufmann.ch\/histoire\/wp-content\/uploads\/2019\/12\/7FE523C8-7F4A-421E-AF45-CC14929B2B2C.jpeg?resize=300%2C287&amp;ssl=1 300w, https:\/\/i0.wp.com\/lyonelkaufmann.ch\/histoire\/wp-content\/uploads\/2019\/12\/7FE523C8-7F4A-421E-AF45-CC14929B2B2C.jpeg?resize=768%2C735&amp;ssl=1 768w, https:\/\/i0.wp.com\/lyonelkaufmann.ch\/histoire\/wp-content\/uploads\/2019\/12\/7FE523C8-7F4A-421E-AF45-CC14929B2B2C.jpeg?resize=1536%2C1469&amp;ssl=1 1536w, https:\/\/i0.wp.com\/lyonelkaufmann.ch\/histoire\/wp-content\/uploads\/2019\/12\/7FE523C8-7F4A-421E-AF45-CC14929B2B2C.jpeg?w=1797&amp;ssl=1 1797w\" sizes=\"auto, (max-width: 700px) 100vw, 700px\" \/><\/a><figcaption id=\"caption-attachment-16791\" class=\"wp-caption-text\">Pr\u00e9sentation de la question \u00ab\u00a0En quoi la guerre a-t-elle chang\u00e9 le r\u00f4le des femmes ?\u00a0\u00bb<\/figcaption><\/figure><p>Ce jeu s\u00e9rieux s\u2019ajoute au webdocumentaire r\u00e9alis\u00e9 par Arte et intitul\u00e9 <em>\u00ab\u00a0Des Armes et des Mots\u00a0\u00bb<\/em>. Cette documentaire franco-allemand pr\u00e9sente quinze protagonistes du conflit, quatorze lieux et quatorze questions telle <em>\u00ab\u00a0En quoi la guerre a-t-elle chang\u00e9 le r\u00f4le des femmes ?\u00a0\u00bb<\/em>. Chacune de ces questions est reli\u00e9e \u00e0 plusieurs des protagonistes du conflit figurant en vis-a-vis de la question et de son d\u00e9veloppement.<\/p>\n\n<div class=\"wp-block-image\"><figure class=\"aligncenter\"><img data-recalc-dims=\"1\" loading=\"lazy\" decoding=\"async\" width=\"2560\" height=\"1559\" data-attachment-id=\"16783\" data-permalink=\"https:\/\/lyonelkaufmann.ch\/histoire\/1fa9f683-38a8-40d9-9915-d0bbc8bc87ea-jpeg\/\" data-orig-file=\"https:\/\/i0.wp.com\/lyonelkaufmann.ch\/histoire\/wp-content\/uploads\/2019\/12\/1FA9F683-38A8-40D9-9915-D0BBC8BC87EA-scaled.jpeg?fit=2560%2C1559&amp;ssl=1\" data-orig-size=\"2560,1559\" data-comments-opened=\"1\" data-image-meta=\"{&quot;aperture&quot;:&quot;0&quot;,&quot;credit&quot;:&quot;&quot;,&quot;camera&quot;:&quot;&quot;,&quot;caption&quot;:&quot;&quot;,&quot;created_timestamp&quot;:&quot;0&quot;,&quot;copyright&quot;:&quot;&quot;,&quot;focal_length&quot;:&quot;0&quot;,&quot;iso&quot;:&quot;0&quot;,&quot;shutter_speed&quot;:&quot;0&quot;,&quot;title&quot;:&quot;&quot;,&quot;orientation&quot;:&quot;1&quot;}\" data-image-title=\"\" data-image-description=\"\" data-image-caption=\"&lt;p&gt;La pr\u00e9sentation de Louis Barthas par des \u201cArmes et des Mots\u201d&lt;\/p&gt;\n\" data-large-file=\"https:\/\/i0.wp.com\/lyonelkaufmann.ch\/histoire\/wp-content\/uploads\/2019\/12\/1FA9F683-38A8-40D9-9915-D0BBC8BC87EA-scaled.jpeg?fit=700%2C426&amp;ssl=1\" class=\"wp-image-16783\" src=\"https:\/\/i0.wp.com\/lyonelkaufmann.ch\/histoire\/wp-content\/uploads\/2019\/12\/1FA9F683-38A8-40D9-9915-D0BBC8BC87EA-scaled.jpeg?resize=2560%2C1559&#038;ssl=1\" alt=\"La pr\u00e9sentation de Louis Barthas par des \u201cArmes et des Mots\u201d\" srcset=\"https:\/\/i0.wp.com\/lyonelkaufmann.ch\/histoire\/wp-content\/uploads\/2019\/12\/1FA9F683-38A8-40D9-9915-D0BBC8BC87EA-scaled.jpeg?w=2560&amp;ssl=1 2560w, https:\/\/i0.wp.com\/lyonelkaufmann.ch\/histoire\/wp-content\/uploads\/2019\/12\/1FA9F683-38A8-40D9-9915-D0BBC8BC87EA-scaled.jpeg?resize=300%2C183&amp;ssl=1 300w, https:\/\/i0.wp.com\/lyonelkaufmann.ch\/histoire\/wp-content\/uploads\/2019\/12\/1FA9F683-38A8-40D9-9915-D0BBC8BC87EA-scaled.jpeg?resize=700%2C426&amp;ssl=1 700w, https:\/\/i0.wp.com\/lyonelkaufmann.ch\/histoire\/wp-content\/uploads\/2019\/12\/1FA9F683-38A8-40D9-9915-D0BBC8BC87EA-scaled.jpeg?resize=768%2C468&amp;ssl=1 768w, https:\/\/i0.wp.com\/lyonelkaufmann.ch\/histoire\/wp-content\/uploads\/2019\/12\/1FA9F683-38A8-40D9-9915-D0BBC8BC87EA-scaled.jpeg?resize=1536%2C936&amp;ssl=1 1536w, https:\/\/i0.wp.com\/lyonelkaufmann.ch\/histoire\/wp-content\/uploads\/2019\/12\/1FA9F683-38A8-40D9-9915-D0BBC8BC87EA-scaled.jpeg?resize=2048%2C1247&amp;ssl=1 2048w\" sizes=\"auto, (max-width: 1000px) 100vw, 1000px\" \/><figcaption><em>La pr\u00e9sentation de Louis Barthas par des \u201cArmes et des Mots\u201d<\/em><\/figcaption><\/figure><\/div>\n\n<p>Chaque protagoniste, \u00e0 l\u2019exemple de Louis Barthas, est bri\u00e8vement pr\u00e9sent\u00e9 par rapport au conflit et par rapport \u00e0 l\u2019ensemble de sa biographie.<\/p>\n\n<div class=\"wp-block-image\"><figure class=\"aligncenter\"><img data-recalc-dims=\"1\" loading=\"lazy\" decoding=\"async\" width=\"2560\" height=\"1755\" data-attachment-id=\"16782\" data-permalink=\"https:\/\/lyonelkaufmann.ch\/histoire\/824c4459-a6e6-4a96-a2d4-d8e3aad7e777-jpeg\/\" data-orig-file=\"https:\/\/i0.wp.com\/lyonelkaufmann.ch\/histoire\/wp-content\/uploads\/2019\/12\/824C4459-A6E6-4A96-A2D4-D8E3AAD7E777-scaled.jpeg?fit=2560%2C1755&amp;ssl=1\" data-orig-size=\"2560,1755\" data-comments-opened=\"1\" data-image-meta=\"{&quot;aperture&quot;:&quot;0&quot;,&quot;credit&quot;:&quot;&quot;,&quot;camera&quot;:&quot;&quot;,&quot;caption&quot;:&quot;&quot;,&quot;created_timestamp&quot;:&quot;0&quot;,&quot;copyright&quot;:&quot;&quot;,&quot;focal_length&quot;:&quot;0&quot;,&quot;iso&quot;:&quot;0&quot;,&quot;shutter_speed&quot;:&quot;0&quot;,&quot;title&quot;:&quot;&quot;,&quot;orientation&quot;:&quot;1&quot;}\" data-image-title=\"\" data-image-description=\"\" data-image-caption=\"&lt;p&gt;Louis Barthas reli\u00e9 aux d\u00e9buts de la bataille de Verdun par l\u2019entremise de deux artefacts consultables en cliquant directement dessus.&lt;\/p&gt;\n\" data-large-file=\"https:\/\/i0.wp.com\/lyonelkaufmann.ch\/histoire\/wp-content\/uploads\/2019\/12\/824C4459-A6E6-4A96-A2D4-D8E3AAD7E777-scaled.jpeg?fit=700%2C480&amp;ssl=1\" class=\"wp-image-16782\" src=\"https:\/\/i0.wp.com\/lyonelkaufmann.ch\/histoire\/wp-content\/uploads\/2019\/12\/824C4459-A6E6-4A96-A2D4-D8E3AAD7E777-scaled.jpeg?resize=2560%2C1755&#038;ssl=1\" alt=\"Louis Barthas reli\u00e9 aux d\u00e9buts de la bataille de Verdun par l\u2019entremise de deux artefacts consultables en cliquant directement dessus.\" srcset=\"https:\/\/i0.wp.com\/lyonelkaufmann.ch\/histoire\/wp-content\/uploads\/2019\/12\/824C4459-A6E6-4A96-A2D4-D8E3AAD7E777-scaled.jpeg?w=2560&amp;ssl=1 2560w, https:\/\/i0.wp.com\/lyonelkaufmann.ch\/histoire\/wp-content\/uploads\/2019\/12\/824C4459-A6E6-4A96-A2D4-D8E3AAD7E777-scaled.jpeg?resize=300%2C206&amp;ssl=1 300w, https:\/\/i0.wp.com\/lyonelkaufmann.ch\/histoire\/wp-content\/uploads\/2019\/12\/824C4459-A6E6-4A96-A2D4-D8E3AAD7E777-scaled.jpeg?resize=700%2C480&amp;ssl=1 700w, https:\/\/i0.wp.com\/lyonelkaufmann.ch\/histoire\/wp-content\/uploads\/2019\/12\/824C4459-A6E6-4A96-A2D4-D8E3AAD7E777-scaled.jpeg?resize=768%2C527&amp;ssl=1 768w, https:\/\/i0.wp.com\/lyonelkaufmann.ch\/histoire\/wp-content\/uploads\/2019\/12\/824C4459-A6E6-4A96-A2D4-D8E3AAD7E777-scaled.jpeg?resize=1536%2C1053&amp;ssl=1 1536w, https:\/\/i0.wp.com\/lyonelkaufmann.ch\/histoire\/wp-content\/uploads\/2019\/12\/824C4459-A6E6-4A96-A2D4-D8E3AAD7E777-scaled.jpeg?resize=2048%2C1404&amp;ssl=1 2048w\" sizes=\"auto, (max-width: 1000px) 100vw, 1000px\" \/><figcaption><em>Louis Barthas reli\u00e9 aux d\u00e9buts de la bataille de Verdun par l\u2019entremise de deux artefacts consultables en cliquant directement dessus.<\/em><\/figcaption><\/figure><\/div>\n\n<p>Il est \u00e9galement reli\u00e9 \u00e0 une frise chronologique globale du conflit. Lorsque des \u00e9l\u00e9ments rattachent le protagoniste \u00e0 un des \u00e9l\u00e9ments de la frise, ceux-ci sont ajout\u00e9s \u00e0 cette derni\u00e8re sous la forme d&rsquo;artefact que le lecteur peut consulter ainsi que les \u00e9l\u00e9ments de contextualisation de l&rsquo;\u00e9v\u00e9nement.<\/p>\n\n<p>Le tout forme un ensemble riche et complexe. Le grand m\u00e9rite est de ne pas se limiter \u00e0 la France ou l\u2019Allemagne et de pr\u00e9senter un choix de protagonistes, hommes et femmes, de diff\u00e9rentes nationalit\u00e9s et origines sociales.<\/p>\n\n<p><em>\u00ab\u00a0Des Armes et des Mots\u00a0\u00bb<\/em> : <a href=\"http:\/\/www.14-des-armes-et-des-mots.fr\/page\/fr\/\">http:\/\/www.14-des-armes-et-des-mots.fr\/page\/fr\/<\/a><\/p>\n\n<h2 class=\"wp-block-heading\">\u00c9bauche d\u2019une enqu\u00eate historique \u00e0 mener par les \u00e9l\u00e8ves<\/h2>\n\n<div class=\"wp-block-image\"><figure class=\"aligncenter\"><img data-recalc-dims=\"1\" loading=\"lazy\" decoding=\"async\" width=\"1773\" height=\"2048\" data-attachment-id=\"16784\" data-permalink=\"https:\/\/lyonelkaufmann.ch\/histoire\/2019\/12\/26\/mener-lenquete-sur-14-18-a-laide-dun-jeu-serieux-et-dun-weddocumentaire-proposes-par-arte\/dfc04a2d-7fcb-467e-ab8d-f9e0ff03e8e7-jpeg\/\" data-orig-file=\"https:\/\/i0.wp.com\/lyonelkaufmann.ch\/histoire\/wp-content\/uploads\/2019\/12\/DFC04A2D-7FCB-467E-AB8D-F9E0FF03E8E7.jpeg?fit=1773%2C2048&amp;ssl=1\" data-orig-size=\"1773,2048\" data-comments-opened=\"1\" data-image-meta=\"{&quot;aperture&quot;:&quot;0&quot;,&quot;credit&quot;:&quot;&quot;,&quot;camera&quot;:&quot;&quot;,&quot;caption&quot;:&quot;&quot;,&quot;created_timestamp&quot;:&quot;0&quot;,&quot;copyright&quot;:&quot;&quot;,&quot;focal_length&quot;:&quot;0&quot;,&quot;iso&quot;:&quot;0&quot;,&quot;shutter_speed&quot;:&quot;0&quot;,&quot;title&quot;:&quot;&quot;,&quot;orientation&quot;:&quot;1&quot;}\" data-image-title=\"\" data-image-description=\"\" data-image-caption=\"&lt;p&gt;Ce document concernant l\u2019\u00e9cossaise Sarah Macnaughtan fournit des indices relativement \u00e0 la question \u201cEn quoi la guerre a-t-elle chang\u00e9 le r\u00f4le des femmes?\u201d.&lt;\/p&gt;\n\" data-large-file=\"https:\/\/i0.wp.com\/lyonelkaufmann.ch\/histoire\/wp-content\/uploads\/2019\/12\/DFC04A2D-7FCB-467E-AB8D-F9E0FF03E8E7.jpeg?fit=700%2C809&amp;ssl=1\" class=\"wp-image-16784\" src=\"https:\/\/i0.wp.com\/lyonelkaufmann.ch\/histoire\/wp-content\/uploads\/2019\/12\/DFC04A2D-7FCB-467E-AB8D-F9E0FF03E8E7.jpeg?resize=1773%2C2048&#038;ssl=1\" alt=\"Ce document concernant l\u2019\u00e9cossaise Sarah Macnaughtan fournit des indices relativement \u00e0 la question \u201cEn quoi la guerre a-t-elle chang\u00e9 le r\u00f4le des femmes?\u201d.\" srcset=\"https:\/\/i0.wp.com\/lyonelkaufmann.ch\/histoire\/wp-content\/uploads\/2019\/12\/DFC04A2D-7FCB-467E-AB8D-F9E0FF03E8E7.jpeg?w=1773&amp;ssl=1 1773w, https:\/\/i0.wp.com\/lyonelkaufmann.ch\/histoire\/wp-content\/uploads\/2019\/12\/DFC04A2D-7FCB-467E-AB8D-F9E0FF03E8E7.jpeg?resize=260%2C300&amp;ssl=1 260w, https:\/\/i0.wp.com\/lyonelkaufmann.ch\/histoire\/wp-content\/uploads\/2019\/12\/DFC04A2D-7FCB-467E-AB8D-F9E0FF03E8E7.jpeg?resize=700%2C809&amp;ssl=1 700w, https:\/\/i0.wp.com\/lyonelkaufmann.ch\/histoire\/wp-content\/uploads\/2019\/12\/DFC04A2D-7FCB-467E-AB8D-F9E0FF03E8E7.jpeg?resize=768%2C887&amp;ssl=1 768w, https:\/\/i0.wp.com\/lyonelkaufmann.ch\/histoire\/wp-content\/uploads\/2019\/12\/DFC04A2D-7FCB-467E-AB8D-F9E0FF03E8E7.jpeg?resize=1330%2C1536&amp;ssl=1 1330w\" sizes=\"auto, (max-width: 1000px) 100vw, 1000px\" \/><figcaption><em>Ce document concernant l\u2019\u00e9cossaise Sarah Macnaughtan fournit des indices relativement \u00e0 la question \u201cEn quoi la guerre a-t-elle chang\u00e9 le r\u00f4le des femmes?\u201d.<\/em><\/figcaption><\/figure><\/div>\n\n<p>Devant cette richesse et complexit\u00e9, une des mani\u00e8res d\u2019envisager l\u2019enqu\u00eate en classe consisterait de partir d\u2019un choix de questions propos\u00e9es par le site. Les \u00e9l\u00e8ves seraient mis \u00e0 contribution en choisissant quatre ou cinq questions parmi les quatorze propos\u00e9es par le site. Chacune des questions serait ensuite attribu\u00e9e \u00e0 un groupe d\u2019\u00e9l\u00e8ves.<\/p>\n\n<p>A l\u2019int\u00e9rieur de chaque groupe, les \u00e9l\u00e8ves se r\u00e9partiraient le r\u00f4le de l\u2019un.e ou l\u2019autre des protagonistes et r\u00e9pondrait \u00e0 la question en endossant le point de vue de son protagoniste.\u00a0<\/p>\n\n<p>Par groupe, les \u00e9l\u00e8ves devraient d\u00e9terminer la forme d&rsquo;une mise en commun permettant de r\u00e9pondre \u00e0 la question dont ils et elles ont la responsabilit\u00e9 (d\u00e9bat t\u00e9l\u00e9vis\u00e9, podcast, forum, sketchs, poster, etc). Il s\u2019agirait de pr\u00e9senter les diff\u00e9rents points de vue.<\/p>\n\n<p>Les autres \u00e9l\u00e8ves auraient la responsabilit\u00e9 de relever les \u00e9l\u00e9ments et les arguments les plus pertinents de chacun.e des protagonistes.<\/p>\n\n<p>Pour sa part, le jeu s\u00e9rieux servirait d\u2019amorce \u00e0 la s\u00e9quence.<\/p>","protected":false},"excerpt":{"rendered":"<p>La d\u00e9couverte d&rsquo;un jeu s\u00e9rieux \u00ab\u00a0La Machine \u00e0 remonter le temps 14\/18\u00bb et celle d\u2019un webdocumentaire \u00ab\u00a0Des Armes et des Mots\u00a0\u00bb pr\u00e9sentent d\u2019int\u00e9ressantes potentialit\u00e9s pour que les \u00e9l\u00e8ves m\u00e8nent l\u2019enqu\u00eate \u00e0 propos de la Premi\u00e8re Guerre mondiale. Cela permettrait \u00e9galement aux \u00e9l\u00e8ves de d\u00e9velopper leur agentivit\u00e9 historique. Le jeu s\u00e9rieux : \u00ab\u00a0La Machine \u00e0 remonter [&hellip;]<\/p>\n","protected":false},"author":1,"featured_media":16785,"comment_status":"open","ping_status":"open","sticky":false,"template":"","format":"standard","meta":{"_import_markdown_pro_load_document_selector":0,"_import_markdown_pro_submit_text_textarea":"","_genesis_hide_title":false,"_genesis_hide_breadcrumbs":false,"_genesis_hide_singular_image":false,"_genesis_hide_footer_widgets":false,"_genesis_custom_body_class":"","_genesis_custom_post_class":"","_genesis_layout":"","jetpack_post_was_ever_published":false,"_jetpack_newsletter_access":"","_jetpack_dont_email_post_to_subs":false,"_jetpack_newsletter_tier_id":0,"_jetpack_memberships_contains_paywalled_content":false,"_jetpack_memberships_contains_paid_content":false,"footnotes":"","jetpack_publicize_message":"","jetpack_publicize_feature_enabled":true,"jetpack_social_post_already_shared":true,"jetpack_social_options":{"image_generator_settings":{"template":"highway","default_image_id":0,"font":"","enabled":false},"version":2}},"categories":[3,4,5,802,15],"tags":[],"class_list":{"0":"post-16786","1":"post","2":"type-post","3":"status-publish","4":"format-standard","5":"has-post-thumbnail","7":"category-didactique","8":"category-histoire-active","9":"category-histoire-savante","10":"category-humanites-digitales","11":"category-outils-enseignement","12":"entry"},"jetpack_publicize_connections":[],"featured_image_src":"https:\/\/i0.wp.com\/lyonelkaufmann.ch\/histoire\/wp-content\/uploads\/2019\/12\/F5803D5C-4611-46C6-B01B-4091F80CECA0.778a60e15fb64d5181567fee15a2759c-scaled.jpeg?resize=600%2C400&ssl=1","featured_image_src_square":"https:\/\/i0.wp.com\/lyonelkaufmann.ch\/histoire\/wp-content\/uploads\/2019\/12\/F5803D5C-4611-46C6-B01B-4091F80CECA0.778a60e15fb64d5181567fee15a2759c-scaled.jpeg?resize=600%2C600&ssl=1","author_info":{"display_name":"Lyonel Kaufmann","author_link":"https:\/\/lyonelkaufmann.ch\/histoire\/author\/lyonelk\/"},"jetpack_featured_media_url":"https:\/\/i0.wp.com\/lyonelkaufmann.ch\/histoire\/wp-content\/uploads\/2019\/12\/F5803D5C-4611-46C6-B01B-4091F80CECA0.778a60e15fb64d5181567fee15a2759c-scaled.jpeg?fit=2560%2C1170&ssl=1","jetpack_sharing_enabled":true,"jetpack_shortlink":"https:\/\/wp.me\/p1rJVM-4mK","jetpack_likes_enabled":true,"jetpack-related-posts":[{"id":9758,"url":"https:\/\/lyonelkaufmann.ch\/histoire\/2015\/05\/10\/passeurs-de-memoire-un-jeu-serieux-sur-la-guerre-14-18\/","url_meta":{"origin":16786,"position":0},"title":"Passeurs de m\u00e9moire : un jeu s\u00e9rieux sur la Guerre 14-18","author":"Lyonel Kaufmann","date":"10 mai 2015","format":false,"excerpt":"Dans ce jeu, con\u00e7u par l' ONAC pour les enfants de 8 - 14 ans, le joueur doit remplir des missions \u00e0 l\u2019approche tr\u00e8s ludique et n\u00e9cessitant des connaissances de base sur la Grande Guerre et les conflits du XXe si\u00e8cle. Source: onac.paraschool.com See on Scoop.it - histoire","rel":"","context":"Dans &quot;Opinions&amp;R\u00e9flexions&quot;","block_context":{"text":"Opinions&amp;R\u00e9flexions","link":"https:\/\/lyonelkaufmann.ch\/histoire\/category\/didactique\/opinionsreflexions\/"},"img":{"alt_text":"","src":"https:\/\/i0.wp.com\/lyonelkaufmann.ch\/histoire\/wp-content\/uploads\/2015\/05\/4711e782-1f3d-42f6-bb28-8335ac1d71e3.jpg?fit=639%2C477&ssl=1&resize=350%2C200","width":350,"height":200,"srcset":"https:\/\/i0.wp.com\/lyonelkaufmann.ch\/histoire\/wp-content\/uploads\/2015\/05\/4711e782-1f3d-42f6-bb28-8335ac1d71e3.jpg?fit=639%2C477&ssl=1&resize=350%2C200 1x, https:\/\/i0.wp.com\/lyonelkaufmann.ch\/histoire\/wp-content\/uploads\/2015\/05\/4711e782-1f3d-42f6-bb28-8335ac1d71e3.jpg?fit=639%2C477&ssl=1&resize=525%2C300 1.5x"},"classes":[]},{"id":7860,"url":"https:\/\/lyonelkaufmann.ch\/histoire\/2014\/02\/16\/les-films-du-cycle-sur-la-premiere-guerre-mondiale-arte\/","url_meta":{"origin":16786,"position":1},"title":"Les films du cycle sur la Premi\u00e8re Guerre mondiale &#124; Arte","author":"Lyonel Kaufmann","date":"16 f\u00e9vrier 2014","format":false,"excerpt":"A l\u2019ouest rien de nouveau (All Quiet on the Western Front, 1930) de Lewis Milestone Le\u00a0dimanche 16 f\u00e9vrier \u00e0 20h50 sur ARTE d\u00e9bute avec la diffusion de La Grande Illusion de Jean Renoir un cycle de huit films sur la guerre de 14-18 \u00e0 l\u2019occasion des comm\u00e9morations du centenaire de\u2026","rel":"","context":"Dans &quot;M\u00e9dias et technologies&quot;","block_context":{"text":"M\u00e9dias et technologies","link":"https:\/\/lyonelkaufmann.ch\/histoire\/category\/medias-et-technologies\/"},"img":{"alt_text":"wpid-a-l-ouest-rien-de-nouvea-ii03-g-2014-02-16-09-14.jpg","src":"https:\/\/i0.wp.com\/lyonelkaufmann.ch\/histoire\/wp-content\/uploads\/2014\/02\/wpid-a-l-ouest-rien-de-nouvea-ii03-g-2014-02-16-09-14.jpg?resize=350%2C200","width":350,"height":200,"srcset":"https:\/\/i0.wp.com\/lyonelkaufmann.ch\/histoire\/wp-content\/uploads\/2014\/02\/wpid-a-l-ouest-rien-de-nouvea-ii03-g-2014-02-16-09-14.jpg?resize=350%2C200 1x, https:\/\/i0.wp.com\/lyonelkaufmann.ch\/histoire\/wp-content\/uploads\/2014\/02\/wpid-a-l-ouest-rien-de-nouvea-ii03-g-2014-02-16-09-14.jpg?resize=525%2C300 1.5x, https:\/\/i0.wp.com\/lyonelkaufmann.ch\/histoire\/wp-content\/uploads\/2014\/02\/wpid-a-l-ouest-rien-de-nouvea-ii03-g-2014-02-16-09-14.jpg?resize=700%2C400 2x, https:\/\/i0.wp.com\/lyonelkaufmann.ch\/histoire\/wp-content\/uploads\/2014\/02\/wpid-a-l-ouest-rien-de-nouvea-ii03-g-2014-02-16-09-14.jpg?resize=1050%2C600 3x"},"classes":[]},{"id":6801,"url":"https:\/\/lyonelkaufmann.ch\/histoire\/2013\/02\/14\/larcheologie-de-la-grande-guerre-mission-centenaire-14-18\/","url_meta":{"origin":16786,"position":2},"title":"L&#039;arch\u00e9ologie de la Grande Guerre &#124; Mission Centenaire 14-18","author":"Lyonel Kaufmann","date":"14 f\u00e9vrier 2013","format":false,"excerpt":"2014 approche \u00e0 grands pas et nous n'\u00e9chapperons pas aux diverses entreprises de comm\u00e9moration du d\u00e9clenchement du Premier conflit mondial. Dans ce cadre-l\u00e0, l'Internet jouera certainement un r\u00f4le important. Il en est ainsi du site\u00a0La Mission du centenaire de la Premi\u00e8re Guerre mondiale. Ce site comprend d\u00e9j\u00e0 deux int\u00e9ressantes s\u00e9quences\u2026","rel":"","context":"Dans &quot;BP110 - Faire de l'histoire aujourd'hui&quot;","block_context":{"text":"BP110 - Faire de l'histoire aujourd'hui","link":"https:\/\/lyonelkaufmann.ch\/histoire\/category\/cours-et-seminaires\/bp110-faire-de-lhistoire-aujourdhui\/"},"img":{"alt_text":"","src":"https:\/\/i0.wp.com\/lyonelkaufmann.ch\/histoire\/wp-content\/uploads\/2015\/07\/slider_archeo_pedago2.jpg?fit=680%2C353&ssl=1&resize=350%2C200","width":350,"height":200,"srcset":"https:\/\/i0.wp.com\/lyonelkaufmann.ch\/histoire\/wp-content\/uploads\/2015\/07\/slider_archeo_pedago2.jpg?fit=680%2C353&ssl=1&resize=350%2C200 1x, https:\/\/i0.wp.com\/lyonelkaufmann.ch\/histoire\/wp-content\/uploads\/2015\/07\/slider_archeo_pedago2.jpg?fit=680%2C353&ssl=1&resize=525%2C300 1.5x"},"classes":[]},{"id":8461,"url":"https:\/\/lyonelkaufmann.ch\/histoire\/2014\/10\/11\/lhistoire-de-la-guerre-14-18-racontee-au-travers-dun-jeu-video-serious-game\/","url_meta":{"origin":16786,"position":3},"title":"L\u2019histoire de la guerre 14-18 racont\u00e9e au travers d\u2019un jeu vid\u00e9o | Serious-Game","author":"Lyonel Kaufmann","date":"11 octobre 2014","format":false,"excerpt":"Soldats Inconnus\u00a0: M\u00e9moires de la Grande Guerre est \u00e0 mi-chemin entre l\u2019exp\u00e9rience p\u00e9dagogique et le jeu vid\u00e9o. Au travers de cette production originale, Ubisoft souhaite faire d\u00e9couvrir au grand public les horreurs de la premi\u00e8re guerre mondiale sans jamais les montrer clairement. Lyonel Kaufmann's insight: Je note\u00a0: \u00abSoldats Inconnus\u00a0: M\u00e9moires\u2026","rel":"","context":"Dans &quot;M\u00e9dias et technologies&quot;","block_context":{"text":"M\u00e9dias et technologies","link":"https:\/\/lyonelkaufmann.ch\/histoire\/category\/medias-et-technologies\/"},"img":{"alt_text":"","src":"https:\/\/i0.wp.com\/lyonelkaufmann.ch\/histoire\/wp-content\/uploads\/2015\/07\/VgGwLoWqdpGExjH5YiJmiTl72eJkfbmt4t8yenImKBXEejxNn4ZJNZ2ss5Ku7Cxt.jpg?fit=500%2C281&ssl=1&resize=350%2C200","width":350,"height":200},"classes":[]},{"id":175,"url":"https:\/\/lyonelkaufmann.ch\/histoire\/2007\/03\/05\/links-for-2007-03-05\/","url_meta":{"origin":16786,"position":4},"title":"Liens (05.03.2007)","author":"Lyonel Kaufmann","date":"5 mars 2007","format":false,"excerpt":"Museedelaguerre.ca - \u00c0 l'assaut (jeu interactif) Le mus\u00e9e de la guerre canadien pr\u00e9sente la Premi\u00e8re Guerre mondiale sous forme de jeu virtuel. Les \u00e9l\u00e8ves seront dans la peau d'un soldat canadien combattant \u00e0 l'\u00e9tranger. La rubrique enseignant propose des questionnaires et des sources. (tags: histoire 14-18 tranch\u00e9es JeuVirtuel m\u00e9diaTICE)","rel":"","context":"Dans &quot;Annuaire de sites&quot;","block_context":{"text":"Annuaire de sites","link":"https:\/\/lyonelkaufmann.ch\/histoire\/category\/medias-et-technologies\/annuaire-de-sites\/"},"img":{"alt_text":"","src":"","width":0,"height":0},"classes":[]},{"id":7745,"url":"https:\/\/lyonelkaufmann.ch\/histoire\/2014\/01\/06\/une-annee-de-commemoration-de-14-18-en-suisse\/","url_meta":{"origin":16786,"position":5},"title":"Une ann\u00e9e de comm\u00e9moration de 14-18 en Suisse","author":"Lyonel Kaufmann","date":"6 janvier 2014","format":false,"excerpt":"Quelques initiatives en Suisse \u00e0 propos de la Premi\u00e8re Guerre mondiale : La Revue suisse d'histoire consacre son dernier num\u00e9ro aux nouvelles approches de la recherche suisse sur la Premi\u00e8re Guerre mondiale. D\u00e9j\u00e0 pr\u00e9sent\u00e9 ici, le site 14-18.ch propose d'explorer une s\u00e9rie de cartes postales de la Premi\u00e8re Guerre conserv\u00e9es\u2026","rel":"","context":"Dans &quot;Nouvelles de l'histoire&quot;","block_context":{"text":"Nouvelles de l'histoire","link":"https:\/\/lyonelkaufmann.ch\/histoire\/category\/nouvelles-de-lhistoire\/"},"img":{"alt_text":"","src":"","width":0,"height":0},"classes":[]}],"_links":{"self":[{"href":"https:\/\/lyonelkaufmann.ch\/histoire\/wp-json\/wp\/v2\/posts\/16786","targetHints":{"allow":["GET"]}}],"collection":[{"href":"https:\/\/lyonelkaufmann.ch\/histoire\/wp-json\/wp\/v2\/posts"}],"about":[{"href":"https:\/\/lyonelkaufmann.ch\/histoire\/wp-json\/wp\/v2\/types\/post"}],"author":[{"embeddable":true,"href":"https:\/\/lyonelkaufmann.ch\/histoire\/wp-json\/wp\/v2\/users\/1"}],"replies":[{"embeddable":true,"href":"https:\/\/lyonelkaufmann.ch\/histoire\/wp-json\/wp\/v2\/comments?post=16786"}],"version-history":[{"count":0,"href":"https:\/\/lyonelkaufmann.ch\/histoire\/wp-json\/wp\/v2\/posts\/16786\/revisions"}],"wp:featuredmedia":[{"embeddable":true,"href":"https:\/\/lyonelkaufmann.ch\/histoire\/wp-json\/wp\/v2\/media\/16785"}],"wp:attachment":[{"href":"https:\/\/lyonelkaufmann.ch\/histoire\/wp-json\/wp\/v2\/media?parent=16786"}],"wp:term":[{"taxonomy":"category","embeddable":true,"href":"https:\/\/lyonelkaufmann.ch\/histoire\/wp-json\/wp\/v2\/categories?post=16786"},{"taxonomy":"post_tag","embeddable":true,"href":"https:\/\/lyonelkaufmann.ch\/histoire\/wp-json\/wp\/v2\/tags?post=16786"}],"curies":[{"name":"wp","href":"https:\/\/api.w.org\/{rel}","templated":true}]}}