{"id":17211,"date":"2020-03-24T22:51:13","date_gmt":"2020-03-24T21:51:13","guid":{"rendered":"https:\/\/lyonelkaufmann.ch\/histoire\/?p=17211"},"modified":"2020-04-01T22:56:42","modified_gmt":"2020-04-01T21:56:42","slug":"alors-que-nous-nous-zoomons-sur-lapprentissage-en-ligne-history-news-network","status":"publish","type":"post","link":"https:\/\/lyonelkaufmann.ch\/histoire\/2020\/03\/24\/alors-que-nous-nous-zoomons-sur-lapprentissage-en-ligne-history-news-network\/","title":{"rendered":"Alors que nous nous Zoomons sur l&rsquo;apprentissage en ligne&#8230;. | History News Network"},"content":{"rendered":"\r\n<p><strong>Sur History News Network, Norman J.W. Goda, directeur du Centre d&rsquo;\u00e9tudes juives de l&rsquo;Universit\u00e9 de Floride et l&rsquo;auteur de <a href=\"https:\/\/www.routledge.com\/The-Holocaust-Europe-the-World-and-the-Jews-1918---1945\/Goda\/p\/book\/9780205568413\">The Holocaust: Europe, the World, and the Jews<\/a> (2013), s\u2019interroge sur ce qui se passe actuellement avec le passage subit \u00e0 un enseignement universitaire enti\u00e8rement \u00e0 distance. Il s\u2019y int\u00e9resse plus particuli\u00e8rement au travers de l\u2019utilisation de Zoom, plateforme de r\u00e9union vid\u00e9o, chouchou actuel du monde universitaire et tertiaire. Extraits traduits.<\/strong><\/p>\r\n\r\n\r\n\r\n<p><em>\u00ab\u00a0Zoom\u00a0\u00bb &#8211; ce mot enfantin ludique, qui faisait autrefois r\u00e9f\u00e9rence aux voitures rapides, signale aujourd&rsquo;hui un changement radical dans l&rsquo;enseignement sup\u00e9rieur, qui se d\u00e9roule sous nos yeux gr\u00e2ce \u00e0 COVID-19 et \u00e0 la n\u00e9cessit\u00e9 de faire passer les cours universitaires en direct en ligne. Zoom, pour ceux qui ne le savent pas, est la plateforme de r\u00e9union vid\u00e9o par laquelle les professeurs font tous migrer nos classes vers le format en ligne.<\/em><\/p>\r\n\r\n\r\n\r\n\r\n\r\n<p>[\u2026].<\/p>\r\n\r\n\r\n\r\n<p><em>Pour l&rsquo;instant au moins, en tant qu&rsquo;universitaire qui enseigne dans les universit\u00e9s d&rsquo;\u00c9tat depuis pr\u00e8s de trente ans, je suis d\u00e9chir\u00e9 par la question qui se pose. D&rsquo;une part, les \u00e9tudiants qui se sont inscrits \u00e0 mon cours d&rsquo;histoire de l&rsquo;Holocauste ce semestre \u00e0 l&rsquo;universit\u00e9 de Floride l&rsquo;ont fait parce qu&rsquo;ils \u00e9taient int\u00e9ress\u00e9s par le sujet, parfois intens\u00e9ment. Alors que j&rsquo;essaie de faire passer mes cours et mes s\u00e9ances de discussion d&rsquo;une salle de classe \u00e0 un format Zoom, je veux offrir quelque chose qui se rapproche le plus possible de l&rsquo;exp\u00e9rience en classe. D&rsquo;autre part, je pense, comme beaucoup de mes coll\u00e8gues, que les administrateurs d&rsquo;universit\u00e9 et les l\u00e9gislateurs des \u00c9tats am\u00e9ricains \u00e9tudieront un jour de tr\u00e8s pr\u00e8s cette exp\u00e9rience acc\u00e9l\u00e9r\u00e9e d&rsquo;\u00e9ducation en ligne. Sommes-nous des universitaires leur montrant comment ils pourraient nous remplacer au nom d&rsquo;une efficacit\u00e9 accrue ? <\/em><\/p>\r\n\r\n\r\n\r\n\r\n\r\n<p>[\u2026]<\/p>\r\n\r\n\r\n\r\n<p><em>Enfin, il y a la qualit\u00e9 de notre propre travail, de notre pr\u00e9paration p\u00e9dagogique. [\u2026] Quel mat\u00e9riel allons-nous pr\u00e9senter pour faire un point particulier sur, par exemple, la r\u00e9sistance juive dans le ghetto de Varsovie, ou sur la reconstruction apr\u00e8s la guerre civile, ou sur la dictature de Robespierre ? Comment allons-nous le pr\u00e9senter ? Quel verbiage utiliserons-nous ? Quels visuels utiliserons-nous ? Quand quitterons-nous le pupitre pour une promenade dans l&rsquo;all\u00e9e ? Quand ferons-nous une pause et inciterons-nous les \u00e9l\u00e8ves \u00e0 r\u00e9fl\u00e9chir plut\u00f4t qu&rsquo;\u00e0 prendre des notes ? Quelles questions leur poserons-nous lorsqu&rsquo;ils discuteront ? Comment pouvons-nous les encourager \u00e0 interagir et m\u00eame \u00e0 d\u00e9battre entre eux en face \u00e0 face, avec des expressions et des gestes ? Comment leur faire comprendre qu&rsquo;il n&rsquo;y a pas de r\u00e9ponses en noir et blanc mais seulement des arguments, certains r\u00e9fl\u00e9chis, d&rsquo;autres n\u00e9cessitant un d\u00e9veloppement intensif ? <\/em><\/p>\r\n\r\n\r\n\r\n<p><em>Ces questions, et bien d&rsquo;autres encore, constituent ce qui fait de l&rsquo;enseignement sup\u00e9rieur en direct sur un campus universitaire une exp\u00e9rience pour le corps enseignant et les \u00e9tudiants qui ne peut \u00eatre reproduite en ligne, du moins gr\u00e2ce \u00e0 la technologie Zoom avec laquelle je suis devenu familier. M\u00eame si toute la technologie \u00ab\u00a0fonctionne\u00a0\u00bb, comment nos efforts plus larges, ayant \u00e9t\u00e9 coinc\u00e9s par le portail entre l&rsquo;ordinateur d&rsquo;une facult\u00e9 et celui des \u00e9tudiants, peuvent-ils sortir sans distorsion de part et d&rsquo;autre, d&rsquo;une mani\u00e8re que nous ne pouvons pas encore pleinement reconna\u00eetre ? [\u2026]<\/em><\/p>\r\n\r\n\r\n\r\n<p><em>Mais la v\u00e9ritable interaction qui r\u00e9sulte d&rsquo;un v\u00e9ritable apprentissage ? Je n&rsquo;en suis pas du tout s\u00fbr. [\u2026]\u00a0Nous pouvons \u00e9couter, mais notre ou\u00efe est \u00e9touff\u00e9e. Nous pouvons nous connecter, mais notre interaction est entrav\u00e9e.<\/em><\/p>\r\n\r\n\r\n\r\n<p><em>Pour cela, nous devons tous \u00eatre, une fois de plus, dans la m\u00eame pi\u00e8ce. <\/em><\/p>\r\n\r\n\r\n\r\n<p><em>Esp\u00e9rons que ce sera bient\u00f4t le cas.<\/em><\/p>\r\n\r\n\r\n\r\n<p>A lire la version compl\u00e8te en anglais : <a title=\"As We Zoom into Online Learning\u2026. | History News Network\" href=\"https:\/\/historynewsnetwork.org\/article\/174676\">As We Zoom into Online Learning\u2026. | History News Network<\/a><\/p>\r\n\r\n\r\n\r\n<p>Cr\u00e9dit photo : <a href=\"https:\/\/pixabay.com\/service\/license\/\">Pixabay License<\/a>. Free for commercial use.\u00a0No attribution required<\/p>\r\n","protected":false},"excerpt":{"rendered":"<p>Sur History News Network, Norman J.W. Goda, directeur du Centre d&rsquo;\u00e9tudes juives de l&rsquo;Universit\u00e9 de Floride et l&rsquo;auteur de The Holocaust: Europe, the World, and the Jews (2013), s\u2019interroge sur ce qui se passe actuellement avec le passage subit \u00e0 un enseignement universitaire enti\u00e8rement \u00e0 distance. Il s\u2019y int\u00e9resse plus particuli\u00e8rement au travers de l\u2019utilisation [&hellip;]<\/p>\n","protected":false},"author":1,"featured_media":17210,"comment_status":"open","ping_status":"open","sticky":false,"template":"","format":"standard","meta":{"_import_markdown_pro_load_document_selector":0,"_import_markdown_pro_submit_text_textarea":"","_genesis_hide_title":false,"_genesis_hide_breadcrumbs":false,"_genesis_hide_singular_image":false,"_genesis_hide_footer_widgets":false,"_genesis_custom_body_class":"","_genesis_custom_post_class":"","_genesis_layout":"","jetpack_post_was_ever_published":false,"_jetpack_newsletter_access":"","_jetpack_dont_email_post_to_subs":false,"_jetpack_newsletter_tier_id":0,"_jetpack_memberships_contains_paywalled_content":false,"_jetpack_memberships_contains_paid_content":false,"footnotes":"","jetpack_publicize_message":"","jetpack_publicize_feature_enabled":true,"jetpack_social_post_already_shared":true,"jetpack_social_options":{"image_generator_settings":{"template":"highway","default_image_id":0,"font":"","enabled":false},"version":2}},"categories":[861,13],"tags":[],"class_list":{"0":"post-17211","1":"post","2":"type-post","3":"status-publish","4":"format-standard","5":"has-post-thumbnail","7":"category-enseignement-a-distance","8":"category-opinionsreflexions","9":"entry"},"jetpack_publicize_connections":[],"featured_image_src":"https:\/\/i0.wp.com\/lyonelkaufmann.ch\/histoire\/wp-content\/uploads\/2020\/03\/window-770535_1280.jpg?resize=600%2C400&ssl=1","featured_image_src_square":"https:\/\/i0.wp.com\/lyonelkaufmann.ch\/histoire\/wp-content\/uploads\/2020\/03\/window-770535_1280.jpg?resize=600%2C600&ssl=1","author_info":{"display_name":"Lyonel Kaufmann","author_link":"https:\/\/lyonelkaufmann.ch\/histoire\/author\/lyonelk\/"},"jetpack_featured_media_url":"https:\/\/i0.wp.com\/lyonelkaufmann.ch\/histoire\/wp-content\/uploads\/2020\/03\/window-770535_1280.jpg?fit=1280%2C854&ssl=1","jetpack_sharing_enabled":true,"jetpack_shortlink":"https:\/\/wp.me\/p1rJVM-4tB","jetpack_likes_enabled":true,"jetpack-related-posts":[{"id":17241,"url":"https:\/\/lyonelkaufmann.ch\/histoire\/2020\/03\/30\/histoirecafe-episode-2-mes-quatre-defis-dun-enseignement-a-distance\/","url_meta":{"origin":17211,"position":0},"title":"HistoireCaf\u00e9 : Mes quatre d\u00e9fis d\u2019un enseignement \u00e0 distance","author":"Lyonel Kaufmann","date":"30 mars 2020","format":false,"excerpt":"HistoireCaf\u00e9 est un podcast destin\u00e9 \u00e0 l'enseignement de l'histoire \u00e0 l'\u00e8re num\u00e9rique. \u00a0Pourquoi caf\u00e9 ? Parce que j'aime le caf\u00e9.\u00a0Ce deuxi\u00e8me \u00e9pisode est consacr\u00e9 \u00e0 quatre d\u00e9fis que j'ai relev\u00e9s pour passer \u00e0 un enseignement enti\u00e8rement \u00e0 distance.\u00a0 Apr\u00e8s deux semaines du basculement de nos enseignements enti\u00e8rement \u00e0 distance, un\u2026","rel":"","context":"Dans &quot;Enseignement \u00e0 distance&quot;","block_context":{"text":"Enseignement \u00e0 distance","link":"https:\/\/lyonelkaufmann.ch\/histoire\/category\/didactique\/enseignement-a-distance\/"},"img":{"alt_text":"","src":"https:\/\/i0.wp.com\/lyonelkaufmann.ch\/histoire\/wp-content\/uploads\/2020\/03\/israel-palacio-Y20JJ_ddy9M-unsplash-2-e1678963780934.jpg?fit=720%2C480&ssl=1&resize=350%2C200","width":350,"height":200,"srcset":"https:\/\/i0.wp.com\/lyonelkaufmann.ch\/histoire\/wp-content\/uploads\/2020\/03\/israel-palacio-Y20JJ_ddy9M-unsplash-2-e1678963780934.jpg?fit=720%2C480&ssl=1&resize=350%2C200 1x, https:\/\/i0.wp.com\/lyonelkaufmann.ch\/histoire\/wp-content\/uploads\/2020\/03\/israel-palacio-Y20JJ_ddy9M-unsplash-2-e1678963780934.jpg?fit=720%2C480&ssl=1&resize=525%2C300 1.5x, https:\/\/i0.wp.com\/lyonelkaufmann.ch\/histoire\/wp-content\/uploads\/2020\/03\/israel-palacio-Y20JJ_ddy9M-unsplash-2-e1678963780934.jpg?fit=720%2C480&ssl=1&resize=700%2C400 2x"},"classes":[]},{"id":8004,"url":"https:\/\/lyonelkaufmann.ch\/histoire\/2014\/05\/27\/compte-rendu-fondements-et-pratiques-de-lenseignement-de-lhistoire-a-lecole-the-history-education-network\/","url_meta":{"origin":17211,"position":1},"title":"Compte-rendu \u00ab Fondements et pratiques de l&#039;enseignement de l&#039;histoire \u00e0 l&#039;\u00e9cole \u00bb &#124; The History Education Network","author":"Lyonel Kaufmann","date":"27 mai 2014","format":false,"excerpt":"Le tr\u00e8s int\u00e9ressant site canadien \"Histoire et \u00e9ducation en r\u00e9seau\" nous propose ce compte-rendu de l'ouvrage de Robert Martineau (voir r\u00e9f\u00e9rence en fin d'article), ouvrage d'abord destin\u00e9 aux enseignants qu\u00e9b\u00e9cois en formation et plus largement \u00e0 tout futur enseignant d'histoire au secondaire.\u00a0 Dans sa note critique, le compte-rendu rel\u00e8ve que\u2026","rel":"","context":"Dans &quot;Didactique&quot;","block_context":{"text":"Didactique","link":"https:\/\/lyonelkaufmann.ch\/histoire\/category\/didactique\/"},"img":{"alt_text":"","src":"","width":0,"height":0},"classes":[]},{"id":17319,"url":"https:\/\/lyonelkaufmann.ch\/histoire\/2020\/04\/08\/histoirecafe-reseauter-en-periode-de-confinement\/","url_meta":{"origin":17211,"position":2},"title":"HistoireCaf\u00e9 : R\u00e9seauter en p\u00e9riode de confinement","author":"Lyonel Kaufmann","date":"8 avril 2020","format":false,"excerpt":"HistoireCaf\u00e9 est un podcast destin\u00e9 \u00e0 l'enseignement de l'histoire \u00e0 l'\u00e8re num\u00e9rique. Pourquoi caf\u00e9 ? Parce que j'aime le caf\u00e9. Ce deuxi\u00e8me \u00e9pisode est consacr\u00e9 \u00e0 quatre d\u00e9fis que j'ai relev\u00e9s pour passer \u00e0 un enseignement enti\u00e8rement \u00e0 distance. En pr\u00e9ambule \u00e0 ce troisi\u00e8me \u00e9pisode d'HistoireCaf\u00e9, je tiens \u00e0 remercier\u2026","rel":"","context":"Dans &quot;Enseignement \u00e0 distance&quot;","block_context":{"text":"Enseignement \u00e0 distance","link":"https:\/\/lyonelkaufmann.ch\/histoire\/category\/didactique\/enseignement-a-distance\/"},"img":{"alt_text":"","src":"https:\/\/i0.wp.com\/lyonelkaufmann.ch\/histoire\/wp-content\/uploads\/2020\/03\/israel-palacio-Y20JJ_ddy9M-unsplash-2-e1678963780934.jpg?fit=720%2C480&ssl=1&resize=350%2C200","width":350,"height":200,"srcset":"https:\/\/i0.wp.com\/lyonelkaufmann.ch\/histoire\/wp-content\/uploads\/2020\/03\/israel-palacio-Y20JJ_ddy9M-unsplash-2-e1678963780934.jpg?fit=720%2C480&ssl=1&resize=350%2C200 1x, https:\/\/i0.wp.com\/lyonelkaufmann.ch\/histoire\/wp-content\/uploads\/2020\/03\/israel-palacio-Y20JJ_ddy9M-unsplash-2-e1678963780934.jpg?fit=720%2C480&ssl=1&resize=525%2C300 1.5x, https:\/\/i0.wp.com\/lyonelkaufmann.ch\/histoire\/wp-content\/uploads\/2020\/03\/israel-palacio-Y20JJ_ddy9M-unsplash-2-e1678963780934.jpg?fit=720%2C480&ssl=1&resize=700%2C400 2x"},"classes":[]},{"id":11467,"url":"https:\/\/lyonelkaufmann.ch\/histoire\/2016\/05\/19\/on-aurait-besoin-de-sources-objectives-mais-qui-les-ecrit-the-history-education-network\/","url_meta":{"origin":17211,"position":3},"title":"\u00abOn aurait besoin de sources objectives, mais qui les \u00e9crit?\u00bb | The History Education Network","author":"Lyonel Kaufmann","date":"19 mai 2016","format":false,"excerpt":"La majorit\u00e9 des contextes scolaires approche l'enseignement de l'histoire comme consistant \u00e0 pr\u00e9senter le r\u00e9cit du pass\u00e9 que l'\u00e9l\u00e8ve devra m\u00e9moriser (Nokes, 2012; Barton & Levstik, 2004; Lesh, 2011). Cette vision de l'enseignement de l'histoire repose sur la pr\u00e9supposition qu'il existe un consensus entre les historiens par rapport au pass\u00e9.\u2026","rel":"","context":"Dans &quot;Didactique&quot;","block_context":{"text":"Didactique","link":"https:\/\/lyonelkaufmann.ch\/histoire\/category\/didactique\/"},"img":{"alt_text":"","src":"","width":0,"height":0},"classes":[]},{"id":18227,"url":"https:\/\/lyonelkaufmann.ch\/histoire\/2021\/02\/25\/comment-surmonter-la-fatigue-du-zoom\/","url_meta":{"origin":17211,"position":4},"title":"Comment surmonter la \u00ab\u00a0fatigue du Zoom\u00a0\u00bb ?","author":"Lyonel Kaufmann","date":"25 f\u00e9vrier 2021","format":false,"excerpt":"Sam Blum propose sur Lifehaker un r\u00e9sum\u00e9 d\u2019un int\u00e9ressant article sur les principales raisons de la fatigue engendr\u00e9e par l\u2019accumulation de vid\u00e9oconf\u00e9rences depuis le d\u00e9but de la pand\u00e9mie ainsi que quelques recommandations pour la diminuer.Blum reprend ainsi des \u00e9l\u00e9ments d\u2019une \u00e9tude r\u00e9cente de chercheurs de Stanford, publi\u00e9e dans la revue\u2026","rel":"","context":"Dans &quot;Enseignement \u00e0 distance&quot;","block_context":{"text":"Enseignement \u00e0 distance","link":"https:\/\/lyonelkaufmann.ch\/histoire\/category\/didactique\/enseignement-a-distance\/"},"img":{"alt_text":"macbook pro displaying group of people","src":"https:\/\/i0.wp.com\/lyonelkaufmann.ch\/histoire\/wp-content\/uploads\/2021\/02\/smgtvepind4-scaled-e1678962865948.jpg?fit=720%2C540&ssl=1&resize=350%2C200","width":350,"height":200,"srcset":"https:\/\/i0.wp.com\/lyonelkaufmann.ch\/histoire\/wp-content\/uploads\/2021\/02\/smgtvepind4-scaled-e1678962865948.jpg?fit=720%2C540&ssl=1&resize=350%2C200 1x, https:\/\/i0.wp.com\/lyonelkaufmann.ch\/histoire\/wp-content\/uploads\/2021\/02\/smgtvepind4-scaled-e1678962865948.jpg?fit=720%2C540&ssl=1&resize=525%2C300 1.5x, https:\/\/i0.wp.com\/lyonelkaufmann.ch\/histoire\/wp-content\/uploads\/2021\/02\/smgtvepind4-scaled-e1678962865948.jpg?fit=720%2C540&ssl=1&resize=700%2C400 2x"},"classes":[]},{"id":6966,"url":"https:\/\/lyonelkaufmann.ch\/histoire\/2013\/04\/16\/les-nouvelles-guerres-de-lhistoire-scolaire-the-history-education-network\/","url_meta":{"origin":17211,"position":5},"title":"Les nouvelles guerres de l\u2019histoire scolaire &#124; The History Education Network","author":"Lyonel Kaufmann","date":"16 avril 2013","format":false,"excerpt":"A m\u00e9diter :\u00abLa reprise des hostilit\u00e9s entre les partisans d\u2019un enseignement ax\u00e9 sur la construction d\u2019une conscience identitaire nationale et les d\u00e9fenseurs d\u2019une approche centr\u00e9e sur le d\u00e9veloppement d\u2019une pens\u00e9e critique et rigoureuse met en lumi\u00e8re la faiblesse strat\u00e9gique de ces derniers. Au Qu\u00e9bec, le d\u00e9bat qui a pris la\u2026","rel":"","context":"Dans &quot;Histoire active&quot;","block_context":{"text":"Histoire active","link":"https:\/\/lyonelkaufmann.ch\/histoire\/category\/didactique\/histoire-active\/"},"img":{"alt_text":"","src":"https:\/\/i0.wp.com\/thenhier.ca\/sites\/default\/files\/Karlstad.jpg?resize=350%2C200","width":350,"height":200},"classes":[]}],"_links":{"self":[{"href":"https:\/\/lyonelkaufmann.ch\/histoire\/wp-json\/wp\/v2\/posts\/17211","targetHints":{"allow":["GET"]}}],"collection":[{"href":"https:\/\/lyonelkaufmann.ch\/histoire\/wp-json\/wp\/v2\/posts"}],"about":[{"href":"https:\/\/lyonelkaufmann.ch\/histoire\/wp-json\/wp\/v2\/types\/post"}],"author":[{"embeddable":true,"href":"https:\/\/lyonelkaufmann.ch\/histoire\/wp-json\/wp\/v2\/users\/1"}],"replies":[{"embeddable":true,"href":"https:\/\/lyonelkaufmann.ch\/histoire\/wp-json\/wp\/v2\/comments?post=17211"}],"version-history":[{"count":0,"href":"https:\/\/lyonelkaufmann.ch\/histoire\/wp-json\/wp\/v2\/posts\/17211\/revisions"}],"wp:featuredmedia":[{"embeddable":true,"href":"https:\/\/lyonelkaufmann.ch\/histoire\/wp-json\/wp\/v2\/media\/17210"}],"wp:attachment":[{"href":"https:\/\/lyonelkaufmann.ch\/histoire\/wp-json\/wp\/v2\/media?parent=17211"}],"wp:term":[{"taxonomy":"category","embeddable":true,"href":"https:\/\/lyonelkaufmann.ch\/histoire\/wp-json\/wp\/v2\/categories?post=17211"},{"taxonomy":"post_tag","embeddable":true,"href":"https:\/\/lyonelkaufmann.ch\/histoire\/wp-json\/wp\/v2\/tags?post=17211"}],"curies":[{"name":"wp","href":"https:\/\/api.w.org\/{rel}","templated":true}]}}