{"id":17437,"date":"2020-05-16T09:00:00","date_gmt":"2020-05-16T08:00:00","guid":{"rendered":"https:\/\/lyonelkaufmann.ch\/histoire\/?p=17437"},"modified":"2021-12-17T08:32:47","modified_gmt":"2021-12-17T07:32:47","slug":"deconfinement-et-enseignement-a-distance-de-nouveaux-defis-tu-releveras","status":"publish","type":"post","link":"https:\/\/lyonelkaufmann.ch\/histoire\/2020\/05\/16\/deconfinement-et-enseignement-a-distance-de-nouveaux-defis-tu-releveras\/","title":{"rendered":"D\u00e9confinement et enseignement \u00e0 distance: de nouveaux d\u00e9fis, tu rel\u00e8veras"},"content":{"rendered":"\n<blockquote class=\"wp-block-quote is-layout-flow wp-block-quote-is-layout-flow\"><p><em>\u00ab Je n&rsquo;ai plus peur du dimanche soir \u00bb<\/em> (Grand Corps Malade, <em><a href=\"https:\/\/youtu.be\/WXMf8UN1sXI\" target=\"_blank\" aria-label=\" (opens in a new tab)\" rel=\"noreferrer noopener\" class=\"aioseop-link\">Dimanche soir<\/a><\/em>, album Plan B)<\/p><\/blockquote>\n\n\n\n<p><strong>Alors que nous allons progressivement sortir du confinement pour nous retrouver dans diff\u00e9rentes formes de d\u00e9confinement ou de semi-confinement , il est important, \u00e0 mon avis, de me\/nous projeter dans le futur proche de nos enseignements du semestre de l&rsquo;automne 2020 et les suivants et de nous entretenir des nouveaux d\u00e9fis qui nous attendent.<\/strong><\/p>\n\n\n\n<div class=\"wp-block-image\"><figure class=\"aligncenter size-large is-resized\"><img loading=\"lazy\" decoding=\"async\" src=\"https:\/\/images.unsplash.com\/photo-1500933964569-522caa01ca2e?ixlib=rb-1.2.1&amp;auto=format&amp;fit=crop&amp;w=1652&amp;q=80\" alt=\"\" width=\"688\" height=\"457\"\/><figcaption>Cr\u00e9dit photo : Photo de&nbsp;<a href=\"https:\/\/unsplash.com\/@krisroller?utm_source=unsplash&amp;utm_medium=referral&amp;utm_content=creditCopyText\" class=\"aioseop-link\">Kristopher Roller&nbsp;sur&nbsp;Unsplash<\/a><\/figcaption><\/figure><\/div>\n\n\n\n<p>Dans le cadre du passage \u00e0 un enseignement \u00e0 distance de crise que nous avons connu \u00e0 partir de la mi-mars, j&rsquo;ai eu l&rsquo;occasion de pr\u00e9senter mes quatre d\u00e9fis (<a href=\"https:\/\/lyonelkaufmann.ch\/histoire\/2020\/03\/30\/histoirecafe-episode-2-mes-quatre-defis-dun-enseignement-a-distance\/\">HistoireCaf\u00e9 : mes quatre d\u00e9fis d&rsquo;un enseignement \u00e0 distance<\/a>). Par ailleurs, je mettrai prochainement en ligne mon atelier r\u00e9alis\u00e9 sur ce m\u00eame th\u00e8me dans le cadre des r\u00e9centes LUDOVIALES.<\/p>\n\n\n\n<p>Pour la rentr\u00e9e de l&rsquo;automne et les prochains semestres, j&rsquo;ai identifi\u00e9 cinq nouveaux d\u00e9fis dont je vais vous entretenir dans ce (long) billet:<\/p>\n\n\n\n<ol class=\"wp-block-list\"><li>Des formes nouvelles d&rsquo;hybridation, tu d\u00e9velopperas<\/li><li>L&rsquo;asynchronicit\u00e9, tu privil\u00e9gieras<\/li><li>Ton enseignement \u00e0 distance, tu humaniseras<\/li><li>Propri\u00e9taire de tes contenus et de tes donn\u00e9es, tu seras<\/li><li>Pour une Science lente (Slow Science), tu t&rsquo;engageras<\/li><\/ol>\n\n\n\n<p>En effet, il est probable que cet enseignement \u00e0 distance est amen\u00e9 \u00e0 se prolonger au moins partiellement. Ainsi l&rsquo;Universit\u00e9 de Montr\u00e9al a d\u00e9j\u00e0 annonc\u00e9 le 9 mai vouloir faire en sorte que le semestre d&rsquo;automne soit essentiellement r\u00e9alis\u00e9 au moyen d&rsquo;enseignement \u00e0 distance :<\/p>\n\n\n\n<blockquote class=\"wp-block-quote is-layout-flow wp-block-quote-is-layout-flow\"><p>Dans un message publi\u00e9 en soir\u00e9e, le recteur Guy Breton affirme que <em>\u00ab seuls certains cours ou certaines portions de cours pourront se donner sur le campus \u00bb<\/em> et que ceux-ci seront l&rsquo;exception. <em>\u00ab Tout enseignement qui peut l&rsquo;\u00eatre devrait se faire \u00e0 distance \u00bb<\/em> (Source : <a href=\"https:\/\/www.lapresse.ca\/actualites\/education\/202005\/09\/01-5272885-un-trimestre-essentiellement-a-distance-a-luniversite-de-montreal.php\">Un trimestre \u00abessentiellement \u00e0 distance\u00bb \u00e0 l\u2019Universit\u00e9 de Montr\u00e9al |&nbsp;La Presse<\/a>).<\/p><\/blockquote>\n\n\n\n<p>Il en sera de m\u00eame pour l\u2019Universit\u00e9 McGill et l&rsquo;Universit\u00e9 de Laval. Concernant cette derni\u00e8re, Robert Beauregard, vice-recteur ex\u00e9cutif, indique que la direction de l&rsquo;Universit\u00e9 estime que le maintien des r\u00e8gles de distanciation sociale pourrait \u00e9ventuellement permettre le retour de 15% \u00e0 25% des \u00e9tudiants sur le campus.<\/p>\n\n\n\n<p>D\u00e8s lors,<\/p>\n\n\n\n<blockquote class=\"wp-block-quote is-layout-flow wp-block-quote-is-layout-flow\"><p><em>\u00abNous planifions un enseignement en ligne et \u00e0 distance dans la plupart des cours. Nous pr\u00e9voyons que la pr\u00e9sence physique des \u00e9tudiantes et \u00e9tudiants sur le campus sera r\u00e9duite au strict minimum cet automne afin de respecter les exigences fix\u00e9es par la Direction de la sant\u00e9 publique\u00bb<\/em> (Source : <a href=\"https:\/\/www.journaldequebec.com\/2020\/05\/12\/luniversite-laval-prepare-une-session-dautomne-majoritairement-en-ligne\">L\u2019Universit\u00e9 Laval pr\u00e9pare une session d\u2019automne majoritairement en ligne |&nbsp;Journal de Montr\u00e9al<\/a>).<\/p><\/blockquote>\n\n\n\n<p>Difficile en effet de pr\u00e9voir, par exemple \u00e0 la HEP Vaud, le maintien tel quel des grands cours en auditoire (200 \u00e0 400 \u00e9tudiant.e.) et m\u00eame les s\u00e9minaires (15 \u00e0 25 \u00e9tudiant.e.s) en maintenant une distance sociale de 2 m\u00e8tres entre chacun.e. Il en est d&rsquo;ailleurs de m\u00eame de la pr\u00e9sence simultan\u00e9e des enseignant.e.s et du personnel dans les bureaux en respectant la r\u00e8gle de 10m2 par personne.<\/p>\n\n\n\n<p>Si un tel sc\u00e9nario se confirme,<\/p>\n\n\n\n<blockquote class=\"wp-block-quote is-layout-flow wp-block-quote-is-layout-flow\"><p><em>\u00abla priorit\u00e9 sera donn\u00e9e aux activit\u00e9s d&rsquo;enseignement pour lesquelles l&rsquo;apprentissage \u00e0 distance est difficile, voire impossible\u00bb<\/em>, comme les activit\u00e9s de formation pratique en sant\u00e9, les ateliers d&rsquo;enseignement, les activit\u00e9s terrain et les laboratoires (Source : <a href=\"https:\/\/www.journaldequebec.com\/2020\/05\/12\/luniversite-laval-prepare-une-session-dautomne-majoritairement-en-ligne\">L\u2019Universit\u00e9 Laval pr\u00e9pare une session d\u2019automne majoritairement en ligne |&nbsp;Journal de Montr\u00e9al<\/a>).<\/p><\/blockquote>\n\n\n\n<p>L&rsquo;Universit\u00e9 Laval pr\u00e9voit par ailleurs doubler la capacit\u00e9 d&rsquo;enseignement en mode hybride, afin de permettre que l&rsquo;enseignement en classe soit aussi disponible au m\u00eame moment en ligne. <em>\u00ab On veut maintenir l&rsquo;enseignement \u00e0 distance pour ceux qui ne pourront \u00eatre en classe, comme les \u00e9tudiants internationaux \u00bb<\/em>, explique M. Beauregard.<\/p>\n\n\n\n<p>Par ailleurs, au niveau sanitaire, les pr\u00e9visions de l&rsquo;Organisation mondiale de la sant\u00e9 (OMS) laisse accro\u00eetre que la modification de nos comportements est appel\u00e9 \u00e0 durer en int\u00e9grant son hypoth\u00e8se que la COVID-19 <em>\u00ab pourrait ne jamais dispara\u00eetre \u00bb<\/em> et devenir une maladie avec laquelle l\u2019humanit\u00e9 devra apprendre \u00e0 vivre (Source : <a href=\"https:\/\/www.lemonde.fr\/international\/article\/2020\/05\/14\/coronavirus-dans-le-monde-5-de-la-population-espagnole-aurait-ete-infectee_6039597_3210.html\">Le coronavirus pourrait \u00ab ne jamais dispara\u00eetre \u00bb, selon l\u2019Organisation mondiale de la sant\u00e9<\/a>).<\/p>\n\n\n\n<p>Concernant les \u00e9tudiant.e.s, si certain.e.s vivent mal \u00e0 tr\u00e8s mal cet enseignement \u00e0 distance ou se retrouvent dans la pr\u00e9carit\u00e9 suite \u00e0 la perte de leurs revenus leur permettant de vivre et de poursuivre leurs \u00e9tudes, d&rsquo;autres auront appr\u00e9ci\u00e9 ce nouveau cadre d&rsquo;apprentissage. D&rsquo;autres encore inquiet.e.s de la situation sanitaire voudront limiter leur d\u00e9placement plus particuli\u00e8rement dans les transports publics et voudront \u00e9galement maintenir par eux-m\u00eames des formes nouvelles de distanciation sociale.<\/p>\n\n\n\n<p>Passons maintenant aux cinq d\u00e9fis que j&rsquo;ai identifi\u00e9s et la mani\u00e8re dont je pense les relever.<\/p>\n\n\n\n<h2 class=\"wp-block-heading\">1. Des formes nouvelles d&rsquo;hybridation, tu d\u00e9velopperas<\/h2>\n\n\n\n<p>Autant pour des raisons d&rsquo;organisation r\u00e9sultant des dispositions sanitaires qu&rsquo;en raison de nouvelles attentes et demandes de nos \u00e9tudiant.e.s ainsi que de la diversit\u00e9 de celles-ci (tout \u00e0 distance, partiellement \u00e0 distance, majoritairement en pr\u00e9sentiel par exemple), la notion d&rsquo;hybridation va \u00e9galement \u00e9voluer par rapport \u00e0 son acceptation actuelle. Nous allons assister \u00e0 une intensification du recours \u00e0 des dispositifs d&rsquo;enseignement et de formation distanciels sous des formes vari\u00e9es.<\/p>\n\n\n\n<p>Je prends donc le parti de consid\u00e9rer que la situation v\u00e9cue depuis mi-mars et ses prolongements vont modifier autant l&rsquo;enseignement \u00e0 distance, que l&rsquo;hybridation de nos enseignements ou l&rsquo;enseignement pr\u00e9sentiel. De la part des enseignant.e.s, ces \u00e9l\u00e9ments vont demander une adaptabilit\u00e9 importante et n\u00e9cessiter (encore plus) de travailler en \u00e9quipe. Un peu comme le virus, nos d\u00e9fis ne vont cesser d&rsquo;\u00e9voluer. Du c\u00f4t\u00e9 des \u00e9tudiant.e.s, le risque des in\u00e9galit\u00e9s devant la formation et de leur pr\u00e9carisation pouvant conduire \u00e0 l&rsquo;abandon des \u00e9tudes devra trouver des r\u00e9ponses devant les enjeux de nos syst\u00e8mes \u00e9ducatifs.<\/p>\n\n\n\n<p>Pour ma part, comme probablement d&rsquo;autres enseignant.e.s, je vais conserver en ligne l&rsquo;entier du dispositif mis en enseignement \u00e0 distance ce semestre. Je pr\u00e9vois d\u00e9j\u00e0 donc au moins deux formes de gestion, d&rsquo;organisation et suivis de mes s\u00e9minaires pour les \u00e9tudiant.e.s soit \u00e0 distance, soit en pr\u00e9sentiel et m\u00eame un mixte des deux (hybridation).<\/p>\n\n\n\n<h2 class=\"wp-block-heading\">2. L&rsquo;asynchronicit\u00e9, tu privil\u00e9gieras<\/h2>\n\n\n\n<p>Dans un article paru juste avant le confinement (<a href=\"https:\/\/www.hastac.org\/blogs\/jacqueline-wernimont\/2020\/03\/09\/thoughts-resources-those-about-start-teaching-online-due-covid\">Thoughts &amp; Resources for Those About to Start Teaching Online Due to COVID-19<\/a>, Jacqueline Wernimont, Co-Directrice de l&rsquo;<a href=\"https:\/\/www.hastac.org\/about-hastac\">HASTAC<\/a> (Humanities, Arts, Science, and Technology Alliance and Collaboratory), Chaire distingu\u00e9e de sciences humaines num\u00e9riques et d&rsquo;engagement social, Professeure associ\u00e9e d&rsquo;\u00e9tudes sur les femmes, le genre et la sexualit\u00e9 \u00e0 l&rsquo;Universit\u00e9 de Dartmouth, partageait ses r\u00e9flexions et ressources pour ceux qui vont commencer \u00e0 enseigner en ligne en raison de la COVID-19. En le d\u00e9couvrant aujourd&rsquo;hui, je m&rsquo;y retrouve enti\u00e8rement par rapport \u00e0 l&rsquo;\u00e9cosyst\u00e8me que j&rsquo;ai mis en place dans mes enseignements.<\/p>\n\n\n\n<p>En premier lieu, dans ses propos sur le fait de favoriser les modalit\u00e9s asynchrones dans cet enseignement \u00e0 distance. Jacqueline Wernimont s&rsquo;int\u00e9resse plus particuli\u00e8rement au travail et aux t\u00e2ches \u00e0 r\u00e9aliser et faire r\u00e9aliser aux \u00e9tudiant.e.s :<\/p>\n\n\n\n<blockquote class=\"wp-block-quote is-layout-flow wp-block-quote-is-layout-flow\"><p>\u00ab Asynchronicity is your friend here &#8211; think about what <em>must<\/em> be done as a collective (if anything) and what can be done using blog posts, discussion boards, and other tools that are likely already a part of your existing course management system. For reasons of student safety and FERPA, I\u2019d encourage using tools that are already a part of your university system for this kind of asynchronous communication. If you already use public media, then by all means continue, but I don\u2019t encourage people to require students to publicly perform on the internet. \u00bb<\/p><p>Traduction : L&rsquo;asynchronicit\u00e9 est votre amie ici &#8211; pensez \u00e0 ce qui <em>doit<\/em> \u00eatre fait collectivement (le cas \u00e9ch\u00e9ant) et \u00e0 ce qui peut \u00eatre fait en utilisant les articles de blog, les forums de discussion et d&rsquo;autres outils qui font probablement d\u00e9j\u00e0 partie de votre syst\u00e8me de gestion de cours existant. Pour des raisons de s\u00e9curit\u00e9 des \u00e9tudiants et de la FERPA, j&rsquo;encourage l&rsquo;utilisation d&rsquo;outils qui font d\u00e9j\u00e0 partie de votre syst\u00e8me universitaire pour ce type de communication asynchrone. Si vous utilisez d\u00e9j\u00e0 les m\u00e9dias publics, alors continuez par tous les moyens, mais je n&rsquo;encourage pas les gens \u00e0 exiger des \u00e9tudiants qu&rsquo;ils se produisent publiquement sur Internet.<\/p><\/blockquote>\n\n\n\n<p>Ces \u00e9l\u00e9ments prolongent et approfondissent les \u00e9l\u00e9ments que j&rsquo;ai d\u00e9j\u00e0 pr\u00e9sent\u00e9s pr\u00e9c\u00e9demment avec mes 4 d\u00e9fis d&rsquo;un enseignement \u00e0 distance. Ils seront \u00e0 adapter \u00e0 mes enseignements du semestre d&rsquo;automne qui eux n&rsquo;ont pas connu la situation de confinement dans laquelle je me trouve encore actuellement et jusqu&rsquo;au 8 juin en tout cas.<\/p>\n\n\n\n<h2 class=\"wp-block-heading\">3. Ton enseignement \u00e0 distance, tu humaniseras<\/h2>\n\n\n\n<blockquote class=\"wp-block-quote is-layout-flow wp-block-quote-is-layout-flow\"><p>\u00ab Si la structure ne permet pas le dialogue, la structure doit \u00eatre modifi\u00e9e. \u00bb Paulo Freire<\/p><\/blockquote>\n\n\n\n<p>Dans le cadre de l&rsquo;humanisation de nos enseignement \u00e0 distance, il me faut revenir sur l&rsquo;article <a href=\"https:\/\/oeb.global\/oeb-insights\/a-pedagogy-of-transformation-for-times-of-crisis\/\">A Pedagogy of Transformation for Times of Crisis<\/a> de <a href=\"www.seanmichaelmorris.com\">Sean Michael Morris<\/a> et traduit sur ce blog <a href=\"https:\/\/lyonelkaufmann.ch\/histoire\/2020\/04\/21\/une-pedagogie-de-la-transformation-pour-les-temps-de-crise\/\">Une p\u00e9dagogie de la transformation pour les temps de crise<\/a>. Sean Michael Morris se r\u00e9f\u00e8re plus particuli\u00e8rement aux travaux de Paulo Freire<\/p>\n\n\n\n<blockquote class=\"wp-block-quote is-layout-flow wp-block-quote-is-layout-flow\"><p><em>\u00ab Mais une p\u00e9dagogie num\u00e9rique transformatrice est une p\u00e9dagogie qui s\u2019int\u00e9resse d\u2019abord \u00e0 la relation entre l\u2019enseignant et l\u2019\u00e9l\u00e8ve, et aux multiples fa\u00e7ons dont l\u2019apprentissage circule entre eux. Paulo Freire a nomm\u00e9 les parties d\u2019une classe \u00ab enseignant-\u00e9tudiant \u00bb et \u00ab \u00e9tudiant-enseignant \u00bb pour mieux incarner la nature d\u2019une exp\u00e9rience d\u2019apprentissage coop\u00e9ratif ; et c\u2019est cette exp\u00e9rience d\u2019apprentissage, qui centre la collaboration, la communication et la compr\u00e9hension entre les enseignants et les \u00e9tudiants, qui peut nous ouvrir les yeux sur une p\u00e9dagogie num\u00e9rique unique. Cette p\u00e9dagogie est une p\u00e9dagogie qui favorise la personne et non la technologie, l\u2019humanisation au lieu de la num\u00e9risation. Cette p\u00e9dagogie, fond\u00e9e sur des id\u00e9aux d\u2019\u00e9quit\u00e9, d\u2019agence et de conscience critique, est une p\u00e9dagogie num\u00e9rique critique. \u00bb<\/em><\/p><\/blockquote>\n\n\n\n<p>Dans <a href=\"frama.link\/flux-pedagogy\">FLUX Pedagogy: Transforming Teaching and Leading during Coronavirus<\/a>, Sharon M. Ravitch, Ph.D; Professeure \u00e0 l&rsquo;Universit\u00e9 de Pennsylvanie, se base \u00e9galement sur la p\u00e9dagogie critique de Freire et parle d&rsquo;une p\u00e9dagogie de flux. Elle s&rsquo;appuie sur les travaux de Arao &amp; Clemens (2013) insistant sur le passage d&rsquo;espaces s\u00fbrs \u00e0 des espaces courageux. Pour Aro &amp; Clemens contrairement aux espaces dits s\u00fbrs, les espaces courageux n\u00e9cessitent et cr\u00e9ent un dialogue plus critique et authentique et la co-construction de normes \u00e9quitables au sein des groupes. Sharon M. Ravitch pr\u00e9cise que le bien-\u00eatre des \u00e9tudiants est de la responsabilit\u00e9 des enseignant.e.s. Pour elle, les points essentiels \u00e0 respecter sont les suivants :<\/p>\n\n\n\n<ol class=\"wp-block-list\"><li>consid\u00e9rer le bien-\u00eatre \u00e9motionnel de nos \u00e9l\u00e8ves (et le n\u00f4tre) comme essentiel \u00e0 l&rsquo;apprentissage;<\/li><li>aider les \u00e9l\u00e8ves \u00e0 traverser des syst\u00e8mes in\u00e9quitables et complexes;<\/li><li>travailler \u00e0 \u00e9tablir une confiance relationnelle avec et entre les \u00e9l\u00e8ves;<\/li><li>consid\u00e9rer la flexibilit\u00e9 p\u00e9dagogique comme une position \u00e9thique, dans laquelle les connaissances et les id\u00e9es de chacun sont activement mises en jeu \u00e0 une \u00e9poque de chaos et de vuln\u00e9rabilit\u00e9 collective.<\/li><\/ol>\n\n\n\n<p>Dans le contexte actuel, j&rsquo;essaye de prends en compte ces diff\u00e9rents \u00e9l\u00e9ments au travers d&rsquo;interactions en privil\u00e9giant la visioconf\u00e9rence en petit groupe d&rsquo;\u00e9tudiant.e.s. En d\u00e9but de ces s\u00e9ances, je m&rsquo;adresse individuellement \u00e0 chacun.e en les interrogeant sur leur situation et m&rsquo;assurant de leur bien-\u00eatre (\u00ab\u00a0comment allez-vous ?\u00a0\u00bb \u00ab\u00a0comment se passe la reprise de votre stage?\u00a0\u00bb etc.). Le dialogue se poursuit en premier lieu en fonction de leurs question et de leur demandes. Dans un deuxi\u00e8me temps, je dispense mes feedbacks et mes inputs relativement \u00e0 leur travail en me basant sur les principes de l&#8217;empathie et de la bienveillance. En amont, j&rsquo;ai pris connaissance de leur travail et le commente le plus pr\u00e9cis\u00e9ment possible en partageant mon \u00e9cran. Mes commentaires et feedbacks sont envoy\u00e9s apr\u00e8s la s\u00e9ance.<\/p>\n\n\n\n<p>Pour cet automne, il s&rsquo;agira aussi de veiller au d\u00e9marrage \u00e0 instaurer une dynamique globale de groupe (et pas seulement de sous-groupes) et d&rsquo;am\u00e9nager \u00e9galement des moments d&rsquo;\u00e9changes et de prises de d\u00e9cision synchrones avec l&rsquo;entier du groupe.<\/p>\n\n\n\n<p>R\u00e9f\u00e9rence Arao, B. &amp; Clemens, K. (2013). From safe spaces to brave spaces : A new way to frame dialogue around diversity and social Justice. In L. M. Landreman (Ed.), <em>The art of effective facilitation: Reflections from social justice educators<\/em> (pp. 135\u2013150). Stylus Publishing.<\/p>\n\n\n\n<h2 class=\"wp-block-heading\">4. Propri\u00e9taire de tes contenus et de tes donn\u00e9es, tu seras<\/h2>\n\n\n\n<p>Du c\u00f4t\u00e9 enseignant, Jacqueline Wernimont (<a href=\"https:\/\/www.hastac.org\/blogs\/jacqueline-wernimont\/2020\/03\/09\/thoughts-resources-those-about-start-teaching-online-due-covid\">Thoughts &amp; Resources for Those About to Start Teaching Online Due to COVID-19<\/a> nous met en garde relativement au syst\u00e8me propri\u00e9taire de vos organisations en lien avec les questions de propri\u00e9t\u00e9 intellectuelle. Ce dernier \u00e9l\u00e9ment est un point extr\u00eamement sensible. Certains analystes pr\u00e9voient en effet, et depuis longtemps, que de plus en plus les universit\u00e9s recoureront \u00e0 des contenus propos\u00e9s par des organismes tels que Coursera alors que leurs enseigant.e.s deviendraient des sortes d&rsquo;ouvriers universitaires sp\u00e9cialis\u00e9s dans l&rsquo;accompagnement et le suivi des \u00e9tudiant.e.s sous des formes de tutorat.<\/p>\n\n\n\n<blockquote class=\"wp-block-quote is-layout-flow wp-block-quote-is-layout-flow\"><p>\u00ab A word on proprietary systems &#8211; I dislike them and I\u2019m not into feeding the disaster capitalism machine. THAT SAID &#8211; this is an urgent response. You can do certain things (discussed in the linked document) if you have the capacity. That said, if you have little time (as is the case here) it may be easier to roll activities onto your existing CMS. What I do not suggest is that you upload all of your intellectual content onto the CMS &#8212; so recording all lectures, discussions, etc. Depending on your contract, that may become someone else\u2019s intellectual property (remember that I was at ASU where teaching online meant letting go of IP). You can live stream synchronous events (twitch, for example) rather than record or you can serve the recordings in other locations (like in a private YouTube channel). \u00bb<\/p><p>Traduction : Un mot sur les syst\u00e8mes propri\u00e9taires &#8211; je ne les aime pas et je n&rsquo;ai pas l&rsquo;intention d&rsquo;alimenter la machine du capitalisme catastrophe. C&rsquo;est une r\u00e9ponse urgente. Vous pouvez faire certaines choses (discut\u00e9es dans le document li\u00e9) si vous en avez la capacit\u00e9. Cela dit, si vous avez peu de temps (comme c&rsquo;est le cas ici), il peut \u00eatre plus facile d&rsquo;int\u00e9grer des activit\u00e9s dans votre CMS existant. Ce que je ne vous sugg\u00e8re pas, c&rsquo;est de t\u00e9l\u00e9charger tout votre contenu intellectuel sur le CMS &#8211; donc d&rsquo;enregistrer toutes les conf\u00e9rences, discussions, etc. Selon votre contrat, cela peut devenir la propri\u00e9t\u00e9 intellectuelle de quelqu&rsquo;un d&rsquo;autre (rappelez-vous que j&rsquo;\u00e9tais \u00e0 l&rsquo;ASU o\u00f9 enseigner en ligne signifiait l\u00e2cher prise de la propri\u00e9t\u00e9 intellectuelle). Vous pouvez diffuser en direct des \u00e9v\u00e9nements synchrones (par exemple, des twitchs) plut\u00f4t que d&rsquo;enregistrer ou vous pouvez diffuser les enregistrements dans d&rsquo;autres endroits (comme dans une cha\u00eene priv\u00e9e de YouTube).<\/p><\/blockquote>\n\n\n\n<p>Nous devons donc \u00e9largir la question de notre \u00e9cosyst\u00e8me d&rsquo;enseignement \u00e0 distance aux questions relatives \u00e0 la gestion et \u00e0 la ma\u00eetrise de nos travaux intellectuels (cours, recherches et d\u00e9veloppement). Ainsi, plus que jamais, et pas seulement relativement aux GAFAM, la n\u00e9cessit\u00e9 de rester le propri\u00e9taire de nos donn\u00e9es et de notre travail intellectuel va devenir un enjeux de premi\u00e8re importance. Si ce n&rsquo;est pas encore fait, c&rsquo;est le moment de s&rsquo;auto-h\u00e9berger et d&rsquo;ouvrir son site\/blog.<\/p>\n\n\n\n<p>Plus largement et selon moi, l&rsquo;id\u00e9al r\u00e9side dans l&rsquo;utilisation de solutions opensources. Ainsi, je vous conseillerai tout particuli\u00e8rement pour vos fichiers et pour disposer \u00e9galement d&rsquo;un outil de travail collaboratif (traitement de texte, tableur, logiciel de pr\u00e9sentation) de souscrire \u00e0 la solution Cloud s\u00e9curis\u00e9e <a href=\"https:\/\/www.infomaniak.com\/fr\/kdrive\/\">kDrive<\/a> propos\u00e9e par Infomaniak. kDrive automatise m\u00eame la r\u00e9cup\u00e9ration de vos fichiers d\u00e9pos\u00e9s sur Google Drive, OneNote ou DropBox.<\/p>\n\n\n\n<p>Par ailleurs, pour vos prises de notes et de travail dans un format durable, je compl\u00e9terai avec <a href=\"https:\/\/standardnotes.org\/\">Standard Notes<\/a> qui est une application open-source et enti\u00e8rement crypt\u00e9e et que je vous pr\u00e9senterai prochainement.<\/p>\n\n\n\n<p>Enfin pour disposer d&rsquo;une solution de visioconf\u00e9rence coupl\u00e9e avec une diffusion en directe, je vous recommande <a href=\"https:\/\/meet.jit.si\/\">Jitsi<\/a> qui est \u00e9galement une solution opensource.<\/p>\n\n\n\n<p>Cependant, si vous estimez que ces solutions sont trop techniques pour vous, vous pouvez \u00e9galement, comme l&rsquo;indiquait ci-dessus Jacqueline Wernimont, recourir \u00e0 une cha\u00eene priv\u00e9s sur YouTube ou souscrire \u00e0 une solution G Suite de Google (Basic ou Business) qui contractuellement respecte pour l&rsquo;Europe le RGPD (bon \u00e0 savoir, merci \u00e0 Fran\u00e7ois Bocquet pour m&rsquo;y avoir rendu attentif). A noter \u00e9galement qu&rsquo;avec G Suite de Google, vous disposez maintenant d&rsquo;une solution de visioconf\u00e9rence avec Google Meet jusqu&rsquo;\u00e0 100 participant.e.s.<\/p>\n\n\n\n<p>De mon c\u00f4t\u00e9 et notamment avec ce site\/blog, je dispose d\u00e9j\u00e0 tr\u00e8s largement d&rsquo;espaces propri\u00e9taires li\u00e9s \u00e0 mon activit\u00e9 professionnelle. Par contre, j&rsquo;envisage l&rsquo;organisation de sessions d&rsquo;enseignement diffus\u00e9es en YouTube live ou, sur le principe mis sur pied \u00e0 l&rsquo;occasion des LUDOVIALES, de courtes s\u00e9ances synchrones de visioconf\u00e9rence avec interaction des \u00e9tudiants via la chatroom et que je pourrais en outre enregistrer. En partant du principe de nouvelles formes d&rsquo;hybridation des formations (des \u00e9tudiants en pr\u00e9sentiel\/synchrone et d&rsquo;autres \u00e0 distance de mani\u00e8re asychrone), la question se pose tr\u00e8s s\u00e9rieusement y compris pour les s\u00e9ances qui auront lieu en pr\u00e9sentiel.<\/p>\n\n\n\n<h2 class=\"wp-block-heading\">5. Pour une Science lente (Slow Science), tu t&rsquo;engageras<\/h2>\n\n\n\n<p>Dans le cadre de mes 4 d\u00e9fis pour mon enseignement \u00e0 distance en temps de pand\u00e9mie, je soulignais l&rsquo;importance \u00e0 mon niveau personnel de savoir raison garder et de penser \u00e0 me ressourcer.<\/p>\n\n\n\n<p>Le prolongement de cette attitude sur le moyen et long terme consiste \u00e0 poursuivre sur les principes de la Slow science que j&rsquo;avais \u00e9voqu\u00e9 avant la pand\u00e9mie en d\u00e9cembre 2019 (<a href=\"https:\/\/lyonelkaufmann.ch\/histoire\/2019\/12\/30\/restreindre-les-chercheurs-a-un-article-par-an-pour-une-science-lente-slow-science\/\">Restreindre les chercheurs \u00e0 un article par an ? Pour une Science lente (Slow science)<\/a>).<\/p>\n\n\n\n<p>En suivant Isabelle Stengers et concernant mon activit\u00e9 de chercheur,<\/p>\n\n\n\n<ul class=\"wp-block-list\"><li>je continuerai de cesser de me prendre pour le \u00ab cerveau pensant, rationnel, de l\u2019humanit\u00e9 \u00bb,<\/li><li>je refuserai que mon expertise serve \u00e0 faire taire l\u2019inqui\u00e9tude de l\u2019opinion, \u00e0 propager la croyance en un progr\u00e8s scientifique in\u00e9luctable capable de r\u00e9soudre les grands probl\u00e8mes de soci\u00e9t\u00e9s.<\/li><\/ul>\n\n\n\n<p>Et surtout je continuerai au travers de ce blog \u00e0 nouer des liens avec un public potentiellement intelligent et curieux, en m&rsquo;effor\u00e7ant de produire ou en diffusant des savoirs dignes de cette ambition. Je continuerai ainsi \u00e0 documenter mes exp\u00e9riences d&rsquo;enseignement de cette nouvelle \u00e8re en la reliant \u00e0 l&rsquo;ancienne.<\/p>\n","protected":false},"excerpt":{"rendered":"<p>\u00ab Je n&rsquo;ai plus peur du dimanche soir \u00bb (Grand Corps Malade, Dimanche soir, album Plan B) Alors que nous allons progressivement sortir du confinement pour nous retrouver dans diff\u00e9rentes formes de d\u00e9confinement ou de semi-confinement , il est important, \u00e0 mon avis, de me\/nous projeter dans le futur proche de nos enseignements du semestre [&hellip;]<\/p>\n","protected":false},"author":1,"featured_media":17439,"comment_status":"open","ping_status":"open","sticky":false,"template":"","format":"standard","meta":{"_import_markdown_pro_load_document_selector":0,"_import_markdown_pro_submit_text_textarea":"","_genesis_hide_title":false,"_genesis_hide_breadcrumbs":false,"_genesis_hide_singular_image":false,"_genesis_hide_footer_widgets":false,"_genesis_custom_body_class":"","_genesis_custom_post_class":"","_genesis_layout":"","jetpack_post_was_ever_published":false,"_jetpack_newsletter_access":"","_jetpack_dont_email_post_to_subs":false,"_jetpack_newsletter_tier_id":0,"_jetpack_memberships_contains_paywalled_content":false,"_jetpack_memberships_contains_paid_content":false,"footnotes":"","jetpack_publicize_message":"","jetpack_publicize_feature_enabled":true,"jetpack_social_post_already_shared":true,"jetpack_social_options":{"image_generator_settings":{"template":"highway","default_image_id":0,"font":"","enabled":false},"version":2}},"categories":[861,13],"tags":[],"class_list":{"0":"post-17437","1":"post","2":"type-post","3":"status-publish","4":"format-standard","5":"has-post-thumbnail","7":"category-enseignement-a-distance","8":"category-opinionsreflexions","9":"entry"},"jetpack_publicize_connections":[],"featured_image_src":"https:\/\/i0.wp.com\/lyonelkaufmann.ch\/histoire\/wp-content\/uploads\/2020\/05\/kristopher-roller-rgrZVTjuuPw-unsplash.jpg?resize=600%2C400&ssl=1","featured_image_src_square":"https:\/\/i0.wp.com\/lyonelkaufmann.ch\/histoire\/wp-content\/uploads\/2020\/05\/kristopher-roller-rgrZVTjuuPw-unsplash.jpg?resize=600%2C426&ssl=1","author_info":{"display_name":"Lyonel Kaufmann","author_link":"https:\/\/lyonelkaufmann.ch\/histoire\/author\/lyonelk\/"},"jetpack_featured_media_url":"https:\/\/i0.wp.com\/lyonelkaufmann.ch\/histoire\/wp-content\/uploads\/2020\/05\/kristopher-roller-rgrZVTjuuPw-unsplash.jpg?fit=640%2C426&ssl=1","jetpack_sharing_enabled":true,"jetpack_shortlink":"https:\/\/wp.me\/p1rJVM-4xf","jetpack_likes_enabled":true,"jetpack-related-posts":[{"id":17378,"url":"https:\/\/lyonelkaufmann.ch\/histoire\/2020\/04\/23\/ludoviales-2020-relever-les-defis-de-lenseignement-en-periode-de-confinement\/","url_meta":{"origin":17437,"position":0},"title":"LUDOVIALES 2020 : \u00ab Relever les d\u00e9fis de l\u2019enseignement en p\u00e9riode de confinement \u00bb","author":"Lyonel Kaufmann","date":"23 avril 2020","format":false,"excerpt":"C'est un pari un peu fou que les diff\u00e9rentes communaut\u00e9s francophones de LUDOVIA (Belgique, Canada, France et Suisse) ont relev\u00e9 en un temps record : organiser enti\u00e8rement en ligne une semaine d'atelier-d\u00e9fis, de pitch et de tables rondes consacr\u00e9es aux d\u00e9fis que la communaut\u00e9 scolaire a d\u00fb relever en un\u2026","rel":"","context":"Dans &quot;Enseignement \u00e0 distance&quot;","block_context":{"text":"Enseignement \u00e0 distance","link":"https:\/\/lyonelkaufmann.ch\/histoire\/category\/didactique\/enseignement-a-distance\/"},"img":{"alt_text":"","src":"https:\/\/i0.wp.com\/lyonelkaufmann.ch\/histoire\/wp-content\/uploads\/2020\/04\/EWDkB4WXkAE4XAg.jpg?fit=680%2C352&ssl=1&resize=350%2C200","width":350,"height":200,"srcset":"https:\/\/i0.wp.com\/lyonelkaufmann.ch\/histoire\/wp-content\/uploads\/2020\/04\/EWDkB4WXkAE4XAg.jpg?fit=680%2C352&ssl=1&resize=350%2C200 1x, https:\/\/i0.wp.com\/lyonelkaufmann.ch\/histoire\/wp-content\/uploads\/2020\/04\/EWDkB4WXkAE4XAg.jpg?fit=680%2C352&ssl=1&resize=525%2C300 1.5x"},"classes":[]},{"id":17319,"url":"https:\/\/lyonelkaufmann.ch\/histoire\/2020\/04\/08\/histoirecafe-reseauter-en-periode-de-confinement\/","url_meta":{"origin":17437,"position":1},"title":"HistoireCaf\u00e9 : R\u00e9seauter en p\u00e9riode de confinement","author":"Lyonel Kaufmann","date":"8 avril 2020","format":false,"excerpt":"HistoireCaf\u00e9 est un podcast destin\u00e9 \u00e0 l'enseignement de l'histoire \u00e0 l'\u00e8re num\u00e9rique. Pourquoi caf\u00e9 ? Parce que j'aime le caf\u00e9. Ce deuxi\u00e8me \u00e9pisode est consacr\u00e9 \u00e0 quatre d\u00e9fis que j'ai relev\u00e9s pour passer \u00e0 un enseignement enti\u00e8rement \u00e0 distance. En pr\u00e9ambule \u00e0 ce troisi\u00e8me \u00e9pisode d'HistoireCaf\u00e9, je tiens \u00e0 remercier\u2026","rel":"","context":"Dans &quot;Enseignement \u00e0 distance&quot;","block_context":{"text":"Enseignement \u00e0 distance","link":"https:\/\/lyonelkaufmann.ch\/histoire\/category\/didactique\/enseignement-a-distance\/"},"img":{"alt_text":"","src":"https:\/\/i0.wp.com\/lyonelkaufmann.ch\/histoire\/wp-content\/uploads\/2020\/03\/israel-palacio-Y20JJ_ddy9M-unsplash-2-e1678963780934.jpg?fit=720%2C480&ssl=1&resize=350%2C200","width":350,"height":200,"srcset":"https:\/\/i0.wp.com\/lyonelkaufmann.ch\/histoire\/wp-content\/uploads\/2020\/03\/israel-palacio-Y20JJ_ddy9M-unsplash-2-e1678963780934.jpg?fit=720%2C480&ssl=1&resize=350%2C200 1x, https:\/\/i0.wp.com\/lyonelkaufmann.ch\/histoire\/wp-content\/uploads\/2020\/03\/israel-palacio-Y20JJ_ddy9M-unsplash-2-e1678963780934.jpg?fit=720%2C480&ssl=1&resize=525%2C300 1.5x, https:\/\/i0.wp.com\/lyonelkaufmann.ch\/histoire\/wp-content\/uploads\/2020\/03\/israel-palacio-Y20JJ_ddy9M-unsplash-2-e1678963780934.jpg?fit=720%2C480&ssl=1&resize=700%2C400 2x"},"classes":[]},{"id":17424,"url":"https:\/\/lyonelkaufmann.ch\/histoire\/2020\/05\/05\/pedagogie-a-distance-les-enseignements-du-e%e2%80%91confinement\/","url_meta":{"origin":17437,"position":2},"title":"P\u00e9dagogie \u00e0 distance\u00a0: les\u00a0enseignements du\u00a0e\u2011confinement","author":"Lyonel Kaufmann","date":"5 mai 2020","format":false,"excerpt":"Je note et adh\u00e8re : \u00ab\u00a0Si la continuit\u00e9 p\u00e9dagogique consiste \u00e0 faire de la t\u00e9l\u00e9vision scolaire degr\u00e9 z\u00e9ro, en pla\u00e7ant un enseignant devant un tableau face cam\u00e9ra, c\u2019est m\u00e9conna\u00eetre toutes les avanc\u00e9es du e-learning et des p\u00e9dagogies actives depuis, mais c\u2019est reconna\u00eetre \u00e0 quel point nos enseignants sont peu form\u00e9s\u2026","rel":"","context":"Dans &quot;Enseignement \u00e0 distance&quot;","block_context":{"text":"Enseignement \u00e0 distance","link":"https:\/\/lyonelkaufmann.ch\/histoire\/category\/didactique\/enseignement-a-distance\/"},"img":{"alt_text":"","src":"https:\/\/i0.wp.com\/lyonelkaufmann.ch\/histoire\/wp-content\/uploads\/2020\/05\/img_8926.jpg?fit=926%2C604&ssl=1&resize=350%2C200","width":350,"height":200,"srcset":"https:\/\/i0.wp.com\/lyonelkaufmann.ch\/histoire\/wp-content\/uploads\/2020\/05\/img_8926.jpg?fit=926%2C604&ssl=1&resize=350%2C200 1x, https:\/\/i0.wp.com\/lyonelkaufmann.ch\/histoire\/wp-content\/uploads\/2020\/05\/img_8926.jpg?fit=926%2C604&ssl=1&resize=525%2C300 1.5x, https:\/\/i0.wp.com\/lyonelkaufmann.ch\/histoire\/wp-content\/uploads\/2020\/05\/img_8926.jpg?fit=926%2C604&ssl=1&resize=700%2C400 2x"},"classes":[]},{"id":17241,"url":"https:\/\/lyonelkaufmann.ch\/histoire\/2020\/03\/30\/histoirecafe-episode-2-mes-quatre-defis-dun-enseignement-a-distance\/","url_meta":{"origin":17437,"position":3},"title":"HistoireCaf\u00e9 : Mes quatre d\u00e9fis d\u2019un enseignement \u00e0 distance","author":"Lyonel Kaufmann","date":"30 mars 2020","format":false,"excerpt":"HistoireCaf\u00e9 est un podcast destin\u00e9 \u00e0 l'enseignement de l'histoire \u00e0 l'\u00e8re num\u00e9rique. \u00a0Pourquoi caf\u00e9 ? Parce que j'aime le caf\u00e9.\u00a0Ce deuxi\u00e8me \u00e9pisode est consacr\u00e9 \u00e0 quatre d\u00e9fis que j'ai relev\u00e9s pour passer \u00e0 un enseignement enti\u00e8rement \u00e0 distance.\u00a0 Apr\u00e8s deux semaines du basculement de nos enseignements enti\u00e8rement \u00e0 distance, un\u2026","rel":"","context":"Dans &quot;Enseignement \u00e0 distance&quot;","block_context":{"text":"Enseignement \u00e0 distance","link":"https:\/\/lyonelkaufmann.ch\/histoire\/category\/didactique\/enseignement-a-distance\/"},"img":{"alt_text":"","src":"https:\/\/i0.wp.com\/lyonelkaufmann.ch\/histoire\/wp-content\/uploads\/2020\/03\/israel-palacio-Y20JJ_ddy9M-unsplash-2-e1678963780934.jpg?fit=720%2C480&ssl=1&resize=350%2C200","width":350,"height":200,"srcset":"https:\/\/i0.wp.com\/lyonelkaufmann.ch\/histoire\/wp-content\/uploads\/2020\/03\/israel-palacio-Y20JJ_ddy9M-unsplash-2-e1678963780934.jpg?fit=720%2C480&ssl=1&resize=350%2C200 1x, https:\/\/i0.wp.com\/lyonelkaufmann.ch\/histoire\/wp-content\/uploads\/2020\/03\/israel-palacio-Y20JJ_ddy9M-unsplash-2-e1678963780934.jpg?fit=720%2C480&ssl=1&resize=525%2C300 1.5x, https:\/\/i0.wp.com\/lyonelkaufmann.ch\/histoire\/wp-content\/uploads\/2020\/03\/israel-palacio-Y20JJ_ddy9M-unsplash-2-e1678963780934.jpg?fit=720%2C480&ssl=1&resize=700%2C400 2x"},"classes":[]},{"id":17432,"url":"https:\/\/lyonelkaufmann.ch\/histoire\/2020\/05\/07\/enseignement-et-si-la-pandemie-setait-produite-au-debut-des-annees-1980-que-ce-serait-il-passe\/","url_meta":{"origin":17437,"position":4},"title":"Enseignement : Et si la pand\u00e9mie s&rsquo;\u00e9tait produite au d\u00e9but des ann\u00e9es 1980, que se serait-il pass\u00e9 ?","author":"Lyonel Kaufmann","date":"7 mai 2020","format":false,"excerpt":"Telle est l'int\u00e9ressante question de Bruno Devauchelle dans sa 8\u00e8me chronique du confinement. Et voici sa r\u00e9ponse : Imaginons un instant que la pand\u00e9mie se soit produite avant la g\u00e9n\u00e9ralisation des outils num\u00e9riques (dans les pays \u00e9quip\u00e9s). Un enseignement \u00e0 distance d\u00e9synchronis\u00e9 aurait-il pu se mettre en place ? Pour\u2026","rel":"","context":"Dans &quot;Enseignement \u00e0 distance&quot;","block_context":{"text":"Enseignement \u00e0 distance","link":"https:\/\/lyonelkaufmann.ch\/histoire\/category\/didactique\/enseignement-a-distance\/"},"img":{"alt_text":"","src":"","width":0,"height":0},"classes":[]},{"id":17231,"url":"https:\/\/lyonelkaufmann.ch\/histoire\/2020\/03\/27\/les-enseignants-peuvent-ils-faire-cours-sur-discord-pendant-le-confinement-liberation\/","url_meta":{"origin":17437,"position":5},"title":"Les enseignants peuvent-ils faire cours sur Discord pendant le confinement\u00a0? &#8211; Lib\u00e9ration","author":"Lyonel Kaufmann","date":"27 mars 2020","format":false,"excerpt":"Ce logiciel am\u00e9ricain appr\u00e9ci\u00e9 des joueurs de jeux vid\u00e9o a \u00e9t\u00e9 utilis\u00e9 par de nombreux professeurs apr\u00e8s la fermeture des \u00e9tablissements. Sa conformit\u00e9 au RGPD fait d\u00e9bat.\u00a0Les CheckNews de Lib\u00e9ration font le point de la situation. \u00ab\u00a0 Qu\u2019en est-il\u00a0? Tout d\u2019abord, Discord explique recueillir automatiquement un certain nombre de donn\u00e9es\u2026","rel":"","context":"Dans &quot;Enseignement \u00e0 distance&quot;","block_context":{"text":"Enseignement \u00e0 distance","link":"https:\/\/lyonelkaufmann.ch\/histoire\/category\/didactique\/enseignement-a-distance\/"},"img":{"alt_text":"","src":"https:\/\/i0.wp.com\/lyonelkaufmann.ch\/histoire\/wp-content\/uploads\/2020\/03\/allie-smith-newgpclgEZI-unsplash-e1678963810603.jpg?fit=720%2C480&ssl=1&resize=350%2C200","width":350,"height":200,"srcset":"https:\/\/i0.wp.com\/lyonelkaufmann.ch\/histoire\/wp-content\/uploads\/2020\/03\/allie-smith-newgpclgEZI-unsplash-e1678963810603.jpg?fit=720%2C480&ssl=1&resize=350%2C200 1x, https:\/\/i0.wp.com\/lyonelkaufmann.ch\/histoire\/wp-content\/uploads\/2020\/03\/allie-smith-newgpclgEZI-unsplash-e1678963810603.jpg?fit=720%2C480&ssl=1&resize=525%2C300 1.5x, https:\/\/i0.wp.com\/lyonelkaufmann.ch\/histoire\/wp-content\/uploads\/2020\/03\/allie-smith-newgpclgEZI-unsplash-e1678963810603.jpg?fit=720%2C480&ssl=1&resize=700%2C400 2x"},"classes":[]}],"_links":{"self":[{"href":"https:\/\/lyonelkaufmann.ch\/histoire\/wp-json\/wp\/v2\/posts\/17437","targetHints":{"allow":["GET"]}}],"collection":[{"href":"https:\/\/lyonelkaufmann.ch\/histoire\/wp-json\/wp\/v2\/posts"}],"about":[{"href":"https:\/\/lyonelkaufmann.ch\/histoire\/wp-json\/wp\/v2\/types\/post"}],"author":[{"embeddable":true,"href":"https:\/\/lyonelkaufmann.ch\/histoire\/wp-json\/wp\/v2\/users\/1"}],"replies":[{"embeddable":true,"href":"https:\/\/lyonelkaufmann.ch\/histoire\/wp-json\/wp\/v2\/comments?post=17437"}],"version-history":[{"count":0,"href":"https:\/\/lyonelkaufmann.ch\/histoire\/wp-json\/wp\/v2\/posts\/17437\/revisions"}],"wp:featuredmedia":[{"embeddable":true,"href":"https:\/\/lyonelkaufmann.ch\/histoire\/wp-json\/wp\/v2\/media\/17439"}],"wp:attachment":[{"href":"https:\/\/lyonelkaufmann.ch\/histoire\/wp-json\/wp\/v2\/media?parent=17437"}],"wp:term":[{"taxonomy":"category","embeddable":true,"href":"https:\/\/lyonelkaufmann.ch\/histoire\/wp-json\/wp\/v2\/categories?post=17437"},{"taxonomy":"post_tag","embeddable":true,"href":"https:\/\/lyonelkaufmann.ch\/histoire\/wp-json\/wp\/v2\/tags?post=17437"}],"curies":[{"name":"wp","href":"https:\/\/api.w.org\/{rel}","templated":true}]}}