{"id":17746,"date":"2020-10-10T11:13:10","date_gmt":"2020-10-10T10:13:10","guid":{"rendered":"https:\/\/lyonelkaufmann.ch\/histoire\/?p=17746"},"modified":"2020-10-10T11:13:11","modified_gmt":"2020-10-10T10:13:11","slug":"les-moyen-age-daujourdhui-en-classe-dhistoire","status":"publish","type":"post","link":"https:\/\/lyonelkaufmann.ch\/histoire\/2020\/10\/10\/les-moyen-age-daujourdhui-en-classe-dhistoire\/","title":{"rendered":"Les Moyen \u00c2ge d\u2019aujourd\u2019hui en classe d\u2019histoire"},"content":{"rendered":"<p><strong>Dans <em>M\u00e9di\u00e9val et militant. Penser le contemporain \u00e0 travers le Moyen \u00c2ge<\/em>, Tommaso di Carpegna Falconieri offre aux enseignant\u2022es d\u2019histoire un essai passionnant et fort utile sur les diff\u00e9rentes r\u00e9appropriations du Moyen \u00c2ge.<\/strong><\/p>\n<p><a href=\"https:\/\/i0.wp.com\/lyonelkaufmann.ch\/histoire\/wp-content\/uploads\/2020\/10\/28405100875550L.jpg?ssl=1\"><img data-recalc-dims=\"1\" loading=\"lazy\" decoding=\"async\" data-attachment-id=\"17747\" data-permalink=\"https:\/\/lyonelkaufmann.ch\/histoire\/2020\/10\/10\/les-moyen-age-daujourdhui-en-classe-dhistoire\/28405100875550l\/\" data-orig-file=\"https:\/\/i0.wp.com\/lyonelkaufmann.ch\/histoire\/wp-content\/uploads\/2020\/10\/28405100875550L-e1678963496510.jpg?fit=478%2C720&amp;ssl=1\" data-orig-size=\"478,720\" data-comments-opened=\"1\" data-image-meta=\"{&quot;aperture&quot;:&quot;0&quot;,&quot;credit&quot;:&quot;&quot;,&quot;camera&quot;:&quot;&quot;,&quot;caption&quot;:&quot;&quot;,&quot;created_timestamp&quot;:&quot;0&quot;,&quot;copyright&quot;:&quot;&quot;,&quot;focal_length&quot;:&quot;0&quot;,&quot;iso&quot;:&quot;0&quot;,&quot;shutter_speed&quot;:&quot;0&quot;,&quot;title&quot;:&quot;&quot;,&quot;orientation&quot;:&quot;0&quot;}\" data-image-title=\"28405100875550L\" data-image-description=\"\" data-image-caption=\"\" data-large-file=\"https:\/\/i0.wp.com\/lyonelkaufmann.ch\/histoire\/wp-content\/uploads\/2020\/10\/28405100875550L-e1678963496510.jpg?fit=700%2C1054&amp;ssl=1\" class=\"wp-image-17747 aligncenter\" src=\"https:\/\/i0.wp.com\/lyonelkaufmann.ch\/histoire\/wp-content\/uploads\/2020\/10\/28405100875550L.jpg?resize=296%2C445&#038;ssl=1\" alt=\"\" width=\"296\" height=\"445\" \/><\/a><\/p>\n<h2>Au c\u0153ur du m\u00e9di\u00e9valisme<\/h2>\n<p>Contrairement \u00e0 ce que laisse entendre le sous-titre de l\u2019\u00e9dition fran\u00e7aise de cet ouvrage paru initialement en italien en 2011, il ne s\u2019agit pas de \u00ab penser le contemporain \u00e0 travers le Moyen \u00c2ge \u00bb, mais de s\u2019interroger sur les diff\u00e9rentes r\u00e9appropriations et r\u00e9inventions du Moyen \u00c2ge aujourd\u2019hui.<\/p>\n<p>Du cin\u00e9ma aux jeux vid\u00e9os en passant par les discours publics, les s\u00e9ries t\u00e9l\u00e9s, les f\u00eates m\u00e9di\u00e9vales, la fantasy : le Moyen \u00c2ge est sans cesse convoqu\u00e9, voire m\u00eame invoqu\u00e9. Mais ce Moyen \u00c2ge, ce n\u2019est plus celui des m\u00e9di\u00e9vistes. L\u2019auteur pose en effet le constat d\u2019une coupure nette entre le Moyen \u00c2ge des historiens et le Moyen \u00c2ge que tout le monde a en t\u00eate ; ce Moyen \u00c2ge-l\u00e0 est transmis par toute une s\u00e9rie d\u2019autres acteurs, qui se r\u00e9approprient cette mati\u00e8re selon leurs propres id\u00e9aux et leurs propres pr\u00e9occupations. Cette r\u00e9invention du Moyen \u00c2ge, c\u2019est ce que l\u2019on appelle le m\u00e9di\u00e9valisme.<\/p>\n<p>L\u2019auteur balaye, en douze chapitres tr\u00e8s denses et appuy\u00e9s sur des exemples r\u00e9cents, ces r\u00e9utilisations contemporaines de la p\u00e9riode m\u00e9di\u00e9vale. Pour Nonfiction,<\/p>\n<blockquote><p>La grande force du livre, c\u2019est sa richesse et sa diversit\u00e9 dans les exemples pr\u00e9sent\u00e9s, l\u2019auteur sachant en effet montrer toute l\u2019ambivalence de la p\u00e9riode m\u00e9di\u00e9vale. Il n\u2019y a ni coh\u00e9rence ni continuit\u00e9 dans le m\u00e9di\u00e9valisme : le Moyen \u00c2ge est une p\u00e9riode si vaste, couvrant plus d\u2019un mill\u00e9naire, qu\u2019il peut \u00eatre r\u00e9cup\u00e9r\u00e9 par tous et pour tout.<\/p><\/blockquote>\n<p>Les romanciers, les journalistes, les organisateurs de f\u00eates m\u00e9di\u00e9vales, tous ceux qui aiment se d\u00e9guiser en Vikings ou en Templiers, contribuent \u00e0 inventer des Moyen \u00c2ge, qui n\u2019ont bien souvent que peu \u00e0 voir avec la r\u00e9alit\u00e9 historique mais qui cr\u00e9ent \u00e0 leur tour des r\u00e9alit\u00e9s.<\/p>\n<h2>Ces Moyens \u00c2ges en classe d\u2019histoire et en lien avec le Plan d\u2019\u00e9tudes romand (PER)<\/h2>\n<p>Ces Moyen \u00c2ge peuvent d\u2019une mani\u00e8re ou d\u2019une autre surgir dans la classe ou \u00eatre pr\u00e9sent dans l\u2019imaginaire de nos \u00e9l\u00e8ves. Il appara\u00eet donc comme important que ceux-ci soient connus des enseignant\u2022es.<\/p>\n<p>Par ailleurs, le Plan d\u2019\u00e9tudes romand pr\u00e9voit de travailler les dimensions mythes et r\u00e9alit\u00e9 au cycle 2 et les repr\u00e9sentations de l\u2019histoire et le rapport mythe et histoire au cycle 3.<\/p>\n<p>Ainsi, sp\u00e9cifiquement <strong>au cycle 2 et en 7e-8e Harmos<\/strong> qui aborde le Moyen-\u00c2ge, la progression des apprentissage attend des \u00e9l\u00e8ves concernant <em>Mythes et r\u00e9alit\u00e9<\/em> qu\u2019iels comparent <em>\u00ab diverses sources concernant un \u00e9v\u00e9nement ou une p\u00e9riode et mise en \u00e9vidence de l\u2019\u00e9volution des repr\u00e9sentations<\/em> \u00bb et distinguent fiction (r\u00e9cit, mythe, l\u00e9gende,\u2026) et r\u00e9alit\u00e9.<\/p>\n<p>Dans les attentes fondamentales correspondant \u00e0 ces \u00e9l\u00e9ments, les \u00e9l\u00e8ves doivent \u00eatre en mesure de distinguer les personnages historiques des h\u00e9ros de fiction et d\u2019identifier des diff\u00e9rences de repr\u00e9sentation \u00e0 propos d\u2019un \u00e9v\u00e9nement, d\u2019une p\u00e9riode.<\/p>\n<p><strong>Au cycle 3<\/strong>, les d\u00e9marches historiennes abordent notamment la question des repr\u00e9sentations de l\u2019histoire et le rapport histoire et m\u00e9moire.<\/p>\n<p>Concernant les repr\u00e9sentations de l\u2019histoire, il s\u2019agit pour les \u00e9l\u00e8ves de<\/p>\n<ul>\n<li>identifier les r\u00e9f\u00e9rences historiques dans des repr\u00e9sentations documentaires, ou de fiction;<\/li>\n<li>comparer de fa\u00e7on critique une repr\u00e9sentation documentaire ou une fiction \u00e0 une source historique.<\/li>\n<\/ul>\n<p>Le rapport histoire et m\u00e9moire est particuli\u00e8rement d\u00e9velopp\u00e9 dans le PER et riche en potentialit\u00e9 en lien avec l\u2019ouvrage de Tommaso di Carpegna Falconieri.<\/p>\n<p>Il peut ainsi s\u2019agir en 9e Harmos o\u00f9 le Moyen \u00c2ge est objet d\u2019\u00e9tude de<\/p>\n<ul>\n<li>identifier des diff\u00e9rentes manifestations de la m\u00e9moire en tant que construction humaine (mythes, comm\u00e9morations, biographies, chroniques, mus\u00e9es,\u2026)\n<ul>\n<li>identifier des diff\u00e9rences entre le r\u00e9cit d\u2019un t\u00e9moin et un texte d\u2019histoire savante<\/li>\n<li>confronter mythe et r\u00e9alit\u00e9 (Cr\u00e9ation du monde, fondation de Rome, Charlemagne, Guillaume Tell,\u2026)<\/li>\n<\/ul>\n<\/li>\n<\/ul>\n<p>Ce livre sera tout \u00e0 fait n\u00e9cessaire et appropri\u00e9 pour les enseignant\u2022es d\u00e9sireux d\u2019entreprendre un travail avec un personnage tel que Charlemagne.<\/p>\n<p>Mais \u00e9galement d\u2019aborder<\/p>\n<ul>\n<li>l\u2019analyse de l\u2019utilisation de la tradition dans la reconstitution du pass\u00e9 et l\u2019interpr\u00e9tation du pr\u00e9sent (cr\u00e9ation des \u00c9tats-nations aux XIXe et XXe si\u00e8cles,\u2026);<\/li>\n<li>la comparaison de la repr\u00e9sentation d\u2019un \u00e9v\u00e9nement dans le pass\u00e9 et actuellement (Jeux olympiques,\u2026);<\/li>\n<li>l\u2019observation de l\u2019\u00e9volution des mentalit\u00e9s et de la m\u00e9moire collective par la comparaison de sources secondes d\u2019\u00e9poques diff\u00e9rentes concernant un m\u00eame th\u00e8me;<\/li>\n<li>la formulation d\u2019hypoth\u00e8ses sur la comm\u00e9moration et l\u2019utilisation du pass\u00e9 \u00e0 diff\u00e9rentes \u00e9poques.<\/li>\n<\/ul>\n<p>Que de choses passionnantes \u00e0 aborder en histoire avec nos \u00e9l\u00e8ves en 9e Harmos en \u00e9tudiant le Moyen \u00c2ge.<\/p>\n<p><strong>R\u00e9f\u00e9rence de l\u2019ouvrage :<\/strong> di Carpegna Falconieri, T. (2015). <em>M\u00e9di\u00e9val et militant. Penser le contemporain \u00e0 travers le Moyen \u00c2ge<\/em>, Paris: Publications de la Sorbonne.<\/p>\n<p><strong>Compte rendu de l\u2019ouvrage :<\/strong><\/p>\n<ul>\n<li><a href=\"https:\/\/www.nonfiction.fr\/article-8066-les-moyen-age-daujourdhui.htm\">Les Moyen \u00c2ge d\u2019aujourd\u2019hui | Nonfiction.fr<\/a><\/li>\n<li><strong>Jan <span class=\"familyName\">Burzlaff<\/span><\/strong>, \u00ab\u00a0<span lang=\"fr\" xml:lang=\"fr\">Tommaso di Carpegna Falconieri, <em>M\u00e9di\u00e9val et militant. Penser le contemporain \u00e0 travers le Moyen \u00c2ge<\/em><\/span>\u00a0\u00bb,\u00a0<em>Lectures<\/em> [En ligne], Les comptes rendus, mis en ligne le 24 novembre 2015, consult\u00e9 le 10 octobre 2020. URL\u00a0: <a href=\"http:\/\/journals.openedition.org\/lectures\/19566\" target=\"_blank\" rel=\"nofollow noopener noreferrer\">http:\/\/journals.openedition.org\/lectures\/19566<\/a>\u00a0; DOI\u00a0: https:\/\/doi.org\/10.4000\/lectures.19566<\/li>\n<\/ul>\n<p><strong>Liens Plan d\u2019\u00e9tudes romands (PER) :<\/strong><\/p>\n<ul>\n<li>PER SHS22 : <a href=\"https:\/\/www.plandetudes.ch\/web\/guest\/SHS_22\/\">https:\/\/www.plandetudes.ch\/web\/guest\/SHS_22\/<\/a><\/li>\n<li>PER SHS32 : <a href=\"https:\/\/www.plandetudes.ch\/web\/guest\/SHS_32\/\">https:\/\/www.plandetudes.ch\/web\/guest\/SHS_32\/<\/a><\/li>\n<\/ul>\n","protected":false},"excerpt":{"rendered":"<p>Dans M\u00e9di\u00e9val et militant. Penser le contemporain \u00e0 travers le Moyen \u00c2ge, Tommaso di Carpegna Falconieri offre aux enseignant\u2022es d\u2019histoire un essai passionnant et fort utile sur les diff\u00e9rentes r\u00e9appropriations du Moyen \u00c2ge. Au c\u0153ur du m\u00e9di\u00e9valisme Contrairement \u00e0 ce que laisse entendre le sous-titre de l\u2019\u00e9dition fran\u00e7aise de cet ouvrage paru initialement en italien [&hellip;]<\/p>\n","protected":false},"author":1,"featured_media":17747,"comment_status":"open","ping_status":"open","sticky":false,"template":"","format":"standard","meta":{"_import_markdown_pro_load_document_selector":0,"_import_markdown_pro_submit_text_textarea":"","_genesis_hide_title":false,"_genesis_hide_breadcrumbs":false,"_genesis_hide_singular_image":false,"_genesis_hide_footer_widgets":false,"_genesis_custom_body_class":"","_genesis_custom_post_class":"","_genesis_layout":"","jetpack_post_was_ever_published":false,"_jetpack_newsletter_access":"","_jetpack_dont_email_post_to_subs":false,"_jetpack_newsletter_tier_id":0,"_jetpack_memberships_contains_paywalled_content":false,"_jetpack_memberships_contains_paid_content":false,"footnotes":"","jetpack_publicize_message":"","jetpack_publicize_feature_enabled":true,"jetpack_social_post_already_shared":true,"jetpack_social_options":{"image_generator_settings":{"template":"highway","default_image_id":0,"font":"","enabled":false},"version":2}},"categories":[3,5,16],"tags":[],"class_list":{"0":"post-17746","1":"post","2":"type-post","3":"status-publish","4":"format-standard","5":"has-post-thumbnail","7":"category-didactique","8":"category-histoire-savante","9":"category-publications","10":"entry"},"jetpack_publicize_connections":[],"featured_image_src":"https:\/\/i0.wp.com\/lyonelkaufmann.ch\/histoire\/wp-content\/uploads\/2020\/10\/28405100875550L-e1678963496510.jpg?resize=478%2C400&ssl=1","featured_image_src_square":"https:\/\/i0.wp.com\/lyonelkaufmann.ch\/histoire\/wp-content\/uploads\/2020\/10\/28405100875550L-e1678963496510.jpg?resize=478%2C600&ssl=1","author_info":{"display_name":"Lyonel Kaufmann","author_link":"https:\/\/lyonelkaufmann.ch\/histoire\/author\/lyonelk\/"},"jetpack_featured_media_url":"https:\/\/i0.wp.com\/lyonelkaufmann.ch\/histoire\/wp-content\/uploads\/2020\/10\/28405100875550L-e1678963496510.jpg?fit=478%2C720&ssl=1","jetpack_sharing_enabled":true,"jetpack_shortlink":"https:\/\/wp.me\/p1rJVM-4Ce","jetpack_likes_enabled":true,"jetpack-related-posts":[{"id":12188,"url":"https:\/\/lyonelkaufmann.ch\/histoire\/2016\/10\/21\/frequence-medievale-les-usages-du-moyen-age-aujourdhui\/","url_meta":{"origin":17746,"position":0},"title":"Fr\u00e9quence M\u00e9di\u00e9vale : les usages du Moyen \u00e2ge aujourd\u2019hui","author":"Lyonel Kaufmann","date":"21 octobre 2016","format":false,"excerpt":"L\u2019\u00e9poque m\u00e9di\u00e9vale est largement pr\u00e9sente dans les discours politiques contemporains. Il est devenu un champ de bataille politique. Histoire m\u00e9di\u00e9vale a invit\u00e9 Tommaso di Carpegna Falconieri, professeur d\u2019histoire m\u00e9di\u00e9vale \u00e0 l\u2019universit\u00e9 d\u2019Urbino, pour en parler. Ce dernier vient de publier en fran\u00e7ais (aux Publications de la Sorbonne, \u00e9dit\u00e9 par Beno\u00eet\u2026","rel":"","context":"Dans &quot;Histoire savante&quot;","block_context":{"text":"Histoire savante","link":"https:\/\/lyonelkaufmann.ch\/histoire\/category\/didactique\/histoire-savante\/"},"img":{"alt_text":"","src":"https:\/\/i0.wp.com\/lyonelkaufmann.ch\/histoire\/wp-content\/uploads\/2016\/10\/Image-20.10.16-01-40.jpeg?fit=1200%2C800&ssl=1&resize=350%2C200","width":350,"height":200,"srcset":"https:\/\/i0.wp.com\/lyonelkaufmann.ch\/histoire\/wp-content\/uploads\/2016\/10\/Image-20.10.16-01-40.jpeg?fit=1200%2C800&ssl=1&resize=350%2C200 1x, https:\/\/i0.wp.com\/lyonelkaufmann.ch\/histoire\/wp-content\/uploads\/2016\/10\/Image-20.10.16-01-40.jpeg?fit=1200%2C800&ssl=1&resize=525%2C300 1.5x, https:\/\/i0.wp.com\/lyonelkaufmann.ch\/histoire\/wp-content\/uploads\/2016\/10\/Image-20.10.16-01-40.jpeg?fit=1200%2C800&ssl=1&resize=700%2C400 2x, https:\/\/i0.wp.com\/lyonelkaufmann.ch\/histoire\/wp-content\/uploads\/2016\/10\/Image-20.10.16-01-40.jpeg?fit=1200%2C800&ssl=1&resize=1050%2C600 3x"},"classes":[]},{"id":13687,"url":"https:\/\/lyonelkaufmann.ch\/histoire\/2017\/12\/31\/les-moyen-age-de-game-of-thrones-cahiers-de-recherches-medievales-et-humanistes\/","url_meta":{"origin":17746,"position":1},"title":"Les Moyen \u00c2ge de Game of Thrones |\u00a0Cahiers de recherches m\u00e9di\u00e9vales et humanistes","author":"Lyonel Kaufmann","date":"31 d\u00e9cembre 2017","format":false,"excerpt":"Florian Besson, Catherine Kikuchi et C\u00e9cile Troadec nous offrent un tr\u00e8s int\u00e9ressant article relativement \u00e0 la grande saga de\u00a0George R.R. Martin, A Song of Ice and Fire, et sa c\u00e9l\u00e8bre adaptation en s\u00e9rie t\u00e9l\u00e9, Game of Thrones. Au vu du succ\u00e8s rencontr\u00e9s par cette saga, cette article int\u00e9ressera tout\u00a0enseignant en\u00a0charge\u2026","rel":"","context":"Dans &quot;Histoire savante&quot;","block_context":{"text":"Histoire savante","link":"https:\/\/lyonelkaufmann.ch\/histoire\/category\/didactique\/histoire-savante\/"},"img":{"alt_text":"","src":"https:\/\/i0.wp.com\/lyonelkaufmann.ch\/histoire\/wp-content\/uploads\/2017\/12\/RSLocalFile-17A4AC86-B3BD-4864-8155-8F8A5FC1C0CD.png?fit=941%2C530&ssl=1&resize=350%2C200","width":350,"height":200,"srcset":"https:\/\/i0.wp.com\/lyonelkaufmann.ch\/histoire\/wp-content\/uploads\/2017\/12\/RSLocalFile-17A4AC86-B3BD-4864-8155-8F8A5FC1C0CD.png?fit=941%2C530&ssl=1&resize=350%2C200 1x, https:\/\/i0.wp.com\/lyonelkaufmann.ch\/histoire\/wp-content\/uploads\/2017\/12\/RSLocalFile-17A4AC86-B3BD-4864-8155-8F8A5FC1C0CD.png?fit=941%2C530&ssl=1&resize=525%2C300 1.5x, https:\/\/i0.wp.com\/lyonelkaufmann.ch\/histoire\/wp-content\/uploads\/2017\/12\/RSLocalFile-17A4AC86-B3BD-4864-8155-8F8A5FC1C0CD.png?fit=941%2C530&ssl=1&resize=700%2C400 2x"},"classes":[]},{"id":12433,"url":"https:\/\/lyonelkaufmann.ch\/histoire\/2016\/11\/30\/le-moyen-age-mis-en-bulles\/","url_meta":{"origin":17746,"position":2},"title":"Le Moyen-\u00c2ge mis en bulles","author":"Lyonel Kaufmann","date":"30 novembre 2016","format":false,"excerpt":"Les \u0117ditions Karthala nous propose un recueil d'articles, sous la direction de Tristan Martine, qui interroge les repr\u00e9sentations de la p\u00e9riode m\u00e9di\u00e9vale dans les bandes dessin\u00e9es contemporaines. Cet ouvrage, issu d\u2019une journ\u00e9e d\u2019\u00e9tudes organis\u00e9e en juin 2014, se situe au carrefour de deux champs de recherches. D\u2019un c\u00f4t\u00e9, l\u2019\u00e9tude de\u2026","rel":"","context":"Dans &quot;Histoire active&quot;","block_context":{"text":"Histoire active","link":"https:\/\/lyonelkaufmann.ch\/histoire\/category\/didactique\/histoire-active\/"},"img":{"alt_text":"","src":"https:\/\/i0.wp.com\/lyonelkaufmann.ch\/histoire\/wp-content\/uploads\/2016\/11\/Image-30.11.16-01-07.jpeg?resize=350%2C200&ssl=1","width":350,"height":200},"classes":[]},{"id":11233,"url":"https:\/\/lyonelkaufmann.ch\/histoire\/2016\/03\/25\/les-moyens-ages-de-la-grande-guerre\/","url_meta":{"origin":17746,"position":3},"title":"Les Moyens \u00c2ges de la Grande Guerre","author":"Lyonel Kaufmann","date":"25 mars 2016","format":false,"excerpt":"\u00a0 La Premi\u00e8re Guerre mondiale est souvent d\u00e9crite comme le premier conflit industriel et la premi\u00e8re guerre totale. De chaque c\u00f4t\u00e9 des tranch\u00e9es, non seulement les combattants, mais l\u2019ensemble des populations est mobilis\u00e9. M\u00eame le pass\u00e9, et particuli\u00e8rement le Moyen \u00c2ge, endosse l\u2019uniforme, parfois, comme nous allons le voir, de\u2026","rel":"","context":"Dans &quot;Histoire savante&quot;","block_context":{"text":"Histoire savante","link":"https:\/\/lyonelkaufmann.ch\/histoire\/category\/didactique\/histoire-savante\/"},"img":{"alt_text":"","src":"https:\/\/i0.wp.com\/lyonelkaufmann.ch\/histoire\/wp-content\/uploads\/2016\/03\/pershings_crusader_detail.jpg?fit=951%2C550&ssl=1&resize=350%2C200","width":350,"height":200,"srcset":"https:\/\/i0.wp.com\/lyonelkaufmann.ch\/histoire\/wp-content\/uploads\/2016\/03\/pershings_crusader_detail.jpg?fit=951%2C550&ssl=1&resize=350%2C200 1x, https:\/\/i0.wp.com\/lyonelkaufmann.ch\/histoire\/wp-content\/uploads\/2016\/03\/pershings_crusader_detail.jpg?fit=951%2C550&ssl=1&resize=525%2C300 1.5x, https:\/\/i0.wp.com\/lyonelkaufmann.ch\/histoire\/wp-content\/uploads\/2016\/03\/pershings_crusader_detail.jpg?fit=951%2C550&ssl=1&resize=700%2C400 2x"},"classes":[]},{"id":9600,"url":"https:\/\/lyonelkaufmann.ch\/histoire\/2015\/04\/02\/ludification-comment-le-moyen-age-est-devenu-super-lol-sur-internet-aquops\/","url_meta":{"origin":17746,"position":4},"title":"Ludification : Comment le Moyen Age est devenu super LOL sur Internet | #AQUOPS","author":"Lyonel Kaufmann","date":"2 avril 2015","format":false,"excerpt":"Cet\u00a0article de Slate.fr tombe \u00e0 pic en rapport avec mon sc\u00e9nario de ludification en pr\u00e9paration concernant Game of Thrones et le Moyen-\u00c2ge !\u00a0 Quand on fait r\u00e9f\u00e9rence au Moyen Age dans la presse, c'est souvent pour \u00e9voquer la\u00a0\u00abbarbarie m\u00e9di\u00e9vale\u00bb\u00a0de l'Etat islamique, dont les ex\u00e9cutions publiques rappellent en effet certains supplices\u2026","rel":"","context":"Dans &quot;Histoire active&quot;","block_context":{"text":"Histoire active","link":"https:\/\/lyonelkaufmann.ch\/histoire\/category\/didactique\/histoire-active\/"},"img":{"alt_text":"","src":"https:\/\/i0.wp.com\/lyonelkaufmann.ch\/histoire\/wp-content\/uploads\/2015\/04\/tweet.png?fit=513%2C555&ssl=1&resize=350%2C200","width":350,"height":200},"classes":[]},{"id":10712,"url":"https:\/\/lyonelkaufmann.ch\/histoire\/2015\/12\/18\/moyen-age-ce-quil-en-reste-thot-cursus\/","url_meta":{"origin":17746,"position":5},"title":"Moyen-\u00c2ge, ce qu&rsquo;il en reste | Thot Cursus","author":"Lyonel Kaufmann","date":"18 d\u00e9cembre 2015","format":false,"excerpt":"Thot Cursus nous pr\u00e9sente un int\u00e9ressant dossier sur le Moyen-\u00c2ge ce qu'il en reste. Le dossier pr\u00e9sente un ensemble de ressources en ligne avec un axe particulier sur les p\u00e9dagogies actives et les jeux (s\u00e9rieux, vid\u00e9os, de r\u00f4le\u2026). Parmi les diff\u00e9rentes ressources nous signalons plus particuli\u00e8rement : Moyen-Age et jeux\u2026","rel":"","context":"Dans &quot;M\u00e9dias et technologies&quot;","block_context":{"text":"M\u00e9dias et technologies","link":"https:\/\/lyonelkaufmann.ch\/histoire\/category\/medias-et-technologies\/"},"img":{"alt_text":"","src":"https:\/\/i0.wp.com\/lyonelkaufmann.ch\/histoire\/wp-content\/uploads\/2015\/12\/Enlumin.png?resize=350%2C200","width":350,"height":200},"classes":[]}],"_links":{"self":[{"href":"https:\/\/lyonelkaufmann.ch\/histoire\/wp-json\/wp\/v2\/posts\/17746","targetHints":{"allow":["GET"]}}],"collection":[{"href":"https:\/\/lyonelkaufmann.ch\/histoire\/wp-json\/wp\/v2\/posts"}],"about":[{"href":"https:\/\/lyonelkaufmann.ch\/histoire\/wp-json\/wp\/v2\/types\/post"}],"author":[{"embeddable":true,"href":"https:\/\/lyonelkaufmann.ch\/histoire\/wp-json\/wp\/v2\/users\/1"}],"replies":[{"embeddable":true,"href":"https:\/\/lyonelkaufmann.ch\/histoire\/wp-json\/wp\/v2\/comments?post=17746"}],"version-history":[{"count":0,"href":"https:\/\/lyonelkaufmann.ch\/histoire\/wp-json\/wp\/v2\/posts\/17746\/revisions"}],"wp:featuredmedia":[{"embeddable":true,"href":"https:\/\/lyonelkaufmann.ch\/histoire\/wp-json\/wp\/v2\/media\/17747"}],"wp:attachment":[{"href":"https:\/\/lyonelkaufmann.ch\/histoire\/wp-json\/wp\/v2\/media?parent=17746"}],"wp:term":[{"taxonomy":"category","embeddable":true,"href":"https:\/\/lyonelkaufmann.ch\/histoire\/wp-json\/wp\/v2\/categories?post=17746"},{"taxonomy":"post_tag","embeddable":true,"href":"https:\/\/lyonelkaufmann.ch\/histoire\/wp-json\/wp\/v2\/tags?post=17746"}],"curies":[{"name":"wp","href":"https:\/\/api.w.org\/{rel}","templated":true}]}}