{"id":17928,"date":"2020-12-17T22:50:27","date_gmt":"2020-12-17T21:50:27","guid":{"rendered":"https:\/\/lyonelkaufmann.ch\/histoire\/?p=17928"},"modified":"2020-12-17T22:50:27","modified_gmt":"2020-12-17T21:50:27","slug":"une-autre-page-dhistoire-le-blogue-de-richard-hetu","status":"publish","type":"post","link":"https:\/\/lyonelkaufmann.ch\/histoire\/2020\/12\/17\/une-autre-page-dhistoire-le-blogue-de-richard-hetu\/","title":{"rendered":"Une autre page d\u2019histoire | Le blogue de Richard H\u00e9tu"},"content":{"rendered":"<p><img data-recalc-dims=\"1\" loading=\"lazy\" decoding=\"async\" style=\"display: block; margin-left: auto; margin-right: auto;\" title=\"779bcb7f-99a4-4ebc-bb12-1bb8cdd0aa47-AFP_AFP_1BY4TY.jpg\" src=\"https:\/\/i0.wp.com\/lyonelkaufmann.ch\/histoire\/wp-content\/uploads\/2020\/12\/779bcb7f-99a4-4ebc-bb12-1bb8cdd0aa47-AFP_AFP_1BY4TY-1.jpg?resize=599%2C432&#038;ssl=1\" alt=\"779bcb7f 99a4 4ebc bb12 1bb8cdd0aa47 AFP AFP 1BY4TY\" width=\"599\" height=\"432\" border=\"0\" \/><\/p>\n<p>Joe Biden cr\u00e9era un autre pr\u00e9c\u00e9dent <a href=\"https:\/\/www.usatoday.com\/story\/news\/politics\/2020\/12\/17\/joe-biden-selects-deb-haaland-lead-interior-first-native-american-role\/3778041001\/\">en nommant la repr\u00e9sentante d\u00e9mocrate Deb Haaland<\/a> au poste de secr\u00e9taire \u00e0 l\u2019Int\u00e9rieur. Membre de la tribu pueblo Laguna, Haaland deviendra la premi\u00e8re personne issue d\u2019une nation am\u00e9rindienne \u00e0 faire partie d\u2019un cabinet pr\u00e9sidentiel, si elle est confirm\u00e9e par le S\u00e9nat. Et pas \u00e0 n\u2019importe quel poste.<\/p>\n<p>Source : <a href=\"https:\/\/richardhetu.com\/2020\/12\/17\/une-autre-page-dhistoire\/\">Une autre page d\u2019histoire | Le blogue de Richard H\u00e9tu<\/a><\/p>\n","protected":false},"excerpt":{"rendered":"<p>Joe Biden cr\u00e9era un autre pr\u00e9c\u00e9dent en nommant la repr\u00e9sentante d\u00e9mocrate Deb Haaland au poste de secr\u00e9taire \u00e0 l\u2019Int\u00e9rieur. Membre de la tribu pueblo Laguna, Haaland deviendra la premi\u00e8re personne issue d\u2019une nation am\u00e9rindienne \u00e0 faire partie d\u2019un cabinet pr\u00e9sidentiel, si elle est confirm\u00e9e par le S\u00e9nat. Et pas \u00e0 n\u2019importe quel poste. Source : [&hellip;]<\/p>\n","protected":false},"author":1,"featured_media":17926,"comment_status":"open","ping_status":"closed","sticky":false,"template":"","format":"standard","meta":{"_import_markdown_pro_load_document_selector":0,"_import_markdown_pro_submit_text_textarea":"","_genesis_hide_title":false,"_genesis_hide_breadcrumbs":false,"_genesis_hide_singular_image":false,"_genesis_hide_footer_widgets":false,"_genesis_custom_body_class":"","_genesis_custom_post_class":"","_genesis_layout":"","jetpack_post_was_ever_published":false,"_jetpack_newsletter_access":"","_jetpack_dont_email_post_to_subs":false,"_jetpack_newsletter_tier_id":0,"_jetpack_memberships_contains_paywalled_content":false,"_jetpack_memberships_contains_paid_content":false,"footnotes":"","jetpack_publicize_message":"","jetpack_publicize_feature_enabled":true,"jetpack_social_post_already_shared":true,"jetpack_social_options":{"image_generator_settings":{"template":"highway","default_image_id":0,"font":"","enabled":false},"version":2}},"categories":[11],"tags":[],"class_list":{"0":"post-17928","1":"post","2":"type-post","3":"status-publish","4":"format-standard","5":"has-post-thumbnail","7":"category-nouvelles-de-lhistoire","8":"entry"},"jetpack_publicize_connections":[],"featured_image_src":"https:\/\/i0.wp.com\/lyonelkaufmann.ch\/histoire\/wp-content\/uploads\/2020\/12\/779bcb7f-99a4-4ebc-bb12-1bb8cdd0aa47-AFP_AFP_1BY4TY.jpg?resize=600%2C400&ssl=1","featured_image_src_square":"https:\/\/i0.wp.com\/lyonelkaufmann.ch\/histoire\/wp-content\/uploads\/2020\/12\/779bcb7f-99a4-4ebc-bb12-1bb8cdd0aa47-AFP_AFP_1BY4TY.jpg?resize=600%2C476&ssl=1","author_info":{"display_name":"Lyonel Kaufmann","author_link":"https:\/\/lyonelkaufmann.ch\/histoire\/author\/lyonelk\/"},"jetpack_featured_media_url":"https:\/\/i0.wp.com\/lyonelkaufmann.ch\/histoire\/wp-content\/uploads\/2020\/12\/779bcb7f-99a4-4ebc-bb12-1bb8cdd0aa47-AFP_AFP_1BY4TY.jpg?fit=660%2C476&ssl=1","jetpack_sharing_enabled":true,"jetpack_shortlink":"https:\/\/wp.me\/p1rJVM-4Fa","jetpack_likes_enabled":true,"jetpack-related-posts":[{"id":19425,"url":"https:\/\/lyonelkaufmann.ch\/histoire\/2023\/01\/19\/wes-moore-un-gouverneur-a-surveiller-le-blogue-de-richard-hetu\/","url_meta":{"origin":17928,"position":0},"title":"Wes Moore, un gouverneur \u00e0 surveiller | Le blogue de Richard H\u00e9tu","author":"Lyonel Kaufmann","date":"19 janvier 2023","format":false,"excerpt":"\u00ab Du fond de mon c\u0153ur, je vous remercie de l\u2019honneur que vous m\u2019avez fait \u00bb, a d\u00e9clar\u00e9 Wes Moore au cours de son discours d\u2019investiture. \u00ab Nous sommes \u00e0 quelques p\u00e2t\u00e9s de maisons des docks d\u2019Annapolis, o\u00f9 tant de personnes r\u00e9duites en esclavage sont arriv\u00e9es dans ce pays contre\u2026","rel":"","context":"Dans &quot;Nouvelles de l'histoire&quot;","block_context":{"text":"Nouvelles de l'histoire","link":"https:\/\/lyonelkaufmann.ch\/histoire\/category\/nouvelles-de-lhistoire\/"},"img":{"alt_text":"","src":"https:\/\/i0.wp.com\/lyonelkaufmann.ch\/histoire\/wp-content\/uploads\/2023\/01\/gou.webp?fit=1200%2C973&ssl=1&resize=350%2C200","width":350,"height":200,"srcset":"https:\/\/i0.wp.com\/lyonelkaufmann.ch\/histoire\/wp-content\/uploads\/2023\/01\/gou.webp?fit=1200%2C973&ssl=1&resize=350%2C200 1x, https:\/\/i0.wp.com\/lyonelkaufmann.ch\/histoire\/wp-content\/uploads\/2023\/01\/gou.webp?fit=1200%2C973&ssl=1&resize=525%2C300 1.5x, https:\/\/i0.wp.com\/lyonelkaufmann.ch\/histoire\/wp-content\/uploads\/2023\/01\/gou.webp?fit=1200%2C973&ssl=1&resize=700%2C400 2x, https:\/\/i0.wp.com\/lyonelkaufmann.ch\/histoire\/wp-content\/uploads\/2023\/01\/gou.webp?fit=1200%2C973&ssl=1&resize=1050%2C600 3x"},"classes":[]},{"id":16938,"url":"https:\/\/lyonelkaufmann.ch\/histoire\/2020\/01\/20\/la-photo-du-jour\/","url_meta":{"origin":17928,"position":1},"title":"\u00c9tats- Unis : le commissariat aux archives au temps de Trump","author":"Lyonel Kaufmann","date":"20 janvier 2020","format":false,"excerpt":"Dans des syst\u00e8mes politiques o\u00f9 l\u2019histoire adopte une g\u00e9om\u00e9trie variable, et au fur et \u00e0 mesure que se d\u00e9voilent tra\u00eetres, agents de l\u2019\u00e9tranger, ennemis du peuple et autres ren\u00e9gats, l\u2019image fixe est toujours en retard d\u2019une purge ou d\u2019une r\u00e9vision. D\u2019o\u00f9 la tentation de la falsifier. En 1987, Alain Jaubert\u2026","rel":"","context":"Dans &quot;M\u00e9dias et technologies&quot;","block_context":{"text":"M\u00e9dias et technologies","link":"https:\/\/lyonelkaufmann.ch\/histoire\/category\/medias-et-technologies\/"},"img":{"alt_text":"","src":"https:\/\/i0.wp.com\/lyonelkaufmann.ch\/histoire\/wp-content\/uploads\/2020\/01\/img_0456.jpg?fit=780%2C438&ssl=1&resize=350%2C200","width":350,"height":200,"srcset":"https:\/\/i0.wp.com\/lyonelkaufmann.ch\/histoire\/wp-content\/uploads\/2020\/01\/img_0456.jpg?fit=780%2C438&ssl=1&resize=350%2C200 1x, https:\/\/i0.wp.com\/lyonelkaufmann.ch\/histoire\/wp-content\/uploads\/2020\/01\/img_0456.jpg?fit=780%2C438&ssl=1&resize=525%2C300 1.5x, https:\/\/i0.wp.com\/lyonelkaufmann.ch\/histoire\/wp-content\/uploads\/2020\/01\/img_0456.jpg?fit=780%2C438&ssl=1&resize=700%2C400 2x"},"classes":[]},{"id":16257,"url":"https:\/\/lyonelkaufmann.ch\/histoire\/2019\/08\/06\/toni-morrison-1931-2019-et-le-racisme\/","url_meta":{"origin":17928,"position":2},"title":"Toni Morrison (1931 &#8211; 2019) et le racisme","author":"Lyonel Kaufmann","date":"6 ao\u00fbt 2019","format":false,"excerpt":"\u00abLa fonction, la tr\u00e8s s\u00e9rieuse fonction du racisme, est la distraction. Il vous emp\u00eache de faire votre travail. Il vous pousse \u00e0 expliquer, encore et toujours, votre raison d\u2019\u00eatre. Quelqu\u2019un dit que vous n\u2019avez pas de langue, alors vous passez 20 ans \u00e0 prouver que vous en avez. Quelqu\u2019un dit\u2026","rel":"","context":"Dans &quot;Nouvelles de l'histoire&quot;","block_context":{"text":"Nouvelles de l'histoire","link":"https:\/\/lyonelkaufmann.ch\/histoire\/category\/nouvelles-de-lhistoire\/"},"img":{"alt_text":"","src":"https:\/\/i0.wp.com\/lyonelkaufmann.ch\/histoire\/wp-content\/uploads\/2019\/08\/3A4D5B95-C4D8-435E-A29E-5D60640666D4.fe5318eb239748dbb0322645b0662f7f.jpeg?fit=1200%2C800&ssl=1&resize=350%2C200","width":350,"height":200,"srcset":"https:\/\/i0.wp.com\/lyonelkaufmann.ch\/histoire\/wp-content\/uploads\/2019\/08\/3A4D5B95-C4D8-435E-A29E-5D60640666D4.fe5318eb239748dbb0322645b0662f7f.jpeg?fit=1200%2C800&ssl=1&resize=350%2C200 1x, https:\/\/i0.wp.com\/lyonelkaufmann.ch\/histoire\/wp-content\/uploads\/2019\/08\/3A4D5B95-C4D8-435E-A29E-5D60640666D4.fe5318eb239748dbb0322645b0662f7f.jpeg?fit=1200%2C800&ssl=1&resize=525%2C300 1.5x, https:\/\/i0.wp.com\/lyonelkaufmann.ch\/histoire\/wp-content\/uploads\/2019\/08\/3A4D5B95-C4D8-435E-A29E-5D60640666D4.fe5318eb239748dbb0322645b0662f7f.jpeg?fit=1200%2C800&ssl=1&resize=700%2C400 2x, https:\/\/i0.wp.com\/lyonelkaufmann.ch\/histoire\/wp-content\/uploads\/2019\/08\/3A4D5B95-C4D8-435E-A29E-5D60640666D4.fe5318eb239748dbb0322645b0662f7f.jpeg?fit=1200%2C800&ssl=1&resize=1050%2C600 3x"},"classes":[]},{"id":4625,"url":"https:\/\/lyonelkaufmann.ch\/histoire\/2009\/04\/23\/avant-dautoriser-la-simulation-de-noyade-sur-des\/","url_meta":{"origin":17928,"position":3},"title":"Richard H\u00e9tu\nHistoire sans m\u00e9moire ou m\u00e9moire sans histoire?","author":"Lyonel Kaufmann","date":"23 avril 2009","format":"quote","excerpt":"Avant d\u2019autoriser la simulation de noyade sur des suspects d\u2019Al-Qaeda, les responsables du gouvernement am\u00e9ricain ignoraient que les \u00c9tats-Unis avaient intent\u00e9 des proc\u00e8s pour crimes de guerre apr\u00e8s la Deuxi\u00e8me Guerre mondiale contre ceux qui y avaient recouru. Ils ne savaient pas non plus que cette forme de torture \u00e9tait\u2026","rel":"","context":"Dans &quot;Nouvelles de l'histoire&quot;","block_context":{"text":"Nouvelles de l'histoire","link":"https:\/\/lyonelkaufmann.ch\/histoire\/category\/nouvelles-de-lhistoire\/"},"img":{"alt_text":"","src":"","width":0,"height":0},"classes":[]},{"id":1418,"url":"https:\/\/lyonelkaufmann.ch\/histoire\/2009\/07\/06\/guerre-du-vietnam-deces-de-robert-mcnamara-le-temps\/","url_meta":{"origin":17928,"position":4},"title":"Guerre du Vietnam : D\u00e9c\u00e8s de Robert McNamara &#124;\u00a0Le Temps","author":"Lyonel Kaufmann","date":"6 juillet 2009","format":false,"excerpt":"Le nom de l\u2019ancien secr\u00e9taire \u00e0 la D\u00e9fense reste associ\u00e9 \u00e0 la guerre \u00e0 outrance au Vietnam, m\u00eame s\u2019il a ensuite pris ses distances avec le gouvernement am\u00e9ricain. Ainsi le temps des t\u00e9moins fait progressivement place au temps de l'histoire relativement \u00e0 la Guerre du Vietnam. LeTemps.ch | D\u00e9c\u00e8s de\u2026","rel":"","context":"Dans &quot;Nouvelles de l'histoire&quot;","block_context":{"text":"Nouvelles de l'histoire","link":"https:\/\/lyonelkaufmann.ch\/histoire\/category\/nouvelles-de-lhistoire\/"},"img":{"alt_text":"","src":"https:\/\/i0.wp.com\/lyonelkaufmann.ch\/histoire\/wp-content\/uploads\/2015\/07\/71779010-469x239.jpg?fit=469%2C239&ssl=1&resize=350%2C200","width":350,"height":200},"classes":[]},{"id":2893,"url":"https:\/\/lyonelkaufmann.ch\/histoire\/2010\/06\/20\/revue-de-presse-histoire-2-0-06202010\/","url_meta":{"origin":17928,"position":5},"title":"Revue de presse &#8211; Histoire 2.0 06\/20\/2010","author":"Lyonel Kaufmann","date":"20 juin 2010","format":false,"excerpt":"Charles de Gaulle - Paroles publiques Le site des archives audiovisuelles des discours de Charles de Gaulle. Une production de l'INA et de la fondation Charles de Gaulle. On repassera donc pour un regard distanc\u00e9 relativement au g\u00e9n\u00e9ral de Gaulle\u2026 Reste les documents Tags: RevuePresse, liens, histoire, 39-45, France, CharlesDeGaulle,\u2026","rel":"","context":"Dans &quot;Annuaire de sites&quot;","block_context":{"text":"Annuaire de sites","link":"https:\/\/lyonelkaufmann.ch\/histoire\/category\/medias-et-technologies\/annuaire-de-sites\/"},"img":{"alt_text":"","src":"","width":0,"height":0},"classes":[]}],"_links":{"self":[{"href":"https:\/\/lyonelkaufmann.ch\/histoire\/wp-json\/wp\/v2\/posts\/17928","targetHints":{"allow":["GET"]}}],"collection":[{"href":"https:\/\/lyonelkaufmann.ch\/histoire\/wp-json\/wp\/v2\/posts"}],"about":[{"href":"https:\/\/lyonelkaufmann.ch\/histoire\/wp-json\/wp\/v2\/types\/post"}],"author":[{"embeddable":true,"href":"https:\/\/lyonelkaufmann.ch\/histoire\/wp-json\/wp\/v2\/users\/1"}],"replies":[{"embeddable":true,"href":"https:\/\/lyonelkaufmann.ch\/histoire\/wp-json\/wp\/v2\/comments?post=17928"}],"version-history":[{"count":0,"href":"https:\/\/lyonelkaufmann.ch\/histoire\/wp-json\/wp\/v2\/posts\/17928\/revisions"}],"wp:featuredmedia":[{"embeddable":true,"href":"https:\/\/lyonelkaufmann.ch\/histoire\/wp-json\/wp\/v2\/media\/17926"}],"wp:attachment":[{"href":"https:\/\/lyonelkaufmann.ch\/histoire\/wp-json\/wp\/v2\/media?parent=17928"}],"wp:term":[{"taxonomy":"category","embeddable":true,"href":"https:\/\/lyonelkaufmann.ch\/histoire\/wp-json\/wp\/v2\/categories?post=17928"},{"taxonomy":"post_tag","embeddable":true,"href":"https:\/\/lyonelkaufmann.ch\/histoire\/wp-json\/wp\/v2\/tags?post=17928"}],"curies":[{"name":"wp","href":"https:\/\/api.w.org\/{rel}","templated":true}]}}