{"id":19532,"date":"2023-04-19T18:00:00","date_gmt":"2023-04-19T17:00:00","guid":{"rendered":"https:\/\/lyonelkaufmann.ch\/histoire\/?p=19532"},"modified":"2023-04-18T21:46:29","modified_gmt":"2023-04-18T20:46:29","slug":"cinema-la-conference-un-magistral-et-glacant-cours-dhistoire-sur-la-shoah","status":"publish","type":"post","link":"https:\/\/lyonelkaufmann.ch\/histoire\/2023\/04\/19\/cinema-la-conference-un-magistral-et-glacant-cours-dhistoire-sur-la-shoah\/","title":{"rendered":"Cin\u00e9ma : \u201cLa Conf\u00e9rence\u201d, un magistral et gla\u00e7ant cours d\u2019histoire sur la Shoah"},"content":{"rendered":"\n<p><strong>Le film de l\u2019Allemand Matti Geschonneck, qui sort ce 19\u00a0avril en France, imagine ce \u00e0 quoi a d\u00fb ressembler la conf\u00e9rence de Wannsee, en 1942, quand une poign\u00e9e de dignitaires nazis se sont r\u00e9unis pour organiser l\u2019extermination des Juifs d\u2019Europe. Le Courrier international a synth\u00e9tis\u00e9 dans un article ce qu\u2019en ont pens\u00e9 les m\u00e9dias germanophones.<\/strong><\/p>\n\n\n\n<figure class=\"wp-block-embed is-type-video is-provider-youtube wp-block-embed-youtube wp-embed-aspect-16-9 wp-has-aspect-ratio\"><div class=\"wp-block-embed__wrapper\">\n<iframe loading=\"lazy\" title=\"LA CONF\u00c9RENCE - bande annonce VOST\" width=\"500\" height=\"281\" src=\"https:\/\/www.youtube.com\/embed\/lLsnSL1_ie4?feature=oembed\" frameborder=\"0\" allow=\"accelerometer; autoplay; clipboard-write; encrypted-media; gyroscope; picture-in-picture; web-share\" referrerpolicy=\"strict-origin-when-cross-origin\" allowfullscreen><\/iframe>\n<\/div><figcaption class=\"wp-element-caption\">LA CONF\u00c9RENCE &#8211; bande annonce VOST<\/figcaption><\/figure>\n\n\n\n<p>Le long-m\u00e9trage dure aussi longtemps qu\u2019a dur\u00e9 la conf\u00e9rence de Wannsee en 1942\u00a0: quatre-vingt-dix\u00a0minutes \u00e0 peine. Les pr\u00e9paratifs de la \u201csolution finale\u201d ont \u00e9t\u00e9 rondement men\u00e9s.\u00a0<em>\u201cIl n\u2019y a absolument aucun espoir, ni de moment de r\u00e9pit\u201d,<\/em>\u00a0constate\u00a0<em>Der Standard<\/em>\u00a0devant le film.<\/p>\n\n\n\n<blockquote class=\"wp-block-quote is-layout-flow wp-block-quote-is-layout-flow\">\n<p><em>\u201cIl faudrait projeter ce film en cours d\u2019histoire\u201d,<\/em>\u00a0<a class=\"\" rel=\"noreferrer noopener\" href=\"https:\/\/www.derstandard.at\/story\/2000132766108\/ein-fruehstueck-des-grauens-wannseekonferenz-am-montag-im-orf\" target=\"_blank\">\u00e9crit le quotidien viennois\u00a0<strong>Der Standard<\/strong><\/a><strong>.<\/strong>\u00a0C\u2019est\u00a0<em>\u201cun chef-d\u2019\u0153uvre tranquille, \u00e9touffant, captivant\u201d,<\/em>\u00a0<a class=\"\" rel=\"noreferrer noopener\" href=\"https:\/\/www.sueddeutsche.de\/medien\/wannseekonferenz-zdf-1.5510855\" target=\"_blank\">acquiesce le quotidien bavarois\u00a0<strong>S\u00fcddeutsche Zeitung<\/strong><\/a><strong>.<\/strong>\u00a0Avant d\u2019\u00e9voquer dans le m\u00eame souffle<em>\u00a0\u201cun film profond \u2013 calme, ma\u00eetris\u00e9, ordonn\u00e9. Terrifiant.\u201d<\/em><\/p>\n<cite>Le <em>Courrier international<\/em><\/cite><\/blockquote>\n\n\n\n<p>Le metteur en sc\u00e8ne a invit\u00e9 ses acteurs, impeccables, \u00e0 ne surtout pas jouer des nazis. Pour la\u00a0<em>S\u00fcddeutsche Zeitung,<\/em>\u00a0cela rend leurs \u00e9changes d\u2019autant plus gla\u00e7ants<em>.\u00a0<\/em><\/p>\n\n\n\n<p><strong>Source :<\/strong> <a href=\"https:\/\/www.courrierinternational.com\/article\/en-salle-la-conference-un-magistral-et-glacant-cours-d-histoire-sur-la-shoah\" target=\"_blank\" rel=\"noreferrer noopener\">En salle. \u201cLa Conf\u00e9rence\u201d, un magistral et gla\u00e7ant cours d\u2019histoire sur la Shoah<\/a> | Le Courrier International<\/p>\n","protected":false},"excerpt":{"rendered":"<p>Le film de l\u2019Allemand Matti Geschonneck, qui sort ce 19\u00a0avril en France, imagine ce \u00e0 quoi a d\u00fb ressembler la conf\u00e9rence de Wannsee, en 1942, quand une poign\u00e9e de dignitaires nazis se sont r\u00e9unis pour organiser l\u2019extermination des Juifs d\u2019Europe. Le Courrier international a synth\u00e9tis\u00e9 dans un article ce qu\u2019en ont pens\u00e9 les m\u00e9dias germanophones. [&hellip;]<\/p>\n","protected":false},"author":1,"featured_media":19533,"comment_status":"open","ping_status":"open","sticky":false,"template":"","format":"standard","meta":{"_import_markdown_pro_load_document_selector":0,"_import_markdown_pro_submit_text_textarea":"","_genesis_hide_title":false,"_genesis_hide_breadcrumbs":false,"_genesis_hide_singular_image":false,"_genesis_hide_footer_widgets":false,"_genesis_custom_body_class":"","_genesis_custom_post_class":"","_genesis_layout":"","jetpack_post_was_ever_published":false,"_jetpack_newsletter_access":"","_jetpack_dont_email_post_to_subs":false,"_jetpack_newsletter_tier_id":0,"_jetpack_memberships_contains_paywalled_content":false,"_jetpack_memberships_contains_paid_content":false,"footnotes":"","jetpack_publicize_message":"","jetpack_publicize_feature_enabled":true,"jetpack_social_post_already_shared":true,"jetpack_social_options":{"image_generator_settings":{"template":"highway","default_image_id":0,"font":"","enabled":false},"version":2}},"categories":[882,4,8],"tags":[],"class_list":{"0":"post-19532","1":"post","2":"type-post","3":"status-publish","4":"format-standard","5":"has-post-thumbnail","7":"category-histodons","8":"category-histoire-active","9":"category-medias-et-technologies","10":"entry"},"jetpack_publicize_connections":[],"featured_image_src":"https:\/\/i0.wp.com\/lyonelkaufmann.ch\/histoire\/wp-content\/uploads\/2023\/04\/643d68b1b7719_5416892-e1681850757188.jpg?resize=450%2C400&ssl=1","featured_image_src_square":"https:\/\/i0.wp.com\/lyonelkaufmann.ch\/histoire\/wp-content\/uploads\/2023\/04\/643d68b1b7719_5416892-e1681850757188.jpg?resize=450%2C600&ssl=1","author_info":{"display_name":"Lyonel Kaufmann","author_link":"https:\/\/lyonelkaufmann.ch\/histoire\/author\/lyonelk\/"},"jetpack_featured_media_url":"https:\/\/i0.wp.com\/lyonelkaufmann.ch\/histoire\/wp-content\/uploads\/2023\/04\/643d68b1b7719_5416892-e1681850757188.jpg?fit=450%2C600&ssl=1","jetpack_sharing_enabled":true,"jetpack_shortlink":"https:\/\/wp.me\/p1rJVM-552","jetpack_likes_enabled":true,"jetpack-related-posts":[{"id":118,"url":"https:\/\/lyonelkaufmann.ch\/histoire\/2006\/09\/16\/links-for-2006-09-16\/","url_meta":{"origin":19532,"position":0},"title":"Liens (16.09.2006)","author":"Lyonel Kaufmann","date":"16 septembre 2006","format":false,"excerpt":"La Maison de la Conf\u00e9rence de Wannsee Le 20 janvier 1942, la d\u00e9cision fut prise dans cette maison de la d\u00e9portation des juifs d\u2019Europe vers l\u2019est leur ex\u00e9cution. Le site offre une s\u00e9rie de documents (et de fac-simil\u00e9s) et de th\u00e8mes possibles pour des journ\u00e9es d'\u00e9tude. En fran\u00e7ais et de\u2026","rel":"","context":"Dans &quot;Annuaire de sites&quot;","block_context":{"text":"Annuaire de sites","link":"https:\/\/lyonelkaufmann.ch\/histoire\/category\/medias-et-technologies\/annuaire-de-sites\/"},"img":{"alt_text":"","src":"","width":0,"height":0},"classes":[]},{"id":7417,"url":"https:\/\/lyonelkaufmann.ch\/histoire\/2013\/08\/29\/conference-europeenne-sur-les-mooc-en-fevrier-2014-lausanne\/","url_meta":{"origin":19532,"position":1},"title":"Conf\u00e9rence europ\u00e9enne sur les MOOC en f\u00e9vrier 2014 @Lausanne","author":"Lyonel Kaufmann","date":"29 ao\u00fbt 2013","format":false,"excerpt":"Du 10 au 12 f\u00e9vrier 2014 se tiendra \u00e0 Lausanne la premi\u00e8re conf\u00e9rence europ\u00e9enne sur les MOOCs. Cette conf\u00e9rence comporte 4 axes : politique, retours d\u2019exp\u00e9rience, recherche, \u00e9conomique. On y trouvera certainement tous les acteurs europ\u00e9ens. Sour\u00e7e de l'info : Conf\u00e9rence europ\u00e9enne sur les MOOC en f\u00e9vrier 2014 | Techniques\u2026","rel":"","context":"Dans &quot;M\u00e9dias et technologies&quot;","block_context":{"text":"M\u00e9dias et technologies","link":"https:\/\/lyonelkaufmann.ch\/histoire\/category\/medias-et-technologies\/"},"img":{"alt_text":"","src":"","width":0,"height":0},"classes":[]},{"id":7161,"url":"https:\/\/lyonelkaufmann.ch\/histoire\/2013\/06\/19\/du-bon-usage-de-twitter-pendant-les-conferences-thot-cursus\/","url_meta":{"origin":19532,"position":2},"title":"Du bon usage de Twitter pendant les conf\u00e9rences &#124; Thot Cursus","author":"Lyonel Kaufmann","date":"19 juin 2013","format":false,"excerpt":"See on Scoop.it - M\u00e9dias sociaux et enseignement Un outil mal employ\u00e9 cr\u00e9e plus de probl\u00e8mes que de solutions. C'est le cas de Twitter, plus ou moins bien utilis\u00e9 pendant les conf\u00e9rences pour encourager l'interactivit\u00e9. Mal utilis\u00e9, il ne provoque que du bruit.See on cursus.edu","rel":"","context":"Dans &quot;Nouvelles de l'histoire&quot;","block_context":{"text":"Nouvelles de l'histoire","link":"https:\/\/lyonelkaufmann.ch\/histoire\/category\/nouvelles-de-lhistoire\/"},"img":{"alt_text":"","src":"https:\/\/i0.wp.com\/lyonelkaufmann.ch\/histoire\/wp-content\/uploads\/2015\/07\/AloYDW3OcMB-DD-iRQ1VTl72eJkfbmt4t8yenImKBXEejxNn4ZJNZ2ss5Ku7Cxt.jpg?fit=212%2C212&ssl=1&resize=350%2C200","width":350,"height":200},"classes":[]},{"id":807,"url":"https:\/\/lyonelkaufmann.ch\/histoire\/2009\/01\/06\/tsr-archives\/","url_meta":{"origin":19532,"position":3},"title":"Che Guevara &#8211; TSR Archives","author":"Lyonel Kaufmann","date":"6 janvier 2009","format":false,"excerpt":"Ce dossier de la TSR (T\u00e9l\u00e9vision Suisse Romande), r\u00e9alis\u00e9 pour les 40 ans de la mort de Che Guevara en Bolivie, comporte deux vid\u00e9os. La premi\u00e8re a \u00e9t\u00e9 r\u00e9alis\u00e9e en 1964 par la TSR et consiste en un interview en fran\u00e7ais du Che alors ministre de l'industrie lors de son\u2026","rel":"","context":"Dans &quot;Annuaire de sites&quot;","block_context":{"text":"Annuaire de sites","link":"https:\/\/lyonelkaufmann.ch\/histoire\/category\/medias-et-technologies\/annuaire-de-sites\/"},"img":{"alt_text":"","src":"","width":0,"height":0},"classes":[]},{"id":7674,"url":"https:\/\/lyonelkaufmann.ch\/histoire\/2013\/11\/06\/reinventons-lecole-les-meilleures-conferences-ted\/","url_meta":{"origin":19532,"position":4},"title":"&quot;R\u00e9inventons l&#039;\u00e9cole&quot; : les meilleures conf\u00e9rences TED","author":"Lyonel Kaufmann","date":"6 novembre 2013","format":false,"excerpt":"Faire conna\u00eetre \"les id\u00e9es qui valent la peine d'\u00eatre diffus\u00e9es\" : telle est la devise des conf\u00e9rences TED (Technology, entertainment and design), lanc\u00e9es il y a pr\u00e8s de 30 ans par une association \u00e0 but non lucratif, la Sapling foundation. Parmi les th\u00e9matiques abord\u00e9es : l'\u00e9ducation, et plus particuli\u00e8rement l'innovation\u2026","rel":"","context":"Dans &quot;M\u00e9dias et technologies&quot;","block_context":{"text":"M\u00e9dias et technologies","link":"https:\/\/lyonelkaufmann.ch\/histoire\/category\/medias-et-technologies\/"},"img":{"alt_text":"","src":"","width":0,"height":0},"classes":[]},{"id":14417,"url":"https:\/\/lyonelkaufmann.ch\/histoire\/2018\/06\/08\/carla-peck-a-call-for-a-research-program-does-history-education-have-an-effect-on-citizenship-practices-airdhss-paris\/","url_meta":{"origin":19532,"position":5},"title":"Carla Peck : A call for a research program : Does history education have an effect on citizenship practices ? #AIRDHSS #Paris","author":"Lyonel Kaufmann","date":"8 juin 2018","format":false,"excerpt":"Du 6 au 8 juin 2018 a eu lieu \u00e0 l\u2019Universit\u00e9 Paris-Diderot la\u00a04\u00e8me Conf\u00e9rence de l\u2019Association Internationale de Recherche en Didactique de l\u2019Histoire et des Sciences Sociales (AIRDHSS). Le th\u00e8me \u00e9tait \u00ab\u00a0\u00a0Citoyennet\u00e9, identit\u00e9 et alt\u00e9rit\u00e9 \u00ab. La conf\u00e9rence inaugurale \u00e9tait assur\u00e9e par\u00a0Carla Peck de University of Alberta (twitter : @cpeck3).\u00a0\u2026","rel":"","context":"Dans &quot;Didactique&quot;","block_context":{"text":"Didactique","link":"https:\/\/lyonelkaufmann.ch\/histoire\/category\/didactique\/"},"img":{"alt_text":"","src":"https:\/\/i0.wp.com\/lyonelkaufmann.ch\/histoire\/wp-content\/uploads\/2018\/06\/De9jKQtX0AEffbb.jpg?fit=1199%2C898&ssl=1&resize=350%2C200","width":350,"height":200,"srcset":"https:\/\/i0.wp.com\/lyonelkaufmann.ch\/histoire\/wp-content\/uploads\/2018\/06\/De9jKQtX0AEffbb.jpg?fit=1199%2C898&ssl=1&resize=350%2C200 1x, https:\/\/i0.wp.com\/lyonelkaufmann.ch\/histoire\/wp-content\/uploads\/2018\/06\/De9jKQtX0AEffbb.jpg?fit=1199%2C898&ssl=1&resize=525%2C300 1.5x, https:\/\/i0.wp.com\/lyonelkaufmann.ch\/histoire\/wp-content\/uploads\/2018\/06\/De9jKQtX0AEffbb.jpg?fit=1199%2C898&ssl=1&resize=700%2C400 2x, https:\/\/i0.wp.com\/lyonelkaufmann.ch\/histoire\/wp-content\/uploads\/2018\/06\/De9jKQtX0AEffbb.jpg?fit=1199%2C898&ssl=1&resize=1050%2C600 3x"},"classes":[]}],"_links":{"self":[{"href":"https:\/\/lyonelkaufmann.ch\/histoire\/wp-json\/wp\/v2\/posts\/19532","targetHints":{"allow":["GET"]}}],"collection":[{"href":"https:\/\/lyonelkaufmann.ch\/histoire\/wp-json\/wp\/v2\/posts"}],"about":[{"href":"https:\/\/lyonelkaufmann.ch\/histoire\/wp-json\/wp\/v2\/types\/post"}],"author":[{"embeddable":true,"href":"https:\/\/lyonelkaufmann.ch\/histoire\/wp-json\/wp\/v2\/users\/1"}],"replies":[{"embeddable":true,"href":"https:\/\/lyonelkaufmann.ch\/histoire\/wp-json\/wp\/v2\/comments?post=19532"}],"version-history":[{"count":0,"href":"https:\/\/lyonelkaufmann.ch\/histoire\/wp-json\/wp\/v2\/posts\/19532\/revisions"}],"wp:featuredmedia":[{"embeddable":true,"href":"https:\/\/lyonelkaufmann.ch\/histoire\/wp-json\/wp\/v2\/media\/19533"}],"wp:attachment":[{"href":"https:\/\/lyonelkaufmann.ch\/histoire\/wp-json\/wp\/v2\/media?parent=19532"}],"wp:term":[{"taxonomy":"category","embeddable":true,"href":"https:\/\/lyonelkaufmann.ch\/histoire\/wp-json\/wp\/v2\/categories?post=19532"},{"taxonomy":"post_tag","embeddable":true,"href":"https:\/\/lyonelkaufmann.ch\/histoire\/wp-json\/wp\/v2\/tags?post=19532"}],"curies":[{"name":"wp","href":"https:\/\/api.w.org\/{rel}","templated":true}]}}