{"id":20069,"date":"2024-10-13T15:44:04","date_gmt":"2024-10-13T14:44:04","guid":{"rendered":"https:\/\/lyonelkaufmann.ch\/histoire\/2024\/10\/13\/lee-miller-dans-la-baignoire-dhitler-en-2-photos\/"},"modified":"2024-12-15T19:53:55","modified_gmt":"2024-12-15T18:53:55","slug":"lee-miller-dans-la-baignoire-dhitler-en-2-photos","status":"publish","type":"post","link":"https:\/\/lyonelkaufmann.ch\/histoire\/2024\/10\/13\/lee-miller-dans-la-baignoire-dhitler-en-2-photos\/","title":{"rendered":"Lee Miller : Dans la baignoire d\u2019Hitler (en 2 photos)"},"content":{"rendered":"\n<p>La sc\u00e8ne peut para\u00eetre surr\u00e9aliste, pourtant, elle est tout \u00e0 fait authentique. Dans l\u2019appartement abandonn\u00e9 d\u2019Adolf Hitler \u00e0 Munich, Lee Miller, une ancienne top model am\u00e9ricaine devenue reporter de guerre se fait tirer le portrait dans la baignoire du dictateur. Et c\u2019est un peu par hasard \u2013quelques heures apr\u00e8s le suicide du dictateur, le 30 avril 1945\u2013 qu\u2019avec son acolyte David Scherman, elle tombe sur l\u2019appartement priv\u00e9 d\u2019Adolf Hitler \u00e0 Munich.<\/p>\n\n\n\n<figure class=\"wp-block-image size-large\"><img data-recalc-dims=\"1\" loading=\"lazy\" decoding=\"async\" width=\"700\" height=\"394\" data-attachment-id=\"20067\" data-permalink=\"https:\/\/lyonelkaufmann.ch\/histoire\/img_2182\/\" data-orig-file=\"https:\/\/i0.wp.com\/lyonelkaufmann.ch\/histoire\/wp-content\/uploads\/2024\/10\/img_2182.jpg?fit=1376%2C774&amp;ssl=1\" data-orig-size=\"1376,774\" data-comments-opened=\"1\" data-image-meta=\"{&quot;aperture&quot;:&quot;0&quot;,&quot;credit&quot;:&quot;&quot;,&quot;camera&quot;:&quot;&quot;,&quot;caption&quot;:&quot;&quot;,&quot;created_timestamp&quot;:&quot;0&quot;,&quot;copyright&quot;:&quot;&quot;,&quot;focal_length&quot;:&quot;0&quot;,&quot;iso&quot;:&quot;0&quot;,&quot;shutter_speed&quot;:&quot;0&quot;,&quot;title&quot;:&quot;&quot;,&quot;orientation&quot;:&quot;1&quot;}\" data-image-title=\"img_2182\" data-image-description=\"\" data-image-caption=\"\" data-large-file=\"https:\/\/i0.wp.com\/lyonelkaufmann.ch\/histoire\/wp-content\/uploads\/2024\/10\/img_2182.jpg?fit=700%2C394&amp;ssl=1\" src=\"https:\/\/i0.wp.com\/lyonelkaufmann.ch\/histoire\/wp-content\/uploads\/2024\/10\/img_2182.jpg?resize=700%2C394&#038;ssl=1\" alt=\"\" class=\"wp-image-20067\" srcset=\"https:\/\/i0.wp.com\/lyonelkaufmann.ch\/histoire\/wp-content\/uploads\/2024\/10\/img_2182.jpg?resize=700%2C394&amp;ssl=1 700w, https:\/\/i0.wp.com\/lyonelkaufmann.ch\/histoire\/wp-content\/uploads\/2024\/10\/img_2182.jpg?resize=300%2C169&amp;ssl=1 300w, https:\/\/i0.wp.com\/lyonelkaufmann.ch\/histoire\/wp-content\/uploads\/2024\/10\/img_2182.jpg?resize=768%2C432&amp;ssl=1 768w, https:\/\/i0.wp.com\/lyonelkaufmann.ch\/histoire\/wp-content\/uploads\/2024\/10\/img_2182.jpg?w=1376&amp;ssl=1 1376w\" sizes=\"auto, (max-width: 700px) 100vw, 700px\" \/><figcaption class=\"wp-element-caption\"><em>Lee Miller (David E Scherman\/Lee Miller archives, England 2014. All rights reserved)<\/em><\/figcaption><\/figure>\n\n\n\n<p>Selon Antony Penrose, fils de Lee Miller, le portrait de la salle de bain \u00e9tait une image compos\u00e9e. Il a d\u00e9clar\u00e9 en 2014 au <a href=\"https:\/\/www.telegraph.co.uk\/culture\/photography\/10621799\/Lee-Miller-the-woman-in-Hitlers-bathtub.html\">Telegraph<\/a> :<\/p>\n\n\n\n<blockquote class=\"wp-block-quote is-layout-flow wp-block-quote-is-layout-flow\">\n<p>\u00ab Je pense qu&rsquo;elle levait deux doigts sur Hitler. Sur le sol se trouvent ses bottes, couvertes de la salet\u00e9 de Dachau, qu&rsquo;elle a bafou\u00e9e sur tout le sol de la salle de bain d&rsquo;Hitler. Elle dit qu&rsquo;elle est la gagnante. \u00bb<\/p>\n<\/blockquote>\n\n\n\n<p>En effet, Lee Miller suivait les troupes am\u00e9ricaines dans leur lib\u00e9ration de l\u2019Europe et elle a r\u00e9alis\u00e9 l\u2019une des premi\u00e8res images r\u00e9v\u00e9lant la violence de la Shoah, avec une photo montrant deux soldats examinant un camion dont le coffre est rempli de cadavres entass\u00e9s.<\/p>\n\n\n\n<figure class=\"wp-block-image size-large\"><img data-recalc-dims=\"1\" loading=\"lazy\" decoding=\"async\" width=\"700\" height=\"510\" data-attachment-id=\"20071\" data-permalink=\"https:\/\/lyonelkaufmann.ch\/histoire\/img_2185-1\/\" data-orig-file=\"https:\/\/i0.wp.com\/lyonelkaufmann.ch\/histoire\/wp-content\/uploads\/2024\/10\/img_2185-1.jpg?fit=960%2C700&amp;ssl=1\" data-orig-size=\"960,700\" data-comments-opened=\"1\" data-image-meta=\"{&quot;aperture&quot;:&quot;0&quot;,&quot;credit&quot;:&quot;&quot;,&quot;camera&quot;:&quot;&quot;,&quot;caption&quot;:&quot;&quot;,&quot;created_timestamp&quot;:&quot;0&quot;,&quot;copyright&quot;:&quot;&quot;,&quot;focal_length&quot;:&quot;0&quot;,&quot;iso&quot;:&quot;0&quot;,&quot;shutter_speed&quot;:&quot;0&quot;,&quot;title&quot;:&quot;&quot;,&quot;orientation&quot;:&quot;1&quot;}\" data-image-title=\"img_2185-1\" data-image-description=\"\" data-image-caption=\"\" data-large-file=\"https:\/\/i0.wp.com\/lyonelkaufmann.ch\/histoire\/wp-content\/uploads\/2024\/10\/img_2185-1.jpg?fit=700%2C510&amp;ssl=1\" src=\"https:\/\/i0.wp.com\/lyonelkaufmann.ch\/histoire\/wp-content\/uploads\/2024\/10\/img_2185-1.jpg?resize=700%2C510&#038;ssl=1\" class=\"wp-image-20071\" srcset=\"https:\/\/i0.wp.com\/lyonelkaufmann.ch\/histoire\/wp-content\/uploads\/2024\/10\/img_2185-1.jpg?resize=700%2C510&amp;ssl=1 700w, https:\/\/i0.wp.com\/lyonelkaufmann.ch\/histoire\/wp-content\/uploads\/2024\/10\/img_2185-1.jpg?resize=300%2C219&amp;ssl=1 300w, https:\/\/i0.wp.com\/lyonelkaufmann.ch\/histoire\/wp-content\/uploads\/2024\/10\/img_2185-1.jpg?resize=768%2C560&amp;ssl=1 768w, https:\/\/i0.wp.com\/lyonelkaufmann.ch\/histoire\/wp-content\/uploads\/2024\/10\/img_2185-1.jpg?w=960&amp;ssl=1 960w\" sizes=\"auto, (max-width: 700px) 100vw, 700px\" \/><figcaption class=\"wp-element-caption\">Prisonniers lib\u00e9r\u00e9s \u00e0 Dachau se d\u00e9potant dans la d\u00e9charge. \u00a9 Lee Miller Archives, Angleterre 2024. Tous droits r\u00e9serv\u00e9s. www.leemiller.co.uk<\/figcaption><\/figure>\n\n\n\n<p>Durement marqu\u00e9e par la guerre, Miller passera, selon son fils, les ann\u00e9es suivant la guerre <em>\u00ab\u00a0dans une mis\u00e8re de d\u00e9pression et d&rsquo;abus d&rsquo;alcool\u00a0\u00bb.<\/em> Il faut relire ses r\u00e9cits \u00e9vocateurs sur la guerre dans ses reportages r\u00e9alis\u00e9s pour Vogue.<\/p>\n\n\n\n<figure class=\"wp-block-image size-large\"><img data-recalc-dims=\"1\" loading=\"lazy\" decoding=\"async\" width=\"700\" height=\"465\" data-attachment-id=\"20068\" data-permalink=\"https:\/\/lyonelkaufmann.ch\/histoire\/img_2183-1\/\" data-orig-file=\"https:\/\/i0.wp.com\/lyonelkaufmann.ch\/histoire\/wp-content\/uploads\/2024\/10\/img_2183-1.jpg?fit=1760%2C1169&amp;ssl=1\" data-orig-size=\"1760,1169\" data-comments-opened=\"1\" data-image-meta=\"{&quot;aperture&quot;:&quot;0&quot;,&quot;credit&quot;:&quot;&quot;,&quot;camera&quot;:&quot;&quot;,&quot;caption&quot;:&quot;&quot;,&quot;created_timestamp&quot;:&quot;0&quot;,&quot;copyright&quot;:&quot;&quot;,&quot;focal_length&quot;:&quot;0&quot;,&quot;iso&quot;:&quot;0&quot;,&quot;shutter_speed&quot;:&quot;0&quot;,&quot;title&quot;:&quot;&quot;,&quot;orientation&quot;:&quot;1&quot;}\" data-image-title=\"img_2183-1\" data-image-description=\"\" data-image-caption=\"\" data-large-file=\"https:\/\/i0.wp.com\/lyonelkaufmann.ch\/histoire\/wp-content\/uploads\/2024\/10\/img_2183-1.jpg?fit=700%2C465&amp;ssl=1\" src=\"https:\/\/i0.wp.com\/lyonelkaufmann.ch\/histoire\/wp-content\/uploads\/2024\/10\/img_2183-1.jpg?resize=700%2C465&#038;ssl=1\" alt=\"\" class=\"wp-image-20068\" srcset=\"https:\/\/i0.wp.com\/lyonelkaufmann.ch\/histoire\/wp-content\/uploads\/2024\/10\/img_2183-1.jpg?resize=700%2C465&amp;ssl=1 700w, https:\/\/i0.wp.com\/lyonelkaufmann.ch\/histoire\/wp-content\/uploads\/2024\/10\/img_2183-1.jpg?resize=300%2C199&amp;ssl=1 300w, https:\/\/i0.wp.com\/lyonelkaufmann.ch\/histoire\/wp-content\/uploads\/2024\/10\/img_2183-1.jpg?resize=768%2C510&amp;ssl=1 768w, https:\/\/i0.wp.com\/lyonelkaufmann.ch\/histoire\/wp-content\/uploads\/2024\/10\/img_2183-1.jpg?resize=1536%2C1020&amp;ssl=1 1536w, https:\/\/i0.wp.com\/lyonelkaufmann.ch\/histoire\/wp-content\/uploads\/2024\/10\/img_2183-1.jpg?resize=600%2C400&amp;ssl=1 600w, https:\/\/i0.wp.com\/lyonelkaufmann.ch\/histoire\/wp-content\/uploads\/2024\/10\/img_2183-1.jpg?w=1760&amp;ssl=1 1760w\" sizes=\"auto, (max-width: 700px) 100vw, 700px\" \/><figcaption class=\"wp-element-caption\"><em>Le 30 avril 1945, jour du suicide d&rsquo;Adolf Hitler, Lee Miller, jou\u00e9e par Kate Winslet dans le film, organise une s\u00e9ance photo dans la salle de bain du domicile de F\u00fchrer \u00e0 Munich. Une photo qui deviendra iconique. [Ascot Elite Entertainment]<\/em><\/figcaption><\/figure>\n\n\n\n<p>On peut aussi la retrouver en salle de cin\u00e9ma, Lee Miller est en effet ressuscit\u00e9e dans un biopic, sorti le 9 octobre et coproduit par Kate Winslet. L&rsquo;actrice incarne avec passion l&rsquo;une des premi\u00e8res femmes photographes de guerre, artiste libre, enrag\u00e9e et provocatrice qui immortalisera les horreurs des camps de concentration.<\/p>\n\n\n\n<p>A lire : <\/p>\n\n\n\n<p>&#8211; <a href=\"https:\/\/www.bbc.com\/culture\/article\/20140903-in-hitlers-bathtub\">https:\/\/www.bbc.com\/culture\/article\/20140903-in-hitlers-bathtub<\/a><\/p>\n\n\n\n<p>&#8211; <a href=\"https:\/\/www.rts.ch\/info\/culture\/cinema\/2024\/article\/kate-winslet-monte-au-front-dans-lee-miller-un-biopic-poignant-28657895.html?rts_source=rss_t\"> https:\/\/www.rts.ch\/info\/culture\/cinema\/2024\/article\/kate-winslet-monte-au-front-dans-lee-miller-un-biopic-poignant-28657895.html?rts_source=rss_t<\/a><\/p>\n\n\n\n<p>&#8211; <a href=\"https:\/\/www.nationalww2museum.org\/war\/articles\/lee-miller-witness-concentration-camps-and-fall-third-reich\">https:\/\/www.nationalww2museum.org\/war\/articles\/lee-miller-witness-concentration-camps-and-fall-third-reich<\/a><\/p>\n\n\n\n<p><\/p>\n","protected":false},"excerpt":{"rendered":"<p>La sc\u00e8ne peut para\u00eetre surr\u00e9aliste, pourtant, elle est tout \u00e0 fait authentique. Dans l\u2019appartement abandonn\u00e9 d\u2019Adolf Hitler \u00e0 Munich, Lee Miller, une ancienne top model am\u00e9ricaine devenue reporter de guerre se fait tirer le portrait dans la baignoire du dictateur. Et c\u2019est un peu par hasard \u2013quelques heures apr\u00e8s le suicide du dictateur, le 30 [&hellip;]<\/p>\n","protected":false},"author":1,"featured_media":20067,"comment_status":"open","ping_status":"open","sticky":false,"template":"","format":"standard","meta":{"_import_markdown_pro_load_document_selector":0,"_import_markdown_pro_submit_text_textarea":"","_genesis_hide_title":false,"_genesis_hide_breadcrumbs":false,"_genesis_hide_singular_image":false,"_genesis_hide_footer_widgets":false,"_genesis_custom_body_class":"","_genesis_custom_post_class":"","_genesis_layout":"","jetpack_post_was_ever_published":false,"_jetpack_newsletter_access":"","_jetpack_dont_email_post_to_subs":false,"_jetpack_newsletter_tier_id":0,"_jetpack_memberships_contains_paywalled_content":false,"_jetpack_memberships_contains_paid_content":false,"footnotes":"","jetpack_publicize_message":"","jetpack_publicize_feature_enabled":true,"jetpack_social_post_already_shared":true,"jetpack_social_options":{"image_generator_settings":{"template":"highway","default_image_id":0,"font":"","enabled":false},"version":2}},"categories":[4,11,16],"tags":[],"class_list":{"0":"post-20069","1":"post","2":"type-post","3":"status-publish","4":"format-standard","5":"has-post-thumbnail","7":"category-histoire-active","8":"category-nouvelles-de-lhistoire","9":"category-publications","10":"entry"},"jetpack_publicize_connections":[],"featured_image_src":"https:\/\/i0.wp.com\/lyonelkaufmann.ch\/histoire\/wp-content\/uploads\/2024\/10\/img_2182.jpg?resize=600%2C400&ssl=1","featured_image_src_square":"https:\/\/i0.wp.com\/lyonelkaufmann.ch\/histoire\/wp-content\/uploads\/2024\/10\/img_2182.jpg?resize=600%2C600&ssl=1","author_info":{"display_name":"Lyonel Kaufmann","author_link":"https:\/\/lyonelkaufmann.ch\/histoire\/author\/lyonelk\/"},"jetpack_featured_media_url":"https:\/\/i0.wp.com\/lyonelkaufmann.ch\/histoire\/wp-content\/uploads\/2024\/10\/img_2182.jpg?fit=1376%2C774&ssl=1","jetpack_sharing_enabled":true,"jetpack_shortlink":"https:\/\/wp.me\/p1rJVM-5dH","jetpack_likes_enabled":true,"jetpack-related-posts":[{"id":11488,"url":"https:\/\/lyonelkaufmann.ch\/histoire\/2016\/05\/26\/quand-hitler-est-rentre-de-la-guerre-il-navait-aucune-orientation-politique-slate-fr\/","url_meta":{"origin":20069,"position":0},"title":"\u00abQuand Hitler est rentr\u00e9 de la guerre, il n&rsquo;avait aucune orientation politique\u00bb | Slate.fr","author":"Lyonel Kaufmann","date":"26 mai 2016","format":false,"excerpt":"Une nouvelle biographie tente d'\u00e9claircir le cheminement politique du dirigeant nazi. M\u00eame si tout semble avoir d\u00e9j\u00e0 \u00e9t\u00e9 \u00e9crit au sujet d'Adolf Hitler, pas une ann\u00e9e ne passe sans qu'un historien n'exhume un pan m\u00e9connu de la personnalit\u00e9 ou de la biographie du dictateur nazi. Dans son nouvel ouvrage Wie\u2026","rel":"","context":"Dans &quot;Histoire savante&quot;","block_context":{"text":"Histoire savante","link":"https:\/\/lyonelkaufmann.ch\/histoire\/category\/didactique\/histoire-savante\/"},"img":{"alt_text":"","src":"https:\/\/i0.wp.com\/lyonelkaufmann.ch\/histoire\/wp-content\/uploads\/2016\/05\/hitler_with_other_german_soldiers.jpg?fit=1090%2C500&ssl=1&resize=350%2C200","width":350,"height":200,"srcset":"https:\/\/i0.wp.com\/lyonelkaufmann.ch\/histoire\/wp-content\/uploads\/2016\/05\/hitler_with_other_german_soldiers.jpg?fit=1090%2C500&ssl=1&resize=350%2C200 1x, https:\/\/i0.wp.com\/lyonelkaufmann.ch\/histoire\/wp-content\/uploads\/2016\/05\/hitler_with_other_german_soldiers.jpg?fit=1090%2C500&ssl=1&resize=525%2C300 1.5x, https:\/\/i0.wp.com\/lyonelkaufmann.ch\/histoire\/wp-content\/uploads\/2016\/05\/hitler_with_other_german_soldiers.jpg?fit=1090%2C500&ssl=1&resize=700%2C400 2x, https:\/\/i0.wp.com\/lyonelkaufmann.ch\/histoire\/wp-content\/uploads\/2016\/05\/hitler_with_other_german_soldiers.jpg?fit=1090%2C500&ssl=1&resize=1050%2C600 3x"},"classes":[]},{"id":9640,"url":"https:\/\/lyonelkaufmann.ch\/histoire\/2015\/04\/06\/georg-elser-lhomme-qui-a-manque-dassassiner-hitler-pour-treize-minutes-slate-fr\/","url_meta":{"origin":20069,"position":1},"title":"Georg Elser, l&rsquo;homme qui a manqu\u00e9 d&rsquo;assassiner Hitler pour treize minutes | Slate.fr","author":"Lyonel Kaufmann","date":"6 avril 2015","format":false,"excerpt":"Georg Elser, l'homme qui a manqu\u00e9 d'assassiner Hitler pour treize minutes | Slate.fr: Le 8 novembre 1939, Adolf Hitler se rend, comme chaque ann\u00e9e, \u00e0 Munich pour comm\u00e9morer sa tentative rat\u00e9e de prise de pouvoir de 1923, le \u00abputsch de la brasserie\u00bb. Traditionnellement, il y prononce un discours, reste discuter\u2026","rel":"","context":"Dans &quot;M\u00e9dias et technologies&quot;","block_context":{"text":"M\u00e9dias et technologies","link":"https:\/\/lyonelkaufmann.ch\/histoire\/category\/medias-et-technologies\/"},"img":{"alt_text":"","src":"https:\/\/i0.wp.com\/lyonelkaufmann.ch\/histoire\/wp-content\/uploads\/2015\/07\/01.jpg?fit=480%2C360&ssl=1&resize=350%2C200","width":350,"height":200},"classes":[]},{"id":18743,"url":"https:\/\/lyonelkaufmann.ch\/histoire\/2022\/02\/25\/les-lecons-de-munich-par-netflix\/","url_meta":{"origin":20069,"position":2},"title":"Les le\u00e7ons de Munich par Netflix","author":"Lyonel Kaufmann","date":"25 f\u00e9vrier 2022","format":false,"excerpt":"Nul doute que l\u2019invasion de l\u2019Ukraine par la Russie donnera lieu \u00e0 un int\u00e9r\u00eat encore plus grand au nouveau film de Netflix The Edge of War consacr\u00e9 aux accords de Munich et \u00e0 Neville Chamberlain, pr\u00e9sent\u00e9 sous un jour extr\u00eamement favorable (c'est le moins qu'on puisse dire). Mais, en analysant\u2026","rel":"","context":"Dans &quot;M\u00e9dias et technologies&quot;","block_context":{"text":"M\u00e9dias et technologies","link":"https:\/\/lyonelkaufmann.ch\/histoire\/category\/medias-et-technologies\/"},"img":{"alt_text":"","src":"https:\/\/i0.wp.com\/lyonelkaufmann.ch\/histoire\/wp-content\/uploads\/2022\/02\/image_bc815c0d-1192-4ab0-867e-67bf8836c196-e1678961660110.jpeg?fit=720%2C480&ssl=1&resize=350%2C200","width":350,"height":200,"srcset":"https:\/\/i0.wp.com\/lyonelkaufmann.ch\/histoire\/wp-content\/uploads\/2022\/02\/image_bc815c0d-1192-4ab0-867e-67bf8836c196-e1678961660110.jpeg?fit=720%2C480&ssl=1&resize=350%2C200 1x, https:\/\/i0.wp.com\/lyonelkaufmann.ch\/histoire\/wp-content\/uploads\/2022\/02\/image_bc815c0d-1192-4ab0-867e-67bf8836c196-e1678961660110.jpeg?fit=720%2C480&ssl=1&resize=525%2C300 1.5x, https:\/\/i0.wp.com\/lyonelkaufmann.ch\/histoire\/wp-content\/uploads\/2022\/02\/image_bc815c0d-1192-4ab0-867e-67bf8836c196-e1678961660110.jpeg?fit=720%2C480&ssl=1&resize=700%2C400 2x"},"classes":[]},{"id":553,"url":"https:\/\/lyonelkaufmann.ch\/histoire\/2008\/12\/01\/links-for-2008-12-01\/","url_meta":{"origin":20069,"position":3},"title":"Pour en finir avec la th\u00e9orie d&#039;un Adolf Hitler \u00e0 une seule couille &#124; Rue89","author":"Lyonel Kaufmann","date":"1 d\u00e9cembre 2008","format":false,"excerpt":"Pour en finir avec la th\u00e9orie d'un Adolf Hitler \u00e0 une seule couille | Rue89 Comme il serait plus agr\u00e9able de penser qu'Hitler \u00e9tait un \u00abanormal\u00bb souffrant de troubles sexuels, physiques ou moraux, le peuple allemand et une bonne partie de la soci\u00e9t\u00e9 europ\u00e9enne seraient ainsi absous du \u00abp\u00each\u00e9\u00bb antis\u00e9mite\u2026","rel":"","context":"Dans &quot;Annuaire de sites&quot;","block_context":{"text":"Annuaire de sites","link":"https:\/\/lyonelkaufmann.ch\/histoire\/category\/medias-et-technologies\/annuaire-de-sites\/"},"img":{"alt_text":"","src":"","width":0,"height":0},"classes":[]},{"id":8118,"url":"https:\/\/lyonelkaufmann.ch\/histoire\/2014\/07\/17\/nul-besoin-de-penser-comme-hitler-pour-etre-nazi-aujourdhui-slate\/","url_meta":{"origin":20069,"position":4},"title":"Nul besoin de penser comme Hitler pour \u00eatre nazi aujourd&#039;hui &#124; Slate","author":"Lyonel Kaufmann","date":"17 juillet 2014","format":false,"excerpt":"Le mouvement grec Aube dor\u00e9e fait dor\u00e9navant r\u00e9guli\u00e8rement l'actualit\u00e9. Cependant, il semble qu'un point demeure peu clair pour une grande part de l'opinion: comment peut-on \u00eatre un grec n\u00e9o-nazi? Le st\u00e9r\u00e9otype de l'Aryen blond aux yeux bleus est dans les esprits, et il appara\u00eet contraire \u00e0 cette r\u00e9alit\u00e9. En fait,\u2026","rel":"","context":"Dans &quot;Nouvelles de l'histoire&quot;","block_context":{"text":"Nouvelles de l'histoire","link":"https:\/\/lyonelkaufmann.ch\/histoire\/category\/nouvelles-de-lhistoire\/"},"img":{"alt_text":"","src":"https:\/\/i0.wp.com\/lyonelkaufmann.ch\/histoire\/wp-content\/uploads\/2015\/07\/VIYXa2.jpg?fit=1090%2C500&ssl=1&resize=350%2C200","width":350,"height":200,"srcset":"https:\/\/i0.wp.com\/lyonelkaufmann.ch\/histoire\/wp-content\/uploads\/2015\/07\/VIYXa2.jpg?fit=1090%2C500&ssl=1&resize=350%2C200 1x, https:\/\/i0.wp.com\/lyonelkaufmann.ch\/histoire\/wp-content\/uploads\/2015\/07\/VIYXa2.jpg?fit=1090%2C500&ssl=1&resize=525%2C300 1.5x, https:\/\/i0.wp.com\/lyonelkaufmann.ch\/histoire\/wp-content\/uploads\/2015\/07\/VIYXa2.jpg?fit=1090%2C500&ssl=1&resize=700%2C400 2x, https:\/\/i0.wp.com\/lyonelkaufmann.ch\/histoire\/wp-content\/uploads\/2015\/07\/VIYXa2.jpg?fit=1090%2C500&ssl=1&resize=1050%2C600 3x"},"classes":[]},{"id":12329,"url":"https:\/\/lyonelkaufmann.ch\/histoire\/2016\/11\/16\/dhitler-a-trump-larrivee-et-la-gestion-du-pouvoir\/","url_meta":{"origin":20069,"position":5},"title":"D&rsquo;Hitler \u00e0 Trump : l&rsquo;arriv\u00e9e et la gestion du pouvoir","author":"Lyonel Kaufmann","date":"16 novembre 2016","format":false,"excerpt":"Dans son \u00e9dition du 15 novembre 2016, le journal qu\u00e9b\u00e9cois La Presse se faisait l'\u00e9cho de la confusion qui semblait r\u00e9gner dans l'\u00e9quipe de transition de Donald Trump (Confusion dans l'\u00e9quipe de transition de Donald Trump | Catherine TRIOMPHE, Ivan COURONNE | \u00c9tats-Unis)\u00a0: Donald Trump luttait mercredi pour dissiper l'impression\u2026","rel":"","context":"Dans &quot;Opinions&amp;R\u00e9flexions&quot;","block_context":{"text":"Opinions&amp;R\u00e9flexions","link":"https:\/\/lyonelkaufmann.ch\/histoire\/category\/didactique\/opinionsreflexions\/"},"img":{"alt_text":"","src":"https:\/\/i0.wp.com\/lyonelkaufmann.ch\/histoire\/wp-content\/uploads\/2016\/11\/trump-hitler.jpg?fit=880%2C580&ssl=1&resize=350%2C200","width":350,"height":200,"srcset":"https:\/\/i0.wp.com\/lyonelkaufmann.ch\/histoire\/wp-content\/uploads\/2016\/11\/trump-hitler.jpg?fit=880%2C580&ssl=1&resize=350%2C200 1x, https:\/\/i0.wp.com\/lyonelkaufmann.ch\/histoire\/wp-content\/uploads\/2016\/11\/trump-hitler.jpg?fit=880%2C580&ssl=1&resize=525%2C300 1.5x, https:\/\/i0.wp.com\/lyonelkaufmann.ch\/histoire\/wp-content\/uploads\/2016\/11\/trump-hitler.jpg?fit=880%2C580&ssl=1&resize=700%2C400 2x"},"classes":[]}],"_links":{"self":[{"href":"https:\/\/lyonelkaufmann.ch\/histoire\/wp-json\/wp\/v2\/posts\/20069","targetHints":{"allow":["GET"]}}],"collection":[{"href":"https:\/\/lyonelkaufmann.ch\/histoire\/wp-json\/wp\/v2\/posts"}],"about":[{"href":"https:\/\/lyonelkaufmann.ch\/histoire\/wp-json\/wp\/v2\/types\/post"}],"author":[{"embeddable":true,"href":"https:\/\/lyonelkaufmann.ch\/histoire\/wp-json\/wp\/v2\/users\/1"}],"replies":[{"embeddable":true,"href":"https:\/\/lyonelkaufmann.ch\/histoire\/wp-json\/wp\/v2\/comments?post=20069"}],"version-history":[{"count":0,"href":"https:\/\/lyonelkaufmann.ch\/histoire\/wp-json\/wp\/v2\/posts\/20069\/revisions"}],"wp:featuredmedia":[{"embeddable":true,"href":"https:\/\/lyonelkaufmann.ch\/histoire\/wp-json\/wp\/v2\/media\/20067"}],"wp:attachment":[{"href":"https:\/\/lyonelkaufmann.ch\/histoire\/wp-json\/wp\/v2\/media?parent=20069"}],"wp:term":[{"taxonomy":"category","embeddable":true,"href":"https:\/\/lyonelkaufmann.ch\/histoire\/wp-json\/wp\/v2\/categories?post=20069"},{"taxonomy":"post_tag","embeddable":true,"href":"https:\/\/lyonelkaufmann.ch\/histoire\/wp-json\/wp\/v2\/tags?post=20069"}],"curies":[{"name":"wp","href":"https:\/\/api.w.org\/{rel}","templated":true}]}}