{"id":20259,"date":"2025-03-22T09:07:00","date_gmt":"2025-03-22T08:07:00","guid":{"rendered":"https:\/\/lyonelkaufmann.ch\/histoire\/?p=20259"},"modified":"2025-03-21T11:16:07","modified_gmt":"2025-03-21T10:16:07","slug":"max-weber-une-vie-mouvementee-dans-une-epoque-agitee-blog-musee-national-suisse","status":"publish","type":"post","link":"https:\/\/lyonelkaufmann.ch\/histoire\/2025\/03\/22\/max-weber-une-vie-mouvementee-dans-une-epoque-agitee-blog-musee-national-suisse\/","title":{"rendered":"Max Weber. Une vie mouvement\u00e9e dans une \u00e9poque agit\u00e9e \u2013 Blog Mus\u00e9e national suisse"},"content":{"rendered":"\n<p><strong>Cet article du Blog du Mus\u00e9e national suisse nous offre un portrait de Max Weber, socialiste suisse, pacifiste puis d\u00e9fenseur de la d\u00e9fense nationale devant la mont\u00e9e des fascismes, brillant \u00e9conomiste qui fut \u00e9galement Conseiller f\u00e9d\u00e9ral. Un destin int\u00e9ressant et singulier que je vous invite \u00e0 lire. <\/strong><\/p>\n\n\n<div class=\"wp-block-image\">\n<figure class=\"aligncenter size-large is-resized\"><a href=\"https:\/\/i0.wp.com\/lyonelkaufmann.ch\/histoire\/wp-content\/uploads\/2025\/03\/max-weber-bibliothek.webp?ssl=1\"><img data-recalc-dims=\"1\" loading=\"lazy\" decoding=\"async\" width=\"700\" height=\"699\" data-attachment-id=\"20261\" data-permalink=\"https:\/\/lyonelkaufmann.ch\/histoire\/2025\/03\/22\/max-weber-une-vie-mouvementee-dans-une-epoque-agitee-blog-musee-national-suisse\/max-weber-bibliothek\/\" data-orig-file=\"https:\/\/i0.wp.com\/lyonelkaufmann.ch\/histoire\/wp-content\/uploads\/2025\/03\/max-weber-bibliothek.webp?fit=1200%2C1199&amp;ssl=1\" data-orig-size=\"1200,1199\" data-comments-opened=\"1\" data-image-meta=\"{&quot;aperture&quot;:&quot;0&quot;,&quot;credit&quot;:&quot;&quot;,&quot;camera&quot;:&quot;&quot;,&quot;caption&quot;:&quot;&quot;,&quot;created_timestamp&quot;:&quot;0&quot;,&quot;copyright&quot;:&quot;&quot;,&quot;focal_length&quot;:&quot;0&quot;,&quot;iso&quot;:&quot;0&quot;,&quot;shutter_speed&quot;:&quot;0&quot;,&quot;title&quot;:&quot;&quot;,&quot;orientation&quot;:&quot;0&quot;}\" data-image-title=\"max-weber-bibliothek\" data-image-description=\"\" data-image-caption=\"\" data-large-file=\"https:\/\/i0.wp.com\/lyonelkaufmann.ch\/histoire\/wp-content\/uploads\/2025\/03\/max-weber-bibliothek.webp?fit=700%2C699&amp;ssl=1\" src=\"https:\/\/i0.wp.com\/lyonelkaufmann.ch\/histoire\/wp-content\/uploads\/2025\/03\/max-weber-bibliothek.webp?resize=700%2C699&#038;ssl=1\" alt=\"\" class=\"wp-image-20261\" style=\"width:521px;height:auto\" srcset=\"https:\/\/i0.wp.com\/lyonelkaufmann.ch\/histoire\/wp-content\/uploads\/2025\/03\/max-weber-bibliothek.webp?resize=700%2C699&amp;ssl=1 700w, https:\/\/i0.wp.com\/lyonelkaufmann.ch\/histoire\/wp-content\/uploads\/2025\/03\/max-weber-bibliothek.webp?resize=300%2C300&amp;ssl=1 300w, https:\/\/i0.wp.com\/lyonelkaufmann.ch\/histoire\/wp-content\/uploads\/2025\/03\/max-weber-bibliothek.webp?resize=150%2C150&amp;ssl=1 150w, https:\/\/i0.wp.com\/lyonelkaufmann.ch\/histoire\/wp-content\/uploads\/2025\/03\/max-weber-bibliothek.webp?resize=768%2C767&amp;ssl=1 768w, https:\/\/i0.wp.com\/lyonelkaufmann.ch\/histoire\/wp-content\/uploads\/2025\/03\/max-weber-bibliothek.webp?resize=80%2C80&amp;ssl=1 80w, https:\/\/i0.wp.com\/lyonelkaufmann.ch\/histoire\/wp-content\/uploads\/2025\/03\/max-weber-bibliothek.webp?resize=600%2C600&amp;ssl=1 600w, https:\/\/i0.wp.com\/lyonelkaufmann.ch\/histoire\/wp-content\/uploads\/2025\/03\/max-weber-bibliothek.webp?w=1200&amp;ssl=1 1200w\" sizes=\"auto, (max-width: 700px) 100vw, 700px\" \/><\/a><figcaption class=\"wp-element-caption\">Le conseiller f\u00e9d\u00e9ral Max Weber dans sa biblioth\u00e8que priv\u00e9e, 1953. Keystone<\/figcaption><\/figure>\n<\/div>\n\n\n<blockquote class=\"wp-block-quote is-layout-flow wp-block-quote-is-layout-flow\">\n<blockquote class=\"wp-block-quote is-layout-flow wp-block-quote-is-layout-flow\">\n<p>\u00ab J\u2019ai \u00e9t\u00e9 et je reste aujourd\u2019hui encore un adepte convaincu du pacifisme mais ce serait un aveugle\u00adment de nier que les conditions sont aujourd\u2019hui radica\u00adle\u00adment diff\u00e9rentes.\u00bb Max Weber, proc\u00e8s-verbal du congr\u00e8s syndical de 1936<\/p>\n<\/blockquote>\n<\/blockquote>\n\n\n\n<p>Plus on s\u2019int\u00e9resse \u00e0 Max Weber et \u00e0 son \u00e9poque, plus la question de savoir si ce sont les temps qui nous changent ou nous qui les changeons perd de sa nettet\u00e9. Si Weber est fa\u00e7onn\u00e9 par les circonstances, il contribue aussi \u00e0 les fa\u00e7onner. L\u2019\u00e9volution la plus significative pour laquelle il se soit engag\u00e9 est sans conteste l\u2019\u00e9volution du socialisme de l\u2019entre-deux-guerres marqu\u00e9 par le dogme de la lutte des classes vers le pragmatisme du partenariat social coop\u00e9ratif de l\u2019apr\u00e8s-guerre. Ind\u00e9pendamment de sa d\u00e9mission pr\u00e9matur\u00e9e du Conseil f\u00e9d\u00e9ral, Max Weber a contribu\u00e9 de fa\u00e7on significative \u00e0 l\u2019int\u00e9gration de la social-d\u00e9mocratie dans le partage proportionnel du pouvoir au sein du gouvernement suisse. Le mod\u00e8le encore actuel de concordance bas\u00e9e sur une proportionnalit\u00e9 tacite fut en effet \u00e9labor\u00e9 en 1959. <\/p>\n\n\n\n<blockquote class=\"wp-block-quote is-layout-flow wp-block-quote-is-layout-flow\">\n<blockquote class=\"wp-block-quote is-layout-flow wp-block-quote-is-layout-flow\">\n<p>Autant le lib\u00e9ra\u00adlisme \u00e9conomique \u00e0\u00a0l\u2019\u00e9tat pur n\u2019a jamais exist\u00e9, autant l\u2019\u00e9conomie planifi\u00e9e (le marxisme) comme principe absolu n\u2019a aucun avenir. Max Weber, Gewerkschaftliche Rundschau, 1934<\/p>\n<\/blockquote>\n<\/blockquote>\n\n\n\n<p>Justice sociale, formation et culture, non-violence et pacifisme. Max Weber est pr\u00eat \u00e0 payer cher pour ses convictions. Il est emprisonn\u00e9. Il d\u00e9missionne de son poste de chef syndicaliste du pays. Il en fait de m\u00eame au Conseil f\u00e9d\u00e9ral. Lorsqu\u2019il voit sa libert\u00e9 d\u2019action menac\u00e9e par un r\u00e9gime injuste, il est pr\u00eat \u00e0 renier son pacifisme acharn\u00e9 et prend les armes pour se d\u00e9fendre, d\u00e9fendre ses concitoyens et r\u00e9tablir son id\u00e9al \u2013 mais seulement jusqu\u2019au retour des conditions permettant de donner \u00e0 cet id\u00e9al la place qu\u2019il m\u00e9rite. <\/p>\n\n\n\n<p>La biographie de Max Weber nous confronte \u00e0 des questions existentielles fondamentales. Les \u00e9v\u00e9nements historiques ayant marqu\u00e9 sa vie de 1897 \u00e0 1974 \u00e9clairent les origines de notre soci\u00e9t\u00e9.<\/p>\n\n\n\n<p>Lire ce singulier parcours\u00a0: <em><a href=\"https:\/\/blog.nationalmuseum.ch\/fr\/2025\/03\/max-weber-une-vie-mouvementee-dans-une-epoque-agitee\/\">Max Weber. Une vie mouvement\u00e9e dans une \u00e9poque agit\u00e9e \u2013 Mus\u00e9e national &#8211; Blog sur l&rsquo;histoire suisse<\/a><\/em><\/p>\n","protected":false},"excerpt":{"rendered":"<p>Cet article du Blog du Mus\u00e9e national suisse nous offre un portrait de Max Weber, socialiste suisse, pacifiste puis d\u00e9fenseur de la d\u00e9fense nationale devant la mont\u00e9e des fascismes, brillant \u00e9conomiste qui fut \u00e9galement Conseiller f\u00e9d\u00e9ral. Un destin int\u00e9ressant et singulier que je vous invite \u00e0 lire. Plus on s\u2019int\u00e9resse \u00e0 Max Weber et \u00e0 [&hellip;]<\/p>\n","protected":false},"author":1,"featured_media":20261,"comment_status":"open","ping_status":"open","sticky":false,"template":"","format":"standard","meta":{"_import_markdown_pro_load_document_selector":0,"_import_markdown_pro_submit_text_textarea":"","_genesis_hide_title":false,"_genesis_hide_breadcrumbs":false,"_genesis_hide_singular_image":false,"_genesis_hide_footer_widgets":false,"_genesis_custom_body_class":"","_genesis_custom_post_class":"","_genesis_layout":"","jetpack_post_was_ever_published":false,"_jetpack_newsletter_access":"","_jetpack_dont_email_post_to_subs":false,"_jetpack_newsletter_tier_id":0,"_jetpack_memberships_contains_paywalled_content":false,"_jetpack_memberships_contains_paid_content":false,"footnotes":"","jetpack_publicize_message":"","jetpack_publicize_feature_enabled":true,"jetpack_social_post_already_shared":true,"jetpack_social_options":{"image_generator_settings":{"template":"highway","default_image_id":0,"font":"","enabled":false},"version":2}},"categories":[5,13,16],"tags":[],"class_list":{"0":"post-20259","1":"post","2":"type-post","3":"status-publish","4":"format-standard","5":"has-post-thumbnail","7":"category-histoire-savante","8":"category-opinionsreflexions","9":"category-publications","10":"entry"},"jetpack_publicize_connections":[],"featured_image_src":"https:\/\/i0.wp.com\/lyonelkaufmann.ch\/histoire\/wp-content\/uploads\/2025\/03\/max-weber-bibliothek.webp?resize=600%2C400&ssl=1","featured_image_src_square":"https:\/\/i0.wp.com\/lyonelkaufmann.ch\/histoire\/wp-content\/uploads\/2025\/03\/max-weber-bibliothek.webp?resize=600%2C600&ssl=1","author_info":{"display_name":"Lyonel Kaufmann","author_link":"https:\/\/lyonelkaufmann.ch\/histoire\/author\/lyonelk\/"},"jetpack_featured_media_url":"https:\/\/i0.wp.com\/lyonelkaufmann.ch\/histoire\/wp-content\/uploads\/2025\/03\/max-weber-bibliothek.webp?fit=1200%2C1199&ssl=1","jetpack_sharing_enabled":true,"jetpack_shortlink":"https:\/\/wp.me\/p1rJVM-5gL","jetpack_likes_enabled":true,"jetpack-related-posts":[{"id":1712,"url":"https:\/\/lyonelkaufmann.ch\/histoire\/2009\/12\/16\/les-debats-du-parlement-suisse-disponibles-en-ligne-fragments-actuels\/","url_meta":{"origin":20259,"position":0},"title":"Les d\u00e9bats du Parlement suisse disponibles en ligne &#124; Fragments actuels","author":"Lyonel Kaufmann","date":"16 d\u00e9cembre 2009","format":false,"excerpt":"Tous les d\u00e9bats du Conseil national et du Conseil des Etats depuis 1971 sont d\u00e9sormais disponibles en ligne. Les Services du Parlement et les Archives f\u00e9d\u00e9rales suisses ont proc\u00e9d\u00e9 \u00e0 la num\u00e9risation du Bulletin officiel de l\u2019Assembl\u00e9e f\u00e9d\u00e9rale de 1971 \u00e0 1995 et le publient aujourd\u2019hui sur www.amtsdruckschriften.bar.admin.ch. On y\u2026","rel":"","context":"Dans &quot;Nouvelles de l'histoire&quot;","block_context":{"text":"Nouvelles de l'histoire","link":"https:\/\/lyonelkaufmann.ch\/histoire\/category\/nouvelles-de-lhistoire\/"},"img":{"alt_text":"","src":"","width":0,"height":0},"classes":[]},{"id":2685,"url":"https:\/\/lyonelkaufmann.ch\/histoire\/2010\/03\/31\/la-suisse-face-a-la-guerre-dalgerie-domaine-public\/","url_meta":{"origin":20259,"position":1},"title":"La Suisse face \u00e0 la guerre d&#039;Alg\u00e9rie &#124;\u00a0Domaine Public","author":"Lyonel Kaufmann","date":"31 mars 2010","format":false,"excerpt":"Domaine public publie un compte-rendu par Pierre Jeanneret de la d\u00e9fense de th\u00e8se pr\u00e9sent\u00e9e \u00e0 Fribourg par Damien Carron, ancien collaborateur des Documents diplomatiques suisses et actuellement D\u00e9l\u00e9gu\u00e9 \u00e0 la recherche \u00e0 la Fondation Formation universitaire \u00e0 Distance Suisse. Le titre de la th\u00e8se est La Suisse officielle face \u00e0\u2026","rel":"","context":"Dans &quot;Histoire savante&quot;","block_context":{"text":"Histoire savante","link":"https:\/\/lyonelkaufmann.ch\/histoire\/category\/didactique\/histoire-savante\/"},"img":{"alt_text":"","src":"","width":0,"height":0},"classes":[]},{"id":13306,"url":"https:\/\/lyonelkaufmann.ch\/histoire\/2017\/09\/07\/il-y-a-125-ans-les-conseillers-federaux-bi-nationaux-ne-genaient-personne-bon-pour-la-tete\/","url_meta":{"origin":20259,"position":2},"title":"Il y a 125 ans, les conseillers f\u00e9d\u00e9raux bi-nationaux ne g\u00eanaient personne | Bon pour la t\u00eate","author":"Lyonel Kaufmann","date":"7 septembre 2017","format":false,"excerpt":"L\u2019UDC claironne qu\u2019un double national ne doit pas \u00eatre conseiller f\u00e9d\u00e9ral. Mais la question \u00e9tait moins sensible au XIXe si\u00e8cle. Personne n\u2019a reproch\u00e9 au B\u00e2lois Emil Frey, conseiller f\u00e9d\u00e9ral radical de 1890 \u00e0 1895, d\u2019avoir deux nationalit\u00e9s, suisse et am\u00e9ricaine. Avant d\u2019\u00eatre \u00e9lu au Conseil f\u00e9d\u00e9ral, il avait m\u00eame servi\u2026","rel":"","context":"Dans &quot;Nouvelles de l'histoire&quot;","block_context":{"text":"Nouvelles de l'histoire","link":"https:\/\/lyonelkaufmann.ch\/histoire\/category\/nouvelles-de-lhistoire\/"},"img":{"alt_text":"","src":"https:\/\/i0.wp.com\/lyonelkaufmann.ch\/histoire\/wp-content\/uploads\/2017\/09\/Image-07.09.17-13-29.8a5f18e24c94421594f679f677f74b60.jpeg?fit=1200%2C800&ssl=1&resize=350%2C200","width":350,"height":200,"srcset":"https:\/\/i0.wp.com\/lyonelkaufmann.ch\/histoire\/wp-content\/uploads\/2017\/09\/Image-07.09.17-13-29.8a5f18e24c94421594f679f677f74b60.jpeg?fit=1200%2C800&ssl=1&resize=350%2C200 1x, https:\/\/i0.wp.com\/lyonelkaufmann.ch\/histoire\/wp-content\/uploads\/2017\/09\/Image-07.09.17-13-29.8a5f18e24c94421594f679f677f74b60.jpeg?fit=1200%2C800&ssl=1&resize=525%2C300 1.5x, https:\/\/i0.wp.com\/lyonelkaufmann.ch\/histoire\/wp-content\/uploads\/2017\/09\/Image-07.09.17-13-29.8a5f18e24c94421594f679f677f74b60.jpeg?fit=1200%2C800&ssl=1&resize=700%2C400 2x, https:\/\/i0.wp.com\/lyonelkaufmann.ch\/histoire\/wp-content\/uploads\/2017\/09\/Image-07.09.17-13-29.8a5f18e24c94421594f679f677f74b60.jpeg?fit=1200%2C800&ssl=1&resize=1050%2C600 3x"},"classes":[]},{"id":4730,"url":"https:\/\/lyonelkaufmann.ch\/histoire\/2011\/12\/13\/ef-2011-la-concordance-ce-nest-pas-la-formule-magique-urs-altermatt\/","url_meta":{"origin":20259,"position":3},"title":"La concordance? Ce n&#039;est pas la formule magique\u2026","author":"Lyonel Kaufmann","date":"13 d\u00e9cembre 2011","format":false,"excerpt":"\u00abIl est erron\u00e9 de r\u00e9duire la concordance \u2013 \u00e0 ne pas confondre avec la formule magique \u2013 aux simples calculs arithm\u00e9tiques. La concordance a d\u00e9but\u00e9 au XIXe si\u00e8cle, apr\u00e8s la fondation de la Suisse moderne, lorsque les radicaux ont accord\u00e9 un, puis deux si\u00e8ges aux catholiques conservateurs (ndlr: anc\u00eatres des\u2026","rel":"","context":"Dans &quot;Nouvelles de l'histoire&quot;","block_context":{"text":"Nouvelles de l'histoire","link":"https:\/\/lyonelkaufmann.ch\/histoire\/category\/nouvelles-de-lhistoire\/"},"img":{"alt_text":"","src":"","width":0,"height":0},"classes":[]},{"id":19355,"url":"https:\/\/lyonelkaufmann.ch\/histoire\/2022\/12\/02\/le-dernier-annuaire-telephonique-en-suisse-blog-musee-national-suisse\/","url_meta":{"origin":20259,"position":4},"title":"Le dernier annuaire t\u00e9l\u00e9phonique en Suisse | Blog Mus\u00e9e national suisse","author":"Lyonel Kaufmann","date":"2 d\u00e9cembre 2022","format":false,"excerpt":"Un des derniers articles du blog du Mus\u00e9e national suisse est consacr\u00e9 aux annuaires t\u00e9l\u00e9phoniques imprim\u00e9s en Suisse dont les derniers ont \u00e9t\u00e9 publi\u00e9s cette ann\u00e9e. Cr\u00e9\u00e9s en 1880 \u00e0 Zurich, ils prennent d\u00e9sormais d\u00e9finitivement leur retraite. Petit retour en arri\u00e8re. L\u2019histoire des annuaires t\u00e9l\u00e9phoniques est \u00e9troitement li\u00e9e \u00e0 l\u2019\u00e9volution\u2026","rel":"","context":"Dans &quot;Histoire savante&quot;","block_context":{"text":"Histoire savante","link":"https:\/\/lyonelkaufmann.ch\/histoire\/category\/didactique\/histoire-savante\/"},"img":{"alt_text":"","src":"https:\/\/i0.wp.com\/blog.nationalmuseum.ch\/app\/uploads\/telefonbuch-zurich-e1662475683496.jpg?resize=350%2C200&ssl=1","width":350,"height":200,"srcset":"https:\/\/i0.wp.com\/blog.nationalmuseum.ch\/app\/uploads\/telefonbuch-zurich-e1662475683496.jpg?resize=350%2C200&ssl=1 1x, https:\/\/i0.wp.com\/blog.nationalmuseum.ch\/app\/uploads\/telefonbuch-zurich-e1662475683496.jpg?resize=525%2C300&ssl=1 1.5x"},"classes":[]},{"id":20263,"url":"https:\/\/lyonelkaufmann.ch\/histoire\/2025\/03\/24\/spreitenbach-un-paradis-du-shopping-ou-la-porte-des-enfers-blog-du-musee-national-suisse\/","url_meta":{"origin":20259,"position":5},"title":"Spreitenbach: Un paradis du shopping ou la porte des enfers? \u2013 Blog du Mus\u00e9e national suisse","author":"Lyonel Kaufmann","date":"24 mars 2025","format":false,"excerpt":"En 1975, l\u2019Association suisse des instituteurs publia le panneau scolaire n\u00b0167. Celui-ci montre une vue a\u00e9rienne de la commune de Spreitenbach, dans la vall\u00e9e de la Limmat. Ou plus pr\u00e9cis\u00e9ment de la ville nouvelle de Spreitenbach, \u00abNeu-Spreitenbach\u00bb, avec son centre commercial entour\u00e9 d\u2019un immense parking rempli de voitures aux couleurs\u2026","rel":"","context":"Dans &quot;Histoire active&quot;","block_context":{"text":"Histoire active","link":"https:\/\/lyonelkaufmann.ch\/histoire\/category\/didactique\/histoire-active\/"},"img":{"alt_text":"","src":"https:\/\/i0.wp.com\/lyonelkaufmann.ch\/histoire\/wp-content\/uploads\/2025\/03\/Spreitenbach-Schulwandbild-GBE-184096_LM-106044.1.webp?resize=350%2C200&ssl=1","width":350,"height":200,"srcset":"https:\/\/i0.wp.com\/lyonelkaufmann.ch\/histoire\/wp-content\/uploads\/2025\/03\/Spreitenbach-Schulwandbild-GBE-184096_LM-106044.1.webp?resize=350%2C200&ssl=1 1x, https:\/\/i0.wp.com\/lyonelkaufmann.ch\/histoire\/wp-content\/uploads\/2025\/03\/Spreitenbach-Schulwandbild-GBE-184096_LM-106044.1.webp?resize=525%2C300&ssl=1 1.5x, https:\/\/i0.wp.com\/lyonelkaufmann.ch\/histoire\/wp-content\/uploads\/2025\/03\/Spreitenbach-Schulwandbild-GBE-184096_LM-106044.1.webp?resize=700%2C400&ssl=1 2x, https:\/\/i0.wp.com\/lyonelkaufmann.ch\/histoire\/wp-content\/uploads\/2025\/03\/Spreitenbach-Schulwandbild-GBE-184096_LM-106044.1.webp?resize=1050%2C600&ssl=1 3x, https:\/\/i0.wp.com\/lyonelkaufmann.ch\/histoire\/wp-content\/uploads\/2025\/03\/Spreitenbach-Schulwandbild-GBE-184096_LM-106044.1.webp?resize=1400%2C800&ssl=1 4x"},"classes":[]}],"_links":{"self":[{"href":"https:\/\/lyonelkaufmann.ch\/histoire\/wp-json\/wp\/v2\/posts\/20259","targetHints":{"allow":["GET"]}}],"collection":[{"href":"https:\/\/lyonelkaufmann.ch\/histoire\/wp-json\/wp\/v2\/posts"}],"about":[{"href":"https:\/\/lyonelkaufmann.ch\/histoire\/wp-json\/wp\/v2\/types\/post"}],"author":[{"embeddable":true,"href":"https:\/\/lyonelkaufmann.ch\/histoire\/wp-json\/wp\/v2\/users\/1"}],"replies":[{"embeddable":true,"href":"https:\/\/lyonelkaufmann.ch\/histoire\/wp-json\/wp\/v2\/comments?post=20259"}],"version-history":[{"count":0,"href":"https:\/\/lyonelkaufmann.ch\/histoire\/wp-json\/wp\/v2\/posts\/20259\/revisions"}],"wp:featuredmedia":[{"embeddable":true,"href":"https:\/\/lyonelkaufmann.ch\/histoire\/wp-json\/wp\/v2\/media\/20261"}],"wp:attachment":[{"href":"https:\/\/lyonelkaufmann.ch\/histoire\/wp-json\/wp\/v2\/media?parent=20259"}],"wp:term":[{"taxonomy":"category","embeddable":true,"href":"https:\/\/lyonelkaufmann.ch\/histoire\/wp-json\/wp\/v2\/categories?post=20259"},{"taxonomy":"post_tag","embeddable":true,"href":"https:\/\/lyonelkaufmann.ch\/histoire\/wp-json\/wp\/v2\/tags?post=20259"}],"curies":[{"name":"wp","href":"https:\/\/api.w.org\/{rel}","templated":true}]}}