{"id":20299,"date":"2025-04-17T07:44:01","date_gmt":"2025-04-17T06:44:01","guid":{"rendered":"https:\/\/lyonelkaufmann.ch\/histoire\/?p=20299"},"modified":"2025-04-17T07:44:34","modified_gmt":"2025-04-17T06:44:34","slug":"trous-de-memoires-de-nicolas-juncker","status":"publish","type":"post","link":"https:\/\/lyonelkaufmann.ch\/histoire\/2025\/04\/17\/trous-de-memoires-de-nicolas-juncker\/","title":{"rendered":"Trous de m\u00e9moires de Nicolas Juncker"},"content":{"rendered":"\n<p><strong>Comment raconter la guerre d\u2019Alg\u00e9rie et ses m\u00e9moires sans tomber dans le pathos ou la le\u00e7on d\u2019histoire trop acad\u00e9mique\u00a0? <em>Trous de m\u00e9moires<\/em> rel\u00e8ve ce d\u00e9fi avec audace, m\u00ealant com\u00e9die burlesque et r\u00e9flexion historique. Nicolas Juncker y explore, avec un humour grin\u00e7ant, les tensions et contradictions qui entourent la m\u00e9moire de ce conflit, en s\u2019inspirant du projet avort\u00e9 du Mus\u00e9e de la France et de l\u2019Alg\u00e9rie initi\u00e9 par Georges Fr\u00eache \u00e0 Montpellier. \u00c0 travers une galerie de personnages hauts en couleur, il interroge notre rapport \u00e0 l\u2019histoire et \u00e0 sa transmission ainsi qu\u2019\u00e0 son appropriation par certains.\u00a0<\/strong><\/p>\n\n\n<div class=\"wp-block-image\">\n<figure class=\"aligncenter size-full\"><a href=\"https:\/\/i0.wp.com\/lyonelkaufmann.ch\/histoire\/wp-content\/uploads\/2025\/04\/trous-de-memoires.jpg?ssl=1\"><img data-recalc-dims=\"1\" loading=\"lazy\" decoding=\"async\" width=\"400\" height=\"529\" data-attachment-id=\"20300\" data-permalink=\"https:\/\/lyonelkaufmann.ch\/histoire\/2025\/04\/17\/trous-de-memoires-de-nicolas-juncker\/trous-de-memoires\/\" data-orig-file=\"https:\/\/i0.wp.com\/lyonelkaufmann.ch\/histoire\/wp-content\/uploads\/2025\/04\/trous-de-memoires.jpg?fit=400%2C529&amp;ssl=1\" data-orig-size=\"400,529\" data-comments-opened=\"1\" data-image-meta=\"{&quot;aperture&quot;:&quot;0&quot;,&quot;credit&quot;:&quot;&quot;,&quot;camera&quot;:&quot;&quot;,&quot;caption&quot;:&quot;&quot;,&quot;created_timestamp&quot;:&quot;0&quot;,&quot;copyright&quot;:&quot;&quot;,&quot;focal_length&quot;:&quot;0&quot;,&quot;iso&quot;:&quot;0&quot;,&quot;shutter_speed&quot;:&quot;0&quot;,&quot;title&quot;:&quot;&quot;,&quot;orientation&quot;:&quot;0&quot;}\" data-image-title=\"trous-de-memoires\" data-image-description=\"\" data-image-caption=\"\" data-large-file=\"https:\/\/i0.wp.com\/lyonelkaufmann.ch\/histoire\/wp-content\/uploads\/2025\/04\/trous-de-memoires.jpg?fit=400%2C529&amp;ssl=1\" src=\"https:\/\/i0.wp.com\/lyonelkaufmann.ch\/histoire\/wp-content\/uploads\/2025\/04\/trous-de-memoires.jpg?resize=400%2C529&#038;ssl=1\" alt=\"\" class=\"wp-image-20300\" srcset=\"https:\/\/i0.wp.com\/lyonelkaufmann.ch\/histoire\/wp-content\/uploads\/2025\/04\/trous-de-memoires.jpg?w=400&amp;ssl=1 400w, https:\/\/i0.wp.com\/lyonelkaufmann.ch\/histoire\/wp-content\/uploads\/2025\/04\/trous-de-memoires.jpg?resize=227%2C300&amp;ssl=1 227w\" sizes=\"auto, (max-width: 400px) 100vw, 400px\" \/><\/a><\/figure>\n<\/div>\n\n\n<p>Pour une pr\u00e9sentation de l&rsquo;album : <a href=\"https:\/\/clio-cr.clionautes.org\/trous-de-memoires.html\">Trous de m\u00e9moire |\u00a0La Clioth\u00e8que<\/a><\/p>\n\n\n\n<p>Pour sa part, Yannick M\u00e9vel dans les <em>Cahiers p\u00e9dagogiques<\/em> (<a href=\"https:\/\/www.cahiers-pedagogiques.com\/trous-de-memoires-et-histoire-trouee\/\" target=\"_blank\" rel=\"noreferrer noopener\">Trous de m\u00e9moires et histoire trou\u00e9e<\/a>), se propose de r\u00e9pondre \u00e0 la question suivante relativement \u00e0 son utilisation en classe d&rsquo;histoire :<\/p>\n\n\n\n<blockquote class=\"wp-block-quote is-layout-flow wp-block-quote-is-layout-flow\">\n<p>L\u2019occasion, peut-\u00eatre, d\u2019en faire un objet d\u2019\u00e9tude pour les \u00e9l\u00e8ves et les \u00e9tudiants en histoire ?<\/p>\n<\/blockquote>\n\n\n\n<p>Dans un premier temps, il propose d&rsquo;y recourir \u00e0 partir d&rsquo;une approche d\u00e9ductive o\u00f9 pr\u00e9alablement \u00e0 l&rsquo;analyse de la bande dessin\u00e9 consistant <em>\u00ab\u00e0 retrouver dans l\u2019album des \u00e9l\u00e9ments qui correspondent aux d\u00e9finitions de l\u2019histoire et des m\u00e9moires dans leur pluralit\u00e9\u00bb<\/em>.<\/p>\n\n\n\n<p>Cependant, il y voit un risque que l&rsquo;opposition histoire-m\u00e9moire ne rende pas totalement compte de la complexit\u00e9 des relations entre les deux. <\/p>\n\n\n\n<p>Il propose alors la d\u00e9marche inverse :<\/p>\n\n\n\n<blockquote class=\"wp-block-quote is-layout-flow wp-block-quote-is-layout-flow\">\n<p>Faire des d\u00e9finitions l\u2019aboutissement d\u2019une analyse des situations dans l\u2019album serait sans doute pr\u00e9f\u00e9rable. Il faudrait alors concevoir toute la s\u00e9quence comme une enqu\u00eate autour des \u00ab trous de m\u00e9moires \u00bb que l\u2019on pourrait concevoir comme une recherche des \u00ab bonnes raisons d\u2019agir \u00bb des diff\u00e9rents personnages (individus et collectifs) et dans laquelle la recherche de d\u00e9finition des concepts serait un fil directeur.<\/p>\n<\/blockquote>\n\n\n\n<p>Relativement \u00e0 la notion d&rsquo;enqu\u00eate, il s&rsquo;appuie sur le travail r\u00e9alis\u00e9 par Sylvain Doussot (Sylvain Doussot, <em>Didactique de l\u2019histoire. Outils et pratiques de l\u2019enqu\u00eate historienne en classe,<\/em> Presses universitaires de Rennes, 2011).<\/p>\n\n\n\n<p>R\u00e9f\u00e9rence de la bande dessin\u00e9e : <em>Trous de m\u00e9moires<\/em>. Nicolas Juncker (sc\u00e9nario et dessin). Juliette Laude (couleurs). Tramor Quemeneur (Dossier historique). Le Lombard. 156 pages. <\/p>\n","protected":false},"excerpt":{"rendered":"<p>Comment raconter la guerre d\u2019Alg\u00e9rie et ses m\u00e9moires sans tomber dans le pathos ou la le\u00e7on d\u2019histoire trop acad\u00e9mique\u00a0? Trous de m\u00e9moires rel\u00e8ve ce d\u00e9fi avec audace, m\u00ealant com\u00e9die burlesque et r\u00e9flexion historique. Nicolas Juncker y explore, avec un humour grin\u00e7ant, les tensions et contradictions qui entourent la m\u00e9moire de ce conflit, en s\u2019inspirant du [&hellip;]<\/p>\n","protected":false},"author":1,"featured_media":20300,"comment_status":"open","ping_status":"open","sticky":false,"template":"","format":"standard","meta":{"_import_markdown_pro_load_document_selector":0,"_import_markdown_pro_submit_text_textarea":"","_genesis_hide_title":false,"_genesis_hide_breadcrumbs":false,"_genesis_hide_singular_image":false,"_genesis_hide_footer_widgets":false,"_genesis_custom_body_class":"","_genesis_custom_post_class":"","_genesis_layout":"","jetpack_post_was_ever_published":false,"_jetpack_newsletter_access":"","_jetpack_dont_email_post_to_subs":false,"_jetpack_newsletter_tier_id":0,"_jetpack_memberships_contains_paywalled_content":false,"_jetpack_memberships_contains_paid_content":false,"footnotes":"","jetpack_publicize_message":"","jetpack_publicize_feature_enabled":true,"jetpack_social_post_already_shared":true,"jetpack_social_options":{"image_generator_settings":{"template":"highway","default_image_id":0,"font":"","enabled":false},"version":2}},"categories":[3,13,15,16],"tags":[],"class_list":{"0":"post-20299","1":"post","2":"type-post","3":"status-publish","4":"format-standard","5":"has-post-thumbnail","7":"category-didactique","8":"category-opinionsreflexions","9":"category-outils-enseignement","10":"category-publications","11":"entry"},"jetpack_publicize_connections":[],"featured_image_src":"https:\/\/i0.wp.com\/lyonelkaufmann.ch\/histoire\/wp-content\/uploads\/2025\/04\/trous-de-memoires.jpg?resize=400%2C400&ssl=1","featured_image_src_square":"https:\/\/i0.wp.com\/lyonelkaufmann.ch\/histoire\/wp-content\/uploads\/2025\/04\/trous-de-memoires.jpg?resize=400%2C529&ssl=1","author_info":{"display_name":"Lyonel Kaufmann","author_link":"https:\/\/lyonelkaufmann.ch\/histoire\/author\/lyonelk\/"},"jetpack_featured_media_url":"https:\/\/i0.wp.com\/lyonelkaufmann.ch\/histoire\/wp-content\/uploads\/2025\/04\/trous-de-memoires.jpg?fit=400%2C529&ssl=1","jetpack_sharing_enabled":true,"jetpack_shortlink":"https:\/\/wp.me\/p1rJVM-5hp","jetpack_likes_enabled":true,"jetpack-related-posts":[{"id":5199,"url":"https:\/\/lyonelkaufmann.ch\/histoire\/2012\/03\/19\/algerie-france-memoires-sous-tension\/","url_meta":{"origin":20299,"position":0},"title":"Alg\u00e9rie-France, m\u00e9moires sous tension","author":"Lyonel Kaufmann","date":"19 mars 2012","format":false,"excerpt":"Via Scoop.it - histoireHistoire commune entre les deux pays, la guerre d'Alg\u00e9rie n'est pas encore une histoire partag\u00e9e. La r\u00e9conciliation est difficile tant le cloisonnement des m\u00e9moires est fort. Un texte de Benjamin StoraVia www.lemonde.fr","rel":"","context":"Dans &quot;Nouvelles de l'histoire&quot;","block_context":{"text":"Nouvelles de l'histoire","link":"https:\/\/lyonelkaufmann.ch\/histoire\/category\/nouvelles-de-lhistoire\/"},"img":{"alt_text":"","src":"https:\/\/i0.wp.com\/lyonelkaufmann.ch\/histoire\/wp-content\/uploads\/2015\/07\/1yMiwfVKQ3PO8-el0LTwGTl72eJkfbmt4t8yenImKBXEejxNn4ZJNZ2ss5Ku7Cxt.jpg?fit=459%2C230&ssl=1&resize=350%2C200","width":350,"height":200},"classes":[]},{"id":6599,"url":"https:\/\/lyonelkaufmann.ch\/histoire\/2012\/12\/18\/algerie-1954-1962-la-guerre-de-mon-pere-slate\/","url_meta":{"origin":20299,"position":1},"title":"Alg\u00e9rie 1954-1962, la guerre de mon p\u00e8re &#124; Slate","author":"Lyonel Kaufmann","date":"18 d\u00e9cembre 2012","format":false,"excerpt":"Tr\u00e8s beau et poignant t\u00e9moignage tout en pudeur d'Ariane Bonzon,\u00a0 fille d\u2019appel\u00e9 en Alg\u00e9rie, une \u00abh\u00e9riti\u00e8re du silence\u00bb comme les surnomme Florence Dosse dans le livre qu\u2019elle vient de consacrer \u00e0 la m\u00e9moire des enfants d\u2019appel\u00e9s dont elle-m\u00eame, n\u00e9e en 1963, fait partie. La pr\u00e9sentation de son ouvrage par Florence\u2026","rel":"","context":"Dans &quot;Nouvelles de l'histoire&quot;","block_context":{"text":"Nouvelles de l'histoire","link":"https:\/\/lyonelkaufmann.ch\/histoire\/category\/nouvelles-de-lhistoire\/"},"img":{"alt_text":"","src":"https:\/\/i0.wp.com\/lyonelkaufmann.ch\/histoire\/wp-content\/uploads\/2015\/07\/017.jpg?fit=480%2C360&ssl=1&resize=350%2C200","width":350,"height":200},"classes":[]},{"id":14429,"url":"https:\/\/lyonelkaufmann.ch\/histoire\/2018\/06\/09\/nathalie-germinal-la-scenarisation-des-acteurs-historiques-en-lycee-professionnel-un-outil-pour-developper-lesprit-critique-des-eleves-airdhss-paris\/","url_meta":{"origin":20299,"position":2},"title":"Nathalie Germinal : \u00ab La sc\u00e9narisation des acteurs historiques en lyc\u00e9e professionnel : un outil pour d\u00e9velopper l\u2019esprit critique des \u00e9l\u00e8ves \u00bb #AIRDHSS #Paris","author":"Lyonel Kaufmann","date":"9 juin 2018","format":false,"excerpt":"Du 6 au 8 juin 2018 a eu lieu \u00e0 l\u2019Universit\u00e9 Paris-Diderot la\u00a04\u00e8me Conf\u00e9rence de l\u2019Association Internationale de Recherche en Didactique de l\u2019Histoire et des Sciences Sociales (AIRDHSS). Le th\u00e8me \u00e9tait \u00ab\u00a0\u00a0Citoyennet\u00e9, identit\u00e9 et alt\u00e9rit\u00e9 \u00ab. L\u2019intervention de Nathalie Germinal relativement \u00e0 la r\u00e9daction de lettres donnant le point de\u2026","rel":"","context":"Dans &quot;Didactique&quot;","block_context":{"text":"Didactique","link":"https:\/\/lyonelkaufmann.ch\/histoire\/category\/didactique\/"},"img":{"alt_text":"","src":"https:\/\/i0.wp.com\/lyonelkaufmann.ch\/histoire\/wp-content\/uploads\/2018\/06\/RSLocalFile-4B7585AB-2AB1-4D12-8113-E598235D13D2.png?fit=534%2C267&ssl=1&resize=350%2C200","width":350,"height":200,"srcset":"https:\/\/i0.wp.com\/lyonelkaufmann.ch\/histoire\/wp-content\/uploads\/2018\/06\/RSLocalFile-4B7585AB-2AB1-4D12-8113-E598235D13D2.png?fit=534%2C267&ssl=1&resize=350%2C200 1x, https:\/\/i0.wp.com\/lyonelkaufmann.ch\/histoire\/wp-content\/uploads\/2018\/06\/RSLocalFile-4B7585AB-2AB1-4D12-8113-E598235D13D2.png?fit=534%2C267&ssl=1&resize=525%2C300 1.5x"},"classes":[]},{"id":18245,"url":"https:\/\/lyonelkaufmann.ch\/histoire\/2021\/03\/03\/la-france-reconnait-officiellement-lassassinat-dali-boumendjel-rts-ch\/","url_meta":{"origin":20299,"position":3},"title":"La France reconna\u00eet officiellement l&rsquo;assassinat d&rsquo;Ali Boumendjel &#8211; rts.ch","author":"Lyonel Kaufmann","date":"3 mars 2021","format":false,"excerpt":"La reconnaissance officielle de l'assassinat d'Ari Boumendjel qu'elle souhaitait ardemment arrive trop tard pour sa veuve Malika, d\u00e9c\u00e9d\u00e9e il y a peu. [Eric Feferberg - AFP] Emmanuel Macron a reconnu mardi, \"au nom de la France\", que l'avocat et dirigeant nationaliste Ali Boumendjel a \u00e9t\u00e9 \"tortur\u00e9 et assassin\u00e9\" par l'arm\u00e9e\u2026","rel":"","context":"Dans &quot;Nouvelles de l'histoire&quot;","block_context":{"text":"Nouvelles de l'histoire","link":"https:\/\/lyonelkaufmann.ch\/histoire\/category\/nouvelles-de-lhistoire\/"},"img":{"alt_text":"","src":"https:\/\/i0.wp.com\/lyonelkaufmann.ch\/histoire\/wp-content\/uploads\/2021\/03\/12016163.image_-e1678962821790.jpg?fit=720%2C405&ssl=1&resize=350%2C200","width":350,"height":200,"srcset":"https:\/\/i0.wp.com\/lyonelkaufmann.ch\/histoire\/wp-content\/uploads\/2021\/03\/12016163.image_-e1678962821790.jpg?fit=720%2C405&ssl=1&resize=350%2C200 1x, https:\/\/i0.wp.com\/lyonelkaufmann.ch\/histoire\/wp-content\/uploads\/2021\/03\/12016163.image_-e1678962821790.jpg?fit=720%2C405&ssl=1&resize=525%2C300 1.5x, https:\/\/i0.wp.com\/lyonelkaufmann.ch\/histoire\/wp-content\/uploads\/2021\/03\/12016163.image_-e1678962821790.jpg?fit=720%2C405&ssl=1&resize=700%2C400 2x"},"classes":[]},{"id":14043,"url":"https:\/\/lyonelkaufmann.ch\/histoire\/2018\/04\/18\/la-guerre-dalgerie-une-histoire-de-femmes-le-progres\/","url_meta":{"origin":20299,"position":4},"title":"La guerre d\u2019Alg\u00e9rie, une histoire de femmes | Le Progr\u00e8s","author":"Lyonel Kaufmann","date":"18 avril 2018","format":false,"excerpt":"Auteur de bandes dessin\u00e9es humoristiques destin\u00e9es au jeune public, le Lyonnais Swann Meralli s'associe \u00e0 l'illustrateur st\u00e9phanois Zac Deloupy pour s'attaquer \u00e0 un nouveau genre. Avec \"Alg\u00e9riennes 1954-1962\", le bin\u00f4me livre un r\u00e9cit imag\u00e9 de la guerre d'Alg\u00e9rie, version f\u00e9minine. Il aura fallu pr\u00e8s d\u2019un an de recherches \u2013 lectures\u2026","rel":"","context":"Dans &quot;Nouvelles de l'histoire&quot;","block_context":{"text":"Nouvelles de l'histoire","link":"https:\/\/lyonelkaufmann.ch\/histoire\/category\/nouvelles-de-lhistoire\/"},"img":{"alt_text":"","src":"https:\/\/i0.wp.com\/lyonelkaufmann.ch\/histoire\/wp-content\/uploads\/2018\/04\/photo-dr-1523543643.jpg?fit=940%2C620&ssl=1&resize=350%2C200","width":350,"height":200,"srcset":"https:\/\/i0.wp.com\/lyonelkaufmann.ch\/histoire\/wp-content\/uploads\/2018\/04\/photo-dr-1523543643.jpg?fit=940%2C620&ssl=1&resize=350%2C200 1x, https:\/\/i0.wp.com\/lyonelkaufmann.ch\/histoire\/wp-content\/uploads\/2018\/04\/photo-dr-1523543643.jpg?fit=940%2C620&ssl=1&resize=525%2C300 1.5x, https:\/\/i0.wp.com\/lyonelkaufmann.ch\/histoire\/wp-content\/uploads\/2018\/04\/photo-dr-1523543643.jpg?fit=940%2C620&ssl=1&resize=700%2C400 2x"},"classes":[]},{"id":291,"url":"https:\/\/lyonelkaufmann.ch\/histoire\/2008\/02\/27\/links-for-2008-02-27\/","url_meta":{"origin":20299,"position":5},"title":"KronoBase, Moyen-Age un sport de combat, Shoah au CM2, Wikipedia et Images parasites (liens)","author":"Lyonel Kaufmann","date":"27 f\u00e9vrier 2008","format":false,"excerpt":"Conf\u00e9rence de sociologie visuelle avec Andr\u00e9 Gunthert \u00e0 Bordeaux 2 - Dans ma carapace Conf\u00e9rence sur \u00abLes plateformes de partage de vid\u00e9os et de photographies (Dailymotion, Youtube, Flickr\u2026) fat social majeur encore peu \u00e9tudi\u00e9 par les sciences sociales contemporaines\u00bb au concept-cl\u00e9 pour Andr\u00e9 Gunthert d'image parasite. L'Histoire (du Moyen \u00c2ge)\u2026","rel":"","context":"Dans &quot;Annuaire de sites&quot;","block_context":{"text":"Annuaire de sites","link":"https:\/\/lyonelkaufmann.ch\/histoire\/category\/medias-et-technologies\/annuaire-de-sites\/"},"img":{"alt_text":"","src":"","width":0,"height":0},"classes":[]}],"_links":{"self":[{"href":"https:\/\/lyonelkaufmann.ch\/histoire\/wp-json\/wp\/v2\/posts\/20299","targetHints":{"allow":["GET"]}}],"collection":[{"href":"https:\/\/lyonelkaufmann.ch\/histoire\/wp-json\/wp\/v2\/posts"}],"about":[{"href":"https:\/\/lyonelkaufmann.ch\/histoire\/wp-json\/wp\/v2\/types\/post"}],"author":[{"embeddable":true,"href":"https:\/\/lyonelkaufmann.ch\/histoire\/wp-json\/wp\/v2\/users\/1"}],"replies":[{"embeddable":true,"href":"https:\/\/lyonelkaufmann.ch\/histoire\/wp-json\/wp\/v2\/comments?post=20299"}],"version-history":[{"count":0,"href":"https:\/\/lyonelkaufmann.ch\/histoire\/wp-json\/wp\/v2\/posts\/20299\/revisions"}],"wp:featuredmedia":[{"embeddable":true,"href":"https:\/\/lyonelkaufmann.ch\/histoire\/wp-json\/wp\/v2\/media\/20300"}],"wp:attachment":[{"href":"https:\/\/lyonelkaufmann.ch\/histoire\/wp-json\/wp\/v2\/media?parent=20299"}],"wp:term":[{"taxonomy":"category","embeddable":true,"href":"https:\/\/lyonelkaufmann.ch\/histoire\/wp-json\/wp\/v2\/categories?post=20299"},{"taxonomy":"post_tag","embeddable":true,"href":"https:\/\/lyonelkaufmann.ch\/histoire\/wp-json\/wp\/v2\/tags?post=20299"}],"curies":[{"name":"wp","href":"https:\/\/api.w.org\/{rel}","templated":true}]}}