{"id":20608,"date":"2026-04-02T10:00:00","date_gmt":"2026-04-02T09:00:00","guid":{"rendered":"https:\/\/lyonelkaufmann.ch\/histoire\/?p=20608"},"modified":"2026-04-01T20:03:07","modified_gmt":"2026-04-01T19:03:07","slug":"entre-temps-imaginer-au-moyen-age-avec-francesco-montorsi","status":"publish","type":"post","link":"https:\/\/lyonelkaufmann.ch\/histoire\/2026\/04\/02\/entre-temps-imaginer-au-moyen-age-avec-francesco-montorsi\/","title":{"rendered":"Entre-temps : Imaginer au Moyen \u00c2ge avec Francesco Montorsi"},"content":{"rendered":"\n<p>Chaque mois dans les <em>Entre-vues<\/em>, <em>Entre-Temps<\/em> \u00e9change avec une ou un invit\u00e9\u2022e pour discuter et d\u00e9battre d\u2019un ouvrage, d\u2019un travail en cours, d\u2019une \u0153uvre en g\u00e9n\u00e9ral, de la fa\u00e7on dont on fait vivre l\u2019histoire. Tourn\u00e9es dans les studios de la Fondation Hugot, les <em>Entre-vues<\/em> sont r\u00e9alis\u00e9es gr\u00e2ce \u00e0 son soutien et \u00e0 celui de la Fondation du Coll\u00e8ge de France.<\/p>\n\n\n\n<figure class=\"wp-block-embed is-type-video is-provider-youtube wp-block-embed-youtube wp-embed-aspect-16-9 wp-has-aspect-ratio\"><div class=\"wp-block-embed__wrapper\">\n<iframe loading=\"lazy\" title=\"Imaginer au Moyen \u00c2ge avec Francesco Montorsi\" width=\"500\" height=\"281\" src=\"https:\/\/www.youtube.com\/embed\/hro1cOKSXww?feature=oembed\" frameborder=\"0\" allow=\"accelerometer; autoplay; clipboard-write; encrypted-media; gyroscope; picture-in-picture; web-share\" referrerpolicy=\"strict-origin-when-cross-origin\" allowfullscreen><\/iframe>\n<\/div><\/figure>\n\n\n\n<p><a href=\"https:\/\/entre-temps.net\/imaginer-au-moyen-age-avec-francesco-montorsi\/\" target=\"_blank\" rel=\"noreferrer noopener\">Dans cette nouvelle  livr\u00e9e<\/a>, <em>Entre-vues<\/em>, re\u00e7oit Francesco Montorsi, sp\u00e9cialiste de litt\u00e9rature du bas Moyen \u00c2ge et de la Renaissance. Avec \u00c9lisabeth Schmit, il plonge dans l&rsquo;imaginaire m\u00e9di\u00e9val, pour s&rsquo;arr\u00eater face \u00e0 la l\u00e9gende arthurienne, et \u00e0 sa force d&rsquo;inspiration persistante. Au XVe si\u00e8cle, tournois, blasons, compilations de textes et d&rsquo;images sont autant de pratiques et d&rsquo;objets qui dessinent les contours d&rsquo;un id\u00e9al politique.<\/p>\n\n\n\n<p>Ce contenu ne devrait pas manque d&rsquo;int\u00e9resser les enseignants d&rsquo;histoire qui abordent le Moyen-\u00c2ge au travers la l\u00e9gende arthurienne.<\/p>\n\n\n\n<p>Source de l&rsquo;image d&rsquo;en-t\u00eate : Femme Mystique Dans Un D\u00e9cor Forestier. Photo de <a href=\"https:\/\/www.pexels.com\/fr-fr\/photo\/femme-mystique-dans-un-decor-forestier-32311827\/\" target=\"_blank\" rel=\"noreferrer noopener\">Ahmet Mert<\/a>. Licence CC.<\/p>\n\n\n\n<p><\/p>\n","protected":false},"excerpt":{"rendered":"<p>Chaque mois dans les Entre-vues, Entre-Temps \u00e9change avec une ou un invit\u00e9\u2022e pour discuter et d\u00e9battre d\u2019un ouvrage, d\u2019un travail en cours, d\u2019une \u0153uvre en g\u00e9n\u00e9ral, de la fa\u00e7on dont on fait vivre l\u2019histoire. Tourn\u00e9es dans les studios de la Fondation Hugot, les Entre-vues sont r\u00e9alis\u00e9es gr\u00e2ce \u00e0 son soutien et \u00e0 celui de la [&hellip;]<\/p>\n","protected":false},"author":1,"featured_media":20609,"comment_status":"open","ping_status":"open","sticky":false,"template":"","format":"standard","meta":{"_import_markdown_pro_load_document_selector":0,"_import_markdown_pro_submit_text_textarea":"","_genesis_hide_title":false,"_genesis_hide_breadcrumbs":false,"_genesis_hide_singular_image":false,"_genesis_hide_footer_widgets":false,"_genesis_custom_body_class":"","_genesis_custom_post_class":"","_genesis_layout":"","jetpack_post_was_ever_published":false,"_jetpack_newsletter_access":"","_jetpack_dont_email_post_to_subs":false,"_jetpack_newsletter_tier_id":0,"_jetpack_memberships_contains_paywalled_content":false,"_jetpack_memberships_contains_paid_content":false,"footnotes":"","jetpack_publicize_message":"","jetpack_publicize_feature_enabled":true,"jetpack_social_post_already_shared":true,"jetpack_social_options":{"image_generator_settings":{"template":"highway","default_image_id":0,"font":"","enabled":false},"version":2}},"categories":[5,13],"tags":[],"class_list":{"0":"post-20608","1":"post","2":"type-post","3":"status-publish","4":"format-standard","5":"has-post-thumbnail","7":"category-histoire-savante","8":"category-opinionsreflexions","9":"entry"},"jetpack_publicize_connections":[],"featured_image_src":"https:\/\/i0.wp.com\/lyonelkaufmann.ch\/histoire\/wp-content\/uploads\/2026\/04\/pexels-ahmetmert-32311827-scaled.jpg?resize=600%2C400&ssl=1","featured_image_src_square":"https:\/\/i0.wp.com\/lyonelkaufmann.ch\/histoire\/wp-content\/uploads\/2026\/04\/pexels-ahmetmert-32311827-scaled.jpg?resize=600%2C600&ssl=1","author_info":{"display_name":"Lyonel Kaufmann","author_link":"https:\/\/lyonelkaufmann.ch\/histoire\/author\/lyonelk\/"},"jetpack_featured_media_url":"https:\/\/i0.wp.com\/lyonelkaufmann.ch\/histoire\/wp-content\/uploads\/2026\/04\/pexels-ahmetmert-32311827-scaled.jpg?fit=1707%2C2560&ssl=1","jetpack_sharing_enabled":true,"jetpack_shortlink":"https:\/\/wp.me\/p1rJVM-5mo","jetpack_likes_enabled":true,"jetpack-related-posts":[{"id":173,"url":"https:\/\/lyonelkaufmann.ch\/histoire\/2007\/02\/08\/publications-recentes\/","url_meta":{"origin":20608,"position":0},"title":"Publications r\u00e9centes","author":"Lyonel Kaufmann","date":"8 f\u00e9vrier 2007","format":false,"excerpt":"Dieu versus Darwin : les cr\u00e9ationnistes vont-ils triompher de la science ? de Jacques Arnould, Albin Michel, 318 pages A lire devant les d\u00e9lires cr\u00e9ationnistes (qui n'ont rien \u00e0 voir avec la foi).A lire par tout enseignant-e de CYP2 ou de CYT en histoire ou en science. Un jour o\u00f9\u2026","rel":"","context":"Dans &quot;Histoire savante&quot;","block_context":{"text":"Histoire savante","link":"https:\/\/lyonelkaufmann.ch\/histoire\/category\/didactique\/histoire-savante\/"},"img":{"alt_text":"\"Dieu versus Darwin. Les cr\u00e9ationnistes vont-ils triompher de la science ?\", de Jacques Arnould. Albin Michel, 318 pages, 20\u20ac. | DR.","src":"https:\/\/i0.wp.com\/medias.lemonde.fr\/mmpub\/edt\/ill\/2007\/01\/08\/v_6_ill_852853_dieuversusdarwin_.jpg?resize=350%2C200","width":350,"height":200},"classes":[]},{"id":15551,"url":"https:\/\/lyonelkaufmann.ch\/histoire\/2018\/12\/21\/leurope-et-les-genocides-le-cas-francais-fondation-jean-jaures\/","url_meta":{"origin":20608,"position":1},"title":"L\u2019Europe et les g\u00e9nocides : le cas fran\u00e7ais |\u00a0Fondation Jean Jaur\u00e8s","author":"Lyonel Kaufmann","date":"21 d\u00e9cembre 2018","format":false,"excerpt":"En novembre 2018, CNN publiait un sondage selon lequel 21\u00a0% des Fran\u00e7ais de 18\u00a0\u00e0 24\u00a0ans n\u2019avaient jamais entendu parler de la Shoah, un chiffre particuli\u00e8rement \u00e9lev\u00e9 parmi les populations europ\u00e9ennes sond\u00e9es. Un mois plus tard, la Fondation Jean-Jaur\u00e8s, en partenariat avec AJC Paris, la FEPS et la Dilcrah, mesure avec\u2026","rel":"","context":"Dans &quot;Nouvelles de l'histoire&quot;","block_context":{"text":"Nouvelles de l'histoire","link":"https:\/\/lyonelkaufmann.ch\/histoire\/category\/nouvelles-de-lhistoire\/"},"img":{"alt_text":"","src":"https:\/\/i0.wp.com\/lyonelkaufmann.ch\/histoire\/wp-content\/uploads\/2018\/12\/2179E676-6FBF-49BA-AF8D-5E2946162A0B.jpeg?fit=1200%2C800&ssl=1&resize=350%2C200","width":350,"height":200,"srcset":"https:\/\/i0.wp.com\/lyonelkaufmann.ch\/histoire\/wp-content\/uploads\/2018\/12\/2179E676-6FBF-49BA-AF8D-5E2946162A0B.jpeg?fit=1200%2C800&ssl=1&resize=350%2C200 1x, https:\/\/i0.wp.com\/lyonelkaufmann.ch\/histoire\/wp-content\/uploads\/2018\/12\/2179E676-6FBF-49BA-AF8D-5E2946162A0B.jpeg?fit=1200%2C800&ssl=1&resize=525%2C300 1.5x, https:\/\/i0.wp.com\/lyonelkaufmann.ch\/histoire\/wp-content\/uploads\/2018\/12\/2179E676-6FBF-49BA-AF8D-5E2946162A0B.jpeg?fit=1200%2C800&ssl=1&resize=700%2C400 2x, https:\/\/i0.wp.com\/lyonelkaufmann.ch\/histoire\/wp-content\/uploads\/2018\/12\/2179E676-6FBF-49BA-AF8D-5E2946162A0B.jpeg?fit=1200%2C800&ssl=1&resize=1050%2C600 3x"},"classes":[]},{"id":17338,"url":"https:\/\/lyonelkaufmann.ch\/histoire\/2020\/04\/16\/petition-les-archives-gosteli-sur-lhistoire-du-mouvement-feministe-suisse-doivent-continuer-a-exister\/","url_meta":{"origin":20608,"position":2},"title":"P\u00e9tition : Les archives Gosteli sur l&rsquo;histoire du mouvement f\u00e9ministe suisse doivent continuer \u00e0 exister !","author":"Lyonel Kaufmann","date":"16 avril 2020","format":false,"excerpt":"Les archives Gosteli sont devenu un lieu central de documentation et de recherche sur l'histoire des femmes et du genre en Suisse. Un grand nombre de th\u00e8ses en histoire, de recherches en \u00e9tudes genre et de biographies sont bas\u00e9es sur les sources de la fondation Gosteli. Beaucoup de ces livres\u2026","rel":"","context":"Dans &quot;Histoire savante&quot;","block_context":{"text":"Histoire savante","link":"https:\/\/lyonelkaufmann.ch\/histoire\/category\/didactique\/histoire-savante\/"},"img":{"alt_text":"","src":"https:\/\/i0.wp.com\/lyonelkaufmann.ch\/histoire\/wp-content\/uploads\/2020\/04\/Gosteli_Archiv_Petitionsbild_FRE.png?fit=725%2C299&ssl=1&resize=350%2C200","width":350,"height":200,"srcset":"https:\/\/i0.wp.com\/lyonelkaufmann.ch\/histoire\/wp-content\/uploads\/2020\/04\/Gosteli_Archiv_Petitionsbild_FRE.png?fit=725%2C299&ssl=1&resize=350%2C200 1x, https:\/\/i0.wp.com\/lyonelkaufmann.ch\/histoire\/wp-content\/uploads\/2020\/04\/Gosteli_Archiv_Petitionsbild_FRE.png?fit=725%2C299&ssl=1&resize=525%2C300 1.5x, https:\/\/i0.wp.com\/lyonelkaufmann.ch\/histoire\/wp-content\/uploads\/2020\/04\/Gosteli_Archiv_Petitionsbild_FRE.png?fit=725%2C299&ssl=1&resize=700%2C400 2x"},"classes":[]},{"id":19045,"url":"https:\/\/lyonelkaufmann.ch\/histoire\/2022\/07\/22\/une-equipe-de-lepfl-numerise-le-panorama-de-la-bataille-de-morat-rts\/","url_meta":{"origin":20608,"position":3},"title":"Une \u00e9quipe de l&rsquo;EPFL num\u00e9rise le Panorama de la Bataille de Morat | RTS","author":"Lyonel Kaufmann","date":"22 juillet 2022","format":false,"excerpt":"Oeuvre de presque 100 m\u00e8tres sur 10 cr\u00e9\u00e9e en 1893 par le peintre allemand Louis Braun, le c\u00e9l\u00e8bre Panorama de la Bataille de Morat est en train d'\u00eatre num\u00e9ris\u00e9 \u00e0 l'EPFL. Ce travail donnera naissance \u00e0 l\u2019une des plus grandes images num\u00e9riques jamais produites. Analyse des rouleaux. [2022 EPFL eM+]\u2026","rel":"","context":"Dans &quot;Humanit\u00e9s Digitales&quot;","block_context":{"text":"Humanit\u00e9s Digitales","link":"https:\/\/lyonelkaufmann.ch\/histoire\/category\/humanites-digitales\/"},"img":{"alt_text":"","src":"https:\/\/i0.wp.com\/lyonelkaufmann.ch\/histoire\/wp-content\/uploads\/2022\/07\/13261235.jpg?fit=605%2C808&ssl=1&resize=350%2C200","width":350,"height":200,"srcset":"https:\/\/i0.wp.com\/lyonelkaufmann.ch\/histoire\/wp-content\/uploads\/2022\/07\/13261235.jpg?fit=605%2C808&ssl=1&resize=350%2C200 1x, https:\/\/i0.wp.com\/lyonelkaufmann.ch\/histoire\/wp-content\/uploads\/2022\/07\/13261235.jpg?fit=605%2C808&ssl=1&resize=525%2C300 1.5x"},"classes":[]},{"id":2804,"url":"https:\/\/lyonelkaufmann.ch\/histoire\/2010\/05\/07\/revoir-capa-deja-vu\/","url_meta":{"origin":20608,"position":4},"title":"Revoir Capa &#124; D\u00e9j\u00e0 vu","author":"Lyonel Kaufmann","date":"7 mai 2010","format":false,"excerpt":"Dans cet article, Patrick Peccatte s'int\u00e9resse \u00e0 la redocumentarisation des images d\u2019archive \u00e0 l'heure o\u00f9 la diversit\u00e9 des sources pr\u00e9sentes sur le Web permet\u00a0de rapprocher significativement diff\u00e9rents corpus auparavant isol\u00e9s et parfois mal connus. Si ces mises en relation d'images \u00e9parpill\u00e9es valorisent les fonds iconographiques historiques, elles posent \u00e9galement quelques\u2026","rel":"","context":"Dans &quot;Histoire savante&quot;","block_context":{"text":"Histoire savante","link":"https:\/\/lyonelkaufmann.ch\/histoire\/category\/didactique\/histoire-savante\/"},"img":{"alt_text":"","src":"https:\/\/i0.wp.com\/lyonelkaufmann.ch\/histoire\/wp-content\/uploads\/2015\/07\/4547823760_d55528d21d_d.jpg?fit=500%2C219&ssl=1&resize=350%2C200","width":350,"height":200},"classes":[]},{"id":614,"url":"https:\/\/lyonelkaufmann.ch\/histoire\/2008\/12\/05\/comment-les-jeunes-vivent-ils-et-apprennent-ils-avec-les-nouveaux-medias-internetactunet\/","url_meta":{"origin":20608,"position":5},"title":"Comment les jeunes vivent-ils et apprennent-ils avec les nouveaux m\u00e9dias ? &#124; InternetActu.net","author":"Lyonel Kaufmann","date":"5 d\u00e9cembre 2008","format":false,"excerpt":"La Fondation Mac Arthur vient de livrer les r\u00e9sultats d\u2019une imposante \u00e9tude qualitative sur la pratique des nouveaux m\u00e9dias par les jeunes. Ce projet de recherche sur la jeunesse num\u00e9rique a rassembl\u00e9 sur 3 ans plus de 28 chercheurs et s\u2019est int\u00e9ress\u00e9 aux pratiques de plus de 800 jeunes. Selon\u2026","rel":"","context":"Dans &quot;Annuaire de sites&quot;","block_context":{"text":"Annuaire de sites","link":"https:\/\/lyonelkaufmann.ch\/histoire\/category\/medias-et-technologies\/annuaire-de-sites\/"},"img":{"alt_text":"","src":"","width":0,"height":0},"classes":[]}],"_links":{"self":[{"href":"https:\/\/lyonelkaufmann.ch\/histoire\/wp-json\/wp\/v2\/posts\/20608","targetHints":{"allow":["GET"]}}],"collection":[{"href":"https:\/\/lyonelkaufmann.ch\/histoire\/wp-json\/wp\/v2\/posts"}],"about":[{"href":"https:\/\/lyonelkaufmann.ch\/histoire\/wp-json\/wp\/v2\/types\/post"}],"author":[{"embeddable":true,"href":"https:\/\/lyonelkaufmann.ch\/histoire\/wp-json\/wp\/v2\/users\/1"}],"replies":[{"embeddable":true,"href":"https:\/\/lyonelkaufmann.ch\/histoire\/wp-json\/wp\/v2\/comments?post=20608"}],"version-history":[{"count":0,"href":"https:\/\/lyonelkaufmann.ch\/histoire\/wp-json\/wp\/v2\/posts\/20608\/revisions"}],"wp:featuredmedia":[{"embeddable":true,"href":"https:\/\/lyonelkaufmann.ch\/histoire\/wp-json\/wp\/v2\/media\/20609"}],"wp:attachment":[{"href":"https:\/\/lyonelkaufmann.ch\/histoire\/wp-json\/wp\/v2\/media?parent=20608"}],"wp:term":[{"taxonomy":"category","embeddable":true,"href":"https:\/\/lyonelkaufmann.ch\/histoire\/wp-json\/wp\/v2\/categories?post=20608"},{"taxonomy":"post_tag","embeddable":true,"href":"https:\/\/lyonelkaufmann.ch\/histoire\/wp-json\/wp\/v2\/tags?post=20608"}],"curies":[{"name":"wp","href":"https:\/\/api.w.org\/{rel}","templated":true}]}}