{"id":2937,"date":"2010-06-28T08:30:32","date_gmt":"2010-06-28T07:30:32","guid":{"rendered":"https:\/\/lyonelkaufmann.ch\/histoire\/2010\/06\/28\/revue-de-presse-histoire-2-0-06282010\/"},"modified":"2010-06-28T08:30:32","modified_gmt":"2010-06-28T07:30:32","slug":"revue-de-presse-histoire-2-0-06282010","status":"publish","type":"post","link":"https:\/\/lyonelkaufmann.ch\/histoire\/2010\/06\/28\/revue-de-presse-histoire-2-0-06282010\/","title":{"rendered":"Entre exp\u00e9rience et m\u00e9moire : les soldats fran\u00e7ais de la Grande Guerre &#124; Annales"},"content":{"rendered":"<ul class=\"diigo-linkroll\">\n<li>\n<p class=\"diigo-link\"><a rel=\"nofollow\" href=\"http:\/\/www.cairn.info\/revue-annales-2005-5-page-903.htm#citation\">Entre exp\u00e9rience et m\u00e9moire\u00a0: les soldats fran\u00e7ais de la Grande Guerre &#8211; Cairn.info<\/a><\/p>\n<p class=\"diigo-description\">Les combattants de la Grande Guerre ont initi\u00e9 le XXe si\u00e8cle avec un cycle de violence, tant id\u00e9ologique que physique, qui est \u00e0 peine referm\u00e9. Le monde change dans leur sillon. Conscients de cette transformation, les anciens combattants dominent pendant longtemps le r\u00e9cit de leur propre exp\u00e9rience. Les historiens s\u2019y penchent plus tardivement, avec des sources nouvelles, sans que ne s\u2019interrompe le flot de t\u00e9moignages publi\u00e9s. En m\u00eame temps, la gamme des interpr\u00e9tations s\u2019\u00e9largit.<br \/>\nJohn Horne \u00ab Entre exp\u00e9rience et m\u00e9moire : les soldats fran\u00e7ais de la Grande Guerre \u00bb, Annales. Histoire, Sciences Sociales 5\/2005 (60e ann\u00e9e), p. 903-919.<\/p>\n<p class=\"diigo-tags\"><a style=\"color: #000 !important; text-decoration: none !important;\" href=\"http:\/\/groups.diigo.com\/cloud\/histoire-20\">Tags<\/a>: <a href=\"http:\/\/groups.diigo.com\/histoire-20\/bookmark\/tag\/RevuePresse\">RevuePresse<\/a>, <a href=\"http:\/\/groups.diigo.com\/histoire-20\/bookmark\/tag\/liens\">liens<\/a>, <a href=\"http:\/\/groups.diigo.com\/histoire-20\/bookmark\/tag\/histoire\">histoire<\/a>, <a href=\"http:\/\/groups.diigo.com\/histoire-20\/bookmark\/tag\/14-18\">14-18<\/a>, <a href=\"http:\/\/groups.diigo.com\/histoire-20\/bookmark\/tag\/Histoire&amp;M\u00e9moire\">Histoire&amp;M\u00e9moire<\/a>, <a href=\"http:\/\/groups.diigo.com\/histoire-20\/bookmark\/tag\/t\u00e9moignage\">t\u00e9moignage<\/a>, <a href=\"http:\/\/groups.diigo.com\/histoire-20\/bookmark\/tag\/historiographie\">historiographie<\/a><\/p>\n<ul class=\"diigo-comments\">\n<li><span class=\"diigo-post-by\"> &#8211; By <a href=\"http:\/\/groups.diigo.com\/histoire-20\/bookmark\/histoirehep\">Lyonel Kaufmann<\/a><\/span><\/li>\n<\/ul>\n<\/li>\n<\/ul>\n<p>Posted from <a href=\"http:\/\/www.diigo.com\">Diigo<\/a>. The rest of <strong>Histoire 2.0<\/strong> <a href=\"http:\/\/groups.diigo.com\/group\/histoire-20\">group favorite links<\/a> are here.<\/p>\n","protected":false},"excerpt":{"rendered":"<p>Entre exp\u00e9rience et m\u00e9moire\u00a0: les soldats fran\u00e7ais de la Grande Guerre &#8211; Cairn.info Les combattants de la Grande Guerre ont initi\u00e9 le XXe si\u00e8cle avec un cycle de violence, tant id\u00e9ologique que physique, qui est \u00e0 peine referm\u00e9. Le monde change dans leur sillon. Conscients de cette transformation, les anciens combattants dominent pendant longtemps le [&hellip;]<\/p>\n","protected":false},"author":1,"featured_media":9896,"comment_status":"open","ping_status":"open","sticky":false,"template":"","format":"standard","meta":{"_import_markdown_pro_load_document_selector":0,"_import_markdown_pro_submit_text_textarea":"","_genesis_hide_title":false,"_genesis_hide_breadcrumbs":false,"_genesis_hide_singular_image":false,"_genesis_hide_footer_widgets":false,"_genesis_custom_body_class":"","_genesis_custom_post_class":"","_genesis_layout":"","jetpack_post_was_ever_published":false,"_jetpack_newsletter_access":"","_jetpack_dont_email_post_to_subs":false,"_jetpack_newsletter_tier_id":0,"_jetpack_memberships_contains_paywalled_content":false,"_jetpack_memberships_contains_paid_content":false,"footnotes":"","jetpack_publicize_message":"","jetpack_publicize_feature_enabled":true,"jetpack_social_post_already_shared":true,"jetpack_social_options":{"image_generator_settings":{"template":"highway","default_image_id":0,"font":"","enabled":false},"version":2}},"categories":[18],"tags":[],"class_list":{"0":"post-2937","1":"post","2":"type-post","3":"status-publish","4":"format-standard","5":"has-post-thumbnail","7":"category-annuaire-de-sites","8":"entry"},"jetpack_publicize_connections":[],"featured_image_src":"https:\/\/i0.wp.com\/lyonelkaufmann.ch\/histoire\/wp-content\/uploads\/2015\/06\/signature_lk2.jpg?resize=600%2C184&ssl=1","featured_image_src_square":"https:\/\/i0.wp.com\/lyonelkaufmann.ch\/histoire\/wp-content\/uploads\/2015\/06\/signature_lk2.jpg?resize=600%2C184&ssl=1","author_info":{"display_name":"Lyonel Kaufmann","author_link":"https:\/\/lyonelkaufmann.ch\/histoire\/author\/lyonelk\/"},"jetpack_featured_media_url":"https:\/\/i0.wp.com\/lyonelkaufmann.ch\/histoire\/wp-content\/uploads\/2015\/06\/signature_lk2.jpg?fit=658%2C184&ssl=1","jetpack_sharing_enabled":true,"jetpack_shortlink":"https:\/\/wp.me\/p1rJVM-Ln","jetpack_likes_enabled":true,"jetpack-related-posts":[{"id":11293,"url":"https:\/\/lyonelkaufmann.ch\/histoire\/2016\/04\/05\/hermann-stegemann-un-suisse-premier-historien-de-la-premiere-guerre-mondiale-en-1917\/","url_meta":{"origin":2937,"position":0},"title":"Hermann Stegemann : un Suisse premier historien de la Premi\u00e8re Guerre mondiale en 1917","author":"Lyonel Kaufmann","date":"5 avril 2016","format":false,"excerpt":"La revue en ligne du Centre d\u2019histoire de Sciences Po propose un nouveau num\u00e9ro autour de la Grande Guerre.\u00a0Issu d\u2019un colloque international organis\u00e9 en 2014 \u00e0 l\u2019Historial de la Grande Guerre de P\u00e9ronne,\u00a0ce dossier\u00a0s\u2019interroge sur la fa\u00e7on dont l\u2019exp\u00e9rience de la guerre a r\u00e9organis\u00e9 les soci\u00e9t\u00e9s europ\u00e9ennes au lendemain du\u2026","rel":"","context":"Dans &quot;Histoire savante&quot;","block_context":{"text":"Histoire savante","link":"https:\/\/lyonelkaufmann.ch\/histoire\/category\/didactique\/histoire-savante\/"},"img":{"alt_text":"Hermann Stegemann (1912). Source : Wikipedia.","src":"https:\/\/upload.wikimedia.org\/wikipedia\/commons\/e\/e5\/Hermann_Stegemann.jpeg","width":350,"height":200},"classes":[]},{"id":8461,"url":"https:\/\/lyonelkaufmann.ch\/histoire\/2014\/10\/11\/lhistoire-de-la-guerre-14-18-racontee-au-travers-dun-jeu-video-serious-game\/","url_meta":{"origin":2937,"position":1},"title":"L\u2019histoire de la guerre 14-18 racont\u00e9e au travers d\u2019un jeu vid\u00e9o | Serious-Game","author":"Lyonel Kaufmann","date":"11 octobre 2014","format":false,"excerpt":"Soldats Inconnus\u00a0: M\u00e9moires de la Grande Guerre est \u00e0 mi-chemin entre l\u2019exp\u00e9rience p\u00e9dagogique et le jeu vid\u00e9o. Au travers de cette production originale, Ubisoft souhaite faire d\u00e9couvrir au grand public les horreurs de la premi\u00e8re guerre mondiale sans jamais les montrer clairement. Lyonel Kaufmann's insight: Je note\u00a0: \u00abSoldats Inconnus\u00a0: M\u00e9moires\u2026","rel":"","context":"Dans &quot;M\u00e9dias et technologies&quot;","block_context":{"text":"M\u00e9dias et technologies","link":"https:\/\/lyonelkaufmann.ch\/histoire\/category\/medias-et-technologies\/"},"img":{"alt_text":"","src":"https:\/\/i0.wp.com\/lyonelkaufmann.ch\/histoire\/wp-content\/uploads\/2015\/07\/VgGwLoWqdpGExjH5YiJmiTl72eJkfbmt4t8yenImKBXEejxNn4ZJNZ2ss5Ku7Cxt.jpg?fit=500%2C281&ssl=1&resize=350%2C200","width":350,"height":200},"classes":[]},{"id":300,"url":"https:\/\/lyonelkaufmann.ch\/histoire\/2008\/03\/13\/decede-lazare-ponticelli-fait-basuler-la-grande-guerre-dans-lhi\/","url_meta":{"origin":2937,"position":2},"title":"D\u00e9c\u00e9d\u00e9, Lazare Ponticelli fait basuler la Grande Guerre dans l&rsquo;Histoire","author":"Lyonel Kaufmann","date":"13 mars 2008","format":false,"excerpt":"Depuis le 24 janvier 2008, Lazare Ponticelli \u00e9tait le dernier poilu survivant de la Premi\u00e8re Guerre mondiale. En effet, Louis de Cazenave, ancien combattant de la guerre 1914-1918, venait de d\u00e9c\u00e9der \u00e0 l'\u00e2ge de 110 ans. Un peu moins de 2 mois plus tard, Lazare Ponticelli rejoignait \u00e0 110 ans\u2026","rel":"","context":"Dans &quot;Nouvelles de l'histoire&quot;","block_context":{"text":"Nouvelles de l'histoire","link":"https:\/\/lyonelkaufmann.ch\/histoire\/category\/nouvelles-de-lhistoire\/"},"img":{"alt_text":"Par AMBERG DavidOriginal uploader was Editorofthewiki at en.wikipedia \u2014 Cropped from File:Lazare Ponticelli 2006.jpg, original author is AMBERG David ), CC BY-SA 3.0, https:\/\/commons.wikimedia.org\/w\/index.php?curid=5714491","src":"https:\/\/i0.wp.com\/lyonelkaufmann.ch\/histoire\/wp-content\/uploads\/2008\/03\/LazarePonticelli.jpg?resize=350%2C200","width":350,"height":200},"classes":[]},{"id":14084,"url":"https:\/\/lyonelkaufmann.ch\/histoire\/2018\/04\/25\/grande-guerre-un-mus%ef%bf%bd%ef%bf%bde-pour-honorer-la-m%ef%bf%bd%ef%bf%bdmoire-des-soldats-australiens\/","url_meta":{"origin":2937,"position":3},"title":"Grande Guerre : un mus\u00e9e pour honorer la m\u00e9moire des soldats australiens","author":"Lyonel Kaufmann","date":"25 avril 2018","format":false,"excerpt":"Un nouveau centre d\u2019interpr\u00e9tation sur la Grande Guerre est inaugur\u00e9 24 avril dans la Somme. Situ\u00e9 pr\u00e8s du m\u00e9morial de Villers-Bretonneux, il raconte l\u2019engagement des troupes australiennes durant ce conflit sur le front occidental. 400 \u00e9crans dans un espace de 1000m2 composent l'essentiel de la visite. Visite du centre Sir\u2026","rel":"","context":"Dans &quot;Nouvelles de l'histoire&quot;","block_context":{"text":"Nouvelles de l'histoire","link":"https:\/\/lyonelkaufmann.ch\/histoire\/category\/nouvelles-de-lhistoire\/"},"img":{"alt_text":"","src":"https:\/\/i0.wp.com\/lyonelkaufmann.ch\/histoire\/wp-content\/uploads\/2018\/04\/img_0896.jpg?fit=600%2C400&ssl=1&resize=350%2C200","width":350,"height":200,"srcset":"https:\/\/i0.wp.com\/lyonelkaufmann.ch\/histoire\/wp-content\/uploads\/2018\/04\/img_0896.jpg?fit=600%2C400&ssl=1&resize=350%2C200 1x, https:\/\/i0.wp.com\/lyonelkaufmann.ch\/histoire\/wp-content\/uploads\/2018\/04\/img_0896.jpg?fit=600%2C400&ssl=1&resize=525%2C300 1.5x"},"classes":[]},{"id":7989,"url":"https:\/\/lyonelkaufmann.ch\/histoire\/2014\/05\/02\/14-18-la-grande-guerre-des-canadiens\/","url_meta":{"origin":2937,"position":4},"title":"14-18 : La Grande Guerre des Canadiens","author":"Lyonel Kaufmann","date":"2 mai 2014","format":false,"excerpt":"D\u00e9couvrez la s\u00e9rie radio et le site web sur la guerre de 1914-1918 v\u00e9cue par les Canadiens fran\u00e7ais. Regardez les photos et \u00e9coutez les r\u00e9cits in\u00e9dits fournis par les familles et des collectionneurs qui ont r\u00e9pondu \u00e0 un appel au public d'ICI Radio-Canada. L\u2019histoire officielle c\u00f4toie les histoires personnelles d\u2019hommes\u2026","rel":"","context":"Dans &quot;M\u00e9dias et technologies&quot;","block_context":{"text":"M\u00e9dias et technologies","link":"https:\/\/lyonelkaufmann.ch\/histoire\/category\/medias-et-technologies\/"},"img":{"alt_text":"","src":"https:\/\/i0.wp.com\/lyonelkaufmann.ch\/histoire\/wp-content\/uploads\/2015\/07\/IJoSrXibEXec0_uurBDyEzl72eJkfbmt4t8yenImKBXEejxNn4ZJNZ2ss5Ku7Cxt.jpg?fit=255%2C255&ssl=1&resize=350%2C200","width":350,"height":200},"classes":[]},{"id":15203,"url":"https:\/\/lyonelkaufmann.ch\/histoire\/2018\/11\/11\/soldats-inconnus-memoires-de-la-grande-guerre\/","url_meta":{"origin":2937,"position":5},"title":"Soldats Inconnus\u00a0: M\u00e9moires de la Grande Guerre\u00a0","author":"Lyonel Kaufmann","date":"11 novembre 2018","format":false,"excerpt":"Soldats Inconnus\u00a0: M\u00e9moires de la Grande Guerre\u00a0: Un jeu unique, inspir\u00e9 de faits r\u00e9els. Il est possible d'y jouer sur sa tablette ou un smartphone. L'article sur l'AppleStore apporte des informations int\u00e9ressantes sur la r\u00e9alisation du jeu. itunes.apple.com\/ch\/story\/id1438504659","rel":"","context":"Dans &quot;Histoire active&quot;","block_context":{"text":"Histoire active","link":"https:\/\/lyonelkaufmann.ch\/histoire\/category\/didactique\/histoire-active\/"},"img":{"alt_text":"","src":"https:\/\/i0.wp.com\/lyonelkaufmann.ch\/histoire\/wp-content\/uploads\/2018\/11\/image_563660044582255.jpg?resize=350%2C200&ssl=1","width":350,"height":200,"srcset":"https:\/\/i0.wp.com\/lyonelkaufmann.ch\/histoire\/wp-content\/uploads\/2018\/11\/image_563660044582255.jpg?resize=350%2C200&ssl=1 1x, https:\/\/i0.wp.com\/lyonelkaufmann.ch\/histoire\/wp-content\/uploads\/2018\/11\/image_563660044582255.jpg?resize=525%2C300&ssl=1 1.5x, https:\/\/i0.wp.com\/lyonelkaufmann.ch\/histoire\/wp-content\/uploads\/2018\/11\/image_563660044582255.jpg?resize=700%2C400&ssl=1 2x, https:\/\/i0.wp.com\/lyonelkaufmann.ch\/histoire\/wp-content\/uploads\/2018\/11\/image_563660044582255.jpg?resize=1050%2C600&ssl=1 3x, https:\/\/i0.wp.com\/lyonelkaufmann.ch\/histoire\/wp-content\/uploads\/2018\/11\/image_563660044582255.jpg?resize=1400%2C800&ssl=1 4x"},"classes":[]}],"_links":{"self":[{"href":"https:\/\/lyonelkaufmann.ch\/histoire\/wp-json\/wp\/v2\/posts\/2937","targetHints":{"allow":["GET"]}}],"collection":[{"href":"https:\/\/lyonelkaufmann.ch\/histoire\/wp-json\/wp\/v2\/posts"}],"about":[{"href":"https:\/\/lyonelkaufmann.ch\/histoire\/wp-json\/wp\/v2\/types\/post"}],"author":[{"embeddable":true,"href":"https:\/\/lyonelkaufmann.ch\/histoire\/wp-json\/wp\/v2\/users\/1"}],"replies":[{"embeddable":true,"href":"https:\/\/lyonelkaufmann.ch\/histoire\/wp-json\/wp\/v2\/comments?post=2937"}],"version-history":[{"count":0,"href":"https:\/\/lyonelkaufmann.ch\/histoire\/wp-json\/wp\/v2\/posts\/2937\/revisions"}],"wp:featuredmedia":[{"embeddable":true,"href":"https:\/\/lyonelkaufmann.ch\/histoire\/wp-json\/wp\/v2\/media\/9896"}],"wp:attachment":[{"href":"https:\/\/lyonelkaufmann.ch\/histoire\/wp-json\/wp\/v2\/media?parent=2937"}],"wp:term":[{"taxonomy":"category","embeddable":true,"href":"https:\/\/lyonelkaufmann.ch\/histoire\/wp-json\/wp\/v2\/categories?post=2937"},{"taxonomy":"post_tag","embeddable":true,"href":"https:\/\/lyonelkaufmann.ch\/histoire\/wp-json\/wp\/v2\/tags?post=2937"}],"curies":[{"name":"wp","href":"https:\/\/api.w.org\/{rel}","templated":true}]}}