{"id":300,"date":"2008-03-13T21:03:54","date_gmt":"2008-03-13T19:03:54","guid":{"rendered":"https:\/\/lyonelkaufmann.ch\/histoire\/2008\/03\/13\/decede-lazare-ponticelli-fait-basuler-la-grande-guerre-dans-lhi\/"},"modified":"2016-04-04T21:42:04","modified_gmt":"2016-04-04T20:42:04","slug":"decede-lazare-ponticelli-fait-basuler-la-grande-guerre-dans-lhi","status":"publish","type":"post","link":"https:\/\/lyonelkaufmann.ch\/histoire\/2008\/03\/13\/decede-lazare-ponticelli-fait-basuler-la-grande-guerre-dans-lhi\/","title":{"rendered":"D\u00e9c\u00e9d\u00e9, Lazare Ponticelli fait basuler la Grande Guerre dans l&rsquo;Histoire"},"content":{"rendered":"<div style=\"text-align: justify;\">\n<figure id=\"attachment_11283\" aria-describedby=\"caption-attachment-11283\" style=\"width: 203px\" class=\"wp-caption alignright\"><a href=\"https:\/\/i0.wp.com\/lyonelkaufmann.ch\/histoire\/wp-content\/uploads\/2008\/03\/LazarePonticelli.jpg\" rel=\"attachment wp-att-11283\"><img data-recalc-dims=\"1\" loading=\"lazy\" decoding=\"async\" data-attachment-id=\"11283\" data-permalink=\"https:\/\/lyonelkaufmann.ch\/histoire\/2008\/03\/13\/decede-lazare-ponticelli-fait-basuler-la-grande-guerre-dans-lhi\/lazareponticelli\/\" data-orig-file=\"https:\/\/i0.wp.com\/lyonelkaufmann.ch\/histoire\/wp-content\/uploads\/2008\/03\/LazarePonticelli.jpg?fit=203%2C300&amp;ssl=1\" data-orig-size=\"203,300\" data-comments-opened=\"1\" data-image-meta=\"{&quot;aperture&quot;:&quot;0&quot;,&quot;credit&quot;:&quot;&quot;,&quot;camera&quot;:&quot;&quot;,&quot;caption&quot;:&quot;&quot;,&quot;created_timestamp&quot;:&quot;0&quot;,&quot;copyright&quot;:&quot;&quot;,&quot;focal_length&quot;:&quot;0&quot;,&quot;iso&quot;:&quot;0&quot;,&quot;shutter_speed&quot;:&quot;0&quot;,&quot;title&quot;:&quot;&quot;,&quot;orientation&quot;:&quot;0&quot;}\" data-image-title=\"LazarePonticelli\" data-image-description=\"\" data-image-caption=\"&lt;p&gt;Par AMBERG DavidOriginal uploader was Editorofthewiki at en.wikipedia \u2014 Cropped from File:Lazare Ponticelli 2006.jpg, original author is AMBERG David ), CC BY-SA 3.0, https:\/\/commons.wikimedia.org\/w\/index.php?curid=5714491&lt;\/p&gt;\n\" data-large-file=\"https:\/\/i0.wp.com\/lyonelkaufmann.ch\/histoire\/wp-content\/uploads\/2008\/03\/LazarePonticelli.jpg?fit=203%2C300&amp;ssl=1\" class=\"size-full wp-image-11283\" src=\"https:\/\/i0.wp.com\/lyonelkaufmann.ch\/histoire\/wp-content\/uploads\/2008\/03\/LazarePonticelli.jpg?resize=203%2C300\" alt=\"Par AMBERG DavidOriginal uploader was Editorofthewiki at en.wikipedia \u2014 Cropped from File:Lazare Ponticelli 2006.jpg, original author is AMBERG David ), CC BY-SA 3.0, https:\/\/commons.wikimedia.org\/w\/index.php?curid=5714491\" width=\"203\" height=\"300\" \/><\/a><figcaption id=\"caption-attachment-11283\" class=\"wp-caption-text\">Par AMBERG David Original uploader was Editorofthewiki at en.wikipedia \u2014 Cropped from File:Lazare Ponticelli 2006.jpg, original author is AMBERG David ), CC BY-SA 3.0, <a href=\"https:\/\/commons.wikimedia.org\/w\/index.php?curid=5714491\" target=\"_blank\">https:\/\/commons.wikimedia.org\/w\/index.php?curid=5714491<\/a><\/figcaption><\/figure>\n<p>Depuis le 24 janvier 2008, Lazare Ponticelli \u00e9tait le dernier poilu survivant de la Premi\u00e8re Guerre mondiale. En effet, Louis de Cazenave, ancien combattant de la guerre 1914-1918, venait de d\u00e9c\u00e9der \u00e0 l&rsquo;\u00e2ge de 110 ans. Un peu moins de 2 mois plus tard, Lazare Ponticelli rejoignait \u00e0 110 ans \u00e9galement ses camarades de tranch\u00e9es et les 8,5 millions de Fran\u00e7ais ayant combattu en 1914-1918 (pour 1,4 millions de morts).<br \/>\nDans l&rsquo;intervalle, l&rsquo;Etat fran\u00e7ais a r\u00e9ussi \u00e0 faire revenir Lazare Ponticelli sur sa d\u00e9cision de ne pas \u00eatre l&rsquo;objet d&rsquo;obs\u00e9ques solennelles de port\u00e9e nationale, promise en 2005 par Jacques Chirac. Chose que Lazare Ponticelli avait refus\u00e9e dans un premier temps, estimant que \u00ab\u00a0<em>ce serait un affront \u00e0 ceux qui sont morts avant moi<\/em>\u00ab\u00a0. En d\u00e9finitive, Lazare Ponticelli l&rsquo;a accept\u00e9 \u00e0 la condition que la c\u00e9r\u00e9monie soit simple et sans tapage et qu&rsquo;un hommage national soit rendu \u00e0 l&rsquo;ensemble des soldats pour c\u00e9l\u00e9brer la m\u00e9moire cette fois de tous les morts, hommes et femmes. Son d\u00e9c\u00e8s marque donc la disparition du dernier t\u00e9moin-combattant et, par l\u00e0-m\u00eame, fait basculer d\u00e9finitivement le Premier Conflit Mondial du c\u00f4t\u00e9 de l&rsquo;histoire soit ce temps o\u00f9 les t\u00e9moins directs ne sont plus l\u00e0, ce temps aussi appel\u00e9 \u00abhistoire du temps pr\u00e9sent\u00bb.<br \/>\nAlors que la Premi\u00e8re Guerre Mondiale a repris une place historiographique importante ces derni\u00e8res ann\u00e9es comparativement \u00e0 la Deuxi\u00e8me Guerre Mondiale avec le concept de brutalisation et son r\u00f4le dans la compr\u00e9hension de la violence des soci\u00e9t\u00e9s du XXe si\u00e8cle industriel, <strong>comment replacer le t\u00e9moignage de Lazare Ponticelli ou de quelle mani\u00e8re sera-t-il r\u00e9cup\u00e9r\u00e9 dans le d\u00e9bat historiographique et dont la question-cl\u00e9 \u2014autour de laquelle le <\/strong><a id=\"fjr3\" title=\"M\u00e9morial de P\u00e9ronne\" href=\"http:\/\/www.historial.org%20%29\" target=\"_blank\"><\/a><a id=\"isen\" title=\"Historial de la Grande Guerre de P\u00e9ronne\" href=\"http:\/\/www.historial.org\" target=\"_blank\"><strong>Historial de la Grande Guerre de P\u00e9ronne<\/strong><\/a><strong> et le <\/strong><a id=\"nwld\" title=\"CRID\" href=\"http:\/\/www.crid1418.org\" target=\"_blank\"><strong>CRID<\/strong><\/a><strong> s&rsquo;\u00e9charpent\u2014 est:<\/strong><\/p>\n<blockquote><p><em>dans la boue, sous les obus, comment diable les soldats ont-ils tenu ?<br \/>\n<\/em><\/p><\/blockquote>\n<p>A ma droite, l&rsquo;\u00e9quipe du M\u00e9morial de P\u00e9ronne, les poilus \u2014\u00e9lev\u00e9s dans une soci\u00e9t\u00e9 occidentale en voie de <em>\u00ab\u00a0brutalisation\u00a0\u00bb<\/em>\u2014auraient baign\u00e9 dans une \u00ab\u00a0<em>culture de guerre\u00a0\u00bb <\/em>&#8211; messianisme patriotique, haine de l&rsquo;ennemi, esprit de croisade &#8211; qui les aurait rendus globalement <em>\u00ab\u00a0consentants\u00a0\u00bb<\/em>. En r\u00e9sum\u00e9, la chair \u00e0 canon a accept\u00e9 d&rsquo;\u00eatre de la chair \u00e0 canon&#8230;\u00a0\u00bb et les mutineries de 1917 sont un ph\u00e9nom\u00e8ne isol\u00e9.<br \/>\nA ma gauche, le CRID pr\u00e9f\u00e8re mettre l&rsquo;accent sur les exp\u00e9riences concr\u00e8tes qui expliqueraient la <em>\u00ab\u00a0t\u00e9nacit\u00e9\u00a0\u00bb <\/em>des combattants. Des strat\u00e9gies d&rsquo;esquive aux refus d&rsquo;ob\u00e9issance, et des mutilations volontaires \u00e0 la d\u00e9sertion, il y a, pour l&rsquo;\u00e9quipe du CRID, toute une gamme de sentiments et de gestes que l&rsquo;on trouve chez la plupart des soldats, y compris chez ceux qui tiennent par ailleurs un discours nationaliste. Il y aurait donc lieu de s&rsquo;interroger sur les multiples formes de contrainte qui se cachent derri\u00e8re le <em>\u00ab\u00a0consentement\u00a0\u00bb <\/em>patriotique. Les mutineries feraient alors partie d&rsquo;une multitude de strat\u00e9gies pour \u00e9chapper \u00e0 la contrainte comme les mutilations volontaires et ne seraient plus un ph\u00e9nom\u00e8ne isol\u00e9.<\/p>\n<p>Malheureusement pour les tenants de l&rsquo;\u00e9cole historique officielle du M\u00e9morial de P\u00e9ronne tant Lazare Ponticelli que Louis Cazenave, l&rsquo;avant-dernier poilu encore vivant, donnent leur cr\u00e9dit de t\u00e9moin \u2014et de t\u00e9moin quasi path\u00e9onis\u00e9 pour Ponticelli\u2014 au CRID. Ainsi, Lazare Ponticelli avait retenu la le\u00e7on de chose suivante:<\/p>\n<blockquote><p><em>\u00abVous tirez sur des p\u00e8res de famille, c&rsquo;est compl\u00e9tement idiot\u00bb<br \/>\n<\/em><\/p><\/blockquote>\n<p>Lazare Ponticelli, c&rsquo;est aussi un poilu qui a fraternis\u00e9 avec l&rsquo;ennemi:<\/p>\n<blockquote><p><em>\u00ab Dans le Tyrol, nous \u00e9tions dans les tranch\u00e9es \u00e0 quelques m\u00e8tres de l\u2019arm\u00e9e autrichienne. Nos rangs \u00e9taient compos\u00e9s de soldats italiens germanophones, ce qui facilita les contacts avec \u00ab l\u2019ennemi \u00bb. On en venait m\u00eame \u00e0 \u00e9changer nos boules de pain contre leur tabac. On a ainsi fraternis\u00e9. Mais au bout de quelques jours, n\u2019entendant plus de bruits de balles, les \u00e9tats majors se sont m\u00e9fi\u00e9s et ont chang\u00e9 les bataillons des premi\u00e8res lignes \u00bb.<\/em><\/p><\/blockquote>\n<p>En cela, son positionnement relativement \u00e0 la Premi\u00e8re Guerre mondiale ne diff\u00e9rait pas de celui de Louis de Cazenave, dernier combattant vivant ayant connu le <em>\u00abChemin des Dames\u00bb<\/em>:<\/p>\n<p>Sur les fraternisations:<\/p>\n<blockquote><p><span class=\"citation\"><em>\u00ab Il faut avoir entendu les bless\u00e9s entre les lignes. Ils appelaient leur m\u00e8re, suppliaient qu&rsquo;on les ach\u00e8ve. C&rsquo;\u00e9tait une chose horrible. Les Allemands on les retrouvait quand on allait chercher de l&rsquo;eau au puits. On discutait. Ils \u00e9taient comme nous, ils en avaient assez. \u00bb<\/em><\/span><\/p><\/blockquote>\n<p>Sur l&rsquo;ann\u00e9e 1917<\/p>\n<blockquote><p><span class=\"citation\"><em>\u00ab Nous avions fraternis\u00e9 mais quand c&rsquo;est arriv\u00e9 aux oreilles de l&rsquo;\u00c9tat-major, il a ordonn\u00e9 une attaque. \u00bb<\/em><\/span><\/p><\/blockquote>\n<p>Sur la guerre en g\u00e9n\u00e9ral:<\/p>\n<blockquote><p><span class=\"citation\"><em>\u00ab La guerre ? Hay hay hay ! Un truc absurde, inutile ! A quoi \u00e7a sert de massacrer des gens ? Rien ne peut le justifier, rien ! \u00bb<\/em><\/span><\/p>\n<p><span class=\"citation\"><em>\u00ab La gloire, l&rsquo;h\u00e9ro\u00efsme ? De la fumisterie ! \u00bb<\/em><\/span><\/p>\n<p><span class=\"citation\"><em>\u00ab Le patriotisme ? Un moyen de vous faire gober n&rsquo;importe quoi ! \u00bb<\/em><\/span><\/p><\/blockquote>\n<p>Ainsi voici deux chantres d&rsquo;un certain pacifisme et de la fraternisation \u00e9lev\u00e9s au rang de nouvelles \u00eecones du patriotisme et, par leurs propos, nous permettent de mieux comprendre leurs r\u00e9ticences \u00e0 \u00eatre \u00abcanonis\u00e9s\u00bb devant les risques d&rsquo;instrumentalisation et de r\u00e9cup\u00e9rations politiques d&rsquo;une telle d\u00e9marche \u00e9tatique. Lazare Ponticelli ne manquait d&rsquo;ailleurs pas de rappeller qu&rsquo;il avait fallu attendre 2005 et Jacques Chirac pour que la France officielle s&rsquo;int\u00e9resse \u00e0 ses poilus survivants:<\/p>\n<blockquote><p><span class=\"citation\"><em>\u00ab Je refuse ces obs\u00e8ques nationales. Ce n&rsquo;est pas juste d&rsquo;attendre le dernier poilu. C&rsquo;est un affront fait \u00e0 tous les autres, morts sans avoir eu les honneurs qu&rsquo;ils m\u00e9ritaient. On n&rsquo;a rien fait pour eux. Ils se sont battus comme moi. Ils avaient droit \u00e0 un geste de leur vivant&#8230; M\u00eame un petit geste aurait suffit<\/em><em>\u00bb<\/em><\/span><em>. <\/em><br style=\"font-style: italic;\" \/><span class=\"citation\"><em>\u00ab On s&rsquo;en est foutu un peu. Il a fallu que ce soit Chirac qui commence \u00e0 bouger quand on n&rsquo;\u00e9tait plus nombreux et qu&rsquo;on \u00e9tait fatigu\u00e9s. \u00bb<\/em><\/span><em>. <\/em><\/p><\/blockquote>\n<p>Mais eux partis, le risque existe aussi que la m\u00e9moire escamote ce passage \u00e0 l&rsquo;histoire au profit d&rsquo;une r\u00e9cup\u00e9ration par l&rsquo;histoire officielle et par une sursaturation m\u00e9morielle. Ce risque est d&rsquo;autant plus grand que maintenant leur destin individuel est \u00e9lev\u00e9 au rang d&rsquo;ic\u00f4ne. Lazare Ponticelli se transforme en ic\u00f4ne jumelle du soldat inconnu. En ce jour de disparition, Nicolas Offenstadt ne manque pas de souligner, au moment o\u00f9 Larare Ponticelli disparaissait, que les projets d&rsquo;hommage au dernier poilu fonctionnaient comme <em>\u00abdes <\/em><em>remake<\/em><em> des c\u00e9r\u00e9monies de l\u2019entre-deux-guerres sans souci d\u2019actualiser les rites autour de la Grande Guerre, sans souci apparent de relier de mani\u00e8re innovante ce pass\u00e9 de 14\/18 et le pr\u00e9sent, comme cela a pu \u00eatre fait au moment du bicentenaire de la R\u00e9volution fran\u00e7aise.\u00bb <\/em>(<a id=\"xpf5\" title=\"Le \u00abdernier poliu\u00bb, une nouvelle ic\u00f4ne?\" href=\"http:\/\/www.crid1418.org\/actualites\/dernier_poilu.html\">Le \u00abdernier poliu\u00bb, une nouvelle ic\u00f4ne?<\/a> )<br \/>\nCependant, comme le note encore Nicolas Offenstadt, les r\u00e9ticences de Lazare Ponticelli ont infl\u00e9chi les projets d&rsquo;une c\u00e9r\u00e9monie id\u00e9ale en prenant des chemins de traverse: <em>\u00abd\u2019une part le dernier poilu est un italien engag\u00e9 dans la l\u00e9gion \u00e9trang\u00e8re en France, qui termina la guerre sous uniforme italien (il d\u00fbt rejoindre les troupes de son pays apr\u00e8s que celui-ci soit entr\u00e9 en guerre en 1915) et d\u2019autre part le personnage est loin de se plier initialement \u00e0 ce que l\u2019on voulait faire de sa mort.\u00bb<\/em><br \/>\nIl n&rsquo;en demeure pas moins que la c\u00e9r\u00e9monie de lundi prochain fournira d&rsquo;utiles indices sur les usages qui sont faits du soldat et de la Grande Guerre aujourd\u2019hui. Pour Offenstadt, il ne fait aucun doute que les derniers poilus <em>\u00absont devenus des ic\u00f4nes m\u00e9morielles, comme Guy M\u00f4quet, \u00e0 qui l\u2019on fait parler beaucoup plus du pr\u00e9sent que du pass\u00e9.\u00bb<\/em><\/p>\n<p><strong>Sources : <\/strong><br \/>\n\u2022 <a id=\"zxhv\" title=\"http:\/\/www.lemonde.fr\/carnet\/article\/2008\/03\/12\/lazare-ponticelli-le-dernier-poilu-francais-est-mort_1022139_3382.html\" href=\"http:\/\/www.lemonde.fr\/carnet\/article\/2008\/03\/12\/lazare-ponticelli-le-dernier-poilu-francais-est-mort_1022139_3382.html\"><\/a><a id=\"fefr\" title=\"http:\/\/www.lemonde.fr\/carnet\/article\/2008\/03\/12\/lazare-ponticelli-le-dernier-poilu-francais-est-mort_1022139_3382.html\" href=\"http:\/\/www.lemonde.fr\/carnet\/article\/2008\/03\/12\/lazare-ponticelli-le-dernier-poilu-francais-est-mort_1022139_3382.html\" target=\"_blank\">http:\/\/www.lemonde.fr\/carnet\/article\/2008\/03\/12\/lazare-ponticelli-le-dernier-poilu-francais-est-mort_1022139_3382.html<\/a><br \/>\n\u2022 <a id=\"r_yq\" title=\"http:\/\/tf1.lci.fr\/infos\/france\/societe\/0,,3687533,00-avant-dernier-poilu-est-decede-.html\" href=\"http:\/\/tf1.lci.fr\/infos\/france\/societe\/0,,3687533,00-avant-dernier-poilu-est-decede-.html\"><\/a><a id=\"lmu6\" title=\"http:\/\/tf1.lci.fr\/infos\/france\/societe\/0,,3687533,00-avant-dernier-poilu-est-decede-.html\" href=\"http:\/\/tf1.lci.fr\/infos\/france\/societe\/0,,3687533,00-avant-dernier-poilu-est-decede-.html\" target=\"_blank\">http:\/\/tf1.lci.fr\/infos\/france\/societe\/0,,3687533,00-avant-dernier-poilu-est-decede-.html<\/a><br \/>\n\u2022 <a id=\"dcfw\" title=\"http:\/\/www.libelabo.fr\/2008\/03\/12\/lazare-ponticelli-le-dernier-poilu\/\" href=\"http:\/\/www.libelabo.fr\/2008\/03\/12\/lazare-ponticelli-le-dernier-poilu\/\">http:\/\/www.libelabo.fr\/2008\/03\/12\/lazare-ponticelli-le-dernier-poilu\/<\/a><br \/>\n\u2022 <a id=\"ps_t\" title=\"http:\/\/pagesperso-orange.fr\/memoire78\/pages\/ponti.html\" href=\"http:\/\/pagesperso-orange.fr\/memoire78\/pages\/ponti.html\" target=\"_blank\">http:\/\/pagesperso-orange.fr\/memoire78\/pages\/ponti.html<\/a><br \/>\n\u2022 <a id=\"qaep\" title=\"http:\/\/fr.wikipedia.org\/wiki\/Lazare_Ponticelli\" href=\"http:\/\/fr.wikipedia.org\/wiki\/Lazare_Ponticelli\" target=\"_blank\">http:\/\/fr.wikipedia.org\/wiki\/Lazare_Ponticelli<\/a><br \/>\n\u2022 <a id=\"n3ev\" title=\"http:\/\/fr.wikipedia.org\/wiki\/Louis_de_Cazenave\" href=\"http:\/\/fr.wikipedia.org\/wiki\/Louis_de_Cazenave\" target=\"_blank\">http:\/\/fr.wikipedia.org\/wiki\/Louis_de_Cazenave<\/a><br \/>\n\u2022 Nicolas Offenstadt, \u00ab Le pays a un h\u00e9ros : le dernier poilu \u00bb, <a id=\"a_-g\" title=\"L'Histoire\" href=\"http:\/\/www.histoire.presse.fr\/\" target=\"_blank\">L&rsquo;Histoire<\/a>, n\u00b0 320, mai 2007, pp. 25-26.<br \/>\n\u2022 Sur le d\u00e9bat historiographique: <a id=\"cl0d\" title=\"https:\/\/lyonelkaufmann.ch\/histoire\/historiographie_sujets\/pages\/_29.html\" href=\"https:\/\/lyonelkaufmann.ch\/histoire\/historiographie_sujets\/pages\/_29.html\" target=\"_blank\">https:\/\/lyonelkaufmann.ch\/histoire\/historiographie_sujets\/pages\/_29.html<\/a><\/p>\n<\/div>\n","protected":false},"excerpt":{"rendered":"<p>Depuis le 24 janvier 2008, Lazare Ponticelli \u00e9tait le dernier poilu survivant de la Premi\u00e8re Guerre mondiale. En effet, Louis de Cazenave, ancien combattant de la guerre 1914-1918, venait de d\u00e9c\u00e9der \u00e0 l&rsquo;\u00e2ge de 110 ans. Un peu moins de 2 mois plus tard, Lazare Ponticelli rejoignait \u00e0 110 ans \u00e9galement ses camarades de tranch\u00e9es [&hellip;]<\/p>\n","protected":false},"author":1,"featured_media":0,"comment_status":"open","ping_status":"open","sticky":false,"template":"","format":"standard","meta":{"_import_markdown_pro_load_document_selector":0,"_import_markdown_pro_submit_text_textarea":"","_genesis_hide_title":false,"_genesis_hide_breadcrumbs":false,"_genesis_hide_singular_image":false,"_genesis_hide_footer_widgets":false,"_genesis_custom_body_class":"","_genesis_custom_post_class":"","_genesis_layout":"","jetpack_post_was_ever_published":false,"_jetpack_newsletter_access":"","_jetpack_dont_email_post_to_subs":false,"_jetpack_newsletter_tier_id":0,"_jetpack_memberships_contains_paywalled_content":false,"_jetpack_memberships_contains_paid_content":false,"footnotes":"","jetpack_publicize_message":"","jetpack_publicize_feature_enabled":true,"jetpack_social_post_already_shared":true,"jetpack_social_options":{"image_generator_settings":{"template":"highway","default_image_id":0,"font":"","enabled":false},"version":2}},"categories":[11,13],"tags":[],"class_list":{"0":"post-300","1":"post","2":"type-post","3":"status-publish","4":"format-standard","6":"category-nouvelles-de-lhistoire","7":"category-opinionsreflexions","8":"entry"},"jetpack_publicize_connections":[],"featured_image_src":null,"featured_image_src_square":null,"author_info":{"display_name":"Lyonel Kaufmann","author_link":"https:\/\/lyonelkaufmann.ch\/histoire\/author\/lyonelk\/"},"jetpack_featured_media_url":"","jetpack_sharing_enabled":true,"jetpack_shortlink":"https:\/\/wp.me\/p1rJVM-4Q","jetpack_likes_enabled":true,"jetpack-related-posts":[{"id":282,"url":"https:\/\/lyonelkaufmann.ch\/histoire\/2008\/02\/06\/links-for-2008-02-06\/","url_meta":{"origin":300,"position":0},"title":"Lazare Ponticelli, le dernier poilu (t\u00e9moignage)","author":"Lyonel Kaufmann","date":"6 f\u00e9vrier 2008","format":false,"excerpt":"Lib\u00e9ration Lib\u00e9Labo \u00bb Lazare Ponticelli, le dernier poilu D\u00e9sormais, Lazare Ponticelli est le dernier poilu en vie. Voici son t\u00e9moignage de 2005 pour Lib\u00e9, sous-titr\u00e9 pour plus de clart\u00e9, et mis en images avec le concours du service documentaire des arm\u00e9es en quatre \u00e9pisodes. (tags: Histoire 14-18 DernierPoilu Poilus T\u00e9moignage\u2026","rel":"","context":"Dans &quot;Annuaire de sites&quot;","block_context":{"text":"Annuaire de sites","link":"https:\/\/lyonelkaufmann.ch\/histoire\/category\/medias-et-technologies\/annuaire-de-sites\/"},"img":{"alt_text":"","src":"","width":0,"height":0},"classes":[]},{"id":7878,"url":"https:\/\/lyonelkaufmann.ch\/histoire\/2014\/02\/24\/lazare-ponticelli-quand-nous-montions-a-lassaut-nous-nous-disions-si-je-meurs-tu-penseras-a-moi\/","url_meta":{"origin":300,"position":1},"title":"Lazare Ponticelli : &quot;Quand nous montions \u00e0 l&#039;assaut, nous nous disions : Si je meurs, tu penseras \u00e0 moi.&quot;","author":"Lyonel Kaufmann","date":"24 f\u00e9vrier 2014","format":false,"excerpt":"See on Scoop.it - histoire Au nom de ceux qui n'avaient pas eu la chance de s'en tirer, le dernier poilu a, jusqu'au bout, t\u00e9moign\u00e9 de l'horreur de la guerre de 14-18. See on www.lemonde.fr","rel":"","context":"Dans &quot;Nouvelles de l'histoire&quot;","block_context":{"text":"Nouvelles de l'histoire","link":"https:\/\/lyonelkaufmann.ch\/histoire\/category\/nouvelles-de-lhistoire\/"},"img":{"alt_text":"","src":"","width":0,"height":0},"classes":[]},{"id":15176,"url":"https:\/\/lyonelkaufmann.ch\/histoire\/2018\/11\/10\/centenaire-de-larmistice-de-1918-erich-kastner-symbole-des-derniers-soldats-de-lempire-allemand-oublies-de-lhistoire\/","url_meta":{"origin":300,"position":2},"title":"Centenaire de l&rsquo;armistice de 1918 : Erich K\u00e4stner, symbole des derniers soldats de l&#8217;empire allemand oubli\u00e9s de l&rsquo;histoire","author":"Lyonel Kaufmann","date":"10 novembre 2018","format":false,"excerpt":"En 2008, le dernier v\u00e9t\u00e9ran de l'arm\u00e9e allemande de la Grande Guerre est mort dans l'indiff\u00e9rence g\u00e9n\u00e9rale. Une situation bien \u00e9loign\u00e9e du traitement des poilus en France. Un cercueil drap\u00e9 de bleu-blanc-rouge, port\u00e9 par onze l\u00e9gionnaires du 3e\u00a0r\u00e9giment \u00e9tranger d\u2019infanterie, fait son entr\u00e9e dans la cour des Invalides, \u00e0 Paris,\u2026","rel":"","context":"Dans &quot;Nouvelles de l'histoire&quot;","block_context":{"text":"Nouvelles de l'histoire","link":"https:\/\/lyonelkaufmann.ch\/histoire\/category\/nouvelles-de-lhistoire\/"},"img":{"alt_text":"","src":"https:\/\/i0.wp.com\/lyonelkaufmann.ch\/histoire\/wp-content\/uploads\/2018\/11\/D3A3DB7E-2E3B-4595-ADCC-5DAAB18554EB.74cdb6bb945942438d50fdc72912a800.jpeg?fit=425%2C239&ssl=1&resize=350%2C200","width":350,"height":200},"classes":[]},{"id":4438,"url":"https:\/\/lyonelkaufmann.ch\/histoire\/2011\/05\/05\/premiere-guerre-mondiale-mort-du-dernier-poilu\/","url_meta":{"origin":300,"position":3},"title":"Claude Choules \u00e9tait le dernier ancien combattant survivant de la Grande Guerre dans le monde, apr\u00e8s le d\u00e9c\u00e8s fin f\u00e9vrier \u00e0 110 ans de Franck Buckles, dernier v\u00e9t\u00e9ran am\u00e9ricain de la Premi\u00e8re Guerre mondiale, qui avait lui aussi menti sur son \u00e2ge pour pouvoir s&#8217;enr\u00f4ler en 1917.\nLe v\u00e9t\u00e9ran britannique Henry Allingham, qui \u00e9tait aussi doyen de l&#8217;humanit\u00e9, est d\u00e9c\u00e9d\u00e9 en 2009 \u00e0 113 ans. Le dernier soldat allemand, Erich K\u00e4stner, est d\u00e9c\u00e9d\u00e9 le 1er janvier 2008 \u00e0 l&#8217;\u00e2ge de 107 ans. Le dernier combattant fran\u00e7ais, Lazare Ponticelli, est mort le 12 mars 2008 \u00e0 110 ans. Delfino Borroni, dernier survivant italien, est d\u00e9c\u00e9d\u00e9 le 26 octobre 2008 \u00e0 110 ans.","author":"Lyonel Kaufmann","date":"5 mai 2011","format":"link","excerpt":"Premi\u00e8re Guerre mondiale: mort du dernier \"poilu\" | tsrinfo.ch","rel":"","context":"Dans &quot;Nouvelles de l'histoire&quot;","block_context":{"text":"Nouvelles de l'histoire","link":"https:\/\/lyonelkaufmann.ch\/histoire\/category\/nouvelles-de-lhistoire\/"},"img":{"alt_text":"","src":"","width":0,"height":0},"classes":[]},{"id":3743,"url":"https:\/\/lyonelkaufmann.ch\/histoire\/2011\/05\/05\/premiere-guerre-mondiale-mort-du-dernier-poilu-tsrinfo-ch-2\/","url_meta":{"origin":300,"position":4},"title":"Premi\u00e8re Guerre mondiale: mort du dernier &quot;poilu&quot; &#124; tsrinfo.ch","author":"Lyonel Kaufmann","date":"5 mai 2011","format":false,"excerpt":"Claude Choules \u00e9tait le dernier ancien combattant survivant de la Grande Guerre dans le monde, apr\u00e8s le d\u00e9c\u00e8s fin f\u00e9vrier \u00e0 110 ans de Franck Buckles, dernier v\u00e9t\u00e9ran am\u00e9ricain de la Premi\u00e8re Guerre mondiale, qui avait lui aussi menti sur son \u00e2ge pour pouvoir s'enr\u00f4ler en 1917. Le v\u00e9t\u00e9ran britannique\u2026","rel":"","context":"Dans &quot;Nouvelles de l'histoire&quot;","block_context":{"text":"Nouvelles de l'histoire","link":"https:\/\/lyonelkaufmann.ch\/histoire\/category\/nouvelles-de-lhistoire\/"},"img":{"alt_text":"","src":"https:\/\/i0.wp.com\/lyonelkaufmann.ch\/histoire\/wp-content\/uploads\/2015\/07\/Claude_Choules.jpg?fit=480%2C270&ssl=1&resize=350%2C200","width":350,"height":200},"classes":[]},{"id":10414,"url":"https:\/\/lyonelkaufmann.ch\/histoire\/2015\/08\/11\/%e2%96%b6-la-peur-bande-annonce-2015\/","url_meta":{"origin":300,"position":5},"title":"\u25b6 LA PEUR Bande Annonce (2015)","author":"Lyonel Kaufmann","date":"11 ao\u00fbt 2015","format":false,"excerpt":"\u00ab Tu crois pas qu'on nous a bourr\u00e9 le cr\u00e2ne avec la \"haine des races\" ? \u00bb\u00a0 Sortie le 12 ao\u00fbt du film La Peur, bas\u00e9 sur le livre de Gabriel Chevalier. Sa bande-annonce : \u00ab La terre molle, gorg\u00e9e d'hommes, vivants ou morts, semblait maudite. Les jeunes gens, ceux\u2026","rel":"","context":"Dans &quot;M\u00e9dias et technologies&quot;","block_context":{"text":"M\u00e9dias et technologies","link":"https:\/\/lyonelkaufmann.ch\/histoire\/category\/medias-et-technologies\/"},"img":{"alt_text":"","src":"https:\/\/i0.wp.com\/lyonelkaufmann.ch\/histoire\/wp-content\/uploads\/2015\/08\/0.jpg?fit=480%2C360&ssl=1&resize=350%2C200","width":350,"height":200},"classes":[]}],"_links":{"self":[{"href":"https:\/\/lyonelkaufmann.ch\/histoire\/wp-json\/wp\/v2\/posts\/300","targetHints":{"allow":["GET"]}}],"collection":[{"href":"https:\/\/lyonelkaufmann.ch\/histoire\/wp-json\/wp\/v2\/posts"}],"about":[{"href":"https:\/\/lyonelkaufmann.ch\/histoire\/wp-json\/wp\/v2\/types\/post"}],"author":[{"embeddable":true,"href":"https:\/\/lyonelkaufmann.ch\/histoire\/wp-json\/wp\/v2\/users\/1"}],"replies":[{"embeddable":true,"href":"https:\/\/lyonelkaufmann.ch\/histoire\/wp-json\/wp\/v2\/comments?post=300"}],"version-history":[{"count":0,"href":"https:\/\/lyonelkaufmann.ch\/histoire\/wp-json\/wp\/v2\/posts\/300\/revisions"}],"wp:attachment":[{"href":"https:\/\/lyonelkaufmann.ch\/histoire\/wp-json\/wp\/v2\/media?parent=300"}],"wp:term":[{"taxonomy":"category","embeddable":true,"href":"https:\/\/lyonelkaufmann.ch\/histoire\/wp-json\/wp\/v2\/categories?post=300"},{"taxonomy":"post_tag","embeddable":true,"href":"https:\/\/lyonelkaufmann.ch\/histoire\/wp-json\/wp\/v2\/tags?post=300"}],"curies":[{"name":"wp","href":"https:\/\/api.w.org\/{rel}","templated":true}]}}