{"id":3095,"date":"2010-08-08T11:40:36","date_gmt":"2010-08-08T10:40:36","guid":{"rendered":"https:\/\/lyonelkaufmann.ch\/histoire\/?p=3095"},"modified":"2010-08-08T11:40:36","modified_gmt":"2010-08-08T10:40:36","slug":"koblet-le-james-dean-suisse-deux-ou-trois-choses-vues-de-paris","status":"publish","type":"post","link":"https:\/\/lyonelkaufmann.ch\/histoire\/2010\/08\/08\/koblet-le-james-dean-suisse-deux-ou-trois-choses-vues-de-paris\/","title":{"rendered":"Koblet, le James Dean suisse &#124; Deux ou trois choses vues de Paris"},"content":{"rendered":"<p><strong>La projection sur la Piazza Grande de Locarno du film de Daniel von Aarburg \u00abHugo Koblet, p\u00e9daleur de charme\u00bb donne l&rsquo;occasion \u00e0 Andr\u00e9 Crettenand de r\u00e9pondre \u00e0 question : <\/strong><em><strong>Qu&rsquo;est-ce qu&rsquo;un h\u00e9ros suisse?<\/strong><\/em><\/p>\n<p style=\"text-align: center;\"><object classid=\"clsid:d27cdb6e-ae6d-11cf-96b8-444553540000\" width=\"560\" height=\"340\" codebase=\"http:\/\/download.macromedia.com\/pub\/shockwave\/cabs\/flash\/swflash.cab#version=6,0,40,0\"><param name=\"allowFullScreen\" value=\"true\" \/><param name=\"allowscriptaccess\" value=\"always\" \/><param name=\"src\" value=\"http:\/\/www.youtube.com\/v\/q-zZ3vmLtQ4&amp;hl=fr_FR&amp;fs=1?color1=0x3a3a3a&amp;color2=0x999999&amp;hd=1\" \/><param name=\"allowfullscreen\" value=\"true\" \/><\/object><\/p>\n<p style=\"text-align: justify;\">Dans ce cadre-l\u00e0, Hugo Koblet d\u00e9teint par rapport aux\u00a0h\u00e9ros magnifi\u00e9s au 19e si\u00e8cle pour, selon la jolie formule d&rsquo;Andr\u00e9 Crettenand, <em>\u00abfaire une nation avec des confettis d&rsquo;Etat\u00bb<\/em>:<\/p>\n<blockquote><p>ce qui est remarquable, c\u2019est la c\u00e9l\u00e9bration nouvelle de la star si peu suisse au fond,\u00a0r\u00e9ussissant sans travailler, d\u00e9pensier, volage mais si g\u00e9n\u00e9reux, charmant, bon camarade\u00a0et amoureux de la vie.<\/p><\/blockquote>\n<p>Pour Andr\u00e9 Crettenant, il ne fait aucun doute que le film est d\u00e9j\u00e0 promis au succ\u00e8s. Ne serait-ce que par le contraste avec Ferdi K\u00fcbler, l&rsquo;autre champion suisse du v\u00e9lo de ces ann\u00e9es-l\u00e0 plus proche que Kublet de l&rsquo;imaginaire du h\u00e9ros national suisse attendu.<\/p>\n<p>L&rsquo;affirmation de Koblet comme h\u00e9ros national d\u00e9cal\u00e9 par rapport aux h\u00e9ros nationaux du 19e si\u00e8cle s&rsquo;inscrirait parfaitement dans les observations plus g\u00e9n\u00e9rales faites concernant l&rsquo;\u00e9volution des h\u00e9ros nationaux occidentaux. Ainsi, \u00e0 propos de la figure de Luther et de son traitement au fil des diff\u00e9rentes comm\u00e9morations protestantes en Allemagne, Yves Bizeul ((Bizeul Y. (2010). Le Huguenot r\u00e9sistant et Luther, le colosse aux pieds d&rsquo;argile. In Cottret B. &amp; Henneton L. (dir). <em>Du bon usage des comm\u00e9morations. Histoire, m\u00e9moire et identit\u00e9 XVIe-XXIe si\u00e8cle.<\/em> Rennes: Presses universitaires, p. 67)) note-t-il<\/p>\n<blockquote><p>il faut bien voir que l&rsquo;humanisation des anciens h\u00e9ros et la reconnaissance de leurs faiblesses peuvent \u00eatre des strat\u00e9gies payantes dans une haute modernit\u00e9 qui v\u00e9n\u00e8re moins le \u00absurhomme\u00bb go\u00e9th\u00e9en et nietsch\u00e9en que l&rsquo;homme en recherche, travers\u00e9 de doutes, mais aussi capable de grandeur.<\/p><\/blockquote>\n<p><a href=\"http:\/\/acrettenand.wordpress.com\/2010\/08\/07\/koblet-le-james-dean-suisse\/\">Koblet, le James Dean suisse | Deux ou trois choses vues de Paris<\/a>.<\/p>\n","protected":false},"excerpt":{"rendered":"<p>La projection sur la Piazza Grande de Locarno du film de Daniel von Aarburg \u00abHugo Koblet, p\u00e9daleur de charme\u00bb donne l&rsquo;occasion \u00e0 Andr\u00e9 Crettenand de r\u00e9pondre \u00e0 question : Qu&rsquo;est-ce qu&rsquo;un h\u00e9ros suisse? Dans ce cadre-l\u00e0, Hugo Koblet d\u00e9teint par rapport aux\u00a0h\u00e9ros magnifi\u00e9s au 19e si\u00e8cle pour, selon la jolie formule d&rsquo;Andr\u00e9 Crettenand, \u00abfaire une [&hellip;]<\/p>\n","protected":false},"author":1,"featured_media":10259,"comment_status":"open","ping_status":"open","sticky":false,"template":"","format":"standard","meta":{"_import_markdown_pro_load_document_selector":0,"_import_markdown_pro_submit_text_textarea":"","_genesis_hide_title":false,"_genesis_hide_breadcrumbs":false,"_genesis_hide_singular_image":false,"_genesis_hide_footer_widgets":false,"_genesis_custom_body_class":"","_genesis_custom_post_class":"","_genesis_layout":"","jetpack_post_was_ever_published":false,"_jetpack_newsletter_access":"","_jetpack_dont_email_post_to_subs":false,"_jetpack_newsletter_tier_id":0,"_jetpack_memberships_contains_paywalled_content":false,"_jetpack_memberships_contains_paid_content":false,"footnotes":"","jetpack_publicize_message":"","jetpack_publicize_feature_enabled":true,"jetpack_social_post_already_shared":true,"jetpack_social_options":{"image_generator_settings":{"template":"highway","default_image_id":0,"font":"","enabled":false},"version":2}},"categories":[11],"tags":[183,264,331,365,374,378,433,506,683],"class_list":{"0":"post-3095","1":"post","2":"type-post","3":"status-publish","4":"format-standard","5":"has-post-thumbnail","7":"category-nouvelles-de-lhistoire","8":"tag-cyclisme","9":"tag-filmhistoire","10":"tag-heros-national","11":"tag-hugo-koblet","12":"tag-identite-suisse","13":"tag-imaginaire-national","14":"tag-legendes-nationales","15":"tag-mythehistoire","16":"tag-suisse","17":"entry"},"jetpack_publicize_connections":[],"featured_image_src":"https:\/\/i0.wp.com\/lyonelkaufmann.ch\/histoire\/wp-content\/uploads\/2015\/07\/037.jpg?resize=480%2C360&ssl=1","featured_image_src_square":"https:\/\/i0.wp.com\/lyonelkaufmann.ch\/histoire\/wp-content\/uploads\/2015\/07\/037.jpg?resize=480%2C360&ssl=1","author_info":{"display_name":"Lyonel Kaufmann","author_link":"https:\/\/lyonelkaufmann.ch\/histoire\/author\/lyonelk\/"},"jetpack_featured_media_url":"https:\/\/i0.wp.com\/lyonelkaufmann.ch\/histoire\/wp-content\/uploads\/2015\/07\/037.jpg?fit=480%2C360&ssl=1","jetpack_sharing_enabled":true,"jetpack_shortlink":"https:\/\/wp.me\/p1rJVM-NV","jetpack_likes_enabled":true,"jetpack-related-posts":[{"id":19966,"url":"https:\/\/lyonelkaufmann.ch\/histoire\/2024\/04\/19\/auguste-forel-tombe-de-son-piedestal-blog-musee-national-suisse\/","url_meta":{"origin":3095,"position":0},"title":"Auguste Forel : Tomb\u00e9 de son pi\u00e9destal | Blog mus\u00e9e national suisse","author":"Lyonel Kaufmann","date":"19 avril 2024","format":false,"excerpt":"L\u2019avant-dernier billet de mille francs arborait le portrait d\u2019Auguste Forel, \u00e9minent chercheur consid\u00e9r\u00e9 comme une ic\u00f4ne de la science et un symbole national. Cette figure de h\u00e9ros stylis\u00e9e n\u2019a toutefois pas r\u00e9sist\u00e9 \u00e0 une enqu\u00eate plus approfondie. Le blog du Mus\u00e9e national suisse consacre un tr\u00e8s int\u00e9ressant article \u00e0 la\u2026","rel":"","context":"Dans &quot;Histoire savante&quot;","block_context":{"text":"Histoire savante","link":"https:\/\/lyonelkaufmann.ch\/histoire\/category\/didactique\/histoire-savante\/"},"img":{"alt_text":"","src":"https:\/\/i0.wp.com\/lyonelkaufmann.ch\/histoire\/wp-content\/uploads\/2024\/04\/forel-titel.jpg?fit=1200%2C900&ssl=1&resize=350%2C200","width":350,"height":200,"srcset":"https:\/\/i0.wp.com\/lyonelkaufmann.ch\/histoire\/wp-content\/uploads\/2024\/04\/forel-titel.jpg?fit=1200%2C900&ssl=1&resize=350%2C200 1x, https:\/\/i0.wp.com\/lyonelkaufmann.ch\/histoire\/wp-content\/uploads\/2024\/04\/forel-titel.jpg?fit=1200%2C900&ssl=1&resize=525%2C300 1.5x, https:\/\/i0.wp.com\/lyonelkaufmann.ch\/histoire\/wp-content\/uploads\/2024\/04\/forel-titel.jpg?fit=1200%2C900&ssl=1&resize=700%2C400 2x, https:\/\/i0.wp.com\/lyonelkaufmann.ch\/histoire\/wp-content\/uploads\/2024\/04\/forel-titel.jpg?fit=1200%2C900&ssl=1&resize=1050%2C600 3x"},"classes":[]},{"id":19886,"url":"https:\/\/lyonelkaufmann.ch\/histoire\/2024\/02\/09\/close-up-une-histoire-suisse-du-cinema-musee-national-suisse-12-01-2024-21-04-2024\/","url_meta":{"origin":3095,"position":1},"title":"Close-up. Une histoire suisse du cin\u00e9ma | Mus\u00e9e national suisse (12.01.2024 21.04.2024)","author":"Lyonel Kaufmann","date":"9 f\u00e9vrier 2024","format":false,"excerpt":"A l'occasion des 100 ans de la soci\u00e9t\u00e9 de production Praesens-Film AG, le Mus\u00e9e national suisse \u00e0 Zurich propose l'exposition Close-up. Une histoire suisse du cin\u00e9ma du 12 janvier au 21 avril 2024. Fond\u00e9e en 1924 \u00e0 Zurich, la Praesens-Film est la plus ancienne soci\u00e9t\u00e9 cin\u00e9matographique de Suisse encore en\u2026","rel":"","context":"Dans &quot;M\u00e9dias et technologies&quot;","block_context":{"text":"M\u00e9dias et technologies","link":"https:\/\/lyonelkaufmann.ch\/histoire\/category\/medias-et-technologies\/"},"img":{"alt_text":"","src":"","width":0,"height":0},"classes":[]},{"id":19834,"url":"https:\/\/lyonelkaufmann.ch\/histoire\/2023\/12\/29\/quest-ce-quun-heros-suisse-mere-royaume-ou-davel\/","url_meta":{"origin":3095,"position":2},"title":"Qu\u2019est-ce qu\u2019un h\u00e9ros suisse ? M\u00e8re Royaume ou Davel ?","author":"Lyonel Kaufmann","date":"29 d\u00e9cembre 2023","format":false,"excerpt":"Int\u00e9ressante r\u00e9ponse de Justin Favrod (Revue Pass\u00e9 simple) \u00e0 la question du journal 24 Heures. Question : L\u2019un est-il plus h\u00e9ro\u00efque que l\u2019autre? Justin Favrod: Tout d\u00e9pend de la d\u00e9finition que l\u2019on se fait de l'h\u00e9ro\u00efsme. Si on prend la mesure du h\u00e9ros suisse tel que fantasm\u00e9, Davel est beaucoup\u2026","rel":"","context":"Dans &quot;Opinions&amp;R\u00e9flexions&quot;","block_context":{"text":"Opinions&amp;R\u00e9flexions","link":"https:\/\/lyonelkaufmann.ch\/histoire\/category\/didactique\/opinionsreflexions\/"},"img":{"alt_text":"","src":"https:\/\/i0.wp.com\/lyonelkaufmann.ch\/histoire\/wp-content\/uploads\/2023\/12\/image-4.png?fit=530%2C907&ssl=1&resize=350%2C200","width":350,"height":200,"srcset":"https:\/\/i0.wp.com\/lyonelkaufmann.ch\/histoire\/wp-content\/uploads\/2023\/12\/image-4.png?fit=530%2C907&ssl=1&resize=350%2C200 1x, https:\/\/i0.wp.com\/lyonelkaufmann.ch\/histoire\/wp-content\/uploads\/2023\/12\/image-4.png?fit=530%2C907&ssl=1&resize=525%2C300 1.5x"},"classes":[]},{"id":1638,"url":"https:\/\/lyonelkaufmann.ch\/histoire\/2009\/10\/22\/aufbruch-in-die-gegenwart-la-suisse-en-photographies-1840-1960\/","url_meta":{"origin":3095,"position":3},"title":"Aufbruch in die Gegenwart. La Suisse en photographies 1840-1960.","author":"Lyonel Kaufmann","date":"22 octobre 2009","format":false,"excerpt":"Le Mus\u00e9e national suisse \u00e0 Zurich vous propose depuis demain jusqu'au 28 f\u00e9vrier 2010 une exposition temporaire organis\u00e9e autour de photographie de la Suisse prise entre 1840 et 1960. Les photographies proviennent de la collection Herzog. L'exposition les pr\u00e9sente autour de trois th\u00e8mes correspondant chacun \u00e0 une salle de l'exposition\u2026","rel":"","context":"Dans &quot;Histoire active&quot;","block_context":{"text":"Histoire active","link":"https:\/\/lyonelkaufmann.ch\/histoire\/category\/didactique\/histoire-active\/"},"img":{"alt_text":"","src":"https:\/\/i0.wp.com\/lyonelkaufmann.ch\/histoire\/wp-content\/uploads\/2015\/07\/dig_5400.jpg?fit=402%2C600&ssl=1&resize=350%2C200","width":350,"height":200},"classes":[]},{"id":11603,"url":"https:\/\/lyonelkaufmann.ch\/histoire\/2016\/06\/10\/une-etude-se-penche-sur-les-films-dhenry-brandt-realises-pour-lexposition-nationale-de-1964\/","url_meta":{"origin":3095,"position":4},"title":"Une \u00e9tude se penche sur les films d\u2019Henry Brandt r\u00e9alis\u00e9s pour l\u2019Exposition nationale de 1964","author":"Lyonel Kaufmann","date":"10 juin 2016","format":false,"excerpt":"Si plusieurs ouvrages ont paru \u00e0 l\u2019occasion du cinquantenaire de l\u2019Expo 64, aucun ne s\u2019est pench\u00e9 sp\u00e9cifiquement sur la fameuse s\u00e9rie de courts-m\u00e9trages r\u00e9unis sous le titre La Suisse s\u2019interroge et projet\u00e9s dans la section La voie suisse, donc au c\u0153ur de l\u2019Expo. Et pourtant qui, parmi les visiteuses et\u2026","rel":"","context":"Dans &quot;Histoire savante&quot;","block_context":{"text":"Histoire savante","link":"https:\/\/lyonelkaufmann.ch\/histoire\/category\/didactique\/histoire-savante\/"},"img":{"alt_text":"","src":"https:\/\/i0.wp.com\/lyonelkaufmann.ch\/histoire\/wp-content\/uploads\/2016\/06\/Image-10.06.16-06-19.jpeg?resize=350%2C200&ssl=1","width":350,"height":200},"classes":[]},{"id":11333,"url":"https:\/\/lyonelkaufmann.ch\/histoire\/2016\/04\/10\/corto-maltese-en-siberie-la-revolution-russe-une-histoire-francaise\/","url_meta":{"origin":3095,"position":5},"title":"Corto Maltese en Sib\u00e9rie | La R\u00e9volution russe, une histoire fran\u00e7aise","author":"Lyonel Kaufmann","date":"10 avril 2016","format":false,"excerpt":"L\u2019historien \u00c9ric Aunoble \u00e9tudie les regards successifs que la France a port\u00e9 sur Octobre 1917. Extrait \u00e0 propos de la bande dessin\u00e9e d'Hugo Pratt Corto Maltese en Sib\u00e9rie. Extrait : \u00abDans le domaine de la BD, la concurrence est plus s\u00e9rieuse du c\u00f4t\u00e9 d\u2019Hugo Pratt dont le Corto Maltese en\u2026","rel":"","context":"Dans &quot;Histoire savante&quot;","block_context":{"text":"Histoire savante","link":"https:\/\/lyonelkaufmann.ch\/histoire\/category\/didactique\/histoire-savante\/"},"img":{"alt_text":"","src":"https:\/\/i0.wp.com\/lyonelkaufmann.ch\/histoire\/wp-content\/uploads\/2016\/04\/img_0468.jpg?fit=600%2C810&ssl=1&resize=350%2C200","width":350,"height":200,"srcset":"https:\/\/i0.wp.com\/lyonelkaufmann.ch\/histoire\/wp-content\/uploads\/2016\/04\/img_0468.jpg?fit=600%2C810&ssl=1&resize=350%2C200 1x, https:\/\/i0.wp.com\/lyonelkaufmann.ch\/histoire\/wp-content\/uploads\/2016\/04\/img_0468.jpg?fit=600%2C810&ssl=1&resize=525%2C300 1.5x"},"classes":[]}],"_links":{"self":[{"href":"https:\/\/lyonelkaufmann.ch\/histoire\/wp-json\/wp\/v2\/posts\/3095","targetHints":{"allow":["GET"]}}],"collection":[{"href":"https:\/\/lyonelkaufmann.ch\/histoire\/wp-json\/wp\/v2\/posts"}],"about":[{"href":"https:\/\/lyonelkaufmann.ch\/histoire\/wp-json\/wp\/v2\/types\/post"}],"author":[{"embeddable":true,"href":"https:\/\/lyonelkaufmann.ch\/histoire\/wp-json\/wp\/v2\/users\/1"}],"replies":[{"embeddable":true,"href":"https:\/\/lyonelkaufmann.ch\/histoire\/wp-json\/wp\/v2\/comments?post=3095"}],"version-history":[{"count":0,"href":"https:\/\/lyonelkaufmann.ch\/histoire\/wp-json\/wp\/v2\/posts\/3095\/revisions"}],"wp:featuredmedia":[{"embeddable":true,"href":"https:\/\/lyonelkaufmann.ch\/histoire\/wp-json\/wp\/v2\/media\/10259"}],"wp:attachment":[{"href":"https:\/\/lyonelkaufmann.ch\/histoire\/wp-json\/wp\/v2\/media?parent=3095"}],"wp:term":[{"taxonomy":"category","embeddable":true,"href":"https:\/\/lyonelkaufmann.ch\/histoire\/wp-json\/wp\/v2\/categories?post=3095"},{"taxonomy":"post_tag","embeddable":true,"href":"https:\/\/lyonelkaufmann.ch\/histoire\/wp-json\/wp\/v2\/tags?post=3095"}],"curies":[{"name":"wp","href":"https:\/\/api.w.org\/{rel}","templated":true}]}}