{"id":311,"date":"2009-02-22T11:00:20","date_gmt":"2009-02-22T10:00:20","guid":{"rendered":"https:\/\/lyonelkaufmann.ch\/histoire\/?p=442"},"modified":"2009-02-22T11:00:20","modified_gmt":"2009-02-22T10:00:20","slug":"extraits-du-film-revolution-francaise-de-robert-enrico-sur-dailymotion","status":"publish","type":"post","link":"https:\/\/lyonelkaufmann.ch\/histoire\/2009\/02\/22\/extraits-du-film-revolution-francaise-de-robert-enrico-sur-dailymotion\/","title":{"rendered":"&quot;R\u00e9volution fran\u00e7aise&quot; de Robert Enrico sur DailyMotion"},"content":{"rendered":"<p><object width=\"420\" height=\"339\" data=\"http:\/\/www.dailymotion.com\/swf\/x2r7ig\" type=\"application\/x-shockwave-flash\"><param name=\"allowFullScreen\" value=\"true\" \/><param name=\"allowScriptAccess\" value=\"always\" \/><param name=\"src\" value=\"http:\/\/www.dailymotion.com\/swf\/x2r7ig\" \/><param name=\"allowfullscreen\" value=\"true\" \/><\/object><\/p>\n<div><strong><a href=\"http:\/\/www.dailymotion.com\/swf\/x2r7ig\">La R\u00e9volution Fran\u00e7aise &#8211; Discours de Danton<\/a><\/strong><br \/>\n<em>par <a href=\"http:\/\/www.dailymotion.com\/Kronos59\">Kronos59<\/a><\/em><\/div>\n<p>31 extraits du film de Robert Enrico dans ce <a href=\"http:\/\/www.dailymotion.com\/group\/78887\" target=\"_blank\">Groupe Daily Motion<\/a>. Ces extraits forment une vision classique de la R\u00e9volution.<\/p>\n<p>Pour utiliser les extraits en classe d&rsquo;histoire, vous pourrez lire avec int\u00e9r\u00eat les articles suivants:<\/p>\n<div>\n<ul>\n<li><a href=\"http:\/\/www.mtholyoke.edu\/~amdevrie\/\" target=\"_blank\">La R\u00e9volution fran\u00e7aise en film<\/a><\/li>\n<li><a href=\"http:\/\/histgeo.ac-aix-marseille.fr\/a\/ppa\/d013.htm\" target=\"_blank\">Enseigner la R\u00e9volution Fran\u00e7aise en classe de seconde: un d\u00e9fi?<\/a> (Acad\u00e9mie Aix-Marseille)<\/li>\n<li>Le dossier\u00a0<a href=\"http:\/\/www.cinehig.clionautes.org\/spip.php?article168\" target=\"_blank\">La R\u00e9volution fran\u00e7aise \u00e0 l\u2019\u00e9cran<\/a>\u00a0: int\u00e9r\u00eats et probl\u00e8mes pour l\u2019historien et l\u2019enseignant du site<em> Cinehig<\/em>.\u00a0<\/li>\n<\/ul>\n<div style=\"padding-left: 30px;\">Apr\u00e8s un article repla\u00e7ant dans le contexte historiographique et cin\u00e9matographique diff\u00e9rentes oeuvres de fiction, l\u2019article se conclut sur une s\u00e9rie de th\u00e8me\/sujets\/\u00e9v\u00e9nements pouvant \u00eatre travaill\u00e9s en classe. Chaque th\u00e8me est accompagn\u00e9 d\u2019un dossier p\u00e9dagogique.<\/div>\n<ul>\n<li><em>R\u00e9voltes, r\u00e9volutions, cin\u00e9ma (1993)\u00a0<\/em>de Christian Delage, B\u00e9atrice Fleury-Vilatte, Marc Ferro, Centre national d&rsquo;art et de culture Georges-Pompidou, France\u00a0<\/li>\n<\/ul>\n<\/div>\n<div style=\"padding-left: 30px; \"><strong>Pr\u00e9sentation de l&rsquo;\u00e9diteur<\/strong> Textes de Christian Delage et B\u00e9atrice Fleury-Vilatte. Une r\u00e9flexion sur les rapports entre le cin\u00e9ma historique et l&rsquo;histoire des r\u00e9voltes et r\u00e9volutions dans le monde entier, selon qu&rsquo;il les reconstitue ou qu&rsquo;il les reconstruit. L&rsquo;ouvrage contient quatre-vingts synopsis de films. Cet ouvrage s&rsquo;int\u00e9resse aux films historiques, toute origine confondue, qui t\u00e9moignent des plus grandes r\u00e9voltes ou r\u00e9volutions (de la R\u00e9volution fran\u00e7aise \u00e0 la R\u00e9volution islamique de T\u00e9h\u00e9ran en passant par la R\u00e9volution russe et la guerre d&rsquo;Espagne). Il offre une analyse pr\u00e9cise de l&rsquo;\u00e9volution de ce genre suivant les pays et les \u00e9poques. Il interroge par ailleurs le sens m\u00eame de la notion d'\u00a0\u00bbaction r\u00e9volutionnaire\u00a0\u00bb men\u00e9e par les cin\u00e9astes. Autrement dit, il interroge la mani\u00e8re dont ces derniers ont su se d\u00e9tacher du r\u00e9cit de reconstitution pour d\u00e9couvrir, par l&rsquo;imaginaire, un syst\u00e8me de reconstruction qui permet de d\u00e9passer le degr\u00e9 z\u00e9ro de l&rsquo;analyse historique et de donner \u00e0 penser le rapport entre pass\u00e9 et pr\u00e9sent.<\/div>\n<p>Mais aussi, en bonus, la R\u00e9volution fran\u00e7ais revue et corrig\u00e9e par <em>Les\u00a0<\/em><em>Inconnus<\/em>:<\/p>\n<div><object width=\"420\" height=\"329\" data=\"http:\/\/www.dailymotion.com\/swf\/x81g9&amp;v3=1&amp;related=1\" type=\"application\/x-shockwave-flash\"><param name=\"allowFullScreen\" value=\"true\" \/><param name=\"allowScriptAccess\" value=\"always\" \/><param name=\"src\" value=\"http:\/\/www.dailymotion.com\/swf\/x81g9&amp;v3=1&amp;related=1\" \/><param name=\"allowfullscreen\" value=\"true\" \/><\/object><\/div>\n<div><strong><a href=\"http:\/\/www.dailymotion.com\/video\/x81g9_les-inconnus-la-revolution\">Les Inconnus &#8211; La R\u00e9volution<\/a><\/strong> <em>envoy\u00e9 par <a href=\"http:\/\/www.dailymotion.com\/GuyanaMike\">GuyanaMike<\/a><\/em><\/div>\n","protected":false},"excerpt":{"rendered":"<p>La R\u00e9volution Fran\u00e7aise &#8211; Discours de Danton par Kronos59 31 extraits du film de Robert Enrico dans ce Groupe Daily Motion. Ces extraits forment une vision classique de la R\u00e9volution. Pour utiliser les extraits en classe d&rsquo;histoire, vous pourrez lire avec int\u00e9r\u00eat les articles suivants: La R\u00e9volution fran\u00e7aise en film Enseigner la R\u00e9volution Fran\u00e7aise en [&hellip;]<\/p>\n","protected":false},"author":1,"featured_media":9896,"comment_status":"open","ping_status":"open","sticky":false,"template":"","format":"standard","meta":{"_import_markdown_pro_load_document_selector":0,"_import_markdown_pro_submit_text_textarea":"","_genesis_hide_title":false,"_genesis_hide_breadcrumbs":false,"_genesis_hide_singular_image":false,"_genesis_hide_footer_widgets":false,"_genesis_custom_body_class":"","_genesis_custom_post_class":"","_genesis_layout":"","jetpack_post_was_ever_published":false,"_jetpack_newsletter_access":"","_jetpack_dont_email_post_to_subs":false,"_jetpack_newsletter_tier_id":0,"_jetpack_memberships_contains_paywalled_content":false,"_jetpack_memberships_contains_paid_content":false,"footnotes":"","jetpack_publicize_message":"","jetpack_publicize_feature_enabled":true,"jetpack_social_post_already_shared":true,"jetpack_social_options":{"image_generator_settings":{"template":"highway","default_image_id":0,"font":"","enabled":false},"version":2}},"categories":[8],"tags":[136,264,631,632,638,640],"class_list":{"0":"post-311","1":"post","2":"type-post","3":"status-publish","4":"format-standard","5":"has-post-thumbnail","7":"category-medias-et-technologies","8":"tag-cinema","9":"tag-filmhistoire","10":"tag-revolution-francaise","11":"tag-revolutionfrancaise","12":"tag-robert-enrico","13":"tag-robertenrico","14":"entry"},"jetpack_publicize_connections":[],"featured_image_src":"https:\/\/i0.wp.com\/lyonelkaufmann.ch\/histoire\/wp-content\/uploads\/2015\/06\/signature_lk2.jpg?resize=600%2C184&ssl=1","featured_image_src_square":"https:\/\/i0.wp.com\/lyonelkaufmann.ch\/histoire\/wp-content\/uploads\/2015\/06\/signature_lk2.jpg?resize=600%2C184&ssl=1","author_info":{"display_name":"Lyonel Kaufmann","author_link":"https:\/\/lyonelkaufmann.ch\/histoire\/author\/lyonelk\/"},"jetpack_featured_media_url":"https:\/\/i0.wp.com\/lyonelkaufmann.ch\/histoire\/wp-content\/uploads\/2015\/06\/signature_lk2.jpg?fit=658%2C184&ssl=1","jetpack_sharing_enabled":true,"jetpack_shortlink":"https:\/\/wp.me\/p1rJVM-51","jetpack_likes_enabled":true,"jetpack-related-posts":[{"id":6644,"url":"https:\/\/lyonelkaufmann.ch\/histoire\/2012\/12\/28\/revue-de-presse-documentaires-et-films-sur-lhistoire-et-lart-derville\/","url_meta":{"origin":311,"position":0},"title":"Revue de presse : Documentaires et films sur l&#039;histoire et l&#039;art &#124; Derville","author":"Lyonel Kaufmann","date":"28 d\u00e9cembre 2012","format":false,"excerpt":"Vous trouverez sur ce blog des liens vers des documentaires historiques \u00e0 voir en ligne, des documentaires sur l\u2019art, des films historiques et des adaptations cin\u00e9matographiques d\u2019\u0153uvres litt\u00e9raires, ainsi que vers des \u00e9missions et spectacles. Le m\u00e9rite principal de ce site est d'offrir des liens vers des extraits en ligne\u2026","rel":"","context":"Dans &quot;Nouvelles de l'histoire&quot;","block_context":{"text":"Nouvelles de l'histoire","link":"https:\/\/lyonelkaufmann.ch\/histoire\/category\/nouvelles-de-lhistoire\/"},"img":{"alt_text":"","src":"","width":0,"height":0},"classes":[]},{"id":15471,"url":"https:\/\/lyonelkaufmann.ch\/histoire\/2018\/12\/06\/revolution-francaise-un-peuple-et-son-roi-un-film-exemplaire\/","url_meta":{"origin":311,"position":1},"title":"R\u00e9volution fran\u00e7aise : \u00ab\u00a0Un peuple et son roi\u00a0\u00bb, un film exemplaire","author":"Lyonel Kaufmann","date":"6 d\u00e9cembre 2018","format":false,"excerpt":"Alors que hier je vous entretenais du projet de Netflix de produire une s\u00e9rie fantastique sur la R\u00e9volution de 1789, je vous propose aujourd\u2019hui de lire la critique de Dominique Godineau, professeure d\u2019histoire moderne \u00e0 l\u2019Universit\u00e9 Rennes 2, directrice des Annales historiques de la R\u00e9volution fran\u00e7aise, \u00e0 propos du film\u2026","rel":"","context":"Dans &quot;Histoire active&quot;","block_context":{"text":"Histoire active","link":"https:\/\/lyonelkaufmann.ch\/histoire\/category\/didactique\/histoire-active\/"},"img":{"alt_text":"","src":"https:\/\/i0.wp.com\/lyonelkaufmann.ch\/histoire\/wp-content\/uploads\/2018\/12\/DraggedImage.a8321a416988409da3322c84d9325012.png?fit=650%2C433&ssl=1&resize=350%2C200","width":350,"height":200,"srcset":"https:\/\/i0.wp.com\/lyonelkaufmann.ch\/histoire\/wp-content\/uploads\/2018\/12\/DraggedImage.a8321a416988409da3322c84d9325012.png?fit=650%2C433&ssl=1&resize=350%2C200 1x, https:\/\/i0.wp.com\/lyonelkaufmann.ch\/histoire\/wp-content\/uploads\/2018\/12\/DraggedImage.a8321a416988409da3322c84d9325012.png?fit=650%2C433&ssl=1&resize=525%2C300 1.5x"},"classes":[]},{"id":10708,"url":"https:\/\/lyonelkaufmann.ch\/histoire\/2015\/12\/18\/images-de-la-revolution-francaise-archives-numeriques-de-la-revolution-francaise\/","url_meta":{"origin":311,"position":2},"title":"Images de la R\u00e9volution fran\u00e7aise | Archives num\u00e9riques de la R\u00e9volution fran\u00e7aise","author":"Lyonel Kaufmann","date":"18 d\u00e9cembre 2015","format":false,"excerpt":"Les Archives num\u00e9riques de la R\u00e9volution fran\u00e7aise sont le r\u00e9sultat d'une\u00a0collaboration entre les biblioth\u00e8ques de l\u2019Universit\u00e9 de Stanford et la Biblioth\u00e8que nationale de France. Ces archives mettent notamment \u00e0 disposition des internautes une banque d'images de la R\u00e9volution fran\u00e7aise. Une aubaine pour une utilisation en classe. Le corpus des\u00a0Images\u00a0est constitu\u00e9\u2026","rel":"","context":"Dans &quot;M\u00e9dias et technologies&quot;","block_context":{"text":"M\u00e9dias et technologies","link":"https:\/\/lyonelkaufmann.ch\/histoire\/category\/medias-et-technologies\/"},"img":{"alt_text":"","src":"https:\/\/i0.wp.com\/lyonelkaufmann.ch\/histoire\/wp-content\/uploads\/2015\/12\/images_image_cropped-90f1d2f871126cd509fb012ee2d0eb14.jpg?resize=350%2C200","width":350,"height":200},"classes":[]},{"id":6174,"url":"https:\/\/lyonelkaufmann.ch\/histoire\/2012\/09\/26\/la-revolution-francaise-un-evenement-de-la-raison-sensible-1787-1799-revolution-francaise\/","url_meta":{"origin":311,"position":3},"title":"La R\u00e9volution fran\u00e7aise : un \u00e9v\u00e9nement de la raison sensible (1787-1799)","author":"Lyonel Kaufmann","date":"26 septembre 2012","format":false,"excerpt":"Extrait de l'Avant-propos de l'ouvrage de Sophie Wahnich (2012). La R\u00e9volution fran\u00e7aise. Un \u00e9v\u00e9nement de la raison sensible, 1787-1799. Paris : Hachette Sup\u00e9rieur. \u00abL\u2019histoire de la R\u00e9volution fran\u00e7aise depuis le bicentenaire semblait vou\u00e9e \u00e0 la comm\u00e9moration et \u00e0 son calendrier. La revisiter permettait de se rem\u00e9morer origines, fondements, et errements\u2026","rel":"","context":"Dans &quot;Histoire savante&quot;","block_context":{"text":"Histoire savante","link":"https:\/\/lyonelkaufmann.ch\/histoire\/category\/didactique\/histoire-savante\/"},"img":{"alt_text":"","src":"https:\/\/i0.wp.com\/lyonelkaufmann.ch\/histoire\/wp-content\/uploads\/2012\/09\/hachette_wahnich.png?resize=350%2C200","width":350,"height":200},"classes":[]},{"id":9699,"url":"https:\/\/lyonelkaufmann.ch\/histoire\/2015\/04\/14\/lhistorien-derriere-la-console-assassins-creed-unity-entrevue-avec-laurent-turcot-histoireengagee\/","url_meta":{"origin":311,"position":4},"title":"L\u2019historien derri\u00e8re la console : Assassin\u2019s Creed : Unity. Entrevue avec Laurent Turcot | HistoireEngag\u00e9e","author":"Lyonel Kaufmann","date":"14 avril 2015","format":false,"excerpt":"Laurent Turcot est professeur d\u2019histoire au d\u00e9partement des sciences humaines de l\u2019Universit\u00e9 du Qu\u00e9bec \u00e0 Trois-Rivi\u00e8res. Sp\u00e9cialiste de l\u2019histoire moderne canadienne et europ\u00e9enne (16e\u00a0au 19e\u00a0si\u00e8cle), plus particuli\u00e8rement de l\u2019histoire sociale et culturelle de cette p\u00e9riode, il a r\u00e9cemment collabor\u00e9, \u00e0 titre d\u2019historien consultant, \u00e0 la production du jeu vid\u00e9o\u00a0Assassin\u2019s Creed\u00a0:\u2026","rel":"","context":"Dans &quot;Histoire active&quot;","block_context":{"text":"Histoire active","link":"https:\/\/lyonelkaufmann.ch\/histoire\/category\/didactique\/histoire-active\/"},"img":{"alt_text":"","src":"https:\/\/i0.wp.com\/lyonelkaufmann.ch\/histoire\/wp-content\/uploads\/2015\/07\/11149647_10152599764901116_4694047296933194691_o-1024x475.jpg?fit=1024%2C475&ssl=1&resize=350%2C200","width":350,"height":200,"srcset":"https:\/\/i0.wp.com\/lyonelkaufmann.ch\/histoire\/wp-content\/uploads\/2015\/07\/11149647_10152599764901116_4694047296933194691_o-1024x475.jpg?fit=1024%2C475&ssl=1&resize=350%2C200 1x, https:\/\/i0.wp.com\/lyonelkaufmann.ch\/histoire\/wp-content\/uploads\/2015\/07\/11149647_10152599764901116_4694047296933194691_o-1024x475.jpg?fit=1024%2C475&ssl=1&resize=525%2C300 1.5x, https:\/\/i0.wp.com\/lyonelkaufmann.ch\/histoire\/wp-content\/uploads\/2015\/07\/11149647_10152599764901116_4694047296933194691_o-1024x475.jpg?fit=1024%2C475&ssl=1&resize=700%2C400 2x"},"classes":[]},{"id":14956,"url":"https:\/\/lyonelkaufmann.ch\/histoire\/2018\/09\/24\/relire-la-revolution-francaise-1-4-grand-entretien-avec-pierre-schoeller\/","url_meta":{"origin":311,"position":5},"title":"Relire la R\u00e9volution fran\u00e7aise (1\/4) : Grand entretien avec Pierre Schoeller","author":"Lyonel Kaufmann","date":"24 septembre 2018","format":false,"excerpt":"O\u00f9 en est-on aujourd\u2019hui des relectures de la R\u00e9volution fran\u00e7aise presque trente ans apr\u00e8s son bicentenaire ? La Fabrique de l'Histoire saisit l\u2019occasion de la sortie du film de Pierre Schoeller Un peuple et son roi pour poser la question de l\u2019actualit\u00e9 de cet \u00e9v\u00e9nement. Pierre Schoeller, Un peuple et\u2026","rel":"","context":"Dans &quot;M\u00e9dias et technologies&quot;","block_context":{"text":"M\u00e9dias et technologies","link":"https:\/\/lyonelkaufmann.ch\/histoire\/category\/medias-et-technologies\/"},"img":{"alt_text":"","src":"https:\/\/i0.wp.com\/lyonelkaufmann.ch\/histoire\/wp-content\/uploads\/2018\/09\/838_un-peuple-et-son-roi.jpg?fit=838%2C558&ssl=1&resize=350%2C200","width":350,"height":200,"srcset":"https:\/\/i0.wp.com\/lyonelkaufmann.ch\/histoire\/wp-content\/uploads\/2018\/09\/838_un-peuple-et-son-roi.jpg?fit=838%2C558&ssl=1&resize=350%2C200 1x, https:\/\/i0.wp.com\/lyonelkaufmann.ch\/histoire\/wp-content\/uploads\/2018\/09\/838_un-peuple-et-son-roi.jpg?fit=838%2C558&ssl=1&resize=525%2C300 1.5x, https:\/\/i0.wp.com\/lyonelkaufmann.ch\/histoire\/wp-content\/uploads\/2018\/09\/838_un-peuple-et-son-roi.jpg?fit=838%2C558&ssl=1&resize=700%2C400 2x"},"classes":[]}],"_links":{"self":[{"href":"https:\/\/lyonelkaufmann.ch\/histoire\/wp-json\/wp\/v2\/posts\/311","targetHints":{"allow":["GET"]}}],"collection":[{"href":"https:\/\/lyonelkaufmann.ch\/histoire\/wp-json\/wp\/v2\/posts"}],"about":[{"href":"https:\/\/lyonelkaufmann.ch\/histoire\/wp-json\/wp\/v2\/types\/post"}],"author":[{"embeddable":true,"href":"https:\/\/lyonelkaufmann.ch\/histoire\/wp-json\/wp\/v2\/users\/1"}],"replies":[{"embeddable":true,"href":"https:\/\/lyonelkaufmann.ch\/histoire\/wp-json\/wp\/v2\/comments?post=311"}],"version-history":[{"count":0,"href":"https:\/\/lyonelkaufmann.ch\/histoire\/wp-json\/wp\/v2\/posts\/311\/revisions"}],"wp:featuredmedia":[{"embeddable":true,"href":"https:\/\/lyonelkaufmann.ch\/histoire\/wp-json\/wp\/v2\/media\/9896"}],"wp:attachment":[{"href":"https:\/\/lyonelkaufmann.ch\/histoire\/wp-json\/wp\/v2\/media?parent=311"}],"wp:term":[{"taxonomy":"category","embeddable":true,"href":"https:\/\/lyonelkaufmann.ch\/histoire\/wp-json\/wp\/v2\/categories?post=311"},{"taxonomy":"post_tag","embeddable":true,"href":"https:\/\/lyonelkaufmann.ch\/histoire\/wp-json\/wp\/v2\/tags?post=311"}],"curies":[{"name":"wp","href":"https:\/\/api.w.org\/{rel}","templated":true}]}}