{"id":3133,"date":"2010-08-25T09:56:44","date_gmt":"2010-08-25T08:56:44","guid":{"rendered":"https:\/\/lyonelkaufmann.ch\/histoire\/?p=3133"},"modified":"2010-08-25T09:56:44","modified_gmt":"2010-08-25T08:56:44","slug":"en-ludovia-ma-premiere-journee-24-aout","status":"publish","type":"post","link":"https:\/\/lyonelkaufmann.ch\/histoire\/2010\/08\/25\/en-ludovia-ma-premiere-journee-24-aout\/","title":{"rendered":"En Ludovia : ma premi\u00e8re journ\u00e9e (24 ao\u00fbt)"},"content":{"rendered":"<p>Tout a d\u00e9marr\u00e9 avec le colloque scientifique <em><strong>\u00ab\u00a0Interactions\/Interactivit\u00e9s\u00a0\u00bb<\/strong><\/em> avec trois interventions d&rsquo;universitaires dont 2 s\u00e9mioticiens. Pendant que quelques blogueurs en \u00e9taient encore \u00e0 boire le caf\u00e9, Philippe Dumas nous demandait si nous voulions \u00eatre amis. Il ne nous a pas laiss\u00e9 r\u00e9pondre&#8230;<br \/>\nEn r\u00e9sum\u00e9 donc beaucoup de peine de la part des intervenants \u00e0 entrer en communication avec la salle et un discours herm\u00e9tique et jargonnant. Seul Patrick Mpondo-Dicka a \u00e9chapp\u00e9 au naufrage en parlant un langage compr\u00e9hensible pour la salle. En nous indiquant que les interactions en face \u00e0 face \u00e9taient les plus couteuses psychologiquement, Son propos avait le m\u00e9rite de nous faire entrevoir un des avantages des interactions via les r\u00e9seaux sociaux.<br \/>\nLe plus int\u00e9ressant est venu pour moi d&rsquo;un gazouillis de Laurence Juin (<a href=\"http:\/\/twitter.com\/frompennylane\" target=\"_blank\">http:\/\/twitter.com\/frompennylane<\/a>) :<\/p>\n<blockquote><p><em>\u00abToute communication performante n\u00e9cessite (selon moi) des r\u00e8gles \u00e9tablies et respect\u00e9es (oral, tchat, r\u00e9seaux sociaux etc)\u00bb<\/em><\/p><\/blockquote>\n<p>et on aurait bien voulu que des recherches permettent d&rsquo;en situer les conditions et les limites \u00e0 partir de la question des interactions.<\/p>\n<p>Apr\u00e8s le repas &#8211; fort bon- je me suis quelque peu d\u00e9p\u00each\u00e9 pour retrouver les participant-e-s de la premi\u00e8re table-ronde de Ludovia, charg\u00e9 que j&rsquo;\u00e9tais d&rsquo;en r\u00e9aliser la synth\u00e8se avec son animateur Benoit Ducange (minist\u00e8re de l&rsquo;\u00e9ducation nationale).<br \/>\nLe sujet portait sur le r\u00e9f\u00e9rentiel num\u00e9rique <em><strong>\u00ab\u00a0Coll\u00e8ge et Etablissement Num\u00e9rique\u00a0\u00bb<\/strong><\/em> con\u00e7u depuis 2009 pour les chefs d&rsquo;\u00e9tablissement. Ce r\u00e9f\u00e9rentiel vise \u00e0 optimiser le fonctionnement de l&rsquo;\u00e9tablissement dans son utilisation des outils num\u00e9riques en collaboration avec ses partenaires (le rectorat et la collectivit\u00e9 locale). Les documents des participants et la synth\u00e8se sont en ligne ici: <a href=\"http:\/\/www.ludovia.org\/2010\/2010\/08\/24\/1400-\u2013-16h00-table-ronde-evaluation-des-politiques-numeriques-\u00able-referentiel-numerique-\u00bb-interactions-collectivites-editeurs-enseignants\/\" target=\"_blank\">http:\/\/www.ludovia.org\/2010\/2010\/08\/24\/1400-\u2013-16h00-table-ronde-evaluation-des-politiques-numeriques-\u00able-referentiel-numerique-\u00bb-interactions-collectivites-editeurs-enseignants\/<\/a><\/p>\n<p>Charg\u00e9 par Benoit de clore la table-ronde par une synth\u00e8se a chaud, je me suis essay\u00e9 \u00e0 l&rsquo;exercice en m&rsquo;appuyant sur les r\u00e9actions post\u00e9es par mes petits camarades sur Twitter et via mes notes prises sur mon iPad. Bonne exercice pour apprendre \u00e0 g\u00e9rer son iPad en situation, je laisse le soin aux autres d&rsquo;appr\u00e9cier la synth\u00e8se ainsi r\u00e9alis\u00e9e en direct.<\/p>\n<p>Plus subjectivement, le d\u00e9fi de ce r\u00e9f\u00e9rentiel consistera \u00e0 laisser r\u00e9ellement l&rsquo;initiative aux chefs d&rsquo;\u00e9tablissement, de travailler dans la dur\u00e9e et \u00e0 faire d\u00e9coller les usages concrets avec les \u00e9l\u00e8ves et leur famille. La contre-partie de la \u00ab\u00a0libert\u00e9\u00a0\u00bb laiss\u00e9e aux \u00e9tablissements doit \u00eatre la transparence des projets y compris dans les r\u00e9sultats obtenus. C&rsquo;est pas gagn\u00e9 dans le contexte fortement hi\u00e9rarchis\u00e9 de l&rsquo;\u00e9ducation nationale er face \u00e0 la difficult\u00e9 actuelle d&rsquo;acc\u00e8s aux rares donn\u00e9es disponibles en la mati\u00e8re.<br \/>\nSur Twitter certains louaient le pragmatisme anglo-saxon en la mati\u00e8re comparativement au mod\u00e8le fran\u00e7ais.<\/p>\n<p>La r\u00e9daction de la synth\u00e8se avec Benoit Ducange m&rsquo;a certes priv\u00e9 ensuite de la table-ronde sur les manuels num\u00e9riques, mais m&rsquo;a permis de faire l&rsquo;heureuse connaissance de Benoit qui se montrera \u00e9galement hilarant et efficace -les deux sont possibles- lors du barcamp du soir.<br \/>\nLe barcamp commen\u00e7a lui par une longue plage publicitaire pour une zappette scolaire et s&rsquo;est termin\u00e9 dans le plus pur esprit des barcamps, Mario Asselin (<a href=\"http:\/\/twitter.com\/MarioAsselin\" target=\"_blank\">http:\/\/twitter.com\/MarioAsselin<\/a>) dixit. Ouf!<\/p>\n<p>Pour le reste ce compte-rendu ne saurait rendre la richesse des interactions et des rencontres entre participants. Le point-fort de Ludovia est bien de permettre la rencontre de personnes d&rsquo;horizon divers et vari\u00e9s dans un cadre convivial et non normatif.<\/p>\n<p>To be continued&#8230;<\/p>\n","protected":false},"excerpt":{"rendered":"<p>Tout a d\u00e9marr\u00e9 avec le colloque scientifique \u00ab\u00a0Interactions\/Interactivit\u00e9s\u00a0\u00bb avec trois interventions d&rsquo;universitaires dont 2 s\u00e9mioticiens. Pendant que quelques blogueurs en \u00e9taient encore \u00e0 boire le caf\u00e9, Philippe Dumas nous demandait si nous voulions \u00eatre amis. Il ne nous a pas laiss\u00e9 r\u00e9pondre&#8230; En r\u00e9sum\u00e9 donc beaucoup de peine de la part des intervenants \u00e0 entrer [&hellip;]<\/p>\n","protected":false},"author":1,"featured_media":9896,"comment_status":"open","ping_status":"open","sticky":false,"template":"","format":"standard","meta":{"_import_markdown_pro_load_document_selector":0,"_import_markdown_pro_submit_text_textarea":"","_genesis_hide_title":false,"_genesis_hide_breadcrumbs":false,"_genesis_hide_singular_image":false,"_genesis_hide_footer_widgets":false,"_genesis_custom_body_class":"","_genesis_custom_post_class":"","_genesis_layout":"","jetpack_post_was_ever_published":false,"_jetpack_newsletter_access":"","_jetpack_dont_email_post_to_subs":false,"_jetpack_newsletter_tier_id":0,"_jetpack_memberships_contains_paywalled_content":false,"_jetpack_memberships_contains_paid_content":false,"footnotes":"","jetpack_publicize_message":"","jetpack_publicize_feature_enabled":true,"jetpack_social_post_already_shared":true,"jetpack_social_options":{"image_generator_settings":{"template":"highway","default_image_id":0,"font":"","enabled":false},"version":2}},"categories":[21],"tags":[],"class_list":{"0":"post-3133","1":"post","2":"type-post","3":"status-publish","4":"format-standard","5":"has-post-thumbnail","7":"category-ludovia-2010","8":"entry"},"jetpack_publicize_connections":[],"featured_image_src":"https:\/\/i0.wp.com\/lyonelkaufmann.ch\/histoire\/wp-content\/uploads\/2015\/06\/signature_lk2.jpg?resize=600%2C184&ssl=1","featured_image_src_square":"https:\/\/i0.wp.com\/lyonelkaufmann.ch\/histoire\/wp-content\/uploads\/2015\/06\/signature_lk2.jpg?resize=600%2C184&ssl=1","author_info":{"display_name":"Lyonel Kaufmann","author_link":"https:\/\/lyonelkaufmann.ch\/histoire\/author\/lyonelk\/"},"jetpack_featured_media_url":"https:\/\/i0.wp.com\/lyonelkaufmann.ch\/histoire\/wp-content\/uploads\/2015\/06\/signature_lk2.jpg?fit=658%2C184&ssl=1","jetpack_sharing_enabled":true,"jetpack_shortlink":"https:\/\/wp.me\/p1rJVM-Ox","jetpack_likes_enabled":true,"jetpack-related-posts":[{"id":3136,"url":"https:\/\/lyonelkaufmann.ch\/histoire\/2010\/08\/26\/en-ludovia-me-deuxieme-journee-25-aout\/","url_meta":{"origin":3133,"position":0},"title":"En Ludovia : ma deuxi\u00e8me journ\u00e9e (25 ao\u00fbt)","author":"Lyonel Kaufmann","date":"26 ao\u00fbt 2010","format":false,"excerpt":"En ce deuxi\u00e8me jour, je suis entr\u00e9 dans la classe dans le cadre du colloque scientifique \"Interactions\/Interactivit\u00e9s\" pour y observer les interactions entre \u00e9l\u00e8ves et professeurs (interactions) et entre humains et machines (interactivit\u00e9). Vieil habitu\u00e9 de ces dispositifs en FLE (Fran\u00e7ais langue \u00e9trang\u00e8re), le linguiste Fran\u00e7ois Mangenot nous a rappel\u00e9\u2026","rel":"","context":"Dans &quot;Ludovia&quot;","block_context":{"text":"Ludovia","link":"https:\/\/lyonelkaufmann.ch\/histoire\/category\/medias-et-technologies\/ludovia-2010\/"},"img":{"alt_text":"","src":"","width":0,"height":0},"classes":[]},{"id":3113,"url":"https:\/\/lyonelkaufmann.ch\/histoire\/2010\/08\/21\/ludovia-2010-creativite-et-interaction\/","url_meta":{"origin":3133,"position":1},"title":"En route pour Ludovia 2010","author":"Lyonel Kaufmann","date":"21 ao\u00fbt 2010","format":false,"excerpt":"Toute la semaine prochaine, vous pourrez me retrouver ou me suivre \u00e0 Ludovia 2010. En effet, j'y ai \u00e9t\u00e9 invit\u00e9 officiellement au titre de \"blogueur\" pour rendre compte de la manifestation et faire la synth\u00e8se d'une des tables-rondes. Mais qu'est-ce que Ludovia? Ludovia est une Universit\u00e9 d'\u00e9t\u00e9 sur l'e-\u00e9ducation et\u2026","rel":"","context":"Dans &quot;Nouvelles de l'histoire&quot;","block_context":{"text":"Nouvelles de l'histoire","link":"https:\/\/lyonelkaufmann.ch\/histoire\/category\/nouvelles-de-lhistoire\/"},"img":{"alt_text":"","src":"https:\/\/i0.wp.com\/lyonelkaufmann.ch\/histoire\/wp-content\/uploads\/2015\/07\/Tsw7.jpg?fit=640%2C480&ssl=1&resize=350%2C200","width":350,"height":200,"srcset":"https:\/\/i0.wp.com\/lyonelkaufmann.ch\/histoire\/wp-content\/uploads\/2015\/07\/Tsw7.jpg?fit=640%2C480&ssl=1&resize=350%2C200 1x, https:\/\/i0.wp.com\/lyonelkaufmann.ch\/histoire\/wp-content\/uploads\/2015\/07\/Tsw7.jpg?fit=640%2C480&ssl=1&resize=525%2C300 1.5x"},"classes":[]},{"id":3140,"url":"https:\/\/lyonelkaufmann.ch\/histoire\/2010\/08\/30\/en-ludovia-sommes-nous-des-influenceurs\/","url_meta":{"origin":3133,"position":2},"title":"En Ludovia : sommes-nous des influenceurs?","author":"Lyonel Kaufmann","date":"30 ao\u00fbt 2010","format":false,"excerpt":"Au matin du deuxi\u00e8me jour \u00e0 Ludovia, le terme d'influenceurs pour qualifier notre brochette de blogueurs est r\u00e9apparu. Certes ce qualificatif est flatteur. Ce nouveau titre de noblesse est-il pour autant m\u00e9rit\u00e9 au-del\u00e0 de cette enceinte? La composition du public de Ludovia fournissait un premier \u00e9l\u00e9ments de r\u00e9ponse. La difficult\u00e9\u2026","rel":"","context":"Dans &quot;Ludovia&quot;","block_context":{"text":"Ludovia","link":"https:\/\/lyonelkaufmann.ch\/histoire\/category\/medias-et-technologies\/ludovia-2010\/"},"img":{"alt_text":"","src":"","width":0,"height":0},"classes":[]},{"id":7177,"url":"https:\/\/lyonelkaufmann.ch\/histoire\/2013\/06\/23\/revue-de-presse-refonder-lecole-ou-la-flipper-ludovia-magazine\/","url_meta":{"origin":3133,"position":3},"title":"Revue de presse : Refonder l\u2019\u00e9cole ou la flipper ? &#124; Ludovia Magazine","author":"Lyonel Kaufmann","date":"23 juin 2013","format":false,"excerpt":"Bien que pratiqu\u00e9e depuis longtemps par des pionniers, le concept, ou en tout cas l\u2019appellation de Flipped Classrooms, est apparu vers 2007 quand deux enseignants en chimie dans l\u2019\u00e9quivalent de notre niveau secondaire, Jonathan Bergman et Aaron Sams, ont d\u00e9couvert le potentiel de vid\u00e9os (PowerPoint comment\u00e9s, Screencast, Podcast \u2026) pour\u2026","rel":"","context":"Dans &quot;Nouvelles de l'histoire&quot;","block_context":{"text":"Nouvelles de l'histoire","link":"https:\/\/lyonelkaufmann.ch\/histoire\/category\/nouvelles-de-lhistoire\/"},"img":{"alt_text":"","src":"","width":0,"height":0},"classes":[]},{"id":3139,"url":"https:\/\/lyonelkaufmann.ch\/histoire\/2010\/08\/26\/en-ludovia-pascal-et-virginie-portrait-minute\/","url_meta":{"origin":3133,"position":4},"title":"En Ludovia : Pascal et Virginie (portrait minute)","author":"Lyonel Kaufmann","date":"26 ao\u00fbt 2010","format":false,"excerpt":"Ludovia est aussi le lieu des rencontres et \u00e9changes informels et l'occasion pour moi de r\u00e9aliser un portrait minute de Pascal et Virginie. Pascal et Virginie sont des formateurs tice. Ils interviennent \u00e0 l'\u00e9cole primaire dans le cadre du projet num\u00e9rique destin\u00e9 aux \u00e9coles rurales. Ils y accompagnent les enseignants\u2026","rel":"","context":"Dans &quot;Ludovia&quot;","block_context":{"text":"Ludovia","link":"https:\/\/lyonelkaufmann.ch\/histoire\/category\/medias-et-technologies\/ludovia-2010\/"},"img":{"alt_text":"","src":"","width":0,"height":0},"classes":[]},{"id":10460,"url":"https:\/\/lyonelkaufmann.ch\/histoire\/2015\/08\/26\/ludovia12-premiere-journee-de-la-hepvaud\/","url_meta":{"origin":3133,"position":5},"title":"#Ludovia12 : Premi\u00e8re journ\u00e9e de la #HEPVaud","author":"Lyonel Kaufmann","date":"26 ao\u00fbt 2015","format":false,"excerpt":"Du 24 au 26 ao\u00fbt, la HEP Vaud est l\u2019invit\u00e9e d\u2019honneur de la 12e \u00e9dition de Ludovia, universit\u00e9 d\u2019\u00e9t\u00e9 d\u00e9di\u00e9e \u00e0 l\u2019utilisation des technologies en \u00e9ducation, \u00e0 Ax-les-Termes en Ari\u00e8ge. \u00abNum\u00e9rique & \u00e9ducation, entre appropriations & d\u00e9tournements\u00bb, tel est le th\u00e8me de cette 12e \u00e9dition de l'universit\u00e9 d'\u00e9t\u00e9 Ludovia. L'objectif\u2026","rel":"","context":"Dans &quot;Ludovia&quot;","block_context":{"text":"Ludovia","link":"https:\/\/lyonelkaufmann.ch\/histoire\/category\/medias-et-technologies\/ludovia-2010\/"},"img":{"alt_text":"","src":"https:\/\/i0.wp.com\/lyonelkaufmann.ch\/histoire\/wp-content\/uploads\/2015\/08\/IMGP3056.jpg?fit=598%2C398&ssl=1&resize=350%2C200","width":350,"height":200,"srcset":"https:\/\/i0.wp.com\/lyonelkaufmann.ch\/histoire\/wp-content\/uploads\/2015\/08\/IMGP3056.jpg?fit=598%2C398&ssl=1&resize=350%2C200 1x, https:\/\/i0.wp.com\/lyonelkaufmann.ch\/histoire\/wp-content\/uploads\/2015\/08\/IMGP3056.jpg?fit=598%2C398&ssl=1&resize=525%2C300 1.5x"},"classes":[]}],"_links":{"self":[{"href":"https:\/\/lyonelkaufmann.ch\/histoire\/wp-json\/wp\/v2\/posts\/3133","targetHints":{"allow":["GET"]}}],"collection":[{"href":"https:\/\/lyonelkaufmann.ch\/histoire\/wp-json\/wp\/v2\/posts"}],"about":[{"href":"https:\/\/lyonelkaufmann.ch\/histoire\/wp-json\/wp\/v2\/types\/post"}],"author":[{"embeddable":true,"href":"https:\/\/lyonelkaufmann.ch\/histoire\/wp-json\/wp\/v2\/users\/1"}],"replies":[{"embeddable":true,"href":"https:\/\/lyonelkaufmann.ch\/histoire\/wp-json\/wp\/v2\/comments?post=3133"}],"version-history":[{"count":0,"href":"https:\/\/lyonelkaufmann.ch\/histoire\/wp-json\/wp\/v2\/posts\/3133\/revisions"}],"wp:featuredmedia":[{"embeddable":true,"href":"https:\/\/lyonelkaufmann.ch\/histoire\/wp-json\/wp\/v2\/media\/9896"}],"wp:attachment":[{"href":"https:\/\/lyonelkaufmann.ch\/histoire\/wp-json\/wp\/v2\/media?parent=3133"}],"wp:term":[{"taxonomy":"category","embeddable":true,"href":"https:\/\/lyonelkaufmann.ch\/histoire\/wp-json\/wp\/v2\/categories?post=3133"},{"taxonomy":"post_tag","embeddable":true,"href":"https:\/\/lyonelkaufmann.ch\/histoire\/wp-json\/wp\/v2\/tags?post=3133"}],"curies":[{"name":"wp","href":"https:\/\/api.w.org\/{rel}","templated":true}]}}