{"id":4337,"date":"2011-11-21T22:42:44","date_gmt":"2011-11-21T22:42:44","guid":{"rendered":"https:\/\/lyonelkaufmann.ch\/histoire\/?p=4337"},"modified":"2011-11-21T22:42:44","modified_gmt":"2011-11-21T22:42:44","slug":"raconter-lhistoire-en-140-caracteres-rsr-la-premiere","status":"publish","type":"post","link":"https:\/\/lyonelkaufmann.ch\/histoire\/2011\/11\/21\/raconter-lhistoire-en-140-caracteres-rsr-la-premiere\/","title":{"rendered":"Raconter l&#039;histoire en 140 caract\u00e8res &#124; RSR La Premi\u00e8re"},"content":{"rendered":"<p><strong><a href=\"https:\/\/lyonelkaufmann.ch\/histoire\/2011\/11\/14\/passionnant-la-seconde-guerre-mondiale-tweetee-en-temps-reel-gizmodo\/\" target=\"_blank\">R\u00e9cemment<\/a> je vous faisais part de l&rsquo;initiative du d\u00e9fi que s&rsquo;\u00e9tait\u00a0lanc\u00e9 un jeune historien anglais de l&rsquo;Universit\u00e9 d&rsquo;Oxford consistant \u00e0 d\u00e9crypter le deuxi\u00e8me mondiale, jour apr\u00e8s jour, sur le compte Twitter <a href=\"https:\/\/twitter.com\/#!\/RealTimeWWII\">@RealTimeWWII<\/a>. Son exp\u00e9rience et mon billet ont donn\u00e9 lieu ce lundi \u00e0 un reportage de Pierre Crevoisier au 12h30 de la Radio Suisse romande.<\/strong><\/p>\n<p>Pour celles et ceux qui l&rsquo;auraient manqu\u00e9e :\u00a0<a href=\"https:\/\/lyonelkaufmann.ch\/histoire\/wp-content\/uploads\/2011\/11\/le-12h30_20111121_standard_developpement-9_3275515a-4551-44fc-92d8-8dab9b14bd91-128k.mp3\">RSR La premi\u00e8re le 12h30 du 21 novembre<\/a><\/p>\n<p>Cela a \u00e9t\u00e9 aussi l&rsquo;occasion de signaler le projet <a href=\"http:\/\/www.twhistory.org\/\" target=\"_blank\">TwHistory<\/a> qui a d\u00e9j\u00e0 fait l&rsquo;objet ici de 2 articles:<\/p>\n<ul>\n<li><a href=\"https:\/\/lyonelkaufmann.ch\/histoire\/2009\/12\/18\/twhistory-reconstituer-lhistoire-en-140-caracteres\/\" target=\"_blank\">TwHistory : Reconstituer l&rsquo;histoire en 140 caract\u00e8res<\/a><\/li>\n<li><a href=\"https:\/\/lyonelkaufmann.ch\/histoire\/2010\/01\/19\/twhistory-reconstituer-l\u2019histoire-en-140-caracteres-2\/\" target=\"_blank\">TwHistory : Reconstituer l&rsquo;histoire en 140 caract\u00e8res (2)<\/a><\/li>\n<\/ul>\n","protected":false},"excerpt":{"rendered":"<p>R\u00e9cemment je vous faisais part de l&rsquo;initiative du d\u00e9fi que s&rsquo;\u00e9tait\u00a0lanc\u00e9 un jeune historien anglais de l&rsquo;Universit\u00e9 d&rsquo;Oxford consistant \u00e0 d\u00e9crypter le deuxi\u00e8me mondiale, jour apr\u00e8s jour, sur le compte Twitter @RealTimeWWII. Son exp\u00e9rience et mon billet ont donn\u00e9 lieu ce lundi \u00e0 un reportage de Pierre Crevoisier au 12h30 de la Radio Suisse romande. [&hellip;]<\/p>\n","protected":false},"author":1,"featured_media":9896,"comment_status":"open","ping_status":"open","sticky":false,"template":"","format":"standard","meta":{"_import_markdown_pro_load_document_selector":0,"_import_markdown_pro_submit_text_textarea":"","_genesis_hide_title":false,"_genesis_hide_breadcrumbs":false,"_genesis_hide_singular_image":false,"_genesis_hide_footer_widgets":false,"_genesis_custom_body_class":"","_genesis_custom_post_class":"","_genesis_layout":"","jetpack_post_was_ever_published":false,"_jetpack_newsletter_access":"","_jetpack_dont_email_post_to_subs":false,"_jetpack_newsletter_tier_id":0,"_jetpack_memberships_contains_paywalled_content":false,"_jetpack_memberships_contains_paid_content":false,"footnotes":"","jetpack_publicize_message":"","jetpack_publicize_feature_enabled":true,"jetpack_social_post_already_shared":true,"jetpack_social_options":{"image_generator_settings":{"template":"highway","default_image_id":0,"font":"","enabled":false},"version":2}},"categories":[4,8,11],"tags":[42,334,719],"class_list":{"0":"post-4337","1":"post","2":"type-post","3":"status-publish","4":"format-standard","5":"has-post-thumbnail","7":"category-histoire-active","8":"category-medias-et-technologies","9":"category-nouvelles-de-lhistoire","10":"tag-39-45","11":"tag-histoire","12":"tag-twitter","13":"entry"},"jetpack_publicize_connections":[],"featured_image_src":"https:\/\/i0.wp.com\/lyonelkaufmann.ch\/histoire\/wp-content\/uploads\/2015\/06\/signature_lk2.jpg?resize=600%2C184&ssl=1","featured_image_src_square":"https:\/\/i0.wp.com\/lyonelkaufmann.ch\/histoire\/wp-content\/uploads\/2015\/06\/signature_lk2.jpg?resize=600%2C184&ssl=1","author_info":{"display_name":"Lyonel Kaufmann","author_link":"https:\/\/lyonelkaufmann.ch\/histoire\/author\/lyonelk\/"},"jetpack_featured_media_url":"https:\/\/i0.wp.com\/lyonelkaufmann.ch\/histoire\/wp-content\/uploads\/2015\/06\/signature_lk2.jpg?fit=658%2C184&ssl=1","jetpack_sharing_enabled":true,"jetpack_shortlink":"https:\/\/wp.me\/p1rJVM-17X","jetpack_likes_enabled":true,"jetpack-related-posts":[{"id":9089,"url":"https:\/\/lyonelkaufmann.ch\/histoire\/2011\/11\/21\/raconter-lhistoire-en-140-caracteres-rsr-la-premiere\/","url_meta":{"origin":4337,"position":0},"title":"Raconter l&#039;histoire en 140 caract\u00e8res &#124; RSR La Premi\u00e8re","author":"Lyonel Kaufmann","date":"21 novembre 2011","format":false,"excerpt":"R\u00e9cemment je vous faisais part de l'initiative du d\u00e9fi que s'\u00e9tait\u00a0lanc\u00e9 un jeune historien anglais de l'Universit\u00e9 d'Oxford consistant \u00e0 d\u00e9crypter le deuxi\u00e8me mondiale, jour apr\u00e8s jour, sur le compte Twitter @RealTimeWWII. Son exp\u00e9rience et mon billet ont donn\u00e9 lieu ce lundi \u00e0 un reportage de Pierre Crevoisier au 12h30\u2026","rel":"","context":"Dans &quot;Histoire active&quot;","block_context":{"text":"Histoire active","link":"https:\/\/lyonelkaufmann.ch\/histoire\/category\/didactique\/histoire-active\/"},"img":{"alt_text":"","src":"","width":0,"height":0},"classes":[]},{"id":39,"url":"https:\/\/lyonelkaufmann.ch\/histoire\/2006\/03\/09\/49\/","url_meta":{"origin":4337,"position":1},"title":"M075 &#8211; Objectifs, calendrier &amp; organisation","author":"Lyonel Kaufmann","date":"9 mars 2006","format":false,"excerpt":"Plan d\u2019\u00e9tudes : intentions du module Ce module de professionalisation est centr\u00e9 sur l\u2019\u00e9tude des sources et documents et leur utilisation \u00e0 des fins p\u00e9dagogiques et didactiques en sciences humaines. Niveaux de ma\u00eetrise Au terme du module, l\u2019\u00e9tudiant-e est en mesure de : Concevoir des activit\u00e9s d\u2019enseignement-apprentissage vari\u00e9es, coh\u00e9rentes et\u2026","rel":"","context":"Dans &quot;Cours et s\u00e9minaires&quot;","block_context":{"text":"Cours et s\u00e9minaires","link":"https:\/\/lyonelkaufmann.ch\/histoire\/category\/cours-et-seminaires\/"},"img":{"alt_text":"","src":"","width":0,"height":0},"classes":[]},{"id":3871,"url":"https:\/\/lyonelkaufmann.ch\/histoire\/2011\/08\/03\/si-vous-etiez-enseignant-accepteriez-vous-detre-ami-facebook-avec-vos-eleves\/","url_meta":{"origin":4337,"position":2},"title":"Si vous \u00e9tiez enseignant, accepteriez-vous d&#039;\u00eatre ami Facebook avec vos \u00e9l\u00e8ves ?","author":"Lyonel Kaufmann","date":"3 ao\u00fbt 2011","format":false,"excerpt":"La RSR revient sur la d\u00e9cision de l'Etat du Missouri d'interdire les relations num\u00e9riques profs-\u00e9l\u00e8ves sur Facebook. L'occasion pour moi d'intervenir sur la question p\u00e9dagogique et de r\u00e9percuter les r\u00e9sultats d'un m\u00e9moire professionnel r\u00e9alis\u00e9 cette ann\u00e9e par une \u00e9tudiante de la HEP Vaud sur la question de l'utilisation de Facebook\u2026","rel":"","context":"Dans &quot;M\u00e9dias et technologies&quot;","block_context":{"text":"M\u00e9dias et technologies","link":"https:\/\/lyonelkaufmann.ch\/histoire\/category\/medias-et-technologies\/"},"img":{"alt_text":"","src":"","width":0,"height":0},"classes":[]},{"id":3635,"url":"https:\/\/lyonelkaufmann.ch\/histoire\/2011\/03\/12\/cafe-histoire-du-12-march-2011\/","url_meta":{"origin":4337,"position":3},"title":"Caf\u00e9 histoire du 12 March 2011","author":"Lyonel Kaufmann","date":"12 mars 2011","format":false,"excerpt":"A publi\u00e9 Le m\u00e9tier d\u2019historien \u00e0 l\u2019\u00e8re num\u00e9rique : nouvelles pratiques, nouvelle \u00e9pist\u00e9mologie ? | L'\u00e9dition \u00e9lectronique ouverte. Samedi 12 mars, entre 9h00 et 12h30, le Cl\u00e9o participera \u00e0 une table ronde de la Soci\u00e9t\u00e9... A publi\u00e9 Femmes et R\u00e9volutions | OWNI, Digital Journalism. Certaines formes de mobilisation f\u00e9minine du\u2026","rel":"","context":"Dans &quot;Nouvelles de l'histoire&quot;","block_context":{"text":"Nouvelles de l'histoire","link":"https:\/\/lyonelkaufmann.ch\/histoire\/category\/nouvelles-de-lhistoire\/"},"img":{"alt_text":"","src":"","width":0,"height":0},"classes":[]},{"id":5230,"url":"https:\/\/lyonelkaufmann.ch\/histoire\/2012\/03\/30\/boruch-szlezinger-bszlezinger-on-twitter\/","url_meta":{"origin":4337,"position":4},"title":"Boruch Szlezinger (@BSzlezinger) on Twitter","author":"Lyonel Kaufmann","date":"30 mars 2012","format":false,"excerpt":"Via Scoop.it - histoire2012 : @BSzlezinger rescap\u00e9 de la Shoah, vient raconter ses souvenirs sur twitter. Exceptionnel. Merci aux r\u00e9seaux sociaux pour ce miracle.\u00a0Via twitter.com Mise \u00e0 jour (28.11.2012) A lire aussi concernant Boruch Szlezinger : Pi\u00e9ger les \u00e9l\u00e8ves ou les former avec les m\u00e9dias sociaux? | Chronique no 132","rel":"","context":"Dans &quot;Nouvelles de l'histoire&quot;","block_context":{"text":"Nouvelles de l'histoire","link":"https:\/\/lyonelkaufmann.ch\/histoire\/category\/nouvelles-de-lhistoire\/"},"img":{"alt_text":"","src":"","width":0,"height":0},"classes":[]},{"id":4445,"url":"https:\/\/lyonelkaufmann.ch\/histoire\/2011\/03\/10\/le-metier-dhistorien-a-lere-numerique-nouvelles\/","url_meta":{"origin":4337,"position":5},"title":"Le m\u00e9tier d\u2019historien \u00e0 l\u2019\u00e8re num\u00e9rique : nouvelles pratiques, nouvelle \u00e9pist\u00e9mologie ? &#124; L&#039;\u00e9dition \u00e9lectronique ouverte","author":"Lyonel Kaufmann","date":"10 mars 2011","format":false,"excerpt":"Samedi 12 mars, entre 9h00 et 12h30, le Cl\u00e9o participera \u00e0 une table ronde de la Soci\u00e9t\u00e9 d\u2019Histoire Moderne et Contemporaine (SHMC). Pr\u00e9sentation\u00a0: En quoi les outils num\u00e9riques changent-ils notre mani\u00e8re de travailler\u00a0? Il ne s\u2019agit pas ici de revenir sur les rapports entre informatique et histoire, mais bien plut\u00f4t\u2026","rel":"","context":"Dans &quot;Nouvelles de l'histoire&quot;","block_context":{"text":"Nouvelles de l'histoire","link":"https:\/\/lyonelkaufmann.ch\/histoire\/category\/nouvelles-de-lhistoire\/"},"img":{"alt_text":"","src":"https:\/\/i0.wp.com\/leo.hypotheses.org\/files\/2011\/03\/3433425269_933e258b7a_z-300x201.jpg?resize=350%2C200","width":350,"height":200},"classes":[]}],"_links":{"self":[{"href":"https:\/\/lyonelkaufmann.ch\/histoire\/wp-json\/wp\/v2\/posts\/4337","targetHints":{"allow":["GET"]}}],"collection":[{"href":"https:\/\/lyonelkaufmann.ch\/histoire\/wp-json\/wp\/v2\/posts"}],"about":[{"href":"https:\/\/lyonelkaufmann.ch\/histoire\/wp-json\/wp\/v2\/types\/post"}],"author":[{"embeddable":true,"href":"https:\/\/lyonelkaufmann.ch\/histoire\/wp-json\/wp\/v2\/users\/1"}],"replies":[{"embeddable":true,"href":"https:\/\/lyonelkaufmann.ch\/histoire\/wp-json\/wp\/v2\/comments?post=4337"}],"version-history":[{"count":0,"href":"https:\/\/lyonelkaufmann.ch\/histoire\/wp-json\/wp\/v2\/posts\/4337\/revisions"}],"wp:featuredmedia":[{"embeddable":true,"href":"https:\/\/lyonelkaufmann.ch\/histoire\/wp-json\/wp\/v2\/media\/9896"}],"wp:attachment":[{"href":"https:\/\/lyonelkaufmann.ch\/histoire\/wp-json\/wp\/v2\/media?parent=4337"}],"wp:term":[{"taxonomy":"category","embeddable":true,"href":"https:\/\/lyonelkaufmann.ch\/histoire\/wp-json\/wp\/v2\/categories?post=4337"},{"taxonomy":"post_tag","embeddable":true,"href":"https:\/\/lyonelkaufmann.ch\/histoire\/wp-json\/wp\/v2\/tags?post=4337"}],"curies":[{"name":"wp","href":"https:\/\/api.w.org\/{rel}","templated":true}]}}