{"id":4856,"date":"2012-01-10T06:48:39","date_gmt":"2012-01-10T06:48:39","guid":{"rendered":"https:\/\/lyonelkaufmann.ch\/histoire\/2012\/01\/10\/revue-de-presse-10-january-2012\/"},"modified":"2012-01-10T06:48:39","modified_gmt":"2012-01-10T06:48:39","slug":"revue-de-presse-10-january-2012","status":"publish","type":"post","link":"https:\/\/lyonelkaufmann.ch\/histoire\/2012\/01\/10\/revue-de-presse-10-january-2012\/","title":{"rendered":"Revue de presse (10 Janvier 2012)"},"content":{"rendered":"<table class=\"lifestream\">\n<tbody>\n<tr class=\"lifestream_feedid_2 lifestream_feed_pinboard\">\n<td class=\"lifestream_icon\"><a href=\"http:\/\/blogs.histoireglobale.com\/?p=1293\"><img data-recalc-dims=\"1\" decoding=\"async\" src=\"https:\/\/i0.wp.com\/lyonelkaufmann.ch\/histoire\/wp-content\/plugins\/wp-lifestream2\/extensions\/pinboard\/icon.png\" alt=\"pinboard (feed #2)\" \/><\/a><\/td>\n<td class=\"lifestream_text\">\n<div class=\"lifestream_label\"><a href=\"http:\/\/blogs.histoireglobale.com\/?p=1293\">2012 : l\u2019histoire globale en revues | Histoire Globale<\/a>.<\/div>\n<div class=\"lifestream_label\">\n<div>Le blog Histoire globale a maintenant deux ann\u00e9es d\u2019existence, et plus de 100 articles au compteur. Reprenant un usage initi\u00e9 l\u2019an dernier, Laurent Testot passe aujourd\u2019hui en revue les publications journalistiques de l\u2019ann\u00e9e \u00e9coul\u00e9e ayant trait \u00e0 son objet d\u2019\u00e9tude, sans pr\u00e9tention \u00e0 l\u2019exhaustivit\u00e9, cela va de soi\u2026 On y parle de la Chine, et de l\u2019Afrique, des mondes perdus de M\u00e9soam\u00e9rique et de l\u2019Ailleurs, de mondialisation et de cartographie, et on \u00e9pice (un peu) d\u2019\u00e9pist\u00e9mologie\u2026 Chacun devrait trouver de quoi le satisfaire.<\/div>\n<div><\/div>\n<p><a href=\"http:\/\/pinboard.in\/u:lyonelk\/t:RevuePresse\/\">RevuePresse<\/a>\u00a0\u00a0<a href=\"http:\/\/pinboard.in\/u:lyonelk\/t:histoire\/\">histoire<\/a>\u00a0\u00a0<a href=\"http:\/\/pinboard.in\/u:lyonelk\/t:mondialisation\/\">mondialisation<\/a>\u00a0\u00a0<a href=\"http:\/\/pinboard.in\/u:lyonelk\/t:globale\/\">globale<\/a>\u00a0\u00a0<a href=\"http:\/\/pinboard.in\/u:lyonelk\/t:revues\/\">revues<\/a><\/div>\n<\/td>\n<\/tr>\n<\/tbody>\n<\/table>\n","protected":false},"excerpt":{"rendered":"<p>2012 : l\u2019histoire globale en revues | Histoire Globale. Le blog Histoire globale a maintenant deux ann\u00e9es d\u2019existence, et plus de 100 articles au compteur. Reprenant un usage initi\u00e9 l\u2019an dernier, Laurent Testot passe aujourd\u2019hui en revue les publications journalistiques de l\u2019ann\u00e9e \u00e9coul\u00e9e ayant trait \u00e0 son objet d\u2019\u00e9tude, sans pr\u00e9tention \u00e0 l\u2019exhaustivit\u00e9, cela va [&hellip;]<\/p>\n","protected":false},"author":1,"featured_media":5831,"comment_status":"open","ping_status":"open","sticky":false,"template":"","format":"standard","meta":{"_import_markdown_pro_load_document_selector":0,"_import_markdown_pro_submit_text_textarea":"","_genesis_hide_title":false,"_genesis_hide_breadcrumbs":false,"_genesis_hide_singular_image":false,"_genesis_hide_footer_widgets":false,"_genesis_custom_body_class":"","_genesis_custom_post_class":"","_genesis_layout":"","_jetpack_newsletter_access":"","_jetpack_dont_email_post_to_subs":false,"_jetpack_newsletter_tier_id":0,"_jetpack_memberships_contains_paywalled_content":false,"_jetpack_feature_clip_id":0,"_jetpack_memberships_contains_paid_content":false,"footnotes":"","jetpack_publicize_message":"","jetpack_publicize_feature_enabled":true,"jetpack_social_post_already_shared":true,"jetpack_social_options":{"image_generator_settings":{"template":"highway","default_image_id":0,"font":"","enabled":false},"version":2},"jetpack_post_was_ever_published":false},"categories":[11],"tags":[],"class_list":["post-4856","post","type-post","status-publish","format-standard","has-post-thumbnail","category-nouvelles-de-lhistoire","entry"],"jetpack_publicize_connections":[],"featured_image_src":"https:\/\/i0.wp.com\/lyonelkaufmann.ch\/histoire\/wp-content\/uploads\/2012\/08\/icon21.png?resize=16%2C16&ssl=1","featured_image_src_square":"https:\/\/i0.wp.com\/lyonelkaufmann.ch\/histoire\/wp-content\/uploads\/2012\/08\/icon21.png?resize=16%2C16&ssl=1","author_info":{"display_name":"Lyonel Kaufmann","author_link":"https:\/\/lyonelkaufmann.ch\/histoire\/author\/lyonelk\/"},"jetpack_sharing_enabled":true,"jetpack_shortlink":"https:\/\/wp.me\/p1rJVM-1gk","jetpack_likes_enabled":true,"jetpack-related-posts":[{"id":4955,"url":"https:\/\/lyonelkaufmann.ch\/histoire\/2012\/01\/26\/revue-de-presse-gengis-khan-forgeron-du-monde-moderne-histoire-globale\/","url_meta":{"origin":4856,"position":0},"title":"Revue de presse : Gengis Khan, forgeron du monde moderne &#124; Histoire Globale","author":"Lyonel Kaufmann","date":"26 janvier 2012","format":false,"excerpt":"Notre monde ne serait pas tel qu\u2019il est sans Gengis Khan. Telle est la th\u00e8se, brutalement r\u00e9sum\u00e9e, expos\u00e9e par un certain nombre de chercheurs \u00e9tats-uniens, \u00e0 la t\u00eate desquels chevauche Jack Weatherford avec un livre publi\u00e9 en 2005, Gengis Khan and the Making of the Modern World. L\u2019\u0153uvre mongole fut\u2026","rel":"","context":"Dans &quot;Nouvelles de l'histoire&quot;","block_context":{"text":"Nouvelles de l'histoire","link":"https:\/\/lyonelkaufmann.ch\/histoire\/category\/nouvelles-de-lhistoire\/"},"img":{"alt_text":"","src":"","width":0,"height":0},"classes":[]},{"id":7571,"url":"https:\/\/lyonelkaufmann.ch\/histoire\/2013\/10\/10\/revue-de-presse-la-guerre-moderne-16e-21e-siecles-histoire-globale\/","url_meta":{"origin":4856,"position":1},"title":"Revue de presse : La guerre moderne, 16e \u2013 21e si\u00e8cles &#124; Histoire Globale","author":"Lyonel Kaufmann","date":"10 octobre 2013","format":false,"excerpt":"Le billet du 29 octobre 2012, \u00ab La guerre pr\u00e9moderne, 5e \u2013 15e si\u00e8cles \u00bb, se terminait par une conclusion provisoire ouvrant sur ce qu\u2019il est convenu d\u2019appeler les Temps modernes. Une modernit\u00e9 marqu\u00e9e par un ph\u00e9nom\u00e8ne sans pr\u00e9c\u00e9dent historique, celui d\u2019une soci\u00e9t\u00e9 exer\u00e7ant progressivement son h\u00e9g\u00e9monie \u00e0 l\u2019\u00e9chelle mondiale.\u2026","rel":"","context":"Dans &quot;Nouvelles de l'histoire&quot;","block_context":{"text":"Nouvelles de l'histoire","link":"https:\/\/lyonelkaufmann.ch\/histoire\/category\/nouvelles-de-lhistoire\/"},"img":{"alt_text":"","src":"","width":0,"height":0},"classes":[]},{"id":6348,"url":"https:\/\/lyonelkaufmann.ch\/histoire\/2012\/10\/30\/revue-de-presse-la-guerre-premoderne-5e-15e-siecles-histoire-globale\/","url_meta":{"origin":4856,"position":2},"title":"Revue de presse : La guerre pr\u00e9moderne, 5e-15e si\u00e8cles &#124; Histoire Globale","author":"Lyonel Kaufmann","date":"30 octobre 2012","format":false,"excerpt":"Le Moyen \u00c2ge est une p\u00e9riode historiquement d\u00e9termin\u00e9e. Et encadr\u00e9e par des \u00e9v\u00e9nements qui ne font sens que d\u2019un point de vue occidental\u00a0(476 \u00e0 1453 ou 1492). Un mill\u00e9naire approximatif, longtemps vu comme une p\u00e9riode obscure et violente assurant la transition entre l\u2019\u00e2ge d\u2019or de l\u2019Empire romain et le rayonnement\u2026","rel":"","context":"Dans &quot;Nouvelles de l'histoire&quot;","block_context":{"text":"Nouvelles de l'histoire","link":"https:\/\/lyonelkaufmann.ch\/histoire\/category\/nouvelles-de-lhistoire\/"},"img":{"alt_text":"","src":"","width":0,"height":0},"classes":[]},{"id":7195,"url":"https:\/\/lyonelkaufmann.ch\/histoire\/2013\/06\/30\/lhistoire-globale-est-elle-une-menace-pour-lenseignement-de-lhistoire-en-france\/","url_meta":{"origin":4856,"position":3},"title":"L\u2019histoire globale est-elle une menace pour l\u2019enseignement de l\u2019histoire en France ?","author":"Lyonel Kaufmann","date":"30 juin 2013","format":false,"excerpt":"Dans un article consacr\u00e9 \u00e0\u00a0L\u2019histoire globale en d\u00e9bats, le blog Histoire Globale conteste l'affirmation de Pierre Nora, dans le dernier num\u00e9ro de la revue Le D\u00e9bat, selon laquelle l\u2019histoire globale serait une menace pour l\u2019enseignement de l\u2019histoire en France. Dans l'\u00e9ditorial du dernier num\u00e9ro de la revue Le D\u00e9bat, Pierre\u2026","rel":"","context":"Dans &quot;Didactique&quot;","block_context":{"text":"Didactique","link":"https:\/\/lyonelkaufmann.ch\/histoire\/category\/didactique\/"},"img":{"alt_text":"","src":"","width":0,"height":0},"classes":[]},{"id":7704,"url":"https:\/\/lyonelkaufmann.ch\/histoire\/2013\/12\/10\/revue-de-presse-vers-une-histoire-globale-de-laventure-industrielle-histoire-globale\/","url_meta":{"origin":4856,"position":4},"title":"Revue de presse : Vers une histoire globale de l\u2019aventure industrielle &#124; Histoire Globale","author":"Lyonel Kaufmann","date":"10 d\u00e9cembre 2013","format":false,"excerpt":"Copieux et tr\u00e8s int\u00e9ressant compte-rendu de l\u2019ouvrage de Patrick Verley, L\u2019\u00e9chelle du Monde \u2013 Essai sur l\u2019industrialisation de l\u2019occident, Paris, Tel Gallimard, r\u00e9\u00e9dition 2013. Dont voici la conclusion : \u00abAu total, l\u2019\u00e9chelle du Monde est sans doute l\u2019un des premiers livres sur la r\u00e9volution industrielle \u00e0 donner l\u2019importance qu\u2019il m\u00e9rite\u2026","rel":"","context":"Dans &quot;Nouvelles de l'histoire&quot;","block_context":{"text":"Nouvelles de l'histoire","link":"https:\/\/lyonelkaufmann.ch\/histoire\/category\/nouvelles-de-lhistoire\/"},"img":{"alt_text":"","src":"","width":0,"height":0},"classes":[]},{"id":7855,"url":"https:\/\/lyonelkaufmann.ch\/histoire\/2014\/02\/16\/revue-de-presse-laxe-du-monde-histoire-globale\/","url_meta":{"origin":4856,"position":5},"title":"Revue de presse : L\u2019axe du monde &#124; Histoire Globale","author":"Lyonel Kaufmann","date":"16 f\u00e9vrier 2014","format":false,"excerpt":"Le d\u00e9clin de l\u2019Europe, telle est l\u2019inqui\u00e9tude de Paul d\u2019Estournelles dans un article paru dans La Revue des Deux mondes en 1896, et intitul\u00e9 \u00ab\u00a0Le p\u00e9ril prochain. L\u2019Europe et ses rivaux\u00a0\u00bb. Avant, donc, Albert Demangeon, auteur, en 1920, du D\u00e9clin de l\u2019Europe. Et Jean-Baptiste Arrault, dans sa th\u00e8se, avait bien\u2026","rel":"","context":"Dans &quot;Histoire savante&quot;","block_context":{"text":"Histoire savante","link":"https:\/\/lyonelkaufmann.ch\/histoire\/category\/didactique\/histoire-savante\/"},"img":{"alt_text":"","src":"","width":0,"height":0},"classes":[]}],"jetpack_featured_media_url":"https:\/\/i0.wp.com\/lyonelkaufmann.ch\/histoire\/wp-content\/uploads\/2012\/08\/icon21.png?fit=16%2C16&ssl=1","_links":{"self":[{"href":"https:\/\/lyonelkaufmann.ch\/histoire\/wp-json\/wp\/v2\/posts\/4856","targetHints":{"allow":["GET"]}}],"collection":[{"href":"https:\/\/lyonelkaufmann.ch\/histoire\/wp-json\/wp\/v2\/posts"}],"about":[{"href":"https:\/\/lyonelkaufmann.ch\/histoire\/wp-json\/wp\/v2\/types\/post"}],"author":[{"embeddable":true,"href":"https:\/\/lyonelkaufmann.ch\/histoire\/wp-json\/wp\/v2\/users\/1"}],"replies":[{"embeddable":true,"href":"https:\/\/lyonelkaufmann.ch\/histoire\/wp-json\/wp\/v2\/comments?post=4856"}],"version-history":[{"count":0,"href":"https:\/\/lyonelkaufmann.ch\/histoire\/wp-json\/wp\/v2\/posts\/4856\/revisions"}],"wp:featuredmedia":[{"embeddable":true,"href":"https:\/\/lyonelkaufmann.ch\/histoire\/wp-json\/wp\/v2\/media\/5831"}],"wp:attachment":[{"href":"https:\/\/lyonelkaufmann.ch\/histoire\/wp-json\/wp\/v2\/media?parent=4856"}],"wp:term":[{"taxonomy":"category","embeddable":true,"href":"https:\/\/lyonelkaufmann.ch\/histoire\/wp-json\/wp\/v2\/categories?post=4856"},{"taxonomy":"post_tag","embeddable":true,"href":"https:\/\/lyonelkaufmann.ch\/histoire\/wp-json\/wp\/v2\/tags?post=4856"}],"curies":[{"name":"wp","href":"https:\/\/api.w.org\/{rel}","templated":true}]}}