{"id":7179,"date":"2013-06-23T21:20:19","date_gmt":"2013-06-23T20:20:19","guid":{"rendered":"https:\/\/lyonelkaufmann.ch\/histoire\/?p=7179"},"modified":"2013-06-23T21:20:19","modified_gmt":"2013-06-23T20:20:19","slug":"revue-de-presse-bibliographie-sitographie-les-cahiers-pedagogiques","status":"publish","type":"post","link":"https:\/\/lyonelkaufmann.ch\/histoire\/2013\/06\/23\/revue-de-presse-bibliographie-sitographie-les-cahiers-pedagogiques\/","title":{"rendered":"Revue de presse : Bibliographie &#8211; sitographie &#8211; Les Cahiers p\u00e9dagogiques"},"content":{"rendered":"<p>Bibliographie consacr\u00e9e \u00e0 la Bande dessinn\u00e9e, avec un chapitre sp\u00e9cifique en relation avec l&rsquo;histoire et la g\u00e9ographie.<\/p>\n<p><a href=\"http:\/\/www.cahiers-pedagogiques.com\/Bibliographie-sitographie-8497\">Bibliographie &#8211; sitographie &#8211; Les Cahiers p\u00e9dagogiques<\/a><\/p>\n","protected":false},"excerpt":{"rendered":"<p>Bibliographie consacr\u00e9e \u00e0 la Bande dessinn\u00e9e, avec un chapitre sp\u00e9cifique en relation avec l&rsquo;histoire et la g\u00e9ographie. Bibliographie &#8211; sitographie &#8211; Les Cahiers p\u00e9dagogiques<\/p>\n","protected":false},"author":1,"featured_media":9896,"comment_status":"open","ping_status":"open","sticky":false,"template":"","format":"standard","meta":{"_import_markdown_pro_load_document_selector":0,"_import_markdown_pro_submit_text_textarea":"","_genesis_hide_title":false,"_genesis_hide_breadcrumbs":false,"_genesis_hide_singular_image":false,"_genesis_hide_footer_widgets":false,"_genesis_custom_body_class":"","_genesis_custom_post_class":"","_genesis_layout":"","jetpack_post_was_ever_published":false,"_jetpack_newsletter_access":"","_jetpack_dont_email_post_to_subs":false,"_jetpack_newsletter_tier_id":0,"_jetpack_memberships_contains_paywalled_content":false,"_jetpack_memberships_contains_paid_content":false,"footnotes":"","jetpack_publicize_message":"","jetpack_publicize_feature_enabled":true,"jetpack_social_post_already_shared":true,"jetpack_social_options":{"image_generator_settings":{"template":"highway","default_image_id":0,"font":"","enabled":false},"version":2}},"categories":[11],"tags":[84,90,94,334],"class_list":{"0":"post-7179","1":"post","2":"type-post","3":"status-publish","4":"format-standard","5":"has-post-thumbnail","7":"category-nouvelles-de-lhistoire","8":"tag-bandedessinee","9":"tag-bd","10":"tag-bibliographie","11":"tag-histoire","12":"entry"},"jetpack_publicize_connections":[],"featured_image_src":"https:\/\/i0.wp.com\/lyonelkaufmann.ch\/histoire\/wp-content\/uploads\/2015\/06\/signature_lk2.jpg?resize=600%2C184&ssl=1","featured_image_src_square":"https:\/\/i0.wp.com\/lyonelkaufmann.ch\/histoire\/wp-content\/uploads\/2015\/06\/signature_lk2.jpg?resize=600%2C184&ssl=1","author_info":{"display_name":"Lyonel Kaufmann","author_link":"https:\/\/lyonelkaufmann.ch\/histoire\/author\/lyonelk\/"},"jetpack_featured_media_url":"https:\/\/i0.wp.com\/lyonelkaufmann.ch\/histoire\/wp-content\/uploads\/2015\/06\/signature_lk2.jpg?fit=658%2C184&ssl=1","jetpack_sharing_enabled":true,"jetpack_shortlink":"https:\/\/wp.me\/p1rJVM-1RN","jetpack_likes_enabled":true,"jetpack-related-posts":[{"id":17982,"url":"https:\/\/lyonelkaufmann.ch\/histoire\/2020\/12\/26\/bibliographie-education-numerique-et-recherche\/","url_meta":{"origin":7179,"position":0},"title":"Bibliographie \u2013 \u00ab \u00c9cole, num\u00e9rique et confinement \u00bb","author":"Lyonel Kaufmann","date":"26 d\u00e9cembre 2020","format":false,"excerpt":"R\u00e9sum\u00e9 Recension bibliographique sur le th\u00e8me \u00ab \u00c9cole, num\u00e9rique et confinement\u00a0\u00bb : bilan des publications fran\u00e7aises et internationales sur la p\u00e9riode de mars 2020 au 23 d\u00e9cembre 2020. Pr\u00e9sentation g\u00e9n\u00e9rale Cette recension bibliographique et sitographique sur le th\u00e8me \u00ab\u00a0\u00c9cole, num\u00e9rique et confinement\u00a0\u00bb est le fruit d\u2019un travail de veille et\u2026","rel":"","context":"Dans &quot;M\u00e9dias et technologies&quot;","block_context":{"text":"M\u00e9dias et technologies","link":"https:\/\/lyonelkaufmann.ch\/histoire\/category\/medias-et-technologies\/"},"img":{"alt_text":"","src":"https:\/\/i0.wp.com\/lyonelkaufmann.ch\/histoire\/wp-content\/uploads\/2020\/12\/EGNe_note_Fr_couv.png?fit=669%2C950&ssl=1&resize=350%2C200","width":350,"height":200,"srcset":"https:\/\/i0.wp.com\/lyonelkaufmann.ch\/histoire\/wp-content\/uploads\/2020\/12\/EGNe_note_Fr_couv.png?fit=669%2C950&ssl=1&resize=350%2C200 1x, https:\/\/i0.wp.com\/lyonelkaufmann.ch\/histoire\/wp-content\/uploads\/2020\/12\/EGNe_note_Fr_couv.png?fit=669%2C950&ssl=1&resize=525%2C300 1.5x"},"classes":[]},{"id":17918,"url":"https:\/\/lyonelkaufmann.ch\/histoire\/2020\/12\/28\/humanites-numeriques-et-education-bibliographie\/","url_meta":{"origin":7179,"position":1},"title":"Bibliographie : Humanit\u00e9s num\u00e9riques et \u00e9ducation :","author":"Lyonel Kaufmann","date":"28 d\u00e9cembre 2020","format":false,"excerpt":"R\u00e9sum\u00e9 Bibliographie sur le th\u00e8me \u00ab\u00a0humanit\u00e9s num\u00e9riques et \u00e9ducation\u00a0\u00bb produite dans le cadre de la\u00a0pr\u00e9paration et le lancement des groupes th\u00e9matiques num\u00e9riques\u00a0#GTnum 2020-2022\u00a0de la Direction du num\u00e9rique pour l\u2019\u00e9ducation. Photo by Ali Pazani on Pexels.com Pr\u00e9sentation g\u00e9n\u00e9rale Remarque pr\u00e9alable : fruit d\u2019un travail de veille et de documentation pour la\u2026","rel":"","context":"Dans &quot;Histoire savante&quot;","block_context":{"text":"Histoire savante","link":"https:\/\/lyonelkaufmann.ch\/histoire\/category\/didactique\/histoire-savante\/"},"img":{"alt_text":"photo of woman wearing turtleneck top","src":"https:\/\/i0.wp.com\/lyonelkaufmann.ch\/histoire\/wp-content\/uploads\/2020\/12\/pexels-photo-2777898-e1678963278806.jpeg?fit=576%2C720&ssl=1&resize=350%2C200","width":350,"height":200,"srcset":"https:\/\/i0.wp.com\/lyonelkaufmann.ch\/histoire\/wp-content\/uploads\/2020\/12\/pexels-photo-2777898-e1678963278806.jpeg?fit=576%2C720&ssl=1&resize=350%2C200 1x, https:\/\/i0.wp.com\/lyonelkaufmann.ch\/histoire\/wp-content\/uploads\/2020\/12\/pexels-photo-2777898-e1678963278806.jpeg?fit=576%2C720&ssl=1&resize=525%2C300 1.5x"},"classes":[]},{"id":7500,"url":"https:\/\/lyonelkaufmann.ch\/histoire\/2013\/09\/15\/revue-de-presse-napoleon-1-caricatures-biblioweb\/","url_meta":{"origin":7179,"position":2},"title":"Revue de presse : Napol\u00e9on (1) Caricatures &#124; Biblioweb","author":"Lyonel Kaufmann","date":"15 septembre 2013","format":false,"excerpt":"Sitographie et bibliographie sur la caricature anti-napol\u00e9onnienne. Napol\u00e9on (1) Caricatures | Biblioweb","rel":"","context":"Dans &quot;Nouvelles de l'histoire&quot;","block_context":{"text":"Nouvelles de l'histoire","link":"https:\/\/lyonelkaufmann.ch\/histoire\/category\/nouvelles-de-lhistoire\/"},"img":{"alt_text":"","src":"https:\/\/i0.wp.com\/lyonelkaufmann.ch\/histoire\/wp-content\/uploads\/2015\/07\/talmanapo.gif?fit=537%2C720&ssl=1&resize=350%2C200","width":350,"height":200,"srcset":"https:\/\/i0.wp.com\/lyonelkaufmann.ch\/histoire\/wp-content\/uploads\/2015\/07\/talmanapo.gif?fit=537%2C720&ssl=1&resize=350%2C200 1x, https:\/\/i0.wp.com\/lyonelkaufmann.ch\/histoire\/wp-content\/uploads\/2015\/07\/talmanapo.gif?fit=537%2C720&ssl=1&resize=525%2C300 1.5x"},"classes":[]},{"id":42,"url":"https:\/\/lyonelkaufmann.ch\/histoire\/2006\/03\/20\/m075-bibliographie-image-fixe\/","url_meta":{"origin":7179,"position":3},"title":"M075 &#8211; Bibliographie image fixe","author":"Lyonel Kaufmann","date":"20 mars 2006","format":false,"excerpt":"Voici quelques r\u00e9f\u00e9rences de base relativement \u00e0 l'analyse de l'image : Aumont, J. (2000). L'image (2e ed.). Nathan. Baisn\u00e9e, P. (2002). Enseigner l'image au lyc\u00e9e. Ellipses Marketing. Baqu\u00e8s, M.-C. (2002). Art histoire et enseignement. Hachette. Cocula, B. (1999). S\u00e9mantique de l'image: Pour une approche m\u00e9thodique des messages visuels. Delagrave. Fozza,\u2026","rel":"","context":"Dans &quot;Cours et s\u00e9minaires&quot;","block_context":{"text":"Cours et s\u00e9minaires","link":"https:\/\/lyonelkaufmann.ch\/histoire\/category\/cours-et-seminaires\/"},"img":{"alt_text":"","src":"","width":0,"height":0},"classes":[]},{"id":6746,"url":"https:\/\/lyonelkaufmann.ch\/histoire\/2013\/01\/25\/bibliographie-collaborative-de-la-grande-guerre-la-boite-a-outils-des-historiens\/","url_meta":{"origin":7179,"position":4},"title":"Bibliographie collaborative de la Grande Guerre &#124; La Boite \u00e0 Outils des Historiens","author":"Lyonel Kaufmann","date":"25 janvier 2013","format":false,"excerpt":"Lors d'un colloque organis\u00e9 par la\u00a0International Society for First World War Studies\u00a0\u00e0 Innsbruck en septembre 2011, l'id\u00e9e de transformer la bibliographie statique de cette soci\u00e9t\u00e9 en biblioth\u00e8que interactive nait d'une discussion au restaurant.\u00a0 Pour r\u00e9aliser cette bibliographie commune, le choix s'est port\u00e9 sur la r\u00e9alisation d'une bibliographie de groupe avec\u2026","rel":"","context":"Dans &quot;Histoire savante&quot;","block_context":{"text":"Histoire savante","link":"https:\/\/lyonelkaufmann.ch\/histoire\/category\/didactique\/histoire-savante\/"},"img":{"alt_text":"","src":"","width":0,"height":0},"classes":[]},{"id":20240,"url":"https:\/\/lyonelkaufmann.ch\/histoire\/2025\/03\/15\/intelligence-artificielle-trois-defis-pour-lecole-les-cahiers-pedagogiques\/","url_meta":{"origin":7179,"position":5},"title":"Intelligence artificielle\u00a0: trois d\u00e9fis pour l\u2019\u00e9cole &#8211; Les Cahiers p\u00e9dagogiques","author":"Lyonel Kaufmann","date":"15 mars 2025","format":false,"excerpt":"Quelles perspectives pour l\u2019\u00e9cole tirer des r\u00e9sultats de l\u2019enqu\u00eate du CRAP-Cahiers p\u00e9dagogiques \u00ab Les coll\u00e9giens et lyc\u00e9ens et l\u2019intelligence artificielle \u00bb, r\u00e9alis\u00e9e entre d\u00e9cembre 2024 et mars 2025 ? Pour les Cahiers p\u00e9dagogiques, face \u00e0 la diversit\u00e9 des usages qu\u2019en font les \u00e9l\u00e8ves, les enseignants n\u2019ont pas d\u2019autre choix que\u2026","rel":"","context":"Dans &quot;Humanit\u00e9s Digitales&quot;","block_context":{"text":"Humanit\u00e9s Digitales","link":"https:\/\/lyonelkaufmann.ch\/histoire\/category\/humanites-digitales\/"},"img":{"alt_text":"","src":"https:\/\/i0.wp.com\/lyonelkaufmann.ch\/histoire\/wp-content\/uploads\/2025\/03\/A-comic-style-drawing-of-a-teenage-girl-doing-her-homework-in-front-of-a-computer-emphasizing-the-concept-of-AI-705x705-1.jpg?fit=705%2C705&ssl=1&resize=350%2C200","width":350,"height":200,"srcset":"https:\/\/i0.wp.com\/lyonelkaufmann.ch\/histoire\/wp-content\/uploads\/2025\/03\/A-comic-style-drawing-of-a-teenage-girl-doing-her-homework-in-front-of-a-computer-emphasizing-the-concept-of-AI-705x705-1.jpg?fit=705%2C705&ssl=1&resize=350%2C200 1x, https:\/\/i0.wp.com\/lyonelkaufmann.ch\/histoire\/wp-content\/uploads\/2025\/03\/A-comic-style-drawing-of-a-teenage-girl-doing-her-homework-in-front-of-a-computer-emphasizing-the-concept-of-AI-705x705-1.jpg?fit=705%2C705&ssl=1&resize=525%2C300 1.5x, https:\/\/i0.wp.com\/lyonelkaufmann.ch\/histoire\/wp-content\/uploads\/2025\/03\/A-comic-style-drawing-of-a-teenage-girl-doing-her-homework-in-front-of-a-computer-emphasizing-the-concept-of-AI-705x705-1.jpg?fit=705%2C705&ssl=1&resize=700%2C400 2x"},"classes":[]}],"_links":{"self":[{"href":"https:\/\/lyonelkaufmann.ch\/histoire\/wp-json\/wp\/v2\/posts\/7179","targetHints":{"allow":["GET"]}}],"collection":[{"href":"https:\/\/lyonelkaufmann.ch\/histoire\/wp-json\/wp\/v2\/posts"}],"about":[{"href":"https:\/\/lyonelkaufmann.ch\/histoire\/wp-json\/wp\/v2\/types\/post"}],"author":[{"embeddable":true,"href":"https:\/\/lyonelkaufmann.ch\/histoire\/wp-json\/wp\/v2\/users\/1"}],"replies":[{"embeddable":true,"href":"https:\/\/lyonelkaufmann.ch\/histoire\/wp-json\/wp\/v2\/comments?post=7179"}],"version-history":[{"count":0,"href":"https:\/\/lyonelkaufmann.ch\/histoire\/wp-json\/wp\/v2\/posts\/7179\/revisions"}],"wp:featuredmedia":[{"embeddable":true,"href":"https:\/\/lyonelkaufmann.ch\/histoire\/wp-json\/wp\/v2\/media\/9896"}],"wp:attachment":[{"href":"https:\/\/lyonelkaufmann.ch\/histoire\/wp-json\/wp\/v2\/media?parent=7179"}],"wp:term":[{"taxonomy":"category","embeddable":true,"href":"https:\/\/lyonelkaufmann.ch\/histoire\/wp-json\/wp\/v2\/categories?post=7179"},{"taxonomy":"post_tag","embeddable":true,"href":"https:\/\/lyonelkaufmann.ch\/histoire\/wp-json\/wp\/v2\/tags?post=7179"}],"curies":[{"name":"wp","href":"https:\/\/api.w.org\/{rel}","templated":true}]}}