{"id":7369,"date":"2013-08-25T21:50:44","date_gmt":"2013-08-25T20:50:44","guid":{"rendered":"https:\/\/lyonelkaufmann.ch\/histoire\/?p=7369"},"modified":"2013-08-25T21:50:44","modified_gmt":"2013-08-25T20:50:44","slug":"sur-la-route-de-ludovia2013","status":"publish","type":"post","link":"https:\/\/lyonelkaufmann.ch\/histoire\/2013\/08\/25\/sur-la-route-de-ludovia2013\/","title":{"rendered":"Sur la route de #Ludovia2013"},"content":{"rendered":"<p><strong>Comme en 2010, je joins l&rsquo;utile \u00e0 l&rsquo;agr\u00e9able en profitant de rejoindre l&rsquo;Ari\u00e8ge et la 10e \u00e9dition de Ludovia en deux jours et \u00e0 moto. Cette ann\u00e9e, je suis parti ce dimanche avant 8h00 pour rejoindre Millau et son viaduc. Bien \u00e9videmment, la ligne droite n&rsquo;est pas le plat principal. Aper\u00e7u en quatre photos.<\/strong><\/p>\n<p><a href=\"https:\/\/i0.wp.com\/lyonelkaufmann.ch\/histoire\/wp-content\/uploads\/2013\/08\/20130825-224234.jpg\"><img data-recalc-dims=\"1\" decoding=\"async\" src=\"https:\/\/i0.wp.com\/lyonelkaufmann.ch\/histoire\/wp-content\/uploads\/2013\/08\/20130825-224234.jpg\" alt=\"20130825-224234.jpg\" class=\"alignnone size-full\" \/><\/a><br \/>\nLe barrage de Villefort entre Langogne et Al\u00e8s<\/p>\n<p><a href=\"https:\/\/i0.wp.com\/lyonelkaufmann.ch\/histoire\/wp-content\/uploads\/2013\/08\/20130825-224510.jpg\"><img data-recalc-dims=\"1\" decoding=\"async\" src=\"https:\/\/i0.wp.com\/lyonelkaufmann.ch\/histoire\/wp-content\/uploads\/2013\/08\/20130825-224510.jpg\" alt=\"20130825-224510.jpg\" class=\"alignnone size-full\" \/><\/a><br \/>\nLa corniche des C\u00e9vennes depuis le col de Perjuret<\/p>\n<p><a href=\"https:\/\/i0.wp.com\/lyonelkaufmann.ch\/histoire\/wp-content\/uploads\/2013\/08\/20130825-2253172.jpg\"><img data-recalc-dims=\"1\" decoding=\"async\" src=\"https:\/\/i0.wp.com\/lyonelkaufmann.ch\/histoire\/wp-content\/uploads\/2013\/08\/20130825-2253172.jpg\" alt=\"20130825-225317.jpg\" class=\"alignnone size-full\" \/><\/a><br \/>\nEn arri\u00e8re-plan, l&rsquo;impressionnant Viaduc de Millau surplombe la ville. Pas banal.<\/p>\n<p><a href=\"https:\/\/i0.wp.com\/lyonelkaufmann.ch\/histoire\/wp-content\/uploads\/2013\/08\/20130825-224745.jpg\"><img data-recalc-dims=\"1\" decoding=\"async\" src=\"https:\/\/i0.wp.com\/lyonelkaufmann.ch\/histoire\/wp-content\/uploads\/2013\/08\/20130825-224745.jpg\" alt=\"20130825-224745.jpg\" class=\"alignnone size-full\" \/><\/a><br \/>\nLa tour du beffroi \u00e0 Millau<\/p>\n","protected":false},"excerpt":{"rendered":"<p>Comme en 2010, je joins l&rsquo;utile \u00e0 l&rsquo;agr\u00e9able en profitant de rejoindre l&rsquo;Ari\u00e8ge et la 10e \u00e9dition de Ludovia en deux jours et \u00e0 moto. Cette ann\u00e9e, je suis parti ce dimanche avant 8h00 pour rejoindre Millau et son viaduc. Bien \u00e9videmment, la ligne droite n&rsquo;est pas le plat principal. Aper\u00e7u en quatre photos. Le [&hellip;]<\/p>\n","protected":false},"author":1,"featured_media":10010,"comment_status":"open","ping_status":"open","sticky":false,"template":"","format":"gallery","meta":{"_import_markdown_pro_load_document_selector":0,"_import_markdown_pro_submit_text_textarea":"","_genesis_hide_title":false,"_genesis_hide_breadcrumbs":false,"_genesis_hide_singular_image":false,"_genesis_hide_footer_widgets":false,"_genesis_custom_body_class":"","_genesis_custom_post_class":"","_genesis_layout":"","jetpack_post_was_ever_published":false,"_jetpack_newsletter_access":"","_jetpack_dont_email_post_to_subs":false,"_jetpack_newsletter_tier_id":0,"_jetpack_memberships_contains_paywalled_content":false,"_jetpack_memberships_contains_paid_content":false,"footnotes":"","jetpack_publicize_message":"","jetpack_publicize_feature_enabled":true,"jetpack_social_post_already_shared":true,"jetpack_social_options":{"image_generator_settings":{"template":"highway","default_image_id":0,"font":"","enabled":false},"version":2}},"categories":[21],"tags":[],"class_list":{"0":"post-7369","1":"post","2":"type-post","3":"status-publish","4":"format-gallery","5":"has-post-thumbnail","7":"category-ludovia-2010","8":"post_format-post-format-gallery","9":"entry"},"jetpack_publicize_connections":[],"featured_image_src":"https:\/\/i0.wp.com\/lyonelkaufmann.ch\/histoire\/wp-content\/uploads\/2015\/07\/20130825-224234.jpg?resize=600%2C400&ssl=1","featured_image_src_square":"https:\/\/i0.wp.com\/lyonelkaufmann.ch\/histoire\/wp-content\/uploads\/2015\/07\/20130825-224234.jpg?resize=600%2C600&ssl=1","author_info":{"display_name":"Lyonel Kaufmann","author_link":"https:\/\/lyonelkaufmann.ch\/histoire\/author\/lyonelk\/"},"jetpack_featured_media_url":"https:\/\/i0.wp.com\/lyonelkaufmann.ch\/histoire\/wp-content\/uploads\/2015\/07\/20130825-224234.jpg?fit=800%2C600&ssl=1","jetpack_sharing_enabled":true,"jetpack_shortlink":"https:\/\/wp.me\/p1rJVM-1UR","jetpack_likes_enabled":true,"jetpack-related-posts":[{"id":7430,"url":"https:\/\/lyonelkaufmann.ch\/histoire\/2013\/09\/02\/ludovia2013-mon-voyage-retour\/","url_meta":{"origin":7369,"position":0},"title":"#Ludovia2013 : mon voyage retour","author":"Lyonel Kaufmann","date":"2 septembre 2013","format":false,"excerpt":"Le retour de Ludovia \u00e0 moto m'a\u00a0permis\u00a0tout en appr\u00e9ciant la route et les paysages d'avoir le temps de faire d\u00e9filer dans sa t\u00eate les images, sons et impressions de cette 10e \u00e9dition de Ludovia (lire Mon bilan de #Ludovia2013). Je vous pr\u00e9sente les images du voyage de retour en guise\u2026","rel":"","context":"Dans &quot;Ludovia&quot;","block_context":{"text":"Ludovia","link":"https:\/\/lyonelkaufmann.ch\/histoire\/category\/medias-et-technologies\/ludovia-2010\/"},"img":{"alt_text":"","src":"https:\/\/i0.wp.com\/lyonelkaufmann.ch\/histoire\/wp-content\/uploads\/2015\/07\/Ludovia2013-1.jpg?fit=768%2C1024&ssl=1&resize=350%2C200","width":350,"height":200,"srcset":"https:\/\/i0.wp.com\/lyonelkaufmann.ch\/histoire\/wp-content\/uploads\/2015\/07\/Ludovia2013-1.jpg?fit=768%2C1024&ssl=1&resize=350%2C200 1x, https:\/\/i0.wp.com\/lyonelkaufmann.ch\/histoire\/wp-content\/uploads\/2015\/07\/Ludovia2013-1.jpg?fit=768%2C1024&ssl=1&resize=525%2C300 1.5x, https:\/\/i0.wp.com\/lyonelkaufmann.ch\/histoire\/wp-content\/uploads\/2015\/07\/Ludovia2013-1.jpg?fit=768%2C1024&ssl=1&resize=700%2C400 2x"},"classes":[]},{"id":3124,"url":"https:\/\/lyonelkaufmann.ch\/histoire\/2010\/08\/22\/sur-la-route-de-ludovia\/","url_meta":{"origin":7369,"position":1},"title":"Sur la route de Ludovia : jour 1","author":"Lyonel Kaufmann","date":"22 ao\u00fbt 2010","format":false,"excerpt":"C'\u00e9tait donc aujourd'hui le signal du d\u00e9part pour Ludovia puisque j'ai choisi de joindre l'utile \u00e0 l'agr\u00e9able en choisissant de m'y rendre \u00e0 moto. Histoire aussi de complexifier la question de l'\u00e9ducation nomade! A l'heure du d\u00e9part Nouveau concept de MotoBus pour compl\u00e9ter l'offre du M\u00e9diaBus de la HEP Vaud?\u2026","rel":"","context":"Dans &quot;Ludovia&quot;","block_context":{"text":"Ludovia","link":"https:\/\/lyonelkaufmann.ch\/histoire\/category\/medias-et-technologies\/ludovia-2010\/"},"img":{"alt_text":"","src":"https:\/\/i0.wp.com\/lyonelkaufmann.ch\/histoire\/wp-content\/uploads\/2015\/07\/p_700_525_AB7B0E74-FEB3-48B7-9614-D04287194966.jpeg.jpg?fit=480%2C640&ssl=1&resize=350%2C200","width":350,"height":200},"classes":[]},{"id":6066,"url":"https:\/\/lyonelkaufmann.ch\/histoire\/2012\/08\/27\/ludovia-2012-plaisir-dapprendre-et-denseigner-avec-le-numerique\/","url_meta":{"origin":7369,"position":2},"title":"#Ludovia 2012 : Plaisir d&#039;apprendre et d&#039;enseigner avec le num\u00e9rique","author":"Lyonel Kaufmann","date":"27 ao\u00fbt 2012","format":false,"excerpt":"Grand moment de rencontre des acteurs du num\u00e9rique \u00e9ducatif, la 9\u00e8me \u00e9dition de l'Universit\u00e9 d\u2019\u00e9t\u00e9 Ludovia se tiendra de ce lundi 27 au jeudi 30 ao\u00fbt \u00e0 Ax-les-Thermes en plein coeur des Pyr\u00e9n\u00e9es Ari\u00e9geoises avec comme th\u00e8me de quoi rendre la rentr\u00e9e plus suave : \"plaisir d'apprendre et d'enseigner avec\u2026","rel":"","context":"Dans &quot;Ludovia&quot;","block_context":{"text":"Ludovia","link":"https:\/\/lyonelkaufmann.ch\/histoire\/category\/medias-et-technologies\/ludovia-2010\/"},"img":{"alt_text":"","src":"https:\/\/i0.wp.com\/lyonelkaufmann.ch\/histoire\/wp-content\/uploads\/2012\/08\/3007122.jpg?resize=350%2C200","width":350,"height":200},"classes":[]},{"id":3113,"url":"https:\/\/lyonelkaufmann.ch\/histoire\/2010\/08\/21\/ludovia-2010-creativite-et-interaction\/","url_meta":{"origin":7369,"position":3},"title":"En route pour Ludovia 2010","author":"Lyonel Kaufmann","date":"21 ao\u00fbt 2010","format":false,"excerpt":"Toute la semaine prochaine, vous pourrez me retrouver ou me suivre \u00e0 Ludovia 2010. En effet, j'y ai \u00e9t\u00e9 invit\u00e9 officiellement au titre de \"blogueur\" pour rendre compte de la manifestation et faire la synth\u00e8se d'une des tables-rondes. Mais qu'est-ce que Ludovia? Ludovia est une Universit\u00e9 d'\u00e9t\u00e9 sur l'e-\u00e9ducation et\u2026","rel":"","context":"Dans &quot;Nouvelles de l'histoire&quot;","block_context":{"text":"Nouvelles de l'histoire","link":"https:\/\/lyonelkaufmann.ch\/histoire\/category\/nouvelles-de-lhistoire\/"},"img":{"alt_text":"","src":"https:\/\/i0.wp.com\/lyonelkaufmann.ch\/histoire\/wp-content\/uploads\/2015\/07\/Tsw7.jpg?fit=640%2C480&ssl=1&resize=350%2C200","width":350,"height":200,"srcset":"https:\/\/i0.wp.com\/lyonelkaufmann.ch\/histoire\/wp-content\/uploads\/2015\/07\/Tsw7.jpg?fit=640%2C480&ssl=1&resize=350%2C200 1x, https:\/\/i0.wp.com\/lyonelkaufmann.ch\/histoire\/wp-content\/uploads\/2015\/07\/Tsw7.jpg?fit=640%2C480&ssl=1&resize=525%2C300 1.5x"},"classes":[]},{"id":13807,"url":"https:\/\/lyonelkaufmann.ch\/histoire\/2018\/02\/14\/ludoviach-27-29032018-ouverture-des-inscriptions\/","url_meta":{"origin":7369,"position":4},"title":"#LudoviaCH (27-29.03.2018): Ouverture des inscriptions","author":"Lyonel Kaufmann","date":"14 f\u00e9vrier 2018","format":false,"excerpt":"Du 27 au 29 mars 2018 aura lieu \u00e0 Yverdon-les-Bains la premi\u00e8re \u00e9dition de Ludovia Suisse. Dans ces grands principes cette premi\u00e8re \u00e9dition reprendra les \u00e9l\u00e9ments qui ont fait le succ\u00e8s de Ludovia en France. On trouvera ainsi des ateliers (Explorcamps & Fabcamp), des conf\u00e9rences, des tables rondes, un Fablab\u2026","rel":"","context":"Dans &quot;Humanit\u00e9s Digitales&quot;","block_context":{"text":"Humanit\u00e9s Digitales","link":"https:\/\/lyonelkaufmann.ch\/histoire\/category\/humanites-digitales\/"},"img":{"alt_text":"","src":"https:\/\/i0.wp.com\/lyonelkaufmann.ch\/histoire\/wp-content\/uploads\/2017\/10\/Image-13.10.17-01-47.90194a7db1f948fda2d10c1f730852c4.jpeg?fit=1200%2C798&ssl=1&resize=350%2C200","width":350,"height":200,"srcset":"https:\/\/i0.wp.com\/lyonelkaufmann.ch\/histoire\/wp-content\/uploads\/2017\/10\/Image-13.10.17-01-47.90194a7db1f948fda2d10c1f730852c4.jpeg?fit=1200%2C798&ssl=1&resize=350%2C200 1x, https:\/\/i0.wp.com\/lyonelkaufmann.ch\/histoire\/wp-content\/uploads\/2017\/10\/Image-13.10.17-01-47.90194a7db1f948fda2d10c1f730852c4.jpeg?fit=1200%2C798&ssl=1&resize=525%2C300 1.5x, https:\/\/i0.wp.com\/lyonelkaufmann.ch\/histoire\/wp-content\/uploads\/2017\/10\/Image-13.10.17-01-47.90194a7db1f948fda2d10c1f730852c4.jpeg?fit=1200%2C798&ssl=1&resize=700%2C400 2x, https:\/\/i0.wp.com\/lyonelkaufmann.ch\/histoire\/wp-content\/uploads\/2017\/10\/Image-13.10.17-01-47.90194a7db1f948fda2d10c1f730852c4.jpeg?fit=1200%2C798&ssl=1&resize=1050%2C600 3x"},"classes":[]},{"id":3248,"url":"https:\/\/lyonelkaufmann.ch\/histoire\/2010\/10\/08\/retour-dexperience-de-lutilisation-du-manuel-numerique-en-classe-ludovia\/","url_meta":{"origin":7369,"position":5},"title":"Retour d&#039;exp\u00e9rience de l&#039;utilisation du manuel num\u00e9rique en classe &#124; Ludovia","author":"Lyonel Kaufmann","date":"8 octobre 2010","format":false,"excerpt":"Durant l'ann\u00e9e scolaire 2009\/2010, le coll\u00e8ge Victor Hugo de Lavelanet (en Ari\u00e8ge) a \u00e9t\u00e9 amen\u00e9 a utiliser le manuel num\u00e9rique. Lors de cette exp\u00e9rimentation, le coll\u00e8ge a rencontr\u00e9 au d\u00e9marrage pas mal de difficult\u00e9s techniques. L'exp\u00e9rience a concern\u00e9 trois classes de sixi\u00e8me sur les disciplines anglais, fran\u00e7ais et histoire-g\u00e9ographie. Dix\u2026","rel":"","context":"Dans &quot;Ludovia&quot;","block_context":{"text":"Ludovia","link":"https:\/\/lyonelkaufmann.ch\/histoire\/category\/medias-et-technologies\/ludovia-2010\/"},"img":{"alt_text":"","src":"https:\/\/i0.wp.com\/lyonelkaufmann.ch\/histoire\/wp-content\/uploads\/2015\/07\/034.jpg?fit=480%2C360&ssl=1&resize=350%2C200","width":350,"height":200},"classes":[]}],"_links":{"self":[{"href":"https:\/\/lyonelkaufmann.ch\/histoire\/wp-json\/wp\/v2\/posts\/7369","targetHints":{"allow":["GET"]}}],"collection":[{"href":"https:\/\/lyonelkaufmann.ch\/histoire\/wp-json\/wp\/v2\/posts"}],"about":[{"href":"https:\/\/lyonelkaufmann.ch\/histoire\/wp-json\/wp\/v2\/types\/post"}],"author":[{"embeddable":true,"href":"https:\/\/lyonelkaufmann.ch\/histoire\/wp-json\/wp\/v2\/users\/1"}],"replies":[{"embeddable":true,"href":"https:\/\/lyonelkaufmann.ch\/histoire\/wp-json\/wp\/v2\/comments?post=7369"}],"version-history":[{"count":0,"href":"https:\/\/lyonelkaufmann.ch\/histoire\/wp-json\/wp\/v2\/posts\/7369\/revisions"}],"wp:featuredmedia":[{"embeddable":true,"href":"https:\/\/lyonelkaufmann.ch\/histoire\/wp-json\/wp\/v2\/media\/10010"}],"wp:attachment":[{"href":"https:\/\/lyonelkaufmann.ch\/histoire\/wp-json\/wp\/v2\/media?parent=7369"}],"wp:term":[{"taxonomy":"category","embeddable":true,"href":"https:\/\/lyonelkaufmann.ch\/histoire\/wp-json\/wp\/v2\/categories?post=7369"},{"taxonomy":"post_tag","embeddable":true,"href":"https:\/\/lyonelkaufmann.ch\/histoire\/wp-json\/wp\/v2\/tags?post=7369"}],"curies":[{"name":"wp","href":"https:\/\/api.w.org\/{rel}","templated":true}]}}