{"id":807,"date":"2009-01-06T09:01:38","date_gmt":"2009-01-06T08:01:38","guid":{"rendered":"http:\/\/histoire.lyonelkaufmann.ch\/?p=807"},"modified":"2009-01-06T09:01:38","modified_gmt":"2009-01-06T08:01:38","slug":"tsr-archives","status":"publish","type":"post","link":"https:\/\/lyonelkaufmann.ch\/histoire\/2009\/01\/06\/tsr-archives\/","title":{"rendered":"Che Guevara &#8211; TSR Archives"},"content":{"rendered":"<p>Ce dossier de la TSR (T\u00e9l\u00e9vision Suisse Romande), r\u00e9alis\u00e9 pour les 40 ans de la mort de Che Guevara en Bolivie, comporte deux vid\u00e9os. La premi\u00e8re a \u00e9t\u00e9 r\u00e9alis\u00e9e en 1964 par la TSR et consiste en un interview en fran\u00e7ais du Che alors ministre de l&rsquo;industrie lors de son passage \u00e0 Gen\u00e8ve pour une conf\u00e9rence internationale. Il s&rsquo;agirait de la seule interview existante du Che en fran\u00e7ais. Cet interview dure 9&rsquo;35\u00a0\u00bb. La deuxi\u00e8me vid\u00e9o est un reportage r\u00e9alis\u00e9 \u00e0 Cuba le lendemain de la mort du Che et diffus\u00e9 le 30 novembre 1967. Sa dur\u00e9e est de 29&rsquo;22\u00a0\u00bb. A utiliser ou mettre en parall\u00e8le avec la sortie des deux flims de Sodenberg consacr\u00e9s \u00e0 Che Guevara.<\/p>\n<p><strong>Liens:<\/strong> TSR Archives &#8211; <a href=\"http:\/\/archives.tsr.ch\/dossier-cheguevara\" target=\"_blank\">Dossier Che Guevara<\/a><\/p>\n<p><strong>Tags:<\/strong> <a href=\"http:\/\/groups.diigo.com\/histoire-20\/bookmark\/tag\/Histoire\">Histoire<\/a> <a href=\"http:\/\/groups.diigo.com\/histoire-20\/bookmark\/tag\/Culture\">Culture<\/a> <a href=\"http:\/\/groups.diigo.com\/histoire-20\/bookmark\/tag\/Medias\">Medias<\/a> <a href=\"http:\/\/groups.diigo.com\/histoire-20\/bookmark\/tag\/Cuba\">Cuba<\/a> <a href=\"http:\/\/groups.diigo.com\/histoire-20\/bookmark\/tag\/Che\">Che<\/a> <a href=\"http:\/\/groups.diigo.com\/histoire-20\/bookmark\/tag\/Guevara\">Guevara<\/a> <a href=\"http:\/\/groups.diigo.com\/histoire-20\/bookmark\/tag\/Communisme\">Communisme<\/a> <a href=\"http:\/\/groups.diigo.com\/histoire-20\/bookmark\/tag\/Fidel\">Fidel<\/a> <a href=\"http:\/\/groups.diigo.com\/histoire-20\/bookmark\/tag\/Castro\">Castro<\/a> <a href=\"http:\/\/groups.diigo.com\/histoire-20\/bookmark\/tag\/Guerre\">Guerre<\/a> <a href=\"http:\/\/groups.diigo.com\/histoire-20\/bookmark\/tag\/froide\">froide<\/a><\/p>\n<p><strong>Posted by:<\/strong> <a href=\"http:\/\/groups.diigo.com\/histoire-20\/bookmark\/histoirehep\">Lyonel Kaufmann<\/a><\/p>\n","protected":false},"excerpt":{"rendered":"<p>Ce dossier de la TSR (T\u00e9l\u00e9vision Suisse Romande), r\u00e9alis\u00e9 pour les 40 ans de la mort de Che Guevara en Bolivie, comporte deux vid\u00e9os. La premi\u00e8re a \u00e9t\u00e9 r\u00e9alis\u00e9e en 1964 par la TSR et consiste en un interview en fran\u00e7ais du Che alors ministre de l&rsquo;industrie lors de son passage \u00e0 Gen\u00e8ve pour une conf\u00e9rence internationale. Il s&rsquo;agirait de la seule interview existante du Che en fran\u00e7ais. Cet interview dure 9&rsquo;35&quot;. La deuxi\u00e8me vid\u00e9o est un reportage r\u00e9alis\u00e9 \u00e0 Cuba le lendemain de la mort du Che et diffus\u00e9 le 30 novembre 1967. Sa dur\u00e9e est de 29&rsquo;22&quot;. A utiliser ou mettre en parall\u00e8le avec la sortie des deux flims de Sodenberg consacr\u00e9s \u00e0 Che Guevara.<\/p>\n<p><strong>Tags:<\/strong> <a href=\"http:\/\/groups.diigo.com\/histoire-20\/bookmark\/tag\/Histoire\">Histoire<\/a> <a href=\"http:\/\/groups.diigo.com\/histoire-20\/bookmark\/tag\/Culture\">Culture<\/a> <a href=\"http:\/\/groups.diigo.com\/histoire-20\/bookmark\/tag\/Medias\">Medias<\/a> <a href=\"http:\/\/groups.diigo.com\/histoire-20\/bookmark\/tag\/Cuba\">Cuba<\/a> <a href=\"http:\/\/groups.diigo.com\/histoire-20\/bookmark\/tag\/Che\">Che<\/a> <a href=\"http:\/\/groups.diigo.com\/histoire-20\/bookmark\/tag\/Guevara\">Guevara<\/a> <a href=\"http:\/\/groups.diigo.com\/histoire-20\/bookmark\/tag\/Communisme\">Communisme<\/a> <a href=\"http:\/\/groups.diigo.com\/histoire-20\/bookmark\/tag\/Fidel\">Fidel<\/a> <a href=\"http:\/\/groups.diigo.com\/histoire-20\/bookmark\/tag\/Castro\">Castro<\/a> <a href=\"http:\/\/groups.diigo.com\/histoire-20\/bookmark\/tag\/Guerre\">Guerre<\/a> <a href=\"http:\/\/groups.diigo.com\/histoire-20\/bookmark\/tag\/froide\">froide<\/a> <\/p>\n<p><strong>Posted by:<\/strong> <a href=\"http:\/\/groups.diigo.com\/histoire-20\/bookmark\/histoirehep\">Lyonel Kaufmann<\/a><\/p>\n","protected":false},"author":1,"featured_media":9896,"comment_status":"open","ping_status":"open","sticky":false,"template":"","format":"standard","meta":{"_import_markdown_pro_load_document_selector":0,"_import_markdown_pro_submit_text_textarea":"","_genesis_hide_title":false,"_genesis_hide_breadcrumbs":false,"_genesis_hide_singular_image":false,"_genesis_hide_footer_widgets":false,"_genesis_custom_body_class":"","_genesis_custom_post_class":"","_genesis_layout":"","jetpack_post_was_ever_published":false,"_jetpack_newsletter_access":"","_jetpack_dont_email_post_to_subs":false,"_jetpack_newsletter_tier_id":0,"_jetpack_memberships_contains_paywalled_content":false,"_jetpack_memberships_contains_paid_content":false,"footnotes":"","jetpack_publicize_message":"","jetpack_publicize_feature_enabled":true,"jetpack_social_post_already_shared":true,"jetpack_social_options":{"image_generator_settings":{"template":"highway","default_image_id":0,"font":"","enabled":false},"version":2}},"categories":[18,11],"tags":[55,127,157,179,262,325,335],"class_list":{"0":"post-807","1":"post","2":"type-post","3":"status-publish","4":"format-standard","5":"has-post-thumbnail","7":"category-annuaire-de-sites","8":"category-nouvelles-de-lhistoire","9":"tag-annuaire","10":"tag-che-guevara","11":"tag-communisme","12":"tag-cuba","13":"tag-fidel-castro","14":"tag-guerre-froide","15":"tag-histoire-20","16":"entry"},"jetpack_publicize_connections":[],"featured_image_src":"https:\/\/i0.wp.com\/lyonelkaufmann.ch\/histoire\/wp-content\/uploads\/2015\/06\/signature_lk2.jpg?resize=600%2C184&ssl=1","featured_image_src_square":"https:\/\/i0.wp.com\/lyonelkaufmann.ch\/histoire\/wp-content\/uploads\/2015\/06\/signature_lk2.jpg?resize=600%2C184&ssl=1","author_info":{"display_name":"Lyonel Kaufmann","author_link":"https:\/\/lyonelkaufmann.ch\/histoire\/author\/lyonelk\/"},"jetpack_featured_media_url":"https:\/\/i0.wp.com\/lyonelkaufmann.ch\/histoire\/wp-content\/uploads\/2015\/06\/signature_lk2.jpg?fit=658%2C184&ssl=1","jetpack_sharing_enabled":true,"jetpack_shortlink":"https:\/\/wp.me\/p1rJVM-d1","jetpack_likes_enabled":true,"jetpack-related-posts":[{"id":862,"url":"https:\/\/lyonelkaufmann.ch\/histoire\/2009\/01\/18\/le-nouvel-observateur-propose-une-serie-de-liens-sur-la-vie-la\/","url_meta":{"origin":807,"position":0},"title":"Le dossier &quot;Che&quot; Guevara (Nouvel Observateur)","author":"Lyonel Kaufmann","date":"18 janvier 2009","format":false,"excerpt":"Le Nouvel Observateur propose une s\u00e9rie de liens sur la vie, la mort et le mythe du \u201cChe\u201d, tu\u00e9 le 8 octobre 1967\u00a0en Bolivie. Le dossier, ERNESTO \u201cCHE\u201d GUEVARA","rel":"","context":"Dans &quot;Nouvelles de l'histoire&quot;","block_context":{"text":"Nouvelles de l'histoire","link":"https:\/\/lyonelkaufmann.ch\/histoire\/category\/nouvelles-de-lhistoire\/"},"img":{"alt_text":"","src":"","width":0,"height":0},"classes":[]},{"id":843,"url":"https:\/\/lyonelkaufmann.ch\/histoire\/2009\/01\/07\/1959-la-fin-de-batista-la-fin-de-cuba-lamericaine-le-blog-de-diedrich\/","url_meta":{"origin":807,"position":1},"title":"1959, la fin de Batista, la fin de Cuba l&#039;am\u00e9ricaine &#8211; Le blog de Diedrich","author":"Lyonel Kaufmann","date":"7 janvier 2009","format":false,"excerpt":"Plut\u00f4t qu'un \u00e9ni\u00e8me article sur Cuba en cette p\u00e9riode de comm\u00e9moration du 50e anniversaire de la r\u00e9volution cubaine ou d'un nouvel article sur Che Guevara alors que sort le film de Soderbergh, Jean-Christophe Diedrich a choisi de s'attarder sur la personne de Battista qui fut balay\u00e9 par la R\u00e9volution cubaine.\u2026","rel":"","context":"Dans &quot;Annuaire de sites&quot;","block_context":{"text":"Annuaire de sites","link":"https:\/\/lyonelkaufmann.ch\/histoire\/category\/medias-et-technologies\/annuaire-de-sites\/"},"img":{"alt_text":"","src":"","width":0,"height":0},"classes":[]},{"id":4702,"url":"https:\/\/lyonelkaufmann.ch\/histoire\/2009\/01\/18\/le-nouvel-observateur-propose-une-serie-de-liens\/","url_meta":{"origin":807,"position":2},"title":"Le Nouvel Observateur propose une s\u00e9rie de liens sur la vie, la mort et le mythe du &#8220;Che","author":"Lyonel Kaufmann","date":"18 janvier 2009","format":"image","excerpt":"Le Nouvel Observateur propose une s\u00e9rie de liens sur la vie, la mort et le mythe du \u201cChe\u201d, tu\u00e9 le 8 octobre 1967\u00a0en Bolivie. Le dossier, ERNESTO \u201cCHE\u201d GUEVARA","rel":"","context":"Dans &quot;Nouvelles de l'histoire&quot;","block_context":{"text":"Nouvelles de l'histoire","link":"https:\/\/lyonelkaufmann.ch\/histoire\/category\/nouvelles-de-lhistoire\/"},"img":{"alt_text":"","src":"","width":0,"height":0},"classes":[]},{"id":12419,"url":"https:\/\/lyonelkaufmann.ch\/histoire\/2016\/11\/26\/fidel-castro-tourment-de-multiples-presidents-americains-la-presse\/","url_meta":{"origin":807,"position":3},"title":"Fidel Castro, \u00abtourment\u00bb de multiples pr\u00e9sidents am\u00e9ricains | La Presse","author":"Lyonel Kaufmann","date":"26 novembre 2016","format":false,"excerpt":"Les m\u00e9dias am\u00e9ricains dressaient samedi un portrait sans concession de l'ex-dirigeant cubain Fidel Castro, d\u00e9c\u00e9d\u00e9 vendredi \u00e0 90 ans, \u00ab leader r\u00e9pressif \u00bb pour certains, \u00ab tourment \u00bb d'une dizaine de pr\u00e9sidents des \u00c9tats-Unis pour d'autres. A noter qu'il \u00e9tait en retrait du pouvoir depuis son op\u00e9ration de 2006, remplac\u00e9\u2026","rel":"","context":"Dans &quot;Nouvelles de l'histoire&quot;","block_context":{"text":"Nouvelles de l'histoire","link":"https:\/\/lyonelkaufmann.ch\/histoire\/category\/nouvelles-de-lhistoire\/"},"img":{"alt_text":"","src":"https:\/\/i0.wp.com\/lyonelkaufmann.ch\/histoire\/wp-content\/uploads\/2016\/11\/Image-26.11.16-15-13.png?fit=400%2C400&ssl=1&resize=350%2C200","width":350,"height":200},"classes":[]},{"id":796,"url":"https:\/\/lyonelkaufmann.ch\/histoire\/2008\/12\/27\/annee-du-che\/","url_meta":{"origin":807,"position":4},"title":"Ann\u00e9e du Che?","author":"Lyonel Kaufmann","date":"27 d\u00e9cembre 2008","format":false,"excerpt":"Pour Z\u00e9ro de conduite,\u00a0\u00a0la sortie des deux volets (L\u2019Argentin, le 7 janvier,\u00a0Guerilla, le 28...","rel":"","context":"Dans &quot;Nouvelles de l'histoire&quot;","block_context":{"text":"Nouvelles de l'histoire","link":"https:\/\/lyonelkaufmann.ch\/histoire\/category\/nouvelles-de-lhistoire\/"},"img":{"alt_text":"","src":"","width":0,"height":0},"classes":[]},{"id":153,"url":"https:\/\/lyonelkaufmann.ch\/histoire\/2006\/12\/11\/m078-integrer-lactualite-dans-le-cours-dhistoire-12122006\/","url_meta":{"origin":807,"position":5},"title":"M078 &#8211; Int\u00e9grer l&#039;actualit\u00e9 dans le cours d&#039;histoire (12.12.2006)","author":"Lyonel Kaufmann","date":"11 d\u00e9cembre 2006","format":false,"excerpt":"Les sources concernant l\u2019actualit\u00e9 sont innombrables et facilement accessibles pour l\u2019enseignant. On peut les classer en quelques grandes cat\u00e9gories : Parmi les nombreuses ressources pour l\u2019\u00e9ducation aux m\u00e9dias : http:\/\/www.e-media.ch http:\/\/wwwedu.ge.ch\/co\/critic\/ http:\/\/www.reseau-crem.qc.ca\/index.html http:\/\/www.cerimes.education.fr\/index.php http:\/\/www.educasources.education.fr\/selecthema.asp?id=84573 http:\/\/www.ac-creteil.fr\/isl\/ www.clemi.org http:\/\/www.actualiteenclasse.com (http:\/\/scoop.demarque.com\/index.php) \u2026 Les portails de l\u2019information : www.swissinfo.org www.swisspolitics.org http:\/\/www.edicom.ch\/fr\/news\/index.php www.newseum.org http:\/\/wwwedu.ge.ch\/co\/critic\/medias.html www.journaldunet.com\u2026","rel":"","context":"Dans &quot;Nouvelles de l'histoire&quot;","block_context":{"text":"Nouvelles de l'histoire","link":"https:\/\/lyonelkaufmann.ch\/histoire\/category\/nouvelles-de-lhistoire\/"},"img":{"alt_text":"","src":"","width":0,"height":0},"classes":[]}],"_links":{"self":[{"href":"https:\/\/lyonelkaufmann.ch\/histoire\/wp-json\/wp\/v2\/posts\/807","targetHints":{"allow":["GET"]}}],"collection":[{"href":"https:\/\/lyonelkaufmann.ch\/histoire\/wp-json\/wp\/v2\/posts"}],"about":[{"href":"https:\/\/lyonelkaufmann.ch\/histoire\/wp-json\/wp\/v2\/types\/post"}],"author":[{"embeddable":true,"href":"https:\/\/lyonelkaufmann.ch\/histoire\/wp-json\/wp\/v2\/users\/1"}],"replies":[{"embeddable":true,"href":"https:\/\/lyonelkaufmann.ch\/histoire\/wp-json\/wp\/v2\/comments?post=807"}],"version-history":[{"count":0,"href":"https:\/\/lyonelkaufmann.ch\/histoire\/wp-json\/wp\/v2\/posts\/807\/revisions"}],"wp:featuredmedia":[{"embeddable":true,"href":"https:\/\/lyonelkaufmann.ch\/histoire\/wp-json\/wp\/v2\/media\/9896"}],"wp:attachment":[{"href":"https:\/\/lyonelkaufmann.ch\/histoire\/wp-json\/wp\/v2\/media?parent=807"}],"wp:term":[{"taxonomy":"category","embeddable":true,"href":"https:\/\/lyonelkaufmann.ch\/histoire\/wp-json\/wp\/v2\/categories?post=807"},{"taxonomy":"post_tag","embeddable":true,"href":"https:\/\/lyonelkaufmann.ch\/histoire\/wp-json\/wp\/v2\/tags?post=807"}],"curies":[{"name":"wp","href":"https:\/\/api.w.org\/{rel}","templated":true}]}}