{"id":935,"date":"2009-02-11T10:31:00","date_gmt":"2009-02-11T09:31:00","guid":{"rendered":"http:\/\/histoire.tumblr.com\/post\/77417231"},"modified":"2009-02-11T10:31:00","modified_gmt":"2009-02-11T09:31:00","slug":"12-changements-que-devrait-connaitre-chaque-enseignant","status":"publish","type":"post","link":"https:\/\/lyonelkaufmann.ch\/histoire\/2009\/02\/11\/12-changements-que-devrait-connaitre-chaque-enseignant\/","title":{"rendered":"12 changements que devrait conna\u00eetre chaque enseignant"},"content":{"rendered":"<p>12 changements que devrait conna\u00eetre chaque enseignant.<\/p>\n<p><object width=\"425\" height=\"355\" data=\"http:\/\/static.slideshare.net\/swf\/ssplayer2.swf?doc=12-changes-1233753223230502-2&amp;stripped_title=12-changes\" type=\"application\/x-shockwave-flash\"><param name=\"allowFullScreen\" value=\"true\" \/><param name=\"allowScriptAccess\" value=\"always\" \/><param name=\"src\" value=\"http:\/\/static.slideshare.net\/swf\/ssplayer2.swf?doc=12-changes-1233753223230502-2&amp;stripped_title=12-changes\" \/><param name=\"allowfullscreen\" value=\"true\" \/><\/object><\/p>\n<p>Et vous?<br \/>\nVoir plus de presentations&#8230;<\/p>\n","protected":false},"excerpt":{"rendered":"<p>12 changements que devraient conna\u00eetre chaque enseignant.<\/p>\n<p>Et vous?<br \/>\nVoir plus de presentations&#8230;<\/p>\n","protected":false},"author":1,"featured_media":9896,"comment_status":"open","ping_status":"open","sticky":false,"template":"","format":"standard","meta":{"_import_markdown_pro_load_document_selector":0,"_import_markdown_pro_submit_text_textarea":"","_genesis_hide_title":false,"_genesis_hide_breadcrumbs":false,"_genesis_hide_singular_image":false,"_genesis_hide_footer_widgets":false,"_genesis_custom_body_class":"","_genesis_custom_post_class":"","_genesis_layout":"","jetpack_post_was_ever_published":false,"_jetpack_newsletter_access":"","_jetpack_dont_email_post_to_subs":false,"_jetpack_newsletter_tier_id":0,"_jetpack_memberships_contains_paywalled_content":false,"_jetpack_memberships_contains_paid_content":false,"footnotes":"","jetpack_publicize_message":"","jetpack_publicize_feature_enabled":true,"jetpack_social_post_already_shared":true,"jetpack_social_options":{"image_generator_settings":{"template":"highway","default_image_id":0,"font":"","enabled":false},"version":2}},"categories":[11],"tags":[106,335,714],"class_list":{"0":"post-935","1":"post","2":"type-post","3":"status-publish","4":"format-standard","5":"has-post-thumbnail","7":"category-nouvelles-de-lhistoire","8":"tag-cafe-histoire","9":"tag-histoire-20","10":"tag-tumblr","11":"entry"},"jetpack_publicize_connections":[],"featured_image_src":"https:\/\/i0.wp.com\/lyonelkaufmann.ch\/histoire\/wp-content\/uploads\/2015\/06\/signature_lk2.jpg?resize=600%2C184&ssl=1","featured_image_src_square":"https:\/\/i0.wp.com\/lyonelkaufmann.ch\/histoire\/wp-content\/uploads\/2015\/06\/signature_lk2.jpg?resize=600%2C184&ssl=1","author_info":{"display_name":"Lyonel Kaufmann","author_link":"https:\/\/lyonelkaufmann.ch\/histoire\/author\/lyonelk\/"},"jetpack_featured_media_url":"https:\/\/i0.wp.com\/lyonelkaufmann.ch\/histoire\/wp-content\/uploads\/2015\/06\/signature_lk2.jpg?fit=658%2C184&ssl=1","jetpack_sharing_enabled":true,"jetpack_shortlink":"https:\/\/wp.me\/p1rJVM-f5","jetpack_likes_enabled":true,"jetpack-related-posts":[{"id":286,"url":"https:\/\/lyonelkaufmann.ch\/histoire\/2008\/02\/14\/chaque-colier-devra-connatre-une-victime-de-la-shoah-france\/","url_meta":{"origin":935,"position":0},"title":"Chaque &#233;colier devra conna&#238;tre une victime de la Shoah (France)","author":"Lyonel Kaufmann","date":"14 f\u00e9vrier 2008","format":false,"excerpt":"La d\u00e9p\u00eache de l'AFP: Sarkozy: \u00e0 chaque enfant de CM2, la m\u00e9moire d'un enfant victime de la Shoah Le pr\u00e9sident Nicolas Sarkozy a annonc\u00e9 mercredi qu'il voulait qu'\u00e0 partir de la rentr\u00e9e scolaire 2008 chaque \u00e9l\u00e8ve de la classe primaire de CM2 se voie \"confier la m\u00e9moire\" d'un enfant fran\u00e7ais\u2026","rel":"","context":"Dans &quot;Nouvelles de l'histoire&quot;","block_context":{"text":"Nouvelles de l'histoire","link":"https:\/\/lyonelkaufmann.ch\/histoire\/category\/nouvelles-de-lhistoire\/"},"img":{"alt_text":"","src":"","width":0,"height":0},"classes":[]},{"id":1036,"url":"https:\/\/lyonelkaufmann.ch\/histoire\/2009\/02\/16\/microhistoire-de-la-semaine-twitter\/","url_meta":{"origin":935,"position":1},"title":"MicroHistoire de la Semaine (Twitter)","author":"Lyonel Kaufmann","date":"16 f\u00e9vrier 2009","format":false,"excerpt":"RT @omnsh: 1000 ans d'histoire sur Liverpool avec Google Maps http:\/\/tinyurl.com\/7kvjwr # R\u00e9former!Aucune r\u00e9forme politique marquante ne s'est jamais construite sans un renouveau intellectuel fort http:\/\/tinyurl.com\/c4pkcb # R\u00eavons l\u2019universit\u00e9 http:\/\/tinyurl.com\/avsz4p #r\u00e9former # RT @infogere Collection de cartess historiques de David Rumsey l\u00e9gu\u00e9es \u00e0 la Stanford Univ. (http:\/\/ping.fm\/et1u1) # Exp\u00e9riences d\u2019\u00e9dition\u2026","rel":"","context":"Dans &quot;Nouvelles de l'histoire&quot;","block_context":{"text":"Nouvelles de l'histoire","link":"https:\/\/lyonelkaufmann.ch\/histoire\/category\/nouvelles-de-lhistoire\/"},"img":{"alt_text":"","src":"","width":0,"height":0},"classes":[]},{"id":158,"url":"https:\/\/lyonelkaufmann.ch\/histoire\/2006\/12\/18\/m078-lenseignant-dhistoire-transmetteur-de-savoir-seminaire\/","url_meta":{"origin":935,"position":2},"title":"M078 &#8211; \u00abL\u2019enseignant d\u2019histoire transmetteur de savoir\u00bb (S\u00e9minaire)","author":"Lyonel Kaufmann","date":"18 d\u00e9cembre 2006","format":false,"excerpt":"L\u2019ENSEIGNEMENT MAGISTRAL L\u2019enseignement magistral ou mod\u00e8le transmissif se qualifie par l\u2019acc\u00e8s aux v\u00e9rit\u00e9s par le discours, par l\u2019expos\u00e9, par la d\u00e9monstration. Cette m\u00e9thode ax\u00e9e principalement sur le professeur, a pour but de pr\u00e9senter des propositions vraies sous forme de transmission. L\u2019\u00e9l\u00e8ve se devra donc de reconna\u00eetre comme \u00e9vidence les savoirs\u2026","rel":"","context":"Dans &quot;Nouvelles de l'histoire&quot;","block_context":{"text":"Nouvelles de l'histoire","link":"https:\/\/lyonelkaufmann.ch\/histoire\/category\/nouvelles-de-lhistoire\/"},"img":{"alt_text":"","src":"","width":0,"height":0},"classes":[]},{"id":331,"url":"https:\/\/lyonelkaufmann.ch\/histoire\/2008\/06\/19\/lenseignement-de-la-shoah-oublie-sarkozy\/","url_meta":{"origin":935,"position":3},"title":"L&#039;enseignement de la Shoah oublie Sarkozy","author":"Lyonel Kaufmann","date":"19 juin 2008","format":false,"excerpt":"Source: L'Expresso du 19 Juin 2008: \"L'enseignement de la Shoah oublie Sarkozy\" La mission Waysbord-Loing sur l'enseignement de la Shoah au CM2 a remis le\u00a018 juin son rapport au ministre de l'\u00e9ducation nationale. Cette mission avait \u00e9tait mise en place suite \u00e0 la pol\u00e9mique d\u00e9clench\u00e9e par la volont\u00e9 de Nicolas\u2026","rel":"","context":"Dans &quot;Nouvelles de l'histoire&quot;","block_context":{"text":"Nouvelles de l'histoire","link":"https:\/\/lyonelkaufmann.ch\/histoire\/category\/nouvelles-de-lhistoire\/"},"img":{"alt_text":"","src":"","width":0,"height":0},"classes":[]},{"id":7607,"url":"https:\/\/lyonelkaufmann.ch\/histoire\/2013\/10\/17\/le-projet-de-la-pensee-historique\/","url_meta":{"origin":935,"position":4},"title":"Le Projet de la pens\u00e9e historique","author":"Lyonel Kaufmann","date":"17 octobre 2013","format":false,"excerpt":"Que devraient savoir les \u00e9l\u00e8ves apr\u00e8s avoir \u00e9tudi\u00e9 l\u2019histoire pendant 12 ans \u00e0 l\u2019\u00e9cole? Que devraient\u2011ils \u00eatre capables de faire avec leurs connaissances? Le Projet de la pens\u00e9e historique a \u00e9t\u00e9 con\u00e7u pour favoriser une approche de l\u2019enseignement de l'histoire fond\u00e9e\u00a0sur 6 concepts cl\u00e9s, qui s'op\u00e9rationnalisent \u00e0 travers autant de\u2026","rel":"","context":"Dans &quot;BP110 - Faire de l'histoire aujourd'hui&quot;","block_context":{"text":"BP110 - Faire de l'histoire aujourd'hui","link":"https:\/\/lyonelkaufmann.ch\/histoire\/category\/cours-et-seminaires\/bp110-faire-de-lhistoire-aujourdhui\/"},"img":{"alt_text":"","src":"","width":0,"height":0},"classes":[]},{"id":14836,"url":"https:\/\/lyonelkaufmann.ch\/histoire\/2018\/08\/29\/alplab-change-daltitude-change-dattitude\/","url_meta":{"origin":935,"position":5},"title":"Alplab :\u00a0Change d\u2019altitude, change d\u2019attitude","author":"Lyonel Kaufmann","date":"29 ao\u00fbt 2018","format":false,"excerpt":"Une pr\u00e9sentation du tr\u00e8s beau projet p\u00e9dagogique de mon coll\u00e8gue Isma\u00ebl Zosso. En plus dans un lieu qui est cher \u00e0 mon coeur d'ancien \u00e9l\u00e8ve de B\u00e9thusy : la cabane de Luan. Le projet de coaching d\u2019altitude \u00ab\u00a0Change d\u2019altitude, change d\u2019attitude\u00a0\u00bb de Alplab est soutenu par l\u2019\u00e9tablissement secondaire de B\u00e9thusy\u2026","rel":"","context":"Dans &quot;Didactique&quot;","block_context":{"text":"Didactique","link":"https:\/\/lyonelkaufmann.ch\/histoire\/category\/didactique\/"},"img":{"alt_text":"","src":"https:\/\/i0.wp.com\/lyonelkaufmann.ch\/histoire\/wp-content\/uploads\/2018\/08\/fbf899f7ee667a54-1.jpg?fit=667%2C500&ssl=1&resize=350%2C200","width":350,"height":200,"srcset":"https:\/\/i0.wp.com\/lyonelkaufmann.ch\/histoire\/wp-content\/uploads\/2018\/08\/fbf899f7ee667a54-1.jpg?fit=667%2C500&ssl=1&resize=350%2C200 1x, https:\/\/i0.wp.com\/lyonelkaufmann.ch\/histoire\/wp-content\/uploads\/2018\/08\/fbf899f7ee667a54-1.jpg?fit=667%2C500&ssl=1&resize=525%2C300 1.5x"},"classes":[]}],"_links":{"self":[{"href":"https:\/\/lyonelkaufmann.ch\/histoire\/wp-json\/wp\/v2\/posts\/935","targetHints":{"allow":["GET"]}}],"collection":[{"href":"https:\/\/lyonelkaufmann.ch\/histoire\/wp-json\/wp\/v2\/posts"}],"about":[{"href":"https:\/\/lyonelkaufmann.ch\/histoire\/wp-json\/wp\/v2\/types\/post"}],"author":[{"embeddable":true,"href":"https:\/\/lyonelkaufmann.ch\/histoire\/wp-json\/wp\/v2\/users\/1"}],"replies":[{"embeddable":true,"href":"https:\/\/lyonelkaufmann.ch\/histoire\/wp-json\/wp\/v2\/comments?post=935"}],"version-history":[{"count":0,"href":"https:\/\/lyonelkaufmann.ch\/histoire\/wp-json\/wp\/v2\/posts\/935\/revisions"}],"wp:featuredmedia":[{"embeddable":true,"href":"https:\/\/lyonelkaufmann.ch\/histoire\/wp-json\/wp\/v2\/media\/9896"}],"wp:attachment":[{"href":"https:\/\/lyonelkaufmann.ch\/histoire\/wp-json\/wp\/v2\/media?parent=935"}],"wp:term":[{"taxonomy":"category","embeddable":true,"href":"https:\/\/lyonelkaufmann.ch\/histoire\/wp-json\/wp\/v2\/categories?post=935"},{"taxonomy":"post_tag","embeddable":true,"href":"https:\/\/lyonelkaufmann.ch\/histoire\/wp-json\/wp\/v2\/tags?post=935"}],"curies":[{"name":"wp","href":"https:\/\/api.w.org\/{rel}","templated":true}]}}